{"id":987509103,"date":"2025-06-17T13:09:45","date_gmt":"2025-06-17T13:09:45","guid":{"rendered":"https:\/\/gregorydamy.niceavocats.fr\/violences-sexuelles-et-immunite-de-la-defense\/"},"modified":"2025-06-17T13:19:49","modified_gmt":"2025-06-17T13:19:49","slug":"violencia-sexual-e-inmunidad-de-defensa","status":"publish","type":"post","link":"https:\/\/gregorydamy.niceavocats.fr\/es\/violencia-sexual-e-inmunidad-de-defensa\/","title":{"rendered":"Violencia sexual e inmunidad de defensa"},"content":{"rendered":"<p>El 13 de mayo de 2025, el Tribunal Judicial de Par\u00eds conden\u00f3 a un famoso actor a <strong>18 meses de prisi\u00f3n con suspensi\u00f3n de la pena<\/strong>, por <strong>m\u00faltiples agresiones sexuales cometidas por sorpresa<\/strong>.<\/p>\n<p>El Tribunal se bas\u00f3 en el <strong>art\u00edculo 222-22 del C\u00f3digo Penal franc\u00e9s<\/strong>, que establece en su primer p\u00e1rrafo:<\/p>\n<p>\u201cConstituye una agresi\u00f3n sexual cualquier atentado sexual cometido con violencia, coacci\u00f3n, amenaza o sorpresa, o, en los casos previstos por la ley, cometido sobre un menor por un adulto\u2026\u201d<\/p>\n<p>Se le reproch\u00f3 al actor haber tocado en varias ocasiones los <strong>gl\u00fateos, los pechos y los genitales<\/strong> de dos mujeres, por encima de la ropa, en el a\u00f1o 2021.<\/p>\n<p><strong>Reconocimiento de la palabra de las v\u00edctimas de delitos sexuales<\/strong><\/p>\n<p>Ante la <strong>ausencia de pruebas materiales directas<\/strong>, el tribunal retuvo un <strong>conjunto de indicios concordantes<\/strong>, como:<\/p>\n<ul>\n<li><strong>Declaraciones constantes<\/strong> de las v\u00edctimas,<\/li>\n<li><strong>Testimonios de allegados<\/strong> informados poco despu\u00e9s de los hechos,<\/li>\n<li>Un <strong>informe m\u00e9dico<\/strong> que acreditaba una <strong>incapacidad temporal para trabajar<\/strong> compatible con un estado de estr\u00e9s postraum\u00e1tico.<\/li>\n<\/ul>\n<p>La <strong>defensa del acusado se vio debilitada por sus propias contradicciones<\/strong>.<\/p>\n<p>Esta apreciaci\u00f3n de la prueba, centrada en la palabra de las v\u00edctimas, representa un <strong>avance significativo<\/strong> en materia de protecci\u00f3n de los derechos de las personas agredidas sexualmente.<\/p>\n<p><strong>Una pena individualizada pero cuestionada<\/strong><\/p>\n<p>La pena impuesta \u201418 meses con suspensi\u00f3n\u2014 puede parecer <strong>moderada<\/strong> en comparaci\u00f3n con el <strong>m\u00e1ximo legal previsto en el art\u00edculo 222-27 del C\u00f3digo Penal<\/strong>, que contempla hasta <strong>cinco a\u00f1os de prisi\u00f3n y 75.000 euros de multa<\/strong>.<\/p>\n<p>De acuerdo con el <strong>principio de individualizaci\u00f3n de la pena<\/strong>, los jueces consideraron circunstancias atenuantes como la <strong>ausencia de antecedentes penales<\/strong>, la <strong>edad avanzada<\/strong> y el <strong>estado de salud<\/strong> del acusado.<\/p>\n<p>Como <strong>pena complementaria<\/strong>, se le priv\u00f3 del <strong>derecho de elegibilidad<\/strong>.<\/p>\n<p><strong>La libertad de expresi\u00f3n del abogado debilitada por la victimizaci\u00f3n secundaria<\/strong><\/p>\n<p>La <strong>victimizaci\u00f3n secundaria<\/strong> se refiere al da\u00f1o que sufren las v\u00edctimas de violencia sexual por la forma en que son tratadas por el sistema judicial.<\/p>\n<p>En este caso, el tribunal conden\u00f3 al actor a <strong>pagar 1.000 euros a cada demandante<\/strong> por este tipo de da\u00f1o, debido a las <strong>declaraciones consideradas ofensivas<\/strong> pronunciadas por su abogado durante la audiencia.<\/p>\n<p>Esta decisi\u00f3n plantea interrogantes. El <strong>art\u00edculo 41, p\u00e1rrafo 4 de la Ley del 29 de julio de 1881<\/strong> otorga inmunidad a los abogados en el ejercicio de su funci\u00f3n:<\/p>\n<p>\u201cNo dar\u00e1n lugar a acci\u00f3n por difamaci\u00f3n, injuria u ofensa ni los informes fieles hechos de buena fe sobre los debates judiciales, ni los discursos pronunciados ni los escritos presentados ante los tribunales.\u201d<\/p>\n<p>Por lo tanto, <strong>sancionar al acusado por los argumentos de su abogado<\/strong> como parte de su estrategia de defensa plantea un <strong>problema serio respecto a los derechos de defensa<\/strong>.<\/p>\n<p>Si deben sancionarse los abusos en la libertad de expresi\u00f3n del abogado, ello deber\u00eda hacerse a trav\u00e9s de <strong>un procedimiento disciplinario<\/strong> o de <strong>una acci\u00f3n civil directa contra \u00e9l<\/strong>, y <strong>no mediante una sanci\u00f3n econ\u00f3mica al cliente<\/strong>.<\/p>\n<p><strong>Un caso revelador de las tensiones del sistema judicial<\/strong><\/p>\n<p>Este caso ilustra las <strong>tensiones persistentes entre la protecci\u00f3n de las v\u00edctimas<\/strong> y <strong>los derechos fundamentales de la defensa<\/strong>, especialmente en un contexto de gran cobertura medi\u00e1tica.<\/p>\n<p>La <strong>fragilidad del equilibrio judicial<\/strong> se pone de manifiesto cuando se trata de agresiones sexuales de alto perfil, donde la palabra de las v\u00edctimas entra en conflicto con los derechos procesales del acusado.<\/p>\n<p>El acusado ha <strong>presentado recurso de apelaci\u00f3n<\/strong>, por lo que el caso a\u00fan no ha sido juzgado de forma definitiva.<\/p>\n<p><img decoding=\"async\" class=\"alignnone size-medium wp-image-987509096\" src=\"https:\/\/gregorydamy.niceavocats.fr\/wp-content\/uploads\/2025\/06\/image001-209x300.jpg\" alt=\"\" width=\"209\" height=\"300\" \/><\/p>\n<p>&nbsp;<\/p>\n","protected":false},"excerpt":{"rendered":"<p>Violencia sexual e inmunidad de defensa<\/p>\n","protected":false},"author":1,"featured_media":0,"comment_status":"closed","ping_status":"open","sticky":false,"template":"","format":"standard","meta":{"_et_pb_use_builder":"","_et_pb_old_content":"","_et_gb_content_width":"","footnotes":""},"categories":[],"tags":[],"class_list":["post-987509103","post","type-post","status-publish","format-standard","hentry"],"yoast_head":"<!-- This site is optimized with the Yoast SEO plugin v26.8 - https:\/\/yoast.com\/product\/yoast-seo-wordpress\/ -->\n<title>Violencia sexual e inmunidad de defensa - Soci\u00e9t\u00e9 d&#039;avocats Damy<\/title>\n<meta name=\"description\" content=\"Violencia sexual e inmunidad de defensa El 13 de mayo de 2025, el Tribunal Judicial de Par\u00eds conden\u00f3 a un famoso actor a 18 meses de prisi\u00f3n.\" \/>\n<meta name=\"robots\" content=\"index, follow, max-snippet:-1, max-image-preview:large, max-video-preview:-1\" \/>\n<link rel=\"canonical\" href=\"https:\/\/gregorydamy.niceavocats.fr\/es\/violencia-sexual-e-inmunidad-de-defensa\/\" \/>\n<meta property=\"og:locale\" content=\"es_ES\" \/>\n<meta property=\"og:type\" content=\"article\" \/>\n<meta property=\"og:title\" content=\"Violencia sexual e inmunidad de defensa - Soci\u00e9t\u00e9 d&#039;avocats Damy\" \/>\n<meta property=\"og:description\" content=\"Violencia sexual e inmunidad de defensa El 13 de mayo de 2025, el Tribunal Judicial de Par\u00eds conden\u00f3 a un famoso actor a 18 meses de prisi\u00f3n.\" \/>\n<meta property=\"og:url\" content=\"https:\/\/gregorydamy.niceavocats.fr\/es\/violencia-sexual-e-inmunidad-de-defensa\/\" \/>\n<meta property=\"og:site_name\" content=\"Soci\u00e9t\u00e9 d&#039;avocats Damy\" \/>\n<meta property=\"article:publisher\" content=\"https:\/\/www.facebook.com\/niceavocats.fr\/\" \/>\n<meta property=\"article:published_time\" content=\"2025-06-17T13:09:45+00:00\" \/>\n<meta property=\"article:modified_time\" content=\"2025-06-17T13:19:49+00:00\" \/>\n<meta property=\"og:image\" content=\"https:\/\/gregorydamy.niceavocats.fr\/wp-content\/uploads\/2025\/06\/image001.jpg\" \/>\n\t<meta property=\"og:image:width\" content=\"747\" \/>\n\t<meta property=\"og:image:height\" content=\"1070\" \/>\n\t<meta property=\"og:image:type\" content=\"image\/jpeg\" \/>\n<meta name=\"author\" content=\"admin\" \/>\n<meta name=\"twitter:card\" content=\"summary_large_image\" \/>\n<meta name=\"twitter:label1\" content=\"Escrito por\" \/>\n\t<meta name=\"twitter:data1\" content=\"admin\" \/>\n\t<meta name=\"twitter:label2\" content=\"Tiempo de lectura\" \/>\n\t<meta name=\"twitter:data2\" content=\"3 minutos\" \/>\n<script type=\"application\/ld+json\" class=\"yoast-schema-graph\">{\"@context\":\"https:\/\/schema.org\",\"@graph\":[{\"@type\":\"Article\",\"@id\":\"https:\/\/gregorydamy.niceavocats.fr\/es\/violencia-sexual-e-inmunidad-de-defensa\/#article\",\"isPartOf\":{\"@id\":\"https:\/\/gregorydamy.niceavocats.fr\/es\/violencia-sexual-e-inmunidad-de-defensa\/\"},\"author\":{\"name\":\"admin\",\"@id\":\"https:\/\/gregorydamy.niceavocats.fr\/es\/#\/schema\/person\/64c9f9acb07431f6b55f72278b4a5d57\"},\"headline\":\"Violencia sexual e inmunidad de defensa\",\"datePublished\":\"2025-06-17T13:09:45+00:00\",\"dateModified\":\"2025-06-17T13:19:49+00:00\",\"mainEntityOfPage\":{\"@id\":\"https:\/\/gregorydamy.niceavocats.fr\/es\/violencia-sexual-e-inmunidad-de-defensa\/\"},\"wordCount\":623,\"publisher\":{\"@id\":\"https:\/\/gregorydamy.niceavocats.fr\/es\/#organization\"},\"image\":{\"@id\":\"https:\/\/gregorydamy.niceavocats.fr\/es\/violencia-sexual-e-inmunidad-de-defensa\/#primaryimage\"},\"thumbnailUrl\":\"https:\/\/gregorydamy.niceavocats.fr\/wp-content\/uploads\/2025\/06\/image001-209x300.jpg\",\"inLanguage\":\"es\"},{\"@type\":\"WebPage\",\"@id\":\"https:\/\/gregorydamy.niceavocats.fr\/es\/violencia-sexual-e-inmunidad-de-defensa\/\",\"url\":\"https:\/\/gregorydamy.niceavocats.fr\/es\/violencia-sexual-e-inmunidad-de-defensa\/\",\"name\":\"Violencia sexual e inmunidad de defensa - Soci\u00e9t\u00e9 d&#039;avocats Damy\",\"isPartOf\":{\"@id\":\"https:\/\/gregorydamy.niceavocats.fr\/es\/#website\"},\"primaryImageOfPage\":{\"@id\":\"https:\/\/gregorydamy.niceavocats.fr\/es\/violencia-sexual-e-inmunidad-de-defensa\/#primaryimage\"},\"image\":{\"@id\":\"https:\/\/gregorydamy.niceavocats.fr\/es\/violencia-sexual-e-inmunidad-de-defensa\/#primaryimage\"},\"thumbnailUrl\":\"https:\/\/gregorydamy.niceavocats.fr\/wp-content\/uploads\/2025\/06\/image001-209x300.jpg\",\"datePublished\":\"2025-06-17T13:09:45+00:00\",\"dateModified\":\"2025-06-17T13:19:49+00:00\",\"description\":\"Violencia sexual e inmunidad de defensa El 13 de mayo de 2025, el Tribunal Judicial de Par\u00eds conden\u00f3 a un famoso actor a 18 meses de prisi\u00f3n.\",\"breadcrumb\":{\"@id\":\"https:\/\/gregorydamy.niceavocats.fr\/es\/violencia-sexual-e-inmunidad-de-defensa\/#breadcrumb\"},\"inLanguage\":\"es\",\"potentialAction\":[{\"@type\":\"ReadAction\",\"target\":[\"https:\/\/gregorydamy.niceavocats.fr\/es\/violencia-sexual-e-inmunidad-de-defensa\/\"]}]},{\"@type\":\"ImageObject\",\"inLanguage\":\"es\",\"@id\":\"https:\/\/gregorydamy.niceavocats.fr\/es\/violencia-sexual-e-inmunidad-de-defensa\/#primaryimage\",\"url\":\"https:\/\/gregorydamy.niceavocats.fr\/wp-content\/uploads\/2025\/06\/image001-209x300.jpg\",\"contentUrl\":\"https:\/\/gregorydamy.niceavocats.fr\/wp-content\/uploads\/2025\/06\/image001-209x300.jpg\"},{\"@type\":\"BreadcrumbList\",\"@id\":\"https:\/\/gregorydamy.niceavocats.fr\/es\/violencia-sexual-e-inmunidad-de-defensa\/#breadcrumb\",\"itemListElement\":[{\"@type\":\"ListItem\",\"position\":1,\"name\":\"Accueil\",\"item\":\"https:\/\/gregorydamy.niceavocats.fr\/es\/\"},{\"@type\":\"ListItem\",\"position\":2,\"name\":\"Violencia sexual e inmunidad de defensa\"}]},{\"@type\":\"WebSite\",\"@id\":\"https:\/\/gregorydamy.niceavocats.fr\/es\/#website\",\"url\":\"https:\/\/gregorydamy.niceavocats.fr\/es\/\",\"name\":\"Soci\u00e9t\u00e9 d&#039;avocats Damy\",\"description\":\"Justice - Confiance - Efficacit\u00e9\",\"publisher\":{\"@id\":\"https:\/\/gregorydamy.niceavocats.fr\/es\/#organization\"},\"potentialAction\":[{\"@type\":\"SearchAction\",\"target\":{\"@type\":\"EntryPoint\",\"urlTemplate\":\"https:\/\/gregorydamy.niceavocats.fr\/es\/?s={search_term_string}\"},\"query-input\":{\"@type\":\"PropertyValueSpecification\",\"valueRequired\":true,\"valueName\":\"search_term_string\"}}],\"inLanguage\":\"es\"},{\"@type\":\"Organization\",\"@id\":\"https:\/\/gregorydamy.niceavocats.fr\/es\/#organization\",\"name\":\"Soci\u00e9t\u00e9 d'Avocats DAMY\",\"alternateName\":\"Gr\u00e9gory DAMY\",\"url\":\"https:\/\/gregorydamy.niceavocats.fr\/es\/\",\"logo\":{\"@type\":\"ImageObject\",\"inLanguage\":\"es\",\"@id\":\"https:\/\/gregorydamy.niceavocats.fr\/es\/#\/schema\/logo\/image\/\",\"url\":\"https:\/\/gregorydamy.niceavocats.fr\/wp-content\/uploads\/2023\/04\/damylogo-1.png\",\"contentUrl\":\"https:\/\/gregorydamy.niceavocats.fr\/wp-content\/uploads\/2023\/04\/damylogo-1.png\",\"width\":1890,\"height\":1417,\"caption\":\"Soci\u00e9t\u00e9 d'Avocats DAMY\"},\"image\":{\"@id\":\"https:\/\/gregorydamy.niceavocats.fr\/es\/#\/schema\/logo\/image\/\"},\"sameAs\":[\"https:\/\/www.facebook.com\/niceavocats.fr\/\"]},{\"@type\":\"Person\",\"@id\":\"https:\/\/gregorydamy.niceavocats.fr\/es\/#\/schema\/person\/64c9f9acb07431f6b55f72278b4a5d57\",\"name\":\"admin\",\"sameAs\":[\"https:\/\/gregorydamy.niceavocats.fr\"],\"url\":\"https:\/\/gregorydamy.niceavocats.fr\/es\/author\/admin_34\/\"}]}<\/script>\n<!-- \/ Yoast SEO plugin. -->","yoast_head_json":{"title":"Violencia sexual e inmunidad de defensa - Soci\u00e9t\u00e9 d&#039;avocats Damy","description":"Violencia sexual e inmunidad de defensa El 13 de mayo de 2025, el Tribunal Judicial de Par\u00eds conden\u00f3 a un famoso actor a 18 meses de prisi\u00f3n.","robots":{"index":"index","follow":"follow","max-snippet":"max-snippet:-1","max-image-preview":"max-image-preview:large","max-video-preview":"max-video-preview:-1"},"canonical":"https:\/\/gregorydamy.niceavocats.fr\/es\/violencia-sexual-e-inmunidad-de-defensa\/","og_locale":"es_ES","og_type":"article","og_title":"Violencia sexual e inmunidad de defensa - Soci\u00e9t\u00e9 d&#039;avocats Damy","og_description":"Violencia sexual e inmunidad de defensa El 13 de mayo de 2025, el Tribunal Judicial de Par\u00eds conden\u00f3 a un famoso actor a 18 meses de prisi\u00f3n.","og_url":"https:\/\/gregorydamy.niceavocats.fr\/es\/violencia-sexual-e-inmunidad-de-defensa\/","og_site_name":"Soci\u00e9t\u00e9 d&#039;avocats Damy","article_publisher":"https:\/\/www.facebook.com\/niceavocats.fr\/","article_published_time":"2025-06-17T13:09:45+00:00","article_modified_time":"2025-06-17T13:19:49+00:00","og_image":[{"width":747,"height":1070,"url":"https:\/\/gregorydamy.niceavocats.fr\/wp-content\/uploads\/2025\/06\/image001.jpg","type":"image\/jpeg"}],"author":"admin","twitter_card":"summary_large_image","twitter_misc":{"Escrito por":"admin","Tiempo de lectura":"3 minutos"},"schema":{"@context":"https:\/\/schema.org","@graph":[{"@type":"Article","@id":"https:\/\/gregorydamy.niceavocats.fr\/es\/violencia-sexual-e-inmunidad-de-defensa\/#article","isPartOf":{"@id":"https:\/\/gregorydamy.niceavocats.fr\/es\/violencia-sexual-e-inmunidad-de-defensa\/"},"author":{"name":"admin","@id":"https:\/\/gregorydamy.niceavocats.fr\/es\/#\/schema\/person\/64c9f9acb07431f6b55f72278b4a5d57"},"headline":"Violencia sexual e inmunidad de defensa","datePublished":"2025-06-17T13:09:45+00:00","dateModified":"2025-06-17T13:19:49+00:00","mainEntityOfPage":{"@id":"https:\/\/gregorydamy.niceavocats.fr\/es\/violencia-sexual-e-inmunidad-de-defensa\/"},"wordCount":623,"publisher":{"@id":"https:\/\/gregorydamy.niceavocats.fr\/es\/#organization"},"image":{"@id":"https:\/\/gregorydamy.niceavocats.fr\/es\/violencia-sexual-e-inmunidad-de-defensa\/#primaryimage"},"thumbnailUrl":"https:\/\/gregorydamy.niceavocats.fr\/wp-content\/uploads\/2025\/06\/image001-209x300.jpg","inLanguage":"es"},{"@type":"WebPage","@id":"https:\/\/gregorydamy.niceavocats.fr\/es\/violencia-sexual-e-inmunidad-de-defensa\/","url":"https:\/\/gregorydamy.niceavocats.fr\/es\/violencia-sexual-e-inmunidad-de-defensa\/","name":"Violencia sexual e inmunidad de defensa - Soci\u00e9t\u00e9 d&#039;avocats Damy","isPartOf":{"@id":"https:\/\/gregorydamy.niceavocats.fr\/es\/#website"},"primaryImageOfPage":{"@id":"https:\/\/gregorydamy.niceavocats.fr\/es\/violencia-sexual-e-inmunidad-de-defensa\/#primaryimage"},"image":{"@id":"https:\/\/gregorydamy.niceavocats.fr\/es\/violencia-sexual-e-inmunidad-de-defensa\/#primaryimage"},"thumbnailUrl":"https:\/\/gregorydamy.niceavocats.fr\/wp-content\/uploads\/2025\/06\/image001-209x300.jpg","datePublished":"2025-06-17T13:09:45+00:00","dateModified":"2025-06-17T13:19:49+00:00","description":"Violencia sexual e inmunidad de defensa El 13 de mayo de 2025, el Tribunal Judicial de Par\u00eds conden\u00f3 a un famoso actor a 18 meses de prisi\u00f3n.","breadcrumb":{"@id":"https:\/\/gregorydamy.niceavocats.fr\/es\/violencia-sexual-e-inmunidad-de-defensa\/#breadcrumb"},"inLanguage":"es","potentialAction":[{"@type":"ReadAction","target":["https:\/\/gregorydamy.niceavocats.fr\/es\/violencia-sexual-e-inmunidad-de-defensa\/"]}]},{"@type":"ImageObject","inLanguage":"es","@id":"https:\/\/gregorydamy.niceavocats.fr\/es\/violencia-sexual-e-inmunidad-de-defensa\/#primaryimage","url":"https:\/\/gregorydamy.niceavocats.fr\/wp-content\/uploads\/2025\/06\/image001-209x300.jpg","contentUrl":"https:\/\/gregorydamy.niceavocats.fr\/wp-content\/uploads\/2025\/06\/image001-209x300.jpg"},{"@type":"BreadcrumbList","@id":"https:\/\/gregorydamy.niceavocats.fr\/es\/violencia-sexual-e-inmunidad-de-defensa\/#breadcrumb","itemListElement":[{"@type":"ListItem","position":1,"name":"Accueil","item":"https:\/\/gregorydamy.niceavocats.fr\/es\/"},{"@type":"ListItem","position":2,"name":"Violencia sexual e inmunidad de defensa"}]},{"@type":"WebSite","@id":"https:\/\/gregorydamy.niceavocats.fr\/es\/#website","url":"https:\/\/gregorydamy.niceavocats.fr\/es\/","name":"Soci\u00e9t\u00e9 d&#039;avocats Damy","description":"Justice - Confiance - Efficacit\u00e9","publisher":{"@id":"https:\/\/gregorydamy.niceavocats.fr\/es\/#organization"},"potentialAction":[{"@type":"SearchAction","target":{"@type":"EntryPoint","urlTemplate":"https:\/\/gregorydamy.niceavocats.fr\/es\/?s={search_term_string}"},"query-input":{"@type":"PropertyValueSpecification","valueRequired":true,"valueName":"search_term_string"}}],"inLanguage":"es"},{"@type":"Organization","@id":"https:\/\/gregorydamy.niceavocats.fr\/es\/#organization","name":"Soci\u00e9t\u00e9 d'Avocats DAMY","alternateName":"Gr\u00e9gory DAMY","url":"https:\/\/gregorydamy.niceavocats.fr\/es\/","logo":{"@type":"ImageObject","inLanguage":"es","@id":"https:\/\/gregorydamy.niceavocats.fr\/es\/#\/schema\/logo\/image\/","url":"https:\/\/gregorydamy.niceavocats.fr\/wp-content\/uploads\/2023\/04\/damylogo-1.png","contentUrl":"https:\/\/gregorydamy.niceavocats.fr\/wp-content\/uploads\/2023\/04\/damylogo-1.png","width":1890,"height":1417,"caption":"Soci\u00e9t\u00e9 d'Avocats DAMY"},"image":{"@id":"https:\/\/gregorydamy.niceavocats.fr\/es\/#\/schema\/logo\/image\/"},"sameAs":["https:\/\/www.facebook.com\/niceavocats.fr\/"]},{"@type":"Person","@id":"https:\/\/gregorydamy.niceavocats.fr\/es\/#\/schema\/person\/64c9f9acb07431f6b55f72278b4a5d57","name":"admin","sameAs":["https:\/\/gregorydamy.niceavocats.fr"],"url":"https:\/\/gregorydamy.niceavocats.fr\/es\/author\/admin_34\/"}]}},"_links":{"self":[{"href":"https:\/\/gregorydamy.niceavocats.fr\/es\/wp-json\/wp\/v2\/posts\/987509103","targetHints":{"allow":["GET"]}}],"collection":[{"href":"https:\/\/gregorydamy.niceavocats.fr\/es\/wp-json\/wp\/v2\/posts"}],"about":[{"href":"https:\/\/gregorydamy.niceavocats.fr\/es\/wp-json\/wp\/v2\/types\/post"}],"author":[{"embeddable":true,"href":"https:\/\/gregorydamy.niceavocats.fr\/es\/wp-json\/wp\/v2\/users\/1"}],"replies":[{"embeddable":true,"href":"https:\/\/gregorydamy.niceavocats.fr\/es\/wp-json\/wp\/v2\/comments?post=987509103"}],"version-history":[{"count":0,"href":"https:\/\/gregorydamy.niceavocats.fr\/es\/wp-json\/wp\/v2\/posts\/987509103\/revisions"}],"wp:attachment":[{"href":"https:\/\/gregorydamy.niceavocats.fr\/es\/wp-json\/wp\/v2\/media?parent=987509103"}],"wp:term":[{"taxonomy":"category","embeddable":true,"href":"https:\/\/gregorydamy.niceavocats.fr\/es\/wp-json\/wp\/v2\/categories?post=987509103"},{"taxonomy":"post_tag","embeddable":true,"href":"https:\/\/gregorydamy.niceavocats.fr\/es\/wp-json\/wp\/v2\/tags?post=987509103"}],"curies":[{"name":"wp","href":"https:\/\/api.w.org\/{rel}","templated":true}]}}