{"id":987509079,"date":"2025-06-04T10:12:50","date_gmt":"2025-06-04T10:12:50","guid":{"rendered":"https:\/\/gregorydamy.niceavocats.fr\/surveillance-algorithmique-maitre-florent-de-franceschi-cabinet-damy-sur-bfm-a-propos-de-la-decision-de-la-cnil\/"},"modified":"2025-06-04T10:25:35","modified_gmt":"2025-06-04T10:25:35","slug":"surveillance-algorithmique-maitre-florent-de-franceschi","status":"publish","type":"post","link":"https:\/\/gregorydamy.niceavocats.fr\/es\/surveillance-algorithmique-maitre-florent-de-franceschi\/","title":{"rendered":"Vigilancia algor\u00edtmica: el abogado Florent de Franceschi (Despacho DAMY) interviene en BFM sobre la decisi\u00f3n de la CNIL"},"content":{"rendered":"<p><strong>Vigilancia algor\u00edtmica: el abogado Florent de Franceschi (Despacho DAMY) interviene en BFM sobre la decisi\u00f3n de la CNIL<\/strong><\/p>\n<p>El <strong>2 de junio de 2025<\/strong>, el <strong>abogado Florent de Franceschi<\/strong>, miembro del <strong>Despacho DAMY \u2013 Sociedad de Abogados<\/strong>, intervino en directo en <strong>BFM C\u00f4te d\u2019Azur<\/strong> para comentar la decisi\u00f3n adoptada por la <strong>Comisi\u00f3n Nacional de Inform\u00e1tica y Libertades (CNIL)<\/strong> sobre los sistemas de <strong>vigilancia por v\u00eddeo algor\u00edtmica<\/strong> instalados frente a las escuelas de la ciudad de Niza.<\/p>\n<p>La CNIL exigi\u00f3 la <strong>desactivaci\u00f3n de 77 c\u00e1maras denominadas \u201caumentadas\u201d<\/strong>, al considerar que vulneran el marco jur\u00eddico franc\u00e9s y europeo en materia de <strong>protecci\u00f3n de datos personales<\/strong>, especialmente porque <strong>realizan an\u00e1lisis automatizados del comportamiento humano en tiempo real<\/strong>.<\/p>\n<p>Durante su intervenci\u00f3n, el abogado De Franceschi record\u00f3 que:<\/p>\n<ul>\n<li>Cualquier sistema de an\u00e1lisis algor\u00edtmico del comportamiento en tiempo real constituye un <strong>tratamiento de datos personales<\/strong>, sujeto a las disposiciones del <strong>Reglamento General de Protecci\u00f3n de Datos (RGPD \u2013 Reglamento UE 2016\/679)<\/strong>;<\/li>\n<li>Este tipo de tratamiento debe basarse en una <strong>base jur\u00eddica expl\u00edcita<\/strong>, conforme a los <strong>art\u00edculos 5 y 6 del RGPD<\/strong>;<\/li>\n<li><strong>Actualmente ninguna disposici\u00f3n legislativa<\/strong> autoriza a un ayuntamiento a implementar un dispositivo de este tipo en el espacio p\u00fablico;<\/li>\n<li>Adem\u00e1s, estos sistemas vulneran los principios establecidos en la <strong>Ley francesa de Inform\u00e1tica y Libertades de 6 de enero de 1978<\/strong>, especialmente en su <strong>art\u00edculo 1<\/strong>, y el <strong>derecho a la vida privada garantizado por el art\u00edculo 9 del C\u00f3digo Civil franc\u00e9s<\/strong>, reconocido con <strong>valor constitucional<\/strong>.<\/li>\n<\/ul>\n<p>La jurisprudencia constante del <strong>Consejo de Estado franc\u00e9s<\/strong> (en particular la <strong>decisi\u00f3n n.\u00ba 451423 de 22 de diciembre de 2022<\/strong>, relativa a los drones) reitera que todo tratamiento algor\u00edtmico de im\u00e1genes en espacios p\u00fablicos debe estar <strong>previsto por ley<\/strong>, ser <strong>necesario para un fin leg\u00edtimo<\/strong>, y <strong>proporcionado<\/strong>.<\/p>\n<p>El <strong>Despacho DAMY<\/strong> recuerda que las exigencias de seguridad <strong>no pueden justificar la suspensi\u00f3n de libertades fundamentales fuera de un marco legal claro<\/strong>. Aunque un debate parlamentario sobre la regulaci\u00f3n de estas tecnolog\u00edas es leg\u00edtimo, <strong>la vigilancia predictiva automatizada del comportamiento humano en espacios p\u00fablicos no puede preceder a la ley<\/strong>.<\/p>\n<p>Este caso pone de relieve la necesidad de un <strong>debate jur\u00eddico estructurado<\/strong> sobre el uso de la inteligencia artificial en materia de seguridad p\u00fablica, especialmente en lo que respecta a <strong>zonas sensibles como las inmediaciones de los centros escolares<\/strong>.<\/p>\n<p><strong>Ver la intervenci\u00f3n completa del abogado Florent de Franceschi en BFM C\u00f4te d\u2019Azur:<\/strong><br \/>\n<a href=\"https:\/\/www.bfmtv.com\/cote-d-azur\/replay-emissions\/bonjour-cote-d-azur\/nice-la-videosurveillance-algorithmique-interdite-pres-des-ecoles-quel-recours-pour-le-maire-christian-estrosi_VN-202506020191.html\">Ver el v\u00eddeo<\/a><\/p>\n<p>&nbsp;<\/p>\n<p><img decoding=\"async\" class=\"alignnone size-medium wp-image-987509072\" src=\"https:\/\/gregorydamy.niceavocats.fr\/wp-content\/uploads\/2025\/06\/250604-image-telesurveillance-300x150.jpg\" alt=\"\" width=\"300\" height=\"150\" srcset=\"https:\/\/gregorydamy.niceavocats.fr\/wp-content\/uploads\/2025\/06\/250604-image-telesurveillance-300x150.jpg 300w, https:\/\/gregorydamy.niceavocats.fr\/wp-content\/uploads\/2025\/06\/250604-image-telesurveillance.jpg 454w\" sizes=\"(max-width: 300px) 100vw, 300px\" \/><\/p>\n","protected":false},"excerpt":{"rendered":"<p>Vigilancia algor\u00edtmica: el abogado Florent de Franceschi (Despacho DAMY) interviene en BFM sobre la decisi\u00f3n de la CNIL El 2 de junio de 2025, el abogado Florent de Franceschi, miembro del Despacho DAMY \u2013 Sociedad de Abogados, intervino en directo en BFM C\u00f4te d\u2019Azur para comentar la decisi\u00f3n adoptada por la Comisi\u00f3n Nacional de Inform\u00e1tica [&hellip;]<\/p>\n","protected":false},"author":1,"featured_media":987509075,"comment_status":"closed","ping_status":"open","sticky":false,"template":"","format":"standard","meta":{"_et_pb_use_builder":"","_et_pb_old_content":"","_et_gb_content_width":"","footnotes":""},"categories":[],"tags":[],"class_list":["post-987509079","post","type-post","status-publish","format-standard","has-post-thumbnail","hentry"],"yoast_head":"<!-- This site is optimized with the Yoast SEO plugin v26.8 - https:\/\/yoast.com\/product\/yoast-seo-wordpress\/ -->\n<title>Vigilancia algor\u00edtmica: el abogado Florent de Franceschi (Despacho DAMY) interviene en BFM sobre la decisi\u00f3n de la CNIL - Soci\u00e9t\u00e9 d&#039;avocats Damy<\/title>\n<meta name=\"description\" content=\"La CNIL exigi\u00f3 la desactivaci\u00f3n de 77 c\u00e1maras denominadas \u201caumentadas\u201d, al considerar que vulneran el marco jur\u00eddico\" \/>\n<meta name=\"robots\" content=\"index, follow, max-snippet:-1, max-image-preview:large, max-video-preview:-1\" \/>\n<link rel=\"canonical\" href=\"https:\/\/gregorydamy.niceavocats.fr\/es\/surveillance-algorithmique-maitre-florent-de-franceschi\/\" \/>\n<meta property=\"og:locale\" content=\"es_ES\" \/>\n<meta property=\"og:type\" content=\"article\" \/>\n<meta property=\"og:title\" content=\"Vigilancia algor\u00edtmica: el abogado Florent de Franceschi (Despacho DAMY) interviene en BFM sobre la decisi\u00f3n de la CNIL - Soci\u00e9t\u00e9 d&#039;avocats Damy\" \/>\n<meta property=\"og:description\" content=\"La CNIL exigi\u00f3 la desactivaci\u00f3n de 77 c\u00e1maras denominadas \u201caumentadas\u201d, al considerar que vulneran el marco jur\u00eddico\" \/>\n<meta property=\"og:url\" content=\"https:\/\/gregorydamy.niceavocats.fr\/es\/surveillance-algorithmique-maitre-florent-de-franceschi\/\" \/>\n<meta property=\"og:site_name\" content=\"Soci\u00e9t\u00e9 d&#039;avocats Damy\" \/>\n<meta property=\"article:publisher\" content=\"https:\/\/www.facebook.com\/niceavocats.fr\/\" \/>\n<meta property=\"article:published_time\" content=\"2025-06-04T10:12:50+00:00\" \/>\n<meta property=\"article:modified_time\" content=\"2025-06-04T10:25:35+00:00\" \/>\n<meta property=\"og:image\" content=\"https:\/\/gregorydamy.niceavocats.fr\/wp-content\/uploads\/2025\/06\/250604-image-telesurveillance.jpg\" \/>\n\t<meta property=\"og:image:width\" content=\"454\" \/>\n\t<meta property=\"og:image:height\" content=\"227\" \/>\n\t<meta property=\"og:image:type\" content=\"image\/jpeg\" \/>\n<meta name=\"author\" content=\"admin\" \/>\n<meta name=\"twitter:card\" content=\"summary_large_image\" \/>\n<meta name=\"twitter:label1\" content=\"Escrito por\" \/>\n\t<meta name=\"twitter:data1\" content=\"admin\" \/>\n\t<meta name=\"twitter:label2\" content=\"Tiempo de lectura\" \/>\n\t<meta name=\"twitter:data2\" content=\"3 minutos\" \/>\n<script type=\"application\/ld+json\" class=\"yoast-schema-graph\">{\"@context\":\"https:\/\/schema.org\",\"@graph\":[{\"@type\":\"Article\",\"@id\":\"https:\/\/gregorydamy.niceavocats.fr\/es\/surveillance-algorithmique-maitre-florent-de-franceschi\/#article\",\"isPartOf\":{\"@id\":\"https:\/\/gregorydamy.niceavocats.fr\/es\/surveillance-algorithmique-maitre-florent-de-franceschi\/\"},\"author\":{\"name\":\"admin\",\"@id\":\"https:\/\/gregorydamy.niceavocats.fr\/es\/#\/schema\/person\/64c9f9acb07431f6b55f72278b4a5d57\"},\"headline\":\"Vigilancia algor\u00edtmica: el abogado Florent de Franceschi (Despacho DAMY) interviene en BFM sobre la decisi\u00f3n de la CNIL\",\"datePublished\":\"2025-06-04T10:12:50+00:00\",\"dateModified\":\"2025-06-04T10:25:35+00:00\",\"mainEntityOfPage\":{\"@id\":\"https:\/\/gregorydamy.niceavocats.fr\/es\/surveillance-algorithmique-maitre-florent-de-franceschi\/\"},\"wordCount\":446,\"publisher\":{\"@id\":\"https:\/\/gregorydamy.niceavocats.fr\/es\/#organization\"},\"image\":{\"@id\":\"https:\/\/gregorydamy.niceavocats.fr\/es\/surveillance-algorithmique-maitre-florent-de-franceschi\/#primaryimage\"},\"thumbnailUrl\":\"https:\/\/gregorydamy.niceavocats.fr\/wp-content\/uploads\/2025\/06\/250604-image-telesurveillance.jpg\",\"inLanguage\":\"es\"},{\"@type\":\"WebPage\",\"@id\":\"https:\/\/gregorydamy.niceavocats.fr\/es\/surveillance-algorithmique-maitre-florent-de-franceschi\/\",\"url\":\"https:\/\/gregorydamy.niceavocats.fr\/es\/surveillance-algorithmique-maitre-florent-de-franceschi\/\",\"name\":\"Vigilancia algor\u00edtmica: el abogado Florent de Franceschi (Despacho DAMY) interviene en BFM sobre la decisi\u00f3n de la CNIL - Soci\u00e9t\u00e9 d&#039;avocats Damy\",\"isPartOf\":{\"@id\":\"https:\/\/gregorydamy.niceavocats.fr\/es\/#website\"},\"primaryImageOfPage\":{\"@id\":\"https:\/\/gregorydamy.niceavocats.fr\/es\/surveillance-algorithmique-maitre-florent-de-franceschi\/#primaryimage\"},\"image\":{\"@id\":\"https:\/\/gregorydamy.niceavocats.fr\/es\/surveillance-algorithmique-maitre-florent-de-franceschi\/#primaryimage\"},\"thumbnailUrl\":\"https:\/\/gregorydamy.niceavocats.fr\/wp-content\/uploads\/2025\/06\/250604-image-telesurveillance.jpg\",\"datePublished\":\"2025-06-04T10:12:50+00:00\",\"dateModified\":\"2025-06-04T10:25:35+00:00\",\"description\":\"La CNIL exigi\u00f3 la desactivaci\u00f3n de 77 c\u00e1maras denominadas \u201caumentadas\u201d, al considerar que vulneran el marco jur\u00eddico\",\"breadcrumb\":{\"@id\":\"https:\/\/gregorydamy.niceavocats.fr\/es\/surveillance-algorithmique-maitre-florent-de-franceschi\/#breadcrumb\"},\"inLanguage\":\"es\",\"potentialAction\":[{\"@type\":\"ReadAction\",\"target\":[\"https:\/\/gregorydamy.niceavocats.fr\/es\/surveillance-algorithmique-maitre-florent-de-franceschi\/\"]}]},{\"@type\":\"ImageObject\",\"inLanguage\":\"es\",\"@id\":\"https:\/\/gregorydamy.niceavocats.fr\/es\/surveillance-algorithmique-maitre-florent-de-franceschi\/#primaryimage\",\"url\":\"https:\/\/gregorydamy.niceavocats.fr\/wp-content\/uploads\/2025\/06\/250604-image-telesurveillance.jpg\",\"contentUrl\":\"https:\/\/gregorydamy.niceavocats.fr\/wp-content\/uploads\/2025\/06\/250604-image-telesurveillance.jpg\",\"width\":454,\"height\":227},{\"@type\":\"BreadcrumbList\",\"@id\":\"https:\/\/gregorydamy.niceavocats.fr\/es\/surveillance-algorithmique-maitre-florent-de-franceschi\/#breadcrumb\",\"itemListElement\":[{\"@type\":\"ListItem\",\"position\":1,\"name\":\"Accueil\",\"item\":\"https:\/\/gregorydamy.niceavocats.fr\/es\/\"},{\"@type\":\"ListItem\",\"position\":2,\"name\":\"Vigilancia algor\u00edtmica: el abogado Florent de Franceschi (Despacho DAMY) interviene en BFM sobre la decisi\u00f3n de la CNIL\"}]},{\"@type\":\"WebSite\",\"@id\":\"https:\/\/gregorydamy.niceavocats.fr\/es\/#website\",\"url\":\"https:\/\/gregorydamy.niceavocats.fr\/es\/\",\"name\":\"Soci\u00e9t\u00e9 d&#039;avocats Damy\",\"description\":\"Justice - Confiance - Efficacit\u00e9\",\"publisher\":{\"@id\":\"https:\/\/gregorydamy.niceavocats.fr\/es\/#organization\"},\"potentialAction\":[{\"@type\":\"SearchAction\",\"target\":{\"@type\":\"EntryPoint\",\"urlTemplate\":\"https:\/\/gregorydamy.niceavocats.fr\/es\/?s={search_term_string}\"},\"query-input\":{\"@type\":\"PropertyValueSpecification\",\"valueRequired\":true,\"valueName\":\"search_term_string\"}}],\"inLanguage\":\"es\"},{\"@type\":\"Organization\",\"@id\":\"https:\/\/gregorydamy.niceavocats.fr\/es\/#organization\",\"name\":\"Soci\u00e9t\u00e9 d'Avocats DAMY\",\"alternateName\":\"Gr\u00e9gory DAMY\",\"url\":\"https:\/\/gregorydamy.niceavocats.fr\/es\/\",\"logo\":{\"@type\":\"ImageObject\",\"inLanguage\":\"es\",\"@id\":\"https:\/\/gregorydamy.niceavocats.fr\/es\/#\/schema\/logo\/image\/\",\"url\":\"https:\/\/gregorydamy.niceavocats.fr\/wp-content\/uploads\/2023\/04\/damylogo-1.png\",\"contentUrl\":\"https:\/\/gregorydamy.niceavocats.fr\/wp-content\/uploads\/2023\/04\/damylogo-1.png\",\"width\":1890,\"height\":1417,\"caption\":\"Soci\u00e9t\u00e9 d'Avocats DAMY\"},\"image\":{\"@id\":\"https:\/\/gregorydamy.niceavocats.fr\/es\/#\/schema\/logo\/image\/\"},\"sameAs\":[\"https:\/\/www.facebook.com\/niceavocats.fr\/\"]},{\"@type\":\"Person\",\"@id\":\"https:\/\/gregorydamy.niceavocats.fr\/es\/#\/schema\/person\/64c9f9acb07431f6b55f72278b4a5d57\",\"name\":\"admin\",\"sameAs\":[\"https:\/\/gregorydamy.niceavocats.fr\"],\"url\":\"https:\/\/gregorydamy.niceavocats.fr\/es\/author\/admin_34\/\"}]}<\/script>\n<!-- \/ Yoast SEO plugin. -->","yoast_head_json":{"title":"Vigilancia algor\u00edtmica: el abogado Florent de Franceschi (Despacho DAMY) interviene en BFM sobre la decisi\u00f3n de la CNIL - Soci\u00e9t\u00e9 d&#039;avocats Damy","description":"La CNIL exigi\u00f3 la desactivaci\u00f3n de 77 c\u00e1maras denominadas \u201caumentadas\u201d, al considerar que vulneran el marco jur\u00eddico","robots":{"index":"index","follow":"follow","max-snippet":"max-snippet:-1","max-image-preview":"max-image-preview:large","max-video-preview":"max-video-preview:-1"},"canonical":"https:\/\/gregorydamy.niceavocats.fr\/es\/surveillance-algorithmique-maitre-florent-de-franceschi\/","og_locale":"es_ES","og_type":"article","og_title":"Vigilancia algor\u00edtmica: el abogado Florent de Franceschi (Despacho DAMY) interviene en BFM sobre la decisi\u00f3n de la CNIL - Soci\u00e9t\u00e9 d&#039;avocats Damy","og_description":"La CNIL exigi\u00f3 la desactivaci\u00f3n de 77 c\u00e1maras denominadas \u201caumentadas\u201d, al considerar que vulneran el marco jur\u00eddico","og_url":"https:\/\/gregorydamy.niceavocats.fr\/es\/surveillance-algorithmique-maitre-florent-de-franceschi\/","og_site_name":"Soci\u00e9t\u00e9 d&#039;avocats Damy","article_publisher":"https:\/\/www.facebook.com\/niceavocats.fr\/","article_published_time":"2025-06-04T10:12:50+00:00","article_modified_time":"2025-06-04T10:25:35+00:00","og_image":[{"width":454,"height":227,"url":"https:\/\/gregorydamy.niceavocats.fr\/wp-content\/uploads\/2025\/06\/250604-image-telesurveillance.jpg","type":"image\/jpeg"}],"author":"admin","twitter_card":"summary_large_image","twitter_misc":{"Escrito por":"admin","Tiempo de lectura":"3 minutos"},"schema":{"@context":"https:\/\/schema.org","@graph":[{"@type":"Article","@id":"https:\/\/gregorydamy.niceavocats.fr\/es\/surveillance-algorithmique-maitre-florent-de-franceschi\/#article","isPartOf":{"@id":"https:\/\/gregorydamy.niceavocats.fr\/es\/surveillance-algorithmique-maitre-florent-de-franceschi\/"},"author":{"name":"admin","@id":"https:\/\/gregorydamy.niceavocats.fr\/es\/#\/schema\/person\/64c9f9acb07431f6b55f72278b4a5d57"},"headline":"Vigilancia algor\u00edtmica: el abogado Florent de Franceschi (Despacho DAMY) interviene en BFM sobre la decisi\u00f3n de la CNIL","datePublished":"2025-06-04T10:12:50+00:00","dateModified":"2025-06-04T10:25:35+00:00","mainEntityOfPage":{"@id":"https:\/\/gregorydamy.niceavocats.fr\/es\/surveillance-algorithmique-maitre-florent-de-franceschi\/"},"wordCount":446,"publisher":{"@id":"https:\/\/gregorydamy.niceavocats.fr\/es\/#organization"},"image":{"@id":"https:\/\/gregorydamy.niceavocats.fr\/es\/surveillance-algorithmique-maitre-florent-de-franceschi\/#primaryimage"},"thumbnailUrl":"https:\/\/gregorydamy.niceavocats.fr\/wp-content\/uploads\/2025\/06\/250604-image-telesurveillance.jpg","inLanguage":"es"},{"@type":"WebPage","@id":"https:\/\/gregorydamy.niceavocats.fr\/es\/surveillance-algorithmique-maitre-florent-de-franceschi\/","url":"https:\/\/gregorydamy.niceavocats.fr\/es\/surveillance-algorithmique-maitre-florent-de-franceschi\/","name":"Vigilancia algor\u00edtmica: el abogado Florent de Franceschi (Despacho DAMY) interviene en BFM sobre la decisi\u00f3n de la CNIL - Soci\u00e9t\u00e9 d&#039;avocats Damy","isPartOf":{"@id":"https:\/\/gregorydamy.niceavocats.fr\/es\/#website"},"primaryImageOfPage":{"@id":"https:\/\/gregorydamy.niceavocats.fr\/es\/surveillance-algorithmique-maitre-florent-de-franceschi\/#primaryimage"},"image":{"@id":"https:\/\/gregorydamy.niceavocats.fr\/es\/surveillance-algorithmique-maitre-florent-de-franceschi\/#primaryimage"},"thumbnailUrl":"https:\/\/gregorydamy.niceavocats.fr\/wp-content\/uploads\/2025\/06\/250604-image-telesurveillance.jpg","datePublished":"2025-06-04T10:12:50+00:00","dateModified":"2025-06-04T10:25:35+00:00","description":"La CNIL exigi\u00f3 la desactivaci\u00f3n de 77 c\u00e1maras denominadas \u201caumentadas\u201d, al considerar que vulneran el marco jur\u00eddico","breadcrumb":{"@id":"https:\/\/gregorydamy.niceavocats.fr\/es\/surveillance-algorithmique-maitre-florent-de-franceschi\/#breadcrumb"},"inLanguage":"es","potentialAction":[{"@type":"ReadAction","target":["https:\/\/gregorydamy.niceavocats.fr\/es\/surveillance-algorithmique-maitre-florent-de-franceschi\/"]}]},{"@type":"ImageObject","inLanguage":"es","@id":"https:\/\/gregorydamy.niceavocats.fr\/es\/surveillance-algorithmique-maitre-florent-de-franceschi\/#primaryimage","url":"https:\/\/gregorydamy.niceavocats.fr\/wp-content\/uploads\/2025\/06\/250604-image-telesurveillance.jpg","contentUrl":"https:\/\/gregorydamy.niceavocats.fr\/wp-content\/uploads\/2025\/06\/250604-image-telesurveillance.jpg","width":454,"height":227},{"@type":"BreadcrumbList","@id":"https:\/\/gregorydamy.niceavocats.fr\/es\/surveillance-algorithmique-maitre-florent-de-franceschi\/#breadcrumb","itemListElement":[{"@type":"ListItem","position":1,"name":"Accueil","item":"https:\/\/gregorydamy.niceavocats.fr\/es\/"},{"@type":"ListItem","position":2,"name":"Vigilancia algor\u00edtmica: el abogado Florent de Franceschi (Despacho DAMY) interviene en BFM sobre la decisi\u00f3n de la CNIL"}]},{"@type":"WebSite","@id":"https:\/\/gregorydamy.niceavocats.fr\/es\/#website","url":"https:\/\/gregorydamy.niceavocats.fr\/es\/","name":"Soci\u00e9t\u00e9 d&#039;avocats Damy","description":"Justice - Confiance - Efficacit\u00e9","publisher":{"@id":"https:\/\/gregorydamy.niceavocats.fr\/es\/#organization"},"potentialAction":[{"@type":"SearchAction","target":{"@type":"EntryPoint","urlTemplate":"https:\/\/gregorydamy.niceavocats.fr\/es\/?s={search_term_string}"},"query-input":{"@type":"PropertyValueSpecification","valueRequired":true,"valueName":"search_term_string"}}],"inLanguage":"es"},{"@type":"Organization","@id":"https:\/\/gregorydamy.niceavocats.fr\/es\/#organization","name":"Soci\u00e9t\u00e9 d'Avocats DAMY","alternateName":"Gr\u00e9gory DAMY","url":"https:\/\/gregorydamy.niceavocats.fr\/es\/","logo":{"@type":"ImageObject","inLanguage":"es","@id":"https:\/\/gregorydamy.niceavocats.fr\/es\/#\/schema\/logo\/image\/","url":"https:\/\/gregorydamy.niceavocats.fr\/wp-content\/uploads\/2023\/04\/damylogo-1.png","contentUrl":"https:\/\/gregorydamy.niceavocats.fr\/wp-content\/uploads\/2023\/04\/damylogo-1.png","width":1890,"height":1417,"caption":"Soci\u00e9t\u00e9 d'Avocats DAMY"},"image":{"@id":"https:\/\/gregorydamy.niceavocats.fr\/es\/#\/schema\/logo\/image\/"},"sameAs":["https:\/\/www.facebook.com\/niceavocats.fr\/"]},{"@type":"Person","@id":"https:\/\/gregorydamy.niceavocats.fr\/es\/#\/schema\/person\/64c9f9acb07431f6b55f72278b4a5d57","name":"admin","sameAs":["https:\/\/gregorydamy.niceavocats.fr"],"url":"https:\/\/gregorydamy.niceavocats.fr\/es\/author\/admin_34\/"}]}},"_links":{"self":[{"href":"https:\/\/gregorydamy.niceavocats.fr\/es\/wp-json\/wp\/v2\/posts\/987509079","targetHints":{"allow":["GET"]}}],"collection":[{"href":"https:\/\/gregorydamy.niceavocats.fr\/es\/wp-json\/wp\/v2\/posts"}],"about":[{"href":"https:\/\/gregorydamy.niceavocats.fr\/es\/wp-json\/wp\/v2\/types\/post"}],"author":[{"embeddable":true,"href":"https:\/\/gregorydamy.niceavocats.fr\/es\/wp-json\/wp\/v2\/users\/1"}],"replies":[{"embeddable":true,"href":"https:\/\/gregorydamy.niceavocats.fr\/es\/wp-json\/wp\/v2\/comments?post=987509079"}],"version-history":[{"count":0,"href":"https:\/\/gregorydamy.niceavocats.fr\/es\/wp-json\/wp\/v2\/posts\/987509079\/revisions"}],"wp:featuredmedia":[{"embeddable":true,"href":"https:\/\/gregorydamy.niceavocats.fr\/es\/wp-json\/wp\/v2\/media\/987509075"}],"wp:attachment":[{"href":"https:\/\/gregorydamy.niceavocats.fr\/es\/wp-json\/wp\/v2\/media?parent=987509079"}],"wp:term":[{"taxonomy":"category","embeddable":true,"href":"https:\/\/gregorydamy.niceavocats.fr\/es\/wp-json\/wp\/v2\/categories?post=987509079"},{"taxonomy":"post_tag","embeddable":true,"href":"https:\/\/gregorydamy.niceavocats.fr\/es\/wp-json\/wp\/v2\/tags?post=987509079"}],"curies":[{"name":"wp","href":"https:\/\/api.w.org\/{rel}","templated":true}]}}