{"id":987508890,"date":"2024-11-19T11:05:17","date_gmt":"2024-11-19T11:05:17","guid":{"rendered":"https:\/\/gregorydamy.niceavocats.fr\/?p=987508890"},"modified":"2024-11-19T11:18:53","modified_gmt":"2024-11-19T11:18:53","slug":"un-avance-significativo-en-el-ambito-de-la-responsabilidad-medica","status":"publish","type":"post","link":"https:\/\/gregorydamy.niceavocats.fr\/es\/un-avance-significativo-en-el-ambito-de-la-responsabilidad-medica\/","title":{"rendered":"Un avance significativo en el \u00e1mbito de la responsabilidad m\u00e9dica."},"content":{"rendered":"<p>[et_pb_section fb_built=&#8221;1&#8243; admin_label=&#8221;section&#8221; _builder_version=&#8221;4.16&#8243; global_colors_info=&#8221;{}&#8221;][et_pb_row admin_label=&#8221;row&#8221; _builder_version=&#8221;4.16&#8243; background_size=&#8221;initial&#8221; background_position=&#8221;top_left&#8221; background_repeat=&#8221;repeat&#8221; global_colors_info=&#8221;{}&#8221;][et_pb_column type=&#8221;4_4&#8243; _builder_version=&#8221;4.16&#8243; custom_padding=&#8221;|||&#8221; global_colors_info=&#8221;{}&#8221; custom_padding__hover=&#8221;|||&#8221;][et_pb_image src=&#8221;https:\/\/gregorydamy.niceavocats.fr\/wp-content\/uploads\/2023\/08\/doctor-563428_1280-2.jpg&#8221; alt=&#8221;Avocat Nice Accident&#8221; title_text=&#8221;doctor-563428_1280-2&#8243; _builder_version=&#8221;4.24.2&#8243; _module_preset=&#8221;default&#8221; hover_enabled=&#8221;0&#8243; global_colors_info=&#8221;{}&#8221; sticky_enabled=&#8221;0&#8243;][\/et_pb_image][et_pb_text admin_label=&#8221;Text&#8221; _builder_version=&#8221;4.24.2&#8243; background_size=&#8221;initial&#8221; background_position=&#8221;top_left&#8221; background_repeat=&#8221;repeat&#8221; hover_enabled=&#8221;0&#8243; global_colors_info=&#8221;{}&#8221; sticky_enabled=&#8221;0&#8243;]<\/p>\n<p style=\"text-align: justify;\"><strong>ABOGADO EN NIZA<\/strong><\/p>\n<h1>un avance significativo en el \u00e1mbito de la responsabilidad m\u00e9dica.<\/h1>\n<p style=\"text-align: justify;\">El 16 de octubre de 2024, mediante la sentencia n.\u00ba 22-23.433, la Primera Sala Civil del Tribunal de Casaci\u00f3n dict\u00f3 una decisi\u00f3n notable en relaci\u00f3n con los derechos de las v\u00edctimas de lesiones corporales.<\/p>\n<p style=\"text-align: justify;\">\n<p style=\"text-align: justify;\">En este caso, la se\u00f1ora E se someti\u00f3 a una intervenci\u00f3n de cadera. Durante la operaci\u00f3n, se rompi\u00f3 un clavo met\u00e1lico.<\/p>\n<p style=\"text-align: justify;\">\n<p style=\"text-align: justify;\">Como resultado, la se\u00f1ora E sufri\u00f3 intensos dolores que persistieron durante m\u00e1s de dos a\u00f1os.<\/p>\n<p style=\"text-align: justify;\">Por esta raz\u00f3n, decidi\u00f3 demandar al cirujano que la hab\u00eda operado dos a\u00f1os antes, alegando responsabilidad.<\/p>\n<p style=\"text-align: justify;\">\n<p style=\"text-align: justify;\">Un peritaje revel\u00f3 que la rotura del clavo met\u00e1lico podr\u00eda haber sido causada por:<\/p>\n<ul style=\"text-align: justify;\">\n<li>La existencia de una predisposici\u00f3n anat\u00f3mica de la paciente, o;<\/li>\n<li>Un error del m\u00e9dico al no seguir el protocolo m\u00e9dico recomendado por la Sociedad Francesa de Artroscopia (SFA).<\/li>\n<\/ul>\n<p style=\"text-align: justify;\">\n<p style=\"text-align: justify;\">De hecho, el informe operatorio no mencionaba que el cirujano hab\u00eda iniciado la operaci\u00f3n introduciendo aire, seguido de soluci\u00f3n salina.<\/p>\n<p style=\"text-align: justify;\">\n<p style=\"text-align: justify;\">En su defensa, el m\u00e9dico afirm\u00f3 que realizaba sistem\u00e1ticamente este paso inicial, aunque no estuviera registrado en el informe.<\/p>\n<p style=\"text-align: justify;\">\n<p style=\"text-align: justify;\">El Tribunal de Apelaci\u00f3n, considerando esta omisi\u00f3n como una mera hip\u00f3tesis de culpa, otorg\u00f3 el beneficio de la duda al m\u00e9dico y desestim\u00f3 las demandas de la se\u00f1ora E.<\/p>\n<p style=\"text-align: justify;\">\n<p style=\"text-align: justify;\">Sin embargo, el Tribunal de Casaci\u00f3n anul\u00f3 esta decisi\u00f3n, al considerar que la ausencia de registro completo del procedimiento m\u00e9dico en el informe operatorio establec\u00eda una presunci\u00f3n de culpa contra el m\u00e9dico.<\/p>\n<p style=\"text-align: justify;\">\n<p style=\"text-align: justify;\">Por tanto, correspond\u00eda al m\u00e9dico demostrar que hab\u00eda seguido estrictamente el protocolo m\u00e9dico.<\/p>\n<p style=\"text-align: justify;\">\n<p style=\"text-align: justify;\">Esta decisi\u00f3n marca un avance significativo en el \u00e1mbito de la responsabilidad m\u00e9dica.<\/p>\n<p style=\"text-align: justify;\">\n<p style=\"text-align: justify;\">En principio, el art\u00edculo L1142-1 del C\u00f3digo de Salud P\u00fablica franc\u00e9s establece que la responsabilidad del m\u00e9dico solo puede ser comprometida en caso de una falta probada, siendo la v\u00edctima quien tiene la carga de la prueba.<\/p>\n<p style=\"text-align: justify;\">\n<p style=\"text-align: justify;\">No obstante, mediante esta sentencia, el Tribunal de Casaci\u00f3n invierte la carga de la prueba al crear una presunci\u00f3n de culpa contra el m\u00e9dico en caso de falta de trazabilidad de todas las acciones m\u00e9dicas.<\/p>\n<p style=\"text-align: justify;\">\n<p style=\"text-align: justify;\">Ma\u00eetre DAMY, abogado en Niza y experto en derecho de lesiones corporales, brinda apoyo dedicado a las v\u00edctimas en sus gestiones legales. No dude en contactarnos.<\/p>\n<p>&nbsp;<\/p>\n<p>[\/et_pb_text][\/et_pb_column][\/et_pb_row][\/et_pb_section]<\/p>\n","protected":false},"excerpt":{"rendered":"<p>ABOGADO EN NIZA un avance significativo en el \u00e1mbito de la responsabilidad m\u00e9dica. El 16 de octubre de 2024, mediante la sentencia n.\u00ba 22-23.433, la Primera Sala Civil del Tribunal de Casaci\u00f3n dict\u00f3 una decisi\u00f3n notable en relaci\u00f3n con los derechos de las v\u00edctimas de lesiones corporales. En este caso, la se\u00f1ora E se someti\u00f3 [&hellip;]<\/p>\n","protected":false},"author":1,"featured_media":0,"comment_status":"closed","ping_status":"open","sticky":false,"template":"","format":"standard","meta":{"_et_pb_use_builder":"on","_et_pb_old_content":"","_et_gb_content_width":"","footnotes":""},"categories":[],"tags":[],"class_list":["post-987508890","post","type-post","status-publish","format-standard","hentry"],"yoast_head":"<!-- This site is optimized with the Yoast SEO plugin v26.8 - https:\/\/yoast.com\/product\/yoast-seo-wordpress\/ -->\n<title>Un avance significativo en el \u00e1mbito de la responsabilidad m\u00e9dica. - Soci\u00e9t\u00e9 d&#039;avocats Damy<\/title>\n<meta name=\"description\" content=\"El 16 de octubre de 2024, mediante la sentencia n.\u00ba 22-23.433, la Primera Sala Civil del Tribunal de Casaci\u00f3n dict\u00f3 una decisi\u00f3n notable en relaci\u00f3n con los derechos de las v\u00edctimas de lesiones corporales.\" \/>\n<meta name=\"robots\" content=\"index, follow, max-snippet:-1, max-image-preview:large, max-video-preview:-1\" \/>\n<link rel=\"canonical\" href=\"https:\/\/gregorydamy.niceavocats.fr\/es\/un-avance-significativo-en-el-ambito-de-la-responsabilidad-medica\/\" \/>\n<meta property=\"og:locale\" content=\"es_ES\" \/>\n<meta property=\"og:type\" content=\"article\" \/>\n<meta property=\"og:title\" content=\"Un avance significativo en el \u00e1mbito de la responsabilidad m\u00e9dica. - Soci\u00e9t\u00e9 d&#039;avocats Damy\" \/>\n<meta property=\"og:description\" content=\"El 16 de octubre de 2024, mediante la sentencia n.\u00ba 22-23.433, la Primera Sala Civil del Tribunal de Casaci\u00f3n dict\u00f3 una decisi\u00f3n notable en relaci\u00f3n con los derechos de las v\u00edctimas de lesiones corporales.\" \/>\n<meta property=\"og:url\" content=\"https:\/\/gregorydamy.niceavocats.fr\/es\/un-avance-significativo-en-el-ambito-de-la-responsabilidad-medica\/\" \/>\n<meta property=\"og:site_name\" content=\"Soci\u00e9t\u00e9 d&#039;avocats Damy\" \/>\n<meta property=\"article:publisher\" content=\"https:\/\/www.facebook.com\/niceavocats.fr\/\" \/>\n<meta property=\"article:published_time\" content=\"2024-11-19T11:05:17+00:00\" \/>\n<meta property=\"article:modified_time\" content=\"2024-11-19T11:18:53+00:00\" \/>\n<meta name=\"author\" content=\"admin\" \/>\n<meta name=\"twitter:card\" content=\"summary_large_image\" \/>\n<meta name=\"twitter:label1\" content=\"Escrito por\" \/>\n\t<meta name=\"twitter:data1\" content=\"admin\" \/>\n<script type=\"application\/ld+json\" class=\"yoast-schema-graph\">{\"@context\":\"https:\/\/schema.org\",\"@graph\":[{\"@type\":\"Article\",\"@id\":\"https:\/\/gregorydamy.niceavocats.fr\/es\/un-avance-significativo-en-el-ambito-de-la-responsabilidad-medica\/#article\",\"isPartOf\":{\"@id\":\"https:\/\/gregorydamy.niceavocats.fr\/es\/un-avance-significativo-en-el-ambito-de-la-responsabilidad-medica\/\"},\"author\":{\"name\":\"admin\",\"@id\":\"https:\/\/gregorydamy.niceavocats.fr\/es\/#\/schema\/person\/64c9f9acb07431f6b55f72278b4a5d57\"},\"headline\":\"Un avance significativo en el \u00e1mbito de la responsabilidad m\u00e9dica.\",\"datePublished\":\"2024-11-19T11:05:17+00:00\",\"dateModified\":\"2024-11-19T11:18:53+00:00\",\"mainEntityOfPage\":{\"@id\":\"https:\/\/gregorydamy.niceavocats.fr\/es\/un-avance-significativo-en-el-ambito-de-la-responsabilidad-medica\/\"},\"wordCount\":552,\"publisher\":{\"@id\":\"https:\/\/gregorydamy.niceavocats.fr\/es\/#organization\"},\"inLanguage\":\"es\"},{\"@type\":\"WebPage\",\"@id\":\"https:\/\/gregorydamy.niceavocats.fr\/es\/un-avance-significativo-en-el-ambito-de-la-responsabilidad-medica\/\",\"url\":\"https:\/\/gregorydamy.niceavocats.fr\/es\/un-avance-significativo-en-el-ambito-de-la-responsabilidad-medica\/\",\"name\":\"Un avance significativo en el \u00e1mbito de la responsabilidad m\u00e9dica. - Soci\u00e9t\u00e9 d&#039;avocats Damy\",\"isPartOf\":{\"@id\":\"https:\/\/gregorydamy.niceavocats.fr\/es\/#website\"},\"datePublished\":\"2024-11-19T11:05:17+00:00\",\"dateModified\":\"2024-11-19T11:18:53+00:00\",\"description\":\"El 16 de octubre de 2024, mediante la sentencia n.\u00ba 22-23.433, la Primera Sala Civil del Tribunal de Casaci\u00f3n dict\u00f3 una decisi\u00f3n notable en relaci\u00f3n con los derechos de las v\u00edctimas de lesiones corporales.\",\"breadcrumb\":{\"@id\":\"https:\/\/gregorydamy.niceavocats.fr\/es\/un-avance-significativo-en-el-ambito-de-la-responsabilidad-medica\/#breadcrumb\"},\"inLanguage\":\"es\",\"potentialAction\":[{\"@type\":\"ReadAction\",\"target\":[\"https:\/\/gregorydamy.niceavocats.fr\/es\/un-avance-significativo-en-el-ambito-de-la-responsabilidad-medica\/\"]}]},{\"@type\":\"BreadcrumbList\",\"@id\":\"https:\/\/gregorydamy.niceavocats.fr\/es\/un-avance-significativo-en-el-ambito-de-la-responsabilidad-medica\/#breadcrumb\",\"itemListElement\":[{\"@type\":\"ListItem\",\"position\":1,\"name\":\"Accueil\",\"item\":\"https:\/\/gregorydamy.niceavocats.fr\/es\/\"},{\"@type\":\"ListItem\",\"position\":2,\"name\":\"Un avance significativo en el \u00e1mbito de la responsabilidad m\u00e9dica.\"}]},{\"@type\":\"WebSite\",\"@id\":\"https:\/\/gregorydamy.niceavocats.fr\/es\/#website\",\"url\":\"https:\/\/gregorydamy.niceavocats.fr\/es\/\",\"name\":\"Soci\u00e9t\u00e9 d&#039;avocats Damy\",\"description\":\"Justice - Confiance - Efficacit\u00e9\",\"publisher\":{\"@id\":\"https:\/\/gregorydamy.niceavocats.fr\/es\/#organization\"},\"potentialAction\":[{\"@type\":\"SearchAction\",\"target\":{\"@type\":\"EntryPoint\",\"urlTemplate\":\"https:\/\/gregorydamy.niceavocats.fr\/es\/?s={search_term_string}\"},\"query-input\":{\"@type\":\"PropertyValueSpecification\",\"valueRequired\":true,\"valueName\":\"search_term_string\"}}],\"inLanguage\":\"es\"},{\"@type\":\"Organization\",\"@id\":\"https:\/\/gregorydamy.niceavocats.fr\/es\/#organization\",\"name\":\"Soci\u00e9t\u00e9 d'Avocats DAMY\",\"alternateName\":\"Gr\u00e9gory DAMY\",\"url\":\"https:\/\/gregorydamy.niceavocats.fr\/es\/\",\"logo\":{\"@type\":\"ImageObject\",\"inLanguage\":\"es\",\"@id\":\"https:\/\/gregorydamy.niceavocats.fr\/es\/#\/schema\/logo\/image\/\",\"url\":\"https:\/\/gregorydamy.niceavocats.fr\/wp-content\/uploads\/2023\/04\/damylogo-1.png\",\"contentUrl\":\"https:\/\/gregorydamy.niceavocats.fr\/wp-content\/uploads\/2023\/04\/damylogo-1.png\",\"width\":1890,\"height\":1417,\"caption\":\"Soci\u00e9t\u00e9 d'Avocats DAMY\"},\"image\":{\"@id\":\"https:\/\/gregorydamy.niceavocats.fr\/es\/#\/schema\/logo\/image\/\"},\"sameAs\":[\"https:\/\/www.facebook.com\/niceavocats.fr\/\"]},{\"@type\":\"Person\",\"@id\":\"https:\/\/gregorydamy.niceavocats.fr\/es\/#\/schema\/person\/64c9f9acb07431f6b55f72278b4a5d57\",\"name\":\"admin\",\"sameAs\":[\"https:\/\/gregorydamy.niceavocats.fr\"],\"url\":\"https:\/\/gregorydamy.niceavocats.fr\/es\/author\/admin_34\/\"}]}<\/script>\n<!-- \/ Yoast SEO plugin. -->","yoast_head_json":{"title":"Un avance significativo en el \u00e1mbito de la responsabilidad m\u00e9dica. - Soci\u00e9t\u00e9 d&#039;avocats Damy","description":"El 16 de octubre de 2024, mediante la sentencia n.\u00ba 22-23.433, la Primera Sala Civil del Tribunal de Casaci\u00f3n dict\u00f3 una decisi\u00f3n notable en relaci\u00f3n con los derechos de las v\u00edctimas de lesiones corporales.","robots":{"index":"index","follow":"follow","max-snippet":"max-snippet:-1","max-image-preview":"max-image-preview:large","max-video-preview":"max-video-preview:-1"},"canonical":"https:\/\/gregorydamy.niceavocats.fr\/es\/un-avance-significativo-en-el-ambito-de-la-responsabilidad-medica\/","og_locale":"es_ES","og_type":"article","og_title":"Un avance significativo en el \u00e1mbito de la responsabilidad m\u00e9dica. - Soci\u00e9t\u00e9 d&#039;avocats Damy","og_description":"El 16 de octubre de 2024, mediante la sentencia n.\u00ba 22-23.433, la Primera Sala Civil del Tribunal de Casaci\u00f3n dict\u00f3 una decisi\u00f3n notable en relaci\u00f3n con los derechos de las v\u00edctimas de lesiones corporales.","og_url":"https:\/\/gregorydamy.niceavocats.fr\/es\/un-avance-significativo-en-el-ambito-de-la-responsabilidad-medica\/","og_site_name":"Soci\u00e9t\u00e9 d&#039;avocats Damy","article_publisher":"https:\/\/www.facebook.com\/niceavocats.fr\/","article_published_time":"2024-11-19T11:05:17+00:00","article_modified_time":"2024-11-19T11:18:53+00:00","author":"admin","twitter_card":"summary_large_image","twitter_misc":{"Escrito por":"admin"},"schema":{"@context":"https:\/\/schema.org","@graph":[{"@type":"Article","@id":"https:\/\/gregorydamy.niceavocats.fr\/es\/un-avance-significativo-en-el-ambito-de-la-responsabilidad-medica\/#article","isPartOf":{"@id":"https:\/\/gregorydamy.niceavocats.fr\/es\/un-avance-significativo-en-el-ambito-de-la-responsabilidad-medica\/"},"author":{"name":"admin","@id":"https:\/\/gregorydamy.niceavocats.fr\/es\/#\/schema\/person\/64c9f9acb07431f6b55f72278b4a5d57"},"headline":"Un avance significativo en el \u00e1mbito de la responsabilidad m\u00e9dica.","datePublished":"2024-11-19T11:05:17+00:00","dateModified":"2024-11-19T11:18:53+00:00","mainEntityOfPage":{"@id":"https:\/\/gregorydamy.niceavocats.fr\/es\/un-avance-significativo-en-el-ambito-de-la-responsabilidad-medica\/"},"wordCount":552,"publisher":{"@id":"https:\/\/gregorydamy.niceavocats.fr\/es\/#organization"},"inLanguage":"es"},{"@type":"WebPage","@id":"https:\/\/gregorydamy.niceavocats.fr\/es\/un-avance-significativo-en-el-ambito-de-la-responsabilidad-medica\/","url":"https:\/\/gregorydamy.niceavocats.fr\/es\/un-avance-significativo-en-el-ambito-de-la-responsabilidad-medica\/","name":"Un avance significativo en el \u00e1mbito de la responsabilidad m\u00e9dica. - Soci\u00e9t\u00e9 d&#039;avocats Damy","isPartOf":{"@id":"https:\/\/gregorydamy.niceavocats.fr\/es\/#website"},"datePublished":"2024-11-19T11:05:17+00:00","dateModified":"2024-11-19T11:18:53+00:00","description":"El 16 de octubre de 2024, mediante la sentencia n.\u00ba 22-23.433, la Primera Sala Civil del Tribunal de Casaci\u00f3n dict\u00f3 una decisi\u00f3n notable en relaci\u00f3n con los derechos de las v\u00edctimas de lesiones corporales.","breadcrumb":{"@id":"https:\/\/gregorydamy.niceavocats.fr\/es\/un-avance-significativo-en-el-ambito-de-la-responsabilidad-medica\/#breadcrumb"},"inLanguage":"es","potentialAction":[{"@type":"ReadAction","target":["https:\/\/gregorydamy.niceavocats.fr\/es\/un-avance-significativo-en-el-ambito-de-la-responsabilidad-medica\/"]}]},{"@type":"BreadcrumbList","@id":"https:\/\/gregorydamy.niceavocats.fr\/es\/un-avance-significativo-en-el-ambito-de-la-responsabilidad-medica\/#breadcrumb","itemListElement":[{"@type":"ListItem","position":1,"name":"Accueil","item":"https:\/\/gregorydamy.niceavocats.fr\/es\/"},{"@type":"ListItem","position":2,"name":"Un avance significativo en el \u00e1mbito de la responsabilidad m\u00e9dica."}]},{"@type":"WebSite","@id":"https:\/\/gregorydamy.niceavocats.fr\/es\/#website","url":"https:\/\/gregorydamy.niceavocats.fr\/es\/","name":"Soci\u00e9t\u00e9 d&#039;avocats Damy","description":"Justice - Confiance - Efficacit\u00e9","publisher":{"@id":"https:\/\/gregorydamy.niceavocats.fr\/es\/#organization"},"potentialAction":[{"@type":"SearchAction","target":{"@type":"EntryPoint","urlTemplate":"https:\/\/gregorydamy.niceavocats.fr\/es\/?s={search_term_string}"},"query-input":{"@type":"PropertyValueSpecification","valueRequired":true,"valueName":"search_term_string"}}],"inLanguage":"es"},{"@type":"Organization","@id":"https:\/\/gregorydamy.niceavocats.fr\/es\/#organization","name":"Soci\u00e9t\u00e9 d'Avocats DAMY","alternateName":"Gr\u00e9gory DAMY","url":"https:\/\/gregorydamy.niceavocats.fr\/es\/","logo":{"@type":"ImageObject","inLanguage":"es","@id":"https:\/\/gregorydamy.niceavocats.fr\/es\/#\/schema\/logo\/image\/","url":"https:\/\/gregorydamy.niceavocats.fr\/wp-content\/uploads\/2023\/04\/damylogo-1.png","contentUrl":"https:\/\/gregorydamy.niceavocats.fr\/wp-content\/uploads\/2023\/04\/damylogo-1.png","width":1890,"height":1417,"caption":"Soci\u00e9t\u00e9 d'Avocats DAMY"},"image":{"@id":"https:\/\/gregorydamy.niceavocats.fr\/es\/#\/schema\/logo\/image\/"},"sameAs":["https:\/\/www.facebook.com\/niceavocats.fr\/"]},{"@type":"Person","@id":"https:\/\/gregorydamy.niceavocats.fr\/es\/#\/schema\/person\/64c9f9acb07431f6b55f72278b4a5d57","name":"admin","sameAs":["https:\/\/gregorydamy.niceavocats.fr"],"url":"https:\/\/gregorydamy.niceavocats.fr\/es\/author\/admin_34\/"}]}},"_links":{"self":[{"href":"https:\/\/gregorydamy.niceavocats.fr\/es\/wp-json\/wp\/v2\/posts\/987508890","targetHints":{"allow":["GET"]}}],"collection":[{"href":"https:\/\/gregorydamy.niceavocats.fr\/es\/wp-json\/wp\/v2\/posts"}],"about":[{"href":"https:\/\/gregorydamy.niceavocats.fr\/es\/wp-json\/wp\/v2\/types\/post"}],"author":[{"embeddable":true,"href":"https:\/\/gregorydamy.niceavocats.fr\/es\/wp-json\/wp\/v2\/users\/1"}],"replies":[{"embeddable":true,"href":"https:\/\/gregorydamy.niceavocats.fr\/es\/wp-json\/wp\/v2\/comments?post=987508890"}],"version-history":[{"count":0,"href":"https:\/\/gregorydamy.niceavocats.fr\/es\/wp-json\/wp\/v2\/posts\/987508890\/revisions"}],"wp:attachment":[{"href":"https:\/\/gregorydamy.niceavocats.fr\/es\/wp-json\/wp\/v2\/media?parent=987508890"}],"wp:term":[{"taxonomy":"category","embeddable":true,"href":"https:\/\/gregorydamy.niceavocats.fr\/es\/wp-json\/wp\/v2\/categories?post=987508890"},{"taxonomy":"post_tag","embeddable":true,"href":"https:\/\/gregorydamy.niceavocats.fr\/es\/wp-json\/wp\/v2\/tags?post=987508890"}],"curies":[{"name":"wp","href":"https:\/\/api.w.org\/{rel}","templated":true}]}}