{"id":987508831,"date":"2024-10-18T17:11:52","date_gmt":"2024-10-18T17:11:52","guid":{"rendered":"https:\/\/gregorydamy.niceavocats.fr\/?p=987508831"},"modified":"2024-10-24T12:27:08","modified_gmt":"2024-10-24T12:27:08","slug":"tener-en-cuenta-las-necesidades-de-las-victimas-que-han-quedado-tetraplejicas-cuestiones-e-implicaciones-juridicas","status":"publish","type":"post","link":"https:\/\/gregorydamy.niceavocats.fr\/es\/tener-en-cuenta-las-necesidades-de-las-victimas-que-han-quedado-tetraplejicas-cuestiones-e-implicaciones-juridicas\/","title":{"rendered":"Tener en cuenta las necesidades de las v\u00edctimas que han quedado tetrapl\u00e9jicas: cuestiones e implicaciones jur\u00eddicas"},"content":{"rendered":"<p>[et_pb_section fb_built=&#8221;1&#8243; admin_label=&#8221;section&#8221; _builder_version=&#8221;4.16&#8243; global_colors_info=&#8221;{}&#8221;][et_pb_row admin_label=&#8221;row&#8221; _builder_version=&#8221;4.16&#8243; background_size=&#8221;initial&#8221; background_position=&#8221;top_left&#8221; background_repeat=&#8221;repeat&#8221; global_colors_info=&#8221;{}&#8221;][et_pb_column type=&#8221;4_4&#8243; _builder_version=&#8221;4.16&#8243; custom_padding=&#8221;|||&#8221; global_colors_info=&#8221;{}&#8221; custom_padding__hover=&#8221;|||&#8221;][et_pb_image src=&#8221;https:\/\/gregorydamy.niceavocats.fr\/wp-content\/uploads\/2023\/08\/wheelchair-749985_1280-2.jpg&#8221; alt=&#8221;Avocat Nice Accident&#8221; title_text=&#8221;wheelchair-749985_1280-2&#8243; _builder_version=&#8221;4.24.2&#8243; _module_preset=&#8221;default&#8221; global_colors_info=&#8221;{}&#8221;][\/et_pb_image][et_pb_text admin_label=&#8221;Text&#8221; _builder_version=&#8221;4.24.2&#8243; background_size=&#8221;initial&#8221; background_position=&#8221;top_left&#8221; background_repeat=&#8221;repeat&#8221; hover_enabled=&#8221;0&#8243; global_colors_info=&#8221;{}&#8221; sticky_enabled=&#8221;0&#8243;]<\/p>\n<p style=\"text-align: justify;\">AVOCAT NICE &#8211; DA\u00d1OS CORPORALES<\/p>\n<h1 style=\"text-align: justify;\">Tener en cuenta las necesidades de las v\u00edctimas que han quedado tetrapl\u00e9jicas: cuestiones e implicaciones jur\u00eddicas<\/h1>\n<h1 style=\"text-align: justify;\">\u00a0<\/h1>\n<p style=\"text-align: justify;\">Cuando una persona queda tetrapl\u00e9jica como consecuencia de un accidente o por culpa de otra persona, las repercusiones en su vida cotidiana son importantes y permanentes.<\/p>\n<p style=\"text-align: justify;\">Esta situaci\u00f3n conlleva una mayor dependencia de otras personas para realizar las tareas cotidianas, cuidados constantes y la necesidad de adaptar el entorno vital para garantizar un m\u00ednimo de comodidad y autonom\u00eda.<\/p>\n<p style=\"text-align: justify;\">En Francia, el marco jur\u00eddico de la indemnizaci\u00f3n por da\u00f1os corporales prev\u00e9 que estas necesidades se tengan en cuenta a la hora de evaluar y compensar los da\u00f1os.<\/p>\n<ol style=\"text-align: justify;\">\n<li>La reparaci\u00f3n \u00edntegra de los da\u00f1os corporales: una exigencia fundamental<\/li>\n<\/ol>\n<p style=\"text-align: justify;\">El concepto de reparaci\u00f3n \u00edntegra es un principio fundamental del Derecho franc\u00e9s de responsabilidad civil.<\/p>\n<p style=\"text-align: justify;\">Seg\u00fan este principio, la v\u00edctima de un perjuicio personal debe ser indemnizada de tal manera que su p\u00e9rdida sea reparada \u00edntegramente, sin p\u00e9rdida ni ganancia alguna.<\/p>\n<p style=\"text-align: justify;\">La indemnizaci\u00f3n \u00edntegra cubre no s\u00f3lo los gastos m\u00e9dicos y de rehabilitaci\u00f3n, sino tambi\u00e9n la necesidad de adaptar la vida cotidiana.<\/p>\n<p style=\"text-align: justify;\">Para una persona que ha quedado tetrapl\u00e9jica, una indemnizaci\u00f3n completa significa tener en cuenta varias categor\u00edas de p\u00e9rdidas, entre ellas<\/p>\n<p style=\"text-align: justify;\">&#8211; Gastos sanitarios actuales y futuros: atenci\u00f3n m\u00e9dica, rehabilitaci\u00f3n, equipo m\u00e9dico.<\/p>\n<p style=\"text-align: justify;\">&#8211; Necesidad de asistencia permanente de un tercero: ayuda a domicilio para los cuidados diarios y las tareas cotidianas.<\/p>\n<p style=\"text-align: justify;\">&#8211; Adaptaci\u00f3n del hogar y del veh\u00edculo: adaptaciones para permitir la plena accesibilidad, tanto dentro como fuera del hogar.<\/p>\n<p style=\"text-align: justify;\">&#8211; Prejuicio moral y p\u00e9rdida de disfrute de la vida: p\u00e9rdida de autonom\u00eda y placer en la vida, a menudo compensada en forma de \u00abprejuicio de placer\u00bb o \u00abprejuicio moral\u00bb.<\/p>\n<p style=\"text-align: justify;\">&#8211; P\u00e9rdida de la oportunidad de construir una vida familiar tradicional.<\/p>\n<p style=\"text-align: justify;\">El objetivo de la indemnizaci\u00f3n \u00edntegra es restablecer a la v\u00edctima, en la medida de lo posible, en las condiciones de vida que habr\u00eda tenido en ausencia de la ayuda.<\/p>\n<p style=\"text-align: justify;\">\n<ol style=\"text-align: justify;\">\n<li>Modalidades de vida: derecho a la dignidad y a la autonom\u00eda<\/li>\n<\/ol>\n<p style=\"text-align: justify;\">La tetraplejia, que se caracteriza por la par\u00e1lisis de las cuatro extremidades, impone un trastorno total en la forma en que la persona afectada vive su vida cotidiana.<\/p>\n<p style=\"text-align: justify;\">Esta situaci\u00f3n exige adaptaciones considerables del domicilio y del medio de transporte para responder a las exigencias de comodidad, seguridad e independencia. Las adaptaciones necesarias incluyen<\/p>\n<p style=\"text-align: justify;\">&#8211; La adaptaci\u00f3n del hogar: creaci\u00f3n de accesos adaptados, instalaci\u00f3n de rampas, ensanchamiento de puertas, instalaci\u00f3n de un cuarto de ba\u00f1o y una cocina adaptados a la discapacidad.<\/p>\n<p style=\"text-align: justify;\">&#8211; Utilizaci\u00f3n de dispositivos tecnol\u00f3gicos: equipos automatizados (dom\u00f3tica) que permitan a la v\u00edctima controlar de forma aut\u00f3noma determinados elementos de su entorno (apertura de puertas, gesti\u00f3n de la iluminaci\u00f3n, etc.).<\/p>\n<p style=\"text-align: justify;\">&#8211; La adaptaci\u00f3n del veh\u00edculo: para las v\u00edctimas que pueden conducir un veh\u00edculo adaptado, o la adquisici\u00f3n de medios de transporte especializados.<\/p>\n<p style=\"text-align: justify;\">Aunque indispensables, estas adaptaciones representan gastos importantes que deben cubrirse con la indemnizaci\u00f3n.<\/p>\n<p style=\"text-align: justify;\">Adem\u00e1s, deber\u00e1n renovarse varias veces a lo largo de la vida.<\/p>\n<p style=\"text-align: justify;\">El derecho a la dignidad y el derecho a la autonom\u00eda son aqu\u00ed los principios rectores: las v\u00edctimas tetrapl\u00e9jicas deben poder beneficiarse de un entorno vital que les permita vivir en condiciones que respeten su dignidad humana.<\/p>\n<p style=\"text-align: justify;\">\n<p style=\"text-align: justify;\">III. Evaluaci\u00f3n de las necesidades y jurisprudencia en materia de tetraplejia<\/p>\n<p style=\"text-align: justify;\">La evaluaci\u00f3n de las necesidades espec\u00edficas de una v\u00edctima que ha quedado tetrapl\u00e9jica en t\u00e9rminos de condiciones de vida suele basarse en peritajes m\u00e9dicos forenses.<\/p>\n<p style=\"text-align: justify;\">Para evaluar la indemnizaci\u00f3n, el juez se basa en los dict\u00e1menes de expertos m\u00e9dicos y erg\u00f3nomos, que determinan las necesidades espec\u00edficas en t\u00e9rminos de mejoras en el hogar, asistencia humana y equipamiento tecnol\u00f3gico.<\/p>\n<p style=\"text-align: justify;\">El Tribunal de Casaci\u00f3n reitera peri\u00f3dicamente que la indemnizaci\u00f3n debe cubrir todas las necesidades actuales y futuras de la v\u00edctima, incluidas las relativas a las mejoras del hogar y la asistencia de un tercero.<\/p>\n<p style=\"text-align: justify;\">M\u00e1s recientemente, los tribunales franceses tienden a reconocer el perjuicio vinculado a la p\u00e9rdida de autonom\u00eda de forma cada vez m\u00e1s amplia, prestando especial atenci\u00f3n a la necesidad de asistencia permanente por parte de un tercero y a la adaptaci\u00f3n del entorno vital.<\/p>\n<p style=\"text-align: justify;\">\u00bfQu\u00e9 est\u00e1 en juego?<\/p>\n<p style=\"text-align: justify;\">Tener en cuenta las necesidades de una v\u00edctima tetrapl\u00e9jica en t\u00e9rminos de adaptaci\u00f3n del entorno vital es una cuesti\u00f3n clave en la legislaci\u00f3n sobre indemnizaciones.<\/p>\n<p style=\"text-align: justify;\">Este \u00e1mbito pone de relieve la centralidad del principio de indemnizaci\u00f3n \u00edntegra, que implica una indemnizaci\u00f3n que cubra no s\u00f3lo la asistencia m\u00e9dica, sino tambi\u00e9n la adaptaci\u00f3n del entorno vital para permitir a la v\u00edctima vivir en condiciones dignas e independientes.<\/p>\n<p style=\"text-align: justify;\">Las adaptaciones del entorno vital, ya sean f\u00edsicas o tecnol\u00f3gicas, desempe\u00f1an un papel en la indemnizaci\u00f3n de la persona lesionada.<\/p>\n<p>[\/et_pb_text][\/et_pb_column][\/et_pb_row][\/et_pb_section]<\/p>\n","protected":false},"excerpt":{"rendered":"<p>AVOCAT NICE &#8211; DA\u00d1OS CORPORALES Tener en cuenta las necesidades de las v\u00edctimas que han quedado tetrapl\u00e9jicas: cuestiones e implicaciones jur\u00eddicas \u00a0 Cuando una persona queda tetrapl\u00e9jica como consecuencia de un accidente o por culpa de otra persona, las repercusiones en su vida cotidiana son importantes y permanentes. Esta situaci\u00f3n conlleva una mayor dependencia de [&hellip;]<\/p>\n","protected":false},"author":1,"featured_media":0,"comment_status":"closed","ping_status":"open","sticky":false,"template":"","format":"standard","meta":{"_et_pb_use_builder":"on","_et_pb_old_content":"","_et_gb_content_width":"","footnotes":""},"categories":[],"tags":[],"class_list":["post-987508831","post","type-post","status-publish","format-standard","hentry"],"yoast_head":"<!-- This site is optimized with the Yoast SEO plugin v26.8 - https:\/\/yoast.com\/product\/yoast-seo-wordpress\/ -->\n<title>Tener en cuenta las necesidades de las v\u00edctimas que han quedado tetrapl\u00e9jicas: cuestiones e implicaciones jur\u00eddicas - Soci\u00e9t\u00e9 d&#039;avocats Damy<\/title>\n<meta name=\"description\" content=\"Cuando una persona queda tetrapl\u00e9jica como consecuencia de un accidente o por culpa de otra persona, las repercusiones en su vida cotidiana son importantes y permanentes.\" \/>\n<meta name=\"robots\" content=\"index, follow, max-snippet:-1, max-image-preview:large, max-video-preview:-1\" \/>\n<link rel=\"canonical\" href=\"https:\/\/gregorydamy.niceavocats.fr\/es\/tener-en-cuenta-las-necesidades-de-las-victimas-que-han-quedado-tetraplejicas-cuestiones-e-implicaciones-juridicas\/\" \/>\n<meta property=\"og:locale\" content=\"es_ES\" \/>\n<meta property=\"og:type\" content=\"article\" \/>\n<meta property=\"og:title\" content=\"Tener en cuenta las necesidades de las v\u00edctimas que han quedado tetrapl\u00e9jicas: cuestiones e implicaciones jur\u00eddicas - Soci\u00e9t\u00e9 d&#039;avocats Damy\" \/>\n<meta property=\"og:description\" content=\"Cuando una persona queda tetrapl\u00e9jica como consecuencia de un accidente o por culpa de otra persona, las repercusiones en su vida cotidiana son importantes y permanentes.\" \/>\n<meta property=\"og:url\" content=\"https:\/\/gregorydamy.niceavocats.fr\/es\/tener-en-cuenta-las-necesidades-de-las-victimas-que-han-quedado-tetraplejicas-cuestiones-e-implicaciones-juridicas\/\" \/>\n<meta property=\"og:site_name\" content=\"Soci\u00e9t\u00e9 d&#039;avocats Damy\" \/>\n<meta property=\"article:publisher\" content=\"https:\/\/www.facebook.com\/niceavocats.fr\/\" \/>\n<meta property=\"article:published_time\" content=\"2024-10-18T17:11:52+00:00\" \/>\n<meta property=\"article:modified_time\" content=\"2024-10-24T12:27:08+00:00\" \/>\n<meta name=\"author\" content=\"admin\" \/>\n<meta name=\"twitter:card\" content=\"summary_large_image\" \/>\n<meta name=\"twitter:label1\" content=\"Escrito por\" \/>\n\t<meta name=\"twitter:data1\" content=\"admin\" \/>\n\t<meta name=\"twitter:label2\" content=\"Tiempo de lectura\" \/>\n\t<meta name=\"twitter:data2\" content=\"2 minutos\" \/>\n<script type=\"application\/ld+json\" class=\"yoast-schema-graph\">{\"@context\":\"https:\/\/schema.org\",\"@graph\":[{\"@type\":\"Article\",\"@id\":\"https:\/\/gregorydamy.niceavocats.fr\/es\/tener-en-cuenta-las-necesidades-de-las-victimas-que-han-quedado-tetraplejicas-cuestiones-e-implicaciones-juridicas\/#article\",\"isPartOf\":{\"@id\":\"https:\/\/gregorydamy.niceavocats.fr\/es\/tener-en-cuenta-las-necesidades-de-las-victimas-que-han-quedado-tetraplejicas-cuestiones-e-implicaciones-juridicas\/\"},\"author\":{\"name\":\"admin\",\"@id\":\"https:\/\/gregorydamy.niceavocats.fr\/es\/#\/schema\/person\/64c9f9acb07431f6b55f72278b4a5d57\"},\"headline\":\"Tener en cuenta las necesidades de las v\u00edctimas que han quedado tetrapl\u00e9jicas: cuestiones e implicaciones jur\u00eddicas\",\"datePublished\":\"2024-10-18T17:11:52+00:00\",\"dateModified\":\"2024-10-24T12:27:08+00:00\",\"mainEntityOfPage\":{\"@id\":\"https:\/\/gregorydamy.niceavocats.fr\/es\/tener-en-cuenta-las-necesidades-de-las-victimas-que-han-quedado-tetraplejicas-cuestiones-e-implicaciones-juridicas\/\"},\"wordCount\":1006,\"publisher\":{\"@id\":\"https:\/\/gregorydamy.niceavocats.fr\/es\/#organization\"},\"inLanguage\":\"es\"},{\"@type\":\"WebPage\",\"@id\":\"https:\/\/gregorydamy.niceavocats.fr\/es\/tener-en-cuenta-las-necesidades-de-las-victimas-que-han-quedado-tetraplejicas-cuestiones-e-implicaciones-juridicas\/\",\"url\":\"https:\/\/gregorydamy.niceavocats.fr\/es\/tener-en-cuenta-las-necesidades-de-las-victimas-que-han-quedado-tetraplejicas-cuestiones-e-implicaciones-juridicas\/\",\"name\":\"Tener en cuenta las necesidades de las v\u00edctimas que han quedado tetrapl\u00e9jicas: cuestiones e implicaciones jur\u00eddicas - Soci\u00e9t\u00e9 d&#039;avocats Damy\",\"isPartOf\":{\"@id\":\"https:\/\/gregorydamy.niceavocats.fr\/es\/#website\"},\"datePublished\":\"2024-10-18T17:11:52+00:00\",\"dateModified\":\"2024-10-24T12:27:08+00:00\",\"description\":\"Cuando una persona queda tetrapl\u00e9jica como consecuencia de un accidente o por culpa de otra persona, las repercusiones en su vida cotidiana son importantes y permanentes.\",\"breadcrumb\":{\"@id\":\"https:\/\/gregorydamy.niceavocats.fr\/es\/tener-en-cuenta-las-necesidades-de-las-victimas-que-han-quedado-tetraplejicas-cuestiones-e-implicaciones-juridicas\/#breadcrumb\"},\"inLanguage\":\"es\",\"potentialAction\":[{\"@type\":\"ReadAction\",\"target\":[\"https:\/\/gregorydamy.niceavocats.fr\/es\/tener-en-cuenta-las-necesidades-de-las-victimas-que-han-quedado-tetraplejicas-cuestiones-e-implicaciones-juridicas\/\"]}]},{\"@type\":\"BreadcrumbList\",\"@id\":\"https:\/\/gregorydamy.niceavocats.fr\/es\/tener-en-cuenta-las-necesidades-de-las-victimas-que-han-quedado-tetraplejicas-cuestiones-e-implicaciones-juridicas\/#breadcrumb\",\"itemListElement\":[{\"@type\":\"ListItem\",\"position\":1,\"name\":\"Accueil\",\"item\":\"https:\/\/gregorydamy.niceavocats.fr\/es\/\"},{\"@type\":\"ListItem\",\"position\":2,\"name\":\"Tener en cuenta las necesidades de las v\u00edctimas que han quedado tetrapl\u00e9jicas: cuestiones e implicaciones jur\u00eddicas\"}]},{\"@type\":\"WebSite\",\"@id\":\"https:\/\/gregorydamy.niceavocats.fr\/es\/#website\",\"url\":\"https:\/\/gregorydamy.niceavocats.fr\/es\/\",\"name\":\"Soci\u00e9t\u00e9 d&#039;avocats Damy\",\"description\":\"Justice - Confiance - Efficacit\u00e9\",\"publisher\":{\"@id\":\"https:\/\/gregorydamy.niceavocats.fr\/es\/#organization\"},\"potentialAction\":[{\"@type\":\"SearchAction\",\"target\":{\"@type\":\"EntryPoint\",\"urlTemplate\":\"https:\/\/gregorydamy.niceavocats.fr\/es\/?s={search_term_string}\"},\"query-input\":{\"@type\":\"PropertyValueSpecification\",\"valueRequired\":true,\"valueName\":\"search_term_string\"}}],\"inLanguage\":\"es\"},{\"@type\":\"Organization\",\"@id\":\"https:\/\/gregorydamy.niceavocats.fr\/es\/#organization\",\"name\":\"Soci\u00e9t\u00e9 d'Avocats DAMY\",\"alternateName\":\"Gr\u00e9gory DAMY\",\"url\":\"https:\/\/gregorydamy.niceavocats.fr\/es\/\",\"logo\":{\"@type\":\"ImageObject\",\"inLanguage\":\"es\",\"@id\":\"https:\/\/gregorydamy.niceavocats.fr\/es\/#\/schema\/logo\/image\/\",\"url\":\"https:\/\/gregorydamy.niceavocats.fr\/wp-content\/uploads\/2023\/04\/damylogo-1.png\",\"contentUrl\":\"https:\/\/gregorydamy.niceavocats.fr\/wp-content\/uploads\/2023\/04\/damylogo-1.png\",\"width\":1890,\"height\":1417,\"caption\":\"Soci\u00e9t\u00e9 d'Avocats DAMY\"},\"image\":{\"@id\":\"https:\/\/gregorydamy.niceavocats.fr\/es\/#\/schema\/logo\/image\/\"},\"sameAs\":[\"https:\/\/www.facebook.com\/niceavocats.fr\/\"]},{\"@type\":\"Person\",\"@id\":\"https:\/\/gregorydamy.niceavocats.fr\/es\/#\/schema\/person\/64c9f9acb07431f6b55f72278b4a5d57\",\"name\":\"admin\",\"sameAs\":[\"https:\/\/gregorydamy.niceavocats.fr\"],\"url\":\"https:\/\/gregorydamy.niceavocats.fr\/es\/author\/admin_34\/\"}]}<\/script>\n<!-- \/ Yoast SEO plugin. -->","yoast_head_json":{"title":"Tener en cuenta las necesidades de las v\u00edctimas que han quedado tetrapl\u00e9jicas: cuestiones e implicaciones jur\u00eddicas - Soci\u00e9t\u00e9 d&#039;avocats Damy","description":"Cuando una persona queda tetrapl\u00e9jica como consecuencia de un accidente o por culpa de otra persona, las repercusiones en su vida cotidiana son importantes y permanentes.","robots":{"index":"index","follow":"follow","max-snippet":"max-snippet:-1","max-image-preview":"max-image-preview:large","max-video-preview":"max-video-preview:-1"},"canonical":"https:\/\/gregorydamy.niceavocats.fr\/es\/tener-en-cuenta-las-necesidades-de-las-victimas-que-han-quedado-tetraplejicas-cuestiones-e-implicaciones-juridicas\/","og_locale":"es_ES","og_type":"article","og_title":"Tener en cuenta las necesidades de las v\u00edctimas que han quedado tetrapl\u00e9jicas: cuestiones e implicaciones jur\u00eddicas - Soci\u00e9t\u00e9 d&#039;avocats Damy","og_description":"Cuando una persona queda tetrapl\u00e9jica como consecuencia de un accidente o por culpa de otra persona, las repercusiones en su vida cotidiana son importantes y permanentes.","og_url":"https:\/\/gregorydamy.niceavocats.fr\/es\/tener-en-cuenta-las-necesidades-de-las-victimas-que-han-quedado-tetraplejicas-cuestiones-e-implicaciones-juridicas\/","og_site_name":"Soci\u00e9t\u00e9 d&#039;avocats Damy","article_publisher":"https:\/\/www.facebook.com\/niceavocats.fr\/","article_published_time":"2024-10-18T17:11:52+00:00","article_modified_time":"2024-10-24T12:27:08+00:00","author":"admin","twitter_card":"summary_large_image","twitter_misc":{"Escrito por":"admin","Tiempo de lectura":"2 minutos"},"schema":{"@context":"https:\/\/schema.org","@graph":[{"@type":"Article","@id":"https:\/\/gregorydamy.niceavocats.fr\/es\/tener-en-cuenta-las-necesidades-de-las-victimas-que-han-quedado-tetraplejicas-cuestiones-e-implicaciones-juridicas\/#article","isPartOf":{"@id":"https:\/\/gregorydamy.niceavocats.fr\/es\/tener-en-cuenta-las-necesidades-de-las-victimas-que-han-quedado-tetraplejicas-cuestiones-e-implicaciones-juridicas\/"},"author":{"name":"admin","@id":"https:\/\/gregorydamy.niceavocats.fr\/es\/#\/schema\/person\/64c9f9acb07431f6b55f72278b4a5d57"},"headline":"Tener en cuenta las necesidades de las v\u00edctimas que han quedado tetrapl\u00e9jicas: cuestiones e implicaciones jur\u00eddicas","datePublished":"2024-10-18T17:11:52+00:00","dateModified":"2024-10-24T12:27:08+00:00","mainEntityOfPage":{"@id":"https:\/\/gregorydamy.niceavocats.fr\/es\/tener-en-cuenta-las-necesidades-de-las-victimas-que-han-quedado-tetraplejicas-cuestiones-e-implicaciones-juridicas\/"},"wordCount":1006,"publisher":{"@id":"https:\/\/gregorydamy.niceavocats.fr\/es\/#organization"},"inLanguage":"es"},{"@type":"WebPage","@id":"https:\/\/gregorydamy.niceavocats.fr\/es\/tener-en-cuenta-las-necesidades-de-las-victimas-que-han-quedado-tetraplejicas-cuestiones-e-implicaciones-juridicas\/","url":"https:\/\/gregorydamy.niceavocats.fr\/es\/tener-en-cuenta-las-necesidades-de-las-victimas-que-han-quedado-tetraplejicas-cuestiones-e-implicaciones-juridicas\/","name":"Tener en cuenta las necesidades de las v\u00edctimas que han quedado tetrapl\u00e9jicas: cuestiones e implicaciones jur\u00eddicas - Soci\u00e9t\u00e9 d&#039;avocats Damy","isPartOf":{"@id":"https:\/\/gregorydamy.niceavocats.fr\/es\/#website"},"datePublished":"2024-10-18T17:11:52+00:00","dateModified":"2024-10-24T12:27:08+00:00","description":"Cuando una persona queda tetrapl\u00e9jica como consecuencia de un accidente o por culpa de otra persona, las repercusiones en su vida cotidiana son importantes y permanentes.","breadcrumb":{"@id":"https:\/\/gregorydamy.niceavocats.fr\/es\/tener-en-cuenta-las-necesidades-de-las-victimas-que-han-quedado-tetraplejicas-cuestiones-e-implicaciones-juridicas\/#breadcrumb"},"inLanguage":"es","potentialAction":[{"@type":"ReadAction","target":["https:\/\/gregorydamy.niceavocats.fr\/es\/tener-en-cuenta-las-necesidades-de-las-victimas-que-han-quedado-tetraplejicas-cuestiones-e-implicaciones-juridicas\/"]}]},{"@type":"BreadcrumbList","@id":"https:\/\/gregorydamy.niceavocats.fr\/es\/tener-en-cuenta-las-necesidades-de-las-victimas-que-han-quedado-tetraplejicas-cuestiones-e-implicaciones-juridicas\/#breadcrumb","itemListElement":[{"@type":"ListItem","position":1,"name":"Accueil","item":"https:\/\/gregorydamy.niceavocats.fr\/es\/"},{"@type":"ListItem","position":2,"name":"Tener en cuenta las necesidades de las v\u00edctimas que han quedado tetrapl\u00e9jicas: cuestiones e implicaciones jur\u00eddicas"}]},{"@type":"WebSite","@id":"https:\/\/gregorydamy.niceavocats.fr\/es\/#website","url":"https:\/\/gregorydamy.niceavocats.fr\/es\/","name":"Soci\u00e9t\u00e9 d&#039;avocats Damy","description":"Justice - Confiance - Efficacit\u00e9","publisher":{"@id":"https:\/\/gregorydamy.niceavocats.fr\/es\/#organization"},"potentialAction":[{"@type":"SearchAction","target":{"@type":"EntryPoint","urlTemplate":"https:\/\/gregorydamy.niceavocats.fr\/es\/?s={search_term_string}"},"query-input":{"@type":"PropertyValueSpecification","valueRequired":true,"valueName":"search_term_string"}}],"inLanguage":"es"},{"@type":"Organization","@id":"https:\/\/gregorydamy.niceavocats.fr\/es\/#organization","name":"Soci\u00e9t\u00e9 d'Avocats DAMY","alternateName":"Gr\u00e9gory DAMY","url":"https:\/\/gregorydamy.niceavocats.fr\/es\/","logo":{"@type":"ImageObject","inLanguage":"es","@id":"https:\/\/gregorydamy.niceavocats.fr\/es\/#\/schema\/logo\/image\/","url":"https:\/\/gregorydamy.niceavocats.fr\/wp-content\/uploads\/2023\/04\/damylogo-1.png","contentUrl":"https:\/\/gregorydamy.niceavocats.fr\/wp-content\/uploads\/2023\/04\/damylogo-1.png","width":1890,"height":1417,"caption":"Soci\u00e9t\u00e9 d'Avocats DAMY"},"image":{"@id":"https:\/\/gregorydamy.niceavocats.fr\/es\/#\/schema\/logo\/image\/"},"sameAs":["https:\/\/www.facebook.com\/niceavocats.fr\/"]},{"@type":"Person","@id":"https:\/\/gregorydamy.niceavocats.fr\/es\/#\/schema\/person\/64c9f9acb07431f6b55f72278b4a5d57","name":"admin","sameAs":["https:\/\/gregorydamy.niceavocats.fr"],"url":"https:\/\/gregorydamy.niceavocats.fr\/es\/author\/admin_34\/"}]}},"_links":{"self":[{"href":"https:\/\/gregorydamy.niceavocats.fr\/es\/wp-json\/wp\/v2\/posts\/987508831","targetHints":{"allow":["GET"]}}],"collection":[{"href":"https:\/\/gregorydamy.niceavocats.fr\/es\/wp-json\/wp\/v2\/posts"}],"about":[{"href":"https:\/\/gregorydamy.niceavocats.fr\/es\/wp-json\/wp\/v2\/types\/post"}],"author":[{"embeddable":true,"href":"https:\/\/gregorydamy.niceavocats.fr\/es\/wp-json\/wp\/v2\/users\/1"}],"replies":[{"embeddable":true,"href":"https:\/\/gregorydamy.niceavocats.fr\/es\/wp-json\/wp\/v2\/comments?post=987508831"}],"version-history":[{"count":0,"href":"https:\/\/gregorydamy.niceavocats.fr\/es\/wp-json\/wp\/v2\/posts\/987508831\/revisions"}],"wp:attachment":[{"href":"https:\/\/gregorydamy.niceavocats.fr\/es\/wp-json\/wp\/v2\/media?parent=987508831"}],"wp:term":[{"taxonomy":"category","embeddable":true,"href":"https:\/\/gregorydamy.niceavocats.fr\/es\/wp-json\/wp\/v2\/categories?post=987508831"},{"taxonomy":"post_tag","embeddable":true,"href":"https:\/\/gregorydamy.niceavocats.fr\/es\/wp-json\/wp\/v2\/tags?post=987508831"}],"curies":[{"name":"wp","href":"https:\/\/api.w.org\/{rel}","templated":true}]}}