{"id":987508773,"date":"2024-09-16T14:03:55","date_gmt":"2024-09-16T14:03:55","guid":{"rendered":"https:\/\/gregorydamy.niceavocats.fr\/?p=987508773"},"modified":"2024-09-16T14:13:53","modified_gmt":"2024-09-16T14:13:53","slug":"denegacion-abusiva-de-recolocacion-y-recalificacion-como-despido","status":"publish","type":"post","link":"https:\/\/gregorydamy.niceavocats.fr\/es\/denegacion-abusiva-de-recolocacion-y-recalificacion-como-despido\/","title":{"rendered":"Denegaci\u00f3n abusiva de recolocaci\u00f3n y recalificaci\u00f3n como despido"},"content":{"rendered":"<p>[et_pb_section fb_built=&#8221;1&#8243; admin_label=&#8221;section&#8221; _builder_version=&#8221;4.16&#8243; global_colors_info=&#8221;{}&#8221;][et_pb_row admin_label=&#8221;row&#8221; _builder_version=&#8221;4.16&#8243; background_size=&#8221;initial&#8221; background_position=&#8221;top_left&#8221; background_repeat=&#8221;repeat&#8221; global_colors_info=&#8221;{}&#8221;][et_pb_column type=&#8221;4_4&#8243; _builder_version=&#8221;4.16&#8243; custom_padding=&#8221;|||&#8221; global_colors_info=&#8221;{}&#8221; custom_padding__hover=&#8221;|||&#8221;][et_pb_image src=&#8221;https:\/\/gregorydamy.niceavocats.fr\/wp-content\/uploads\/2023\/08\/doctor-563428_1280-2.jpg&#8221; alt=&#8221;Le r\u00e9gime fiscal des non-r\u00e9sidents tirant l\u2019essentiel de leurs revenus en France &#8221; title_text=&#8221;doctor-563428_1280-2&#8243; _builder_version=&#8221;4.24.2&#8243; _module_preset=&#8221;default&#8221; hover_enabled=&#8221;0&#8243; global_colors_info=&#8221;{}&#8221; sticky_enabled=&#8221;0&#8243;][\/et_pb_image][et_pb_text admin_label=&#8221;Text&#8221; _builder_version=&#8221;4.24.2&#8243; background_size=&#8221;initial&#8221; background_position=&#8221;top_left&#8221; background_repeat=&#8221;repeat&#8221; hover_enabled=&#8221;0&#8243; global_colors_info=&#8221;{}&#8221; sticky_enabled=&#8221;0&#8243;]<\/p>\n<p style=\"text-align: justify;\">Cass. soc. 12 junio 2024, n\u00ba 22-18.138<\/p>\n<h1 style=\"text-align: justify;\">\u00bfPuede un trabajador obtener la recalificaci\u00f3n de su despido como despido sin causa real y grave cuando ha sido despedido por negativa abusiva a ser reclasificado, a pesar de que el m\u00e9dico del trabajo hab\u00eda renunciado a la obligaci\u00f3n del empresario de reclasificarlo?<\/h1>\n<p style=\"text-align: justify;\">Esta es la pregunta a la que tuvo que responder la Sala de lo Social del Tribunal de Casaci\u00f3n en una sentencia de 12 de junio de 2024 (n\u00ba 22-18.138).<\/p>\n<p style=\"text-align: justify;\">En este caso, a ra\u00edz de un accidente laboral, la Sra. Y fue declarada no apta para ning\u00fan puesto en la empresa.<\/p>\n<p style=\"text-align: justify;\">A pesar de este dictamen, el empresario inici\u00f3 un procedimiento de recolocaci\u00f3n e hizo tres propuestas a tal efecto. Las tres ofertas fueron rechazadas por la trabajadora. En consecuencia, el empresario la despidi\u00f3 por rechazo improcedente de las propuestas de reclasificaci\u00f3n.<\/p>\n<p style=\"text-align: justify;\">La Sra. Y interpuso entonces un recurso ante el Tribunal de lo Social, solicitando que su despido fuera calificado de despido sin causa real y grave.<\/p>\n<p style=\"text-align: justify;\">El Tribunal de Casaci\u00f3n fall\u00f3 finalmente a favor de su demanda, sosteniendo que el despido por negativa a ofrecer una reclasificaci\u00f3n es improcedente cuando el m\u00e9dico del trabajo ha emitido un dictamen que exime al empresario de su obligaci\u00f3n de reclasificar.<\/p>\n<p style=\"text-align: justify;\">Ma\u00eetre DAMY, abogado en Niza y miembro de la asociaci\u00f3n de abogados especializados en derecho laboral, est\u00e1 a su lado para asesorarle y ayudarle a resolver sus litigios con su empleador.<\/p>\n<p>[\/et_pb_text][\/et_pb_column][\/et_pb_row][\/et_pb_section]<\/p>\n","protected":false},"excerpt":{"rendered":"<p>Cass. soc. 12 junio 2024, n\u00ba 22-18.138 \u00bfPuede un trabajador obtener la recalificaci\u00f3n de su despido como despido sin causa real y grave cuando ha sido despedido por negativa abusiva a ser reclasificado, a pesar de que el m\u00e9dico del trabajo hab\u00eda renunciado a la obligaci\u00f3n del empresario de reclasificarlo? Esta es la pregunta a [&hellip;]<\/p>\n","protected":false},"author":1,"featured_media":0,"comment_status":"closed","ping_status":"open","sticky":false,"template":"","format":"standard","meta":{"_et_pb_use_builder":"on","_et_pb_old_content":"","_et_gb_content_width":"","footnotes":""},"categories":[],"tags":[],"class_list":["post-987508773","post","type-post","status-publish","format-standard","hentry"],"yoast_head":"<!-- This site is optimized with the Yoast SEO plugin v26.8 - https:\/\/yoast.com\/product\/yoast-seo-wordpress\/ -->\n<title>Denegaci\u00f3n abusiva de recolocaci\u00f3n y recalificaci\u00f3n como despido - Soci\u00e9t\u00e9 d&#039;avocats Damy<\/title>\n<meta name=\"description\" content=\"\u00bfPuede un trabajador obtener la recalificaci\u00f3n de su despido como despido sin causa real y grave cuando ha sido despedido por negativa abusiva a ser reclasificado, a pesar de que el m\u00e9dico del trabajo hab\u00eda renunciado a la obligaci\u00f3n del empresario de reclasificarlo?\" \/>\n<meta name=\"robots\" content=\"index, follow, max-snippet:-1, max-image-preview:large, max-video-preview:-1\" \/>\n<link rel=\"canonical\" href=\"https:\/\/gregorydamy.niceavocats.fr\/es\/denegacion-abusiva-de-recolocacion-y-recalificacion-como-despido\/\" \/>\n<meta property=\"og:locale\" content=\"es_ES\" \/>\n<meta property=\"og:type\" content=\"article\" \/>\n<meta property=\"og:title\" content=\"Denegaci\u00f3n abusiva de recolocaci\u00f3n y recalificaci\u00f3n como despido - Soci\u00e9t\u00e9 d&#039;avocats Damy\" \/>\n<meta property=\"og:description\" content=\"\u00bfPuede un trabajador obtener la recalificaci\u00f3n de su despido como despido sin causa real y grave cuando ha sido despedido por negativa abusiva a ser reclasificado, a pesar de que el m\u00e9dico del trabajo hab\u00eda renunciado a la obligaci\u00f3n del empresario de reclasificarlo?\" \/>\n<meta property=\"og:url\" content=\"https:\/\/gregorydamy.niceavocats.fr\/es\/denegacion-abusiva-de-recolocacion-y-recalificacion-como-despido\/\" \/>\n<meta property=\"og:site_name\" content=\"Soci\u00e9t\u00e9 d&#039;avocats Damy\" \/>\n<meta property=\"article:publisher\" content=\"https:\/\/www.facebook.com\/niceavocats.fr\/\" \/>\n<meta property=\"article:published_time\" content=\"2024-09-16T14:03:55+00:00\" \/>\n<meta property=\"article:modified_time\" content=\"2024-09-16T14:13:53+00:00\" \/>\n<meta name=\"author\" content=\"admin\" \/>\n<meta name=\"twitter:card\" content=\"summary_large_image\" \/>\n<meta name=\"twitter:label1\" content=\"Escrito por\" \/>\n\t<meta name=\"twitter:data1\" content=\"admin\" \/>\n\t<meta name=\"twitter:label2\" content=\"Tiempo de lectura\" \/>\n\t<meta name=\"twitter:data2\" content=\"2 minutos\" \/>\n<script type=\"application\/ld+json\" class=\"yoast-schema-graph\">{\"@context\":\"https:\/\/schema.org\",\"@graph\":[{\"@type\":\"Article\",\"@id\":\"https:\/\/gregorydamy.niceavocats.fr\/es\/denegacion-abusiva-de-recolocacion-y-recalificacion-como-despido\/#article\",\"isPartOf\":{\"@id\":\"https:\/\/gregorydamy.niceavocats.fr\/es\/denegacion-abusiva-de-recolocacion-y-recalificacion-como-despido\/\"},\"author\":{\"name\":\"admin\",\"@id\":\"https:\/\/gregorydamy.niceavocats.fr\/es\/#\/schema\/person\/64c9f9acb07431f6b55f72278b4a5d57\"},\"headline\":\"Denegaci\u00f3n abusiva de recolocaci\u00f3n y recalificaci\u00f3n como despido\",\"datePublished\":\"2024-09-16T14:03:55+00:00\",\"dateModified\":\"2024-09-16T14:13:53+00:00\",\"mainEntityOfPage\":{\"@id\":\"https:\/\/gregorydamy.niceavocats.fr\/es\/denegacion-abusiva-de-recolocacion-y-recalificacion-como-despido\/\"},\"wordCount\":396,\"publisher\":{\"@id\":\"https:\/\/gregorydamy.niceavocats.fr\/es\/#organization\"},\"inLanguage\":\"es\"},{\"@type\":\"WebPage\",\"@id\":\"https:\/\/gregorydamy.niceavocats.fr\/es\/denegacion-abusiva-de-recolocacion-y-recalificacion-como-despido\/\",\"url\":\"https:\/\/gregorydamy.niceavocats.fr\/es\/denegacion-abusiva-de-recolocacion-y-recalificacion-como-despido\/\",\"name\":\"Denegaci\u00f3n abusiva de recolocaci\u00f3n y recalificaci\u00f3n como despido - Soci\u00e9t\u00e9 d&#039;avocats Damy\",\"isPartOf\":{\"@id\":\"https:\/\/gregorydamy.niceavocats.fr\/es\/#website\"},\"datePublished\":\"2024-09-16T14:03:55+00:00\",\"dateModified\":\"2024-09-16T14:13:53+00:00\",\"description\":\"\u00bfPuede un trabajador obtener la recalificaci\u00f3n de su despido como despido sin causa real y grave cuando ha sido despedido por negativa abusiva a ser reclasificado, a pesar de que el m\u00e9dico del trabajo hab\u00eda renunciado a la obligaci\u00f3n del empresario de reclasificarlo?\",\"breadcrumb\":{\"@id\":\"https:\/\/gregorydamy.niceavocats.fr\/es\/denegacion-abusiva-de-recolocacion-y-recalificacion-como-despido\/#breadcrumb\"},\"inLanguage\":\"es\",\"potentialAction\":[{\"@type\":\"ReadAction\",\"target\":[\"https:\/\/gregorydamy.niceavocats.fr\/es\/denegacion-abusiva-de-recolocacion-y-recalificacion-como-despido\/\"]}]},{\"@type\":\"BreadcrumbList\",\"@id\":\"https:\/\/gregorydamy.niceavocats.fr\/es\/denegacion-abusiva-de-recolocacion-y-recalificacion-como-despido\/#breadcrumb\",\"itemListElement\":[{\"@type\":\"ListItem\",\"position\":1,\"name\":\"Accueil\",\"item\":\"https:\/\/gregorydamy.niceavocats.fr\/es\/\"},{\"@type\":\"ListItem\",\"position\":2,\"name\":\"Denegaci\u00f3n abusiva de recolocaci\u00f3n y recalificaci\u00f3n como despido\"}]},{\"@type\":\"WebSite\",\"@id\":\"https:\/\/gregorydamy.niceavocats.fr\/es\/#website\",\"url\":\"https:\/\/gregorydamy.niceavocats.fr\/es\/\",\"name\":\"Soci\u00e9t\u00e9 d&#039;avocats Damy\",\"description\":\"Justice - Confiance - Efficacit\u00e9\",\"publisher\":{\"@id\":\"https:\/\/gregorydamy.niceavocats.fr\/es\/#organization\"},\"potentialAction\":[{\"@type\":\"SearchAction\",\"target\":{\"@type\":\"EntryPoint\",\"urlTemplate\":\"https:\/\/gregorydamy.niceavocats.fr\/es\/?s={search_term_string}\"},\"query-input\":{\"@type\":\"PropertyValueSpecification\",\"valueRequired\":true,\"valueName\":\"search_term_string\"}}],\"inLanguage\":\"es\"},{\"@type\":\"Organization\",\"@id\":\"https:\/\/gregorydamy.niceavocats.fr\/es\/#organization\",\"name\":\"Soci\u00e9t\u00e9 d'Avocats DAMY\",\"alternateName\":\"Gr\u00e9gory DAMY\",\"url\":\"https:\/\/gregorydamy.niceavocats.fr\/es\/\",\"logo\":{\"@type\":\"ImageObject\",\"inLanguage\":\"es\",\"@id\":\"https:\/\/gregorydamy.niceavocats.fr\/es\/#\/schema\/logo\/image\/\",\"url\":\"https:\/\/gregorydamy.niceavocats.fr\/wp-content\/uploads\/2023\/04\/damylogo-1.png\",\"contentUrl\":\"https:\/\/gregorydamy.niceavocats.fr\/wp-content\/uploads\/2023\/04\/damylogo-1.png\",\"width\":1890,\"height\":1417,\"caption\":\"Soci\u00e9t\u00e9 d'Avocats DAMY\"},\"image\":{\"@id\":\"https:\/\/gregorydamy.niceavocats.fr\/es\/#\/schema\/logo\/image\/\"},\"sameAs\":[\"https:\/\/www.facebook.com\/niceavocats.fr\/\"]},{\"@type\":\"Person\",\"@id\":\"https:\/\/gregorydamy.niceavocats.fr\/es\/#\/schema\/person\/64c9f9acb07431f6b55f72278b4a5d57\",\"name\":\"admin\",\"sameAs\":[\"https:\/\/gregorydamy.niceavocats.fr\"],\"url\":\"https:\/\/gregorydamy.niceavocats.fr\/es\/author\/admin_34\/\"}]}<\/script>\n<!-- \/ Yoast SEO plugin. -->","yoast_head_json":{"title":"Denegaci\u00f3n abusiva de recolocaci\u00f3n y recalificaci\u00f3n como despido - Soci\u00e9t\u00e9 d&#039;avocats Damy","description":"\u00bfPuede un trabajador obtener la recalificaci\u00f3n de su despido como despido sin causa real y grave cuando ha sido despedido por negativa abusiva a ser reclasificado, a pesar de que el m\u00e9dico del trabajo hab\u00eda renunciado a la obligaci\u00f3n del empresario de reclasificarlo?","robots":{"index":"index","follow":"follow","max-snippet":"max-snippet:-1","max-image-preview":"max-image-preview:large","max-video-preview":"max-video-preview:-1"},"canonical":"https:\/\/gregorydamy.niceavocats.fr\/es\/denegacion-abusiva-de-recolocacion-y-recalificacion-como-despido\/","og_locale":"es_ES","og_type":"article","og_title":"Denegaci\u00f3n abusiva de recolocaci\u00f3n y recalificaci\u00f3n como despido - Soci\u00e9t\u00e9 d&#039;avocats Damy","og_description":"\u00bfPuede un trabajador obtener la recalificaci\u00f3n de su despido como despido sin causa real y grave cuando ha sido despedido por negativa abusiva a ser reclasificado, a pesar de que el m\u00e9dico del trabajo hab\u00eda renunciado a la obligaci\u00f3n del empresario de reclasificarlo?","og_url":"https:\/\/gregorydamy.niceavocats.fr\/es\/denegacion-abusiva-de-recolocacion-y-recalificacion-como-despido\/","og_site_name":"Soci\u00e9t\u00e9 d&#039;avocats Damy","article_publisher":"https:\/\/www.facebook.com\/niceavocats.fr\/","article_published_time":"2024-09-16T14:03:55+00:00","article_modified_time":"2024-09-16T14:13:53+00:00","author":"admin","twitter_card":"summary_large_image","twitter_misc":{"Escrito por":"admin","Tiempo de lectura":"2 minutos"},"schema":{"@context":"https:\/\/schema.org","@graph":[{"@type":"Article","@id":"https:\/\/gregorydamy.niceavocats.fr\/es\/denegacion-abusiva-de-recolocacion-y-recalificacion-como-despido\/#article","isPartOf":{"@id":"https:\/\/gregorydamy.niceavocats.fr\/es\/denegacion-abusiva-de-recolocacion-y-recalificacion-como-despido\/"},"author":{"name":"admin","@id":"https:\/\/gregorydamy.niceavocats.fr\/es\/#\/schema\/person\/64c9f9acb07431f6b55f72278b4a5d57"},"headline":"Denegaci\u00f3n abusiva de recolocaci\u00f3n y recalificaci\u00f3n como despido","datePublished":"2024-09-16T14:03:55+00:00","dateModified":"2024-09-16T14:13:53+00:00","mainEntityOfPage":{"@id":"https:\/\/gregorydamy.niceavocats.fr\/es\/denegacion-abusiva-de-recolocacion-y-recalificacion-como-despido\/"},"wordCount":396,"publisher":{"@id":"https:\/\/gregorydamy.niceavocats.fr\/es\/#organization"},"inLanguage":"es"},{"@type":"WebPage","@id":"https:\/\/gregorydamy.niceavocats.fr\/es\/denegacion-abusiva-de-recolocacion-y-recalificacion-como-despido\/","url":"https:\/\/gregorydamy.niceavocats.fr\/es\/denegacion-abusiva-de-recolocacion-y-recalificacion-como-despido\/","name":"Denegaci\u00f3n abusiva de recolocaci\u00f3n y recalificaci\u00f3n como despido - Soci\u00e9t\u00e9 d&#039;avocats Damy","isPartOf":{"@id":"https:\/\/gregorydamy.niceavocats.fr\/es\/#website"},"datePublished":"2024-09-16T14:03:55+00:00","dateModified":"2024-09-16T14:13:53+00:00","description":"\u00bfPuede un trabajador obtener la recalificaci\u00f3n de su despido como despido sin causa real y grave cuando ha sido despedido por negativa abusiva a ser reclasificado, a pesar de que el m\u00e9dico del trabajo hab\u00eda renunciado a la obligaci\u00f3n del empresario de reclasificarlo?","breadcrumb":{"@id":"https:\/\/gregorydamy.niceavocats.fr\/es\/denegacion-abusiva-de-recolocacion-y-recalificacion-como-despido\/#breadcrumb"},"inLanguage":"es","potentialAction":[{"@type":"ReadAction","target":["https:\/\/gregorydamy.niceavocats.fr\/es\/denegacion-abusiva-de-recolocacion-y-recalificacion-como-despido\/"]}]},{"@type":"BreadcrumbList","@id":"https:\/\/gregorydamy.niceavocats.fr\/es\/denegacion-abusiva-de-recolocacion-y-recalificacion-como-despido\/#breadcrumb","itemListElement":[{"@type":"ListItem","position":1,"name":"Accueil","item":"https:\/\/gregorydamy.niceavocats.fr\/es\/"},{"@type":"ListItem","position":2,"name":"Denegaci\u00f3n abusiva de recolocaci\u00f3n y recalificaci\u00f3n como despido"}]},{"@type":"WebSite","@id":"https:\/\/gregorydamy.niceavocats.fr\/es\/#website","url":"https:\/\/gregorydamy.niceavocats.fr\/es\/","name":"Soci\u00e9t\u00e9 d&#039;avocats Damy","description":"Justice - Confiance - Efficacit\u00e9","publisher":{"@id":"https:\/\/gregorydamy.niceavocats.fr\/es\/#organization"},"potentialAction":[{"@type":"SearchAction","target":{"@type":"EntryPoint","urlTemplate":"https:\/\/gregorydamy.niceavocats.fr\/es\/?s={search_term_string}"},"query-input":{"@type":"PropertyValueSpecification","valueRequired":true,"valueName":"search_term_string"}}],"inLanguage":"es"},{"@type":"Organization","@id":"https:\/\/gregorydamy.niceavocats.fr\/es\/#organization","name":"Soci\u00e9t\u00e9 d'Avocats DAMY","alternateName":"Gr\u00e9gory DAMY","url":"https:\/\/gregorydamy.niceavocats.fr\/es\/","logo":{"@type":"ImageObject","inLanguage":"es","@id":"https:\/\/gregorydamy.niceavocats.fr\/es\/#\/schema\/logo\/image\/","url":"https:\/\/gregorydamy.niceavocats.fr\/wp-content\/uploads\/2023\/04\/damylogo-1.png","contentUrl":"https:\/\/gregorydamy.niceavocats.fr\/wp-content\/uploads\/2023\/04\/damylogo-1.png","width":1890,"height":1417,"caption":"Soci\u00e9t\u00e9 d'Avocats DAMY"},"image":{"@id":"https:\/\/gregorydamy.niceavocats.fr\/es\/#\/schema\/logo\/image\/"},"sameAs":["https:\/\/www.facebook.com\/niceavocats.fr\/"]},{"@type":"Person","@id":"https:\/\/gregorydamy.niceavocats.fr\/es\/#\/schema\/person\/64c9f9acb07431f6b55f72278b4a5d57","name":"admin","sameAs":["https:\/\/gregorydamy.niceavocats.fr"],"url":"https:\/\/gregorydamy.niceavocats.fr\/es\/author\/admin_34\/"}]}},"_links":{"self":[{"href":"https:\/\/gregorydamy.niceavocats.fr\/es\/wp-json\/wp\/v2\/posts\/987508773","targetHints":{"allow":["GET"]}}],"collection":[{"href":"https:\/\/gregorydamy.niceavocats.fr\/es\/wp-json\/wp\/v2\/posts"}],"about":[{"href":"https:\/\/gregorydamy.niceavocats.fr\/es\/wp-json\/wp\/v2\/types\/post"}],"author":[{"embeddable":true,"href":"https:\/\/gregorydamy.niceavocats.fr\/es\/wp-json\/wp\/v2\/users\/1"}],"replies":[{"embeddable":true,"href":"https:\/\/gregorydamy.niceavocats.fr\/es\/wp-json\/wp\/v2\/comments?post=987508773"}],"version-history":[{"count":0,"href":"https:\/\/gregorydamy.niceavocats.fr\/es\/wp-json\/wp\/v2\/posts\/987508773\/revisions"}],"wp:attachment":[{"href":"https:\/\/gregorydamy.niceavocats.fr\/es\/wp-json\/wp\/v2\/media?parent=987508773"}],"wp:term":[{"taxonomy":"category","embeddable":true,"href":"https:\/\/gregorydamy.niceavocats.fr\/es\/wp-json\/wp\/v2\/categories?post=987508773"},{"taxonomy":"post_tag","embeddable":true,"href":"https:\/\/gregorydamy.niceavocats.fr\/es\/wp-json\/wp\/v2\/tags?post=987508773"}],"curies":[{"name":"wp","href":"https:\/\/api.w.org\/{rel}","templated":true}]}}