{"id":987508753,"date":"2024-09-13T14:49:36","date_gmt":"2024-09-13T14:49:36","guid":{"rendered":"https:\/\/gregorydamy.niceavocats.fr\/?p=987508753"},"modified":"2024-09-13T14:57:52","modified_gmt":"2024-09-13T14:57:52","slug":"cambio-de-jurisprudencia-sobre-el-efecto-relativo-de-los-contratos","status":"publish","type":"post","link":"https:\/\/gregorydamy.niceavocats.fr\/es\/cambio-de-jurisprudencia-sobre-el-efecto-relativo-de-los-contratos\/","title":{"rendered":"Cambio de jurisprudencia sobre el efecto relativo de los contratos."},"content":{"rendered":"<p>[et_pb_section fb_built=&#8221;1&#8243; admin_label=&#8221;section&#8221; _builder_version=&#8221;4.16&#8243; global_colors_info=&#8221;{}&#8221;][et_pb_row admin_label=&#8221;row&#8221; _builder_version=&#8221;4.16&#8243; background_size=&#8221;initial&#8221; background_position=&#8221;top_left&#8221; background_repeat=&#8221;repeat&#8221; global_colors_info=&#8221;{}&#8221;][et_pb_column type=&#8221;4_4&#8243; _builder_version=&#8221;4.16&#8243; custom_padding=&#8221;|||&#8221; global_colors_info=&#8221;{}&#8221; custom_padding__hover=&#8221;|||&#8221;][et_pb_image src=&#8221;https:\/\/gregorydamy.niceavocats.fr\/wp-content\/uploads\/2023\/09\/audit-4576720_1280-2.jpg&#8221; _builder_version=&#8221;4.24.2&#8243; _module_preset=&#8221;default&#8221; alt=&#8221;Le r\u00e9gime fiscal des non-r\u00e9sidents tirant l\u2019essentiel de leurs revenus en France &#8221; title_text=&#8221;audit-4576720_1280-2&#8243; hover_enabled=&#8221;0&#8243; sticky_enabled=&#8221;0&#8243;][\/et_pb_image][et_pb_text admin_label=&#8221;Text&#8221; _builder_version=&#8221;4.24.2&#8243; background_size=&#8221;initial&#8221; background_position=&#8221;top_left&#8221; background_repeat=&#8221;repeat&#8221; hover_enabled=&#8221;0&#8243; global_colors_info=&#8221;{}&#8221; sticky_enabled=&#8221;0&#8243;]<\/p>\n<p style=\"text-align: justify;\">Cass. com. 3 julio 2024, 21-14.947<\/p>\n<h1 style=\"text-align: justify;\">Cambio de jurisprudencia sobre el efecto relativo de los contratos.<\/h1>\n<p style=\"text-align: justify;\">El 3 de julio de 2024 (n\u00ba 21-14.947), la Sala de lo Mercantil del Tribunal Supremo franc\u00e9s (Cour de cassation) dict\u00f3 una sentencia digna de menci\u00f3n en la que pon\u00eda en tela de juicio una jurisprudencia consolidada.<\/p>\n<p style=\"text-align: justify;\">En los hechos, se hab\u00eda celebrado un contrato de manutenci\u00f3n entre dos empresas, relativo en particular a la descarga de maquinaria. Durante esta operaci\u00f3n, el empleado de la empresa encargada de la descarga da\u00f1\u00f3 una de las m\u00e1quinas.<\/p>\n<p style=\"text-align: justify;\">La empresa propietaria de la m\u00e1quina reclam\u00f3 una indemnizaci\u00f3n a su aseguradora.<\/p>\n<p style=\"text-align: justify;\">Subrogada en los derechos de su asegurado, la compa\u00f1\u00eda de seguros entabl\u00f3 una acci\u00f3n de responsabilidad extracontractual contra la empresa cuyo empleado hab\u00eda da\u00f1ado la m\u00e1quina.<\/p>\n<p style=\"text-align: justify;\">La compa\u00f1\u00eda intent\u00f3 entonces invocar una cl\u00e1usula de limitaci\u00f3n de responsabilidad en su contrato con la empresa propietaria de las m\u00e1quinas.<\/p>\n<p style=\"text-align: justify;\">El Tribunal de Apelaci\u00f3n, siguiendo una jurisprudencia reiterada y aplicando el principio del efecto relativo de los contratos, se neg\u00f3, como era de esperar, a aplicar esta cl\u00e1usula cuando la aseguradora era un tercero en el contrato.<\/p>\n<p style=\"text-align: justify;\">Sin embargo, la Cour de cassation dio un paso inesperado al reconocer el derecho del contratante a hacer valer una cl\u00e1usula de limitaci\u00f3n de la responsabilidad contractual frente a la compa\u00f1\u00eda de seguros que era tercero en el contrato.<\/p>\n<p style=\"text-align: justify;\">Con ello se pretende \u00abno frustrar las previsiones del deudor, que se comprometi\u00f3 en consideraci\u00f3n a la econom\u00eda general del contrato, y no conferir al tercero que invoca el contrato una posici\u00f3n m\u00e1s ventajosa que la disponible para el propio acreedor, el tercero de un contrato que invoca, sobre la base de la responsabilidad delictual, un incumplimiento contractual que le ha causado hi\u1e3f da\u00f1o puede haber establecido frente a \u00e9l las condiciones y los l\u00edmites de responsabilidad que se aplican en las relaciones entre partes contratantes.\u00bb<\/p>\n<p style=\"text-align: justify;\">As\u00ed pues, ahora resulta que un tercero podr\u00eda ver configurada en su contra una cl\u00e1usula de limitaci\u00f3n de responsabilidad prevista dentro de un contrato en el que no es parte, cuando ejercite una acci\u00f3n de responsabilidad extracontractual contra una de las partes cocontratantes, por los da\u00f1os causados por la ejecuci\u00f3n de dicho contrato.<\/p>\n<p style=\"text-align: justify;\">Si tiene alguna duda, p\u00f3ngase en contacto con nosotros. Ma\u00eetre DAMY, abogado en Niza, estar\u00e1 encantado de responder a sus preguntas.<\/p>\n<p>[\/et_pb_text][\/et_pb_column][\/et_pb_row][\/et_pb_section]<\/p>\n","protected":false},"excerpt":{"rendered":"<p>Cambio de jurisprudencia sobre el efecto relativo de los contratos.<\/p>\n","protected":false},"author":1,"featured_media":0,"comment_status":"closed","ping_status":"open","sticky":false,"template":"","format":"standard","meta":{"_et_pb_use_builder":"on","_et_pb_old_content":"","_et_gb_content_width":"","footnotes":""},"categories":[],"tags":[],"class_list":["post-987508753","post","type-post","status-publish","format-standard","hentry"],"yoast_head":"<!-- This site is optimized with the Yoast SEO plugin v26.8 - https:\/\/yoast.com\/product\/yoast-seo-wordpress\/ -->\n<title>Cambio de jurisprudencia sobre el efecto relativo de los contratos. - Soci\u00e9t\u00e9 d&#039;avocats Damy<\/title>\n<meta name=\"description\" content=\"Cambio de jurisprudencia sobre el efecto relativo de los contratos.\" \/>\n<meta name=\"robots\" content=\"index, follow, max-snippet:-1, max-image-preview:large, max-video-preview:-1\" \/>\n<link rel=\"canonical\" href=\"https:\/\/gregorydamy.niceavocats.fr\/es\/cambio-de-jurisprudencia-sobre-el-efecto-relativo-de-los-contratos\/\" \/>\n<meta property=\"og:locale\" content=\"es_ES\" \/>\n<meta property=\"og:type\" content=\"article\" \/>\n<meta property=\"og:title\" content=\"Cambio de jurisprudencia sobre el efecto relativo de los contratos. - Soci\u00e9t\u00e9 d&#039;avocats Damy\" \/>\n<meta property=\"og:description\" content=\"Cambio de jurisprudencia sobre el efecto relativo de los contratos.\" \/>\n<meta property=\"og:url\" content=\"https:\/\/gregorydamy.niceavocats.fr\/es\/cambio-de-jurisprudencia-sobre-el-efecto-relativo-de-los-contratos\/\" \/>\n<meta property=\"og:site_name\" content=\"Soci\u00e9t\u00e9 d&#039;avocats Damy\" \/>\n<meta property=\"article:publisher\" content=\"https:\/\/www.facebook.com\/niceavocats.fr\/\" \/>\n<meta property=\"article:published_time\" content=\"2024-09-13T14:49:36+00:00\" \/>\n<meta property=\"article:modified_time\" content=\"2024-09-13T14:57:52+00:00\" \/>\n<meta name=\"author\" content=\"admin\" \/>\n<meta name=\"twitter:card\" content=\"summary_large_image\" \/>\n<meta name=\"twitter:label1\" content=\"Escrito por\" \/>\n\t<meta name=\"twitter:data1\" content=\"admin\" \/>\n\t<meta name=\"twitter:label2\" content=\"Tiempo de lectura\" \/>\n\t<meta name=\"twitter:data2\" content=\"4 minutos\" \/>\n<script type=\"application\/ld+json\" class=\"yoast-schema-graph\">{\"@context\":\"https:\/\/schema.org\",\"@graph\":[{\"@type\":\"Article\",\"@id\":\"https:\/\/gregorydamy.niceavocats.fr\/es\/cambio-de-jurisprudencia-sobre-el-efecto-relativo-de-los-contratos\/#article\",\"isPartOf\":{\"@id\":\"https:\/\/gregorydamy.niceavocats.fr\/es\/cambio-de-jurisprudencia-sobre-el-efecto-relativo-de-los-contratos\/\"},\"author\":{\"name\":\"admin\",\"@id\":\"https:\/\/gregorydamy.niceavocats.fr\/es\/#\/schema\/person\/64c9f9acb07431f6b55f72278b4a5d57\"},\"headline\":\"Cambio de jurisprudencia sobre el efecto relativo de los contratos.\",\"datePublished\":\"2024-09-13T14:49:36+00:00\",\"dateModified\":\"2024-09-13T14:57:52+00:00\",\"mainEntityOfPage\":{\"@id\":\"https:\/\/gregorydamy.niceavocats.fr\/es\/cambio-de-jurisprudencia-sobre-el-efecto-relativo-de-los-contratos\/\"},\"wordCount\":559,\"publisher\":{\"@id\":\"https:\/\/gregorydamy.niceavocats.fr\/es\/#organization\"},\"inLanguage\":\"es\"},{\"@type\":\"WebPage\",\"@id\":\"https:\/\/gregorydamy.niceavocats.fr\/es\/cambio-de-jurisprudencia-sobre-el-efecto-relativo-de-los-contratos\/\",\"url\":\"https:\/\/gregorydamy.niceavocats.fr\/es\/cambio-de-jurisprudencia-sobre-el-efecto-relativo-de-los-contratos\/\",\"name\":\"Cambio de jurisprudencia sobre el efecto relativo de los contratos. - Soci\u00e9t\u00e9 d&#039;avocats Damy\",\"isPartOf\":{\"@id\":\"https:\/\/gregorydamy.niceavocats.fr\/es\/#website\"},\"datePublished\":\"2024-09-13T14:49:36+00:00\",\"dateModified\":\"2024-09-13T14:57:52+00:00\",\"description\":\"Cambio de jurisprudencia sobre el efecto relativo de los contratos.\",\"breadcrumb\":{\"@id\":\"https:\/\/gregorydamy.niceavocats.fr\/es\/cambio-de-jurisprudencia-sobre-el-efecto-relativo-de-los-contratos\/#breadcrumb\"},\"inLanguage\":\"es\",\"potentialAction\":[{\"@type\":\"ReadAction\",\"target\":[\"https:\/\/gregorydamy.niceavocats.fr\/es\/cambio-de-jurisprudencia-sobre-el-efecto-relativo-de-los-contratos\/\"]}]},{\"@type\":\"BreadcrumbList\",\"@id\":\"https:\/\/gregorydamy.niceavocats.fr\/es\/cambio-de-jurisprudencia-sobre-el-efecto-relativo-de-los-contratos\/#breadcrumb\",\"itemListElement\":[{\"@type\":\"ListItem\",\"position\":1,\"name\":\"Accueil\",\"item\":\"https:\/\/gregorydamy.niceavocats.fr\/es\/\"},{\"@type\":\"ListItem\",\"position\":2,\"name\":\"Cambio de jurisprudencia sobre el efecto relativo de los contratos.\"}]},{\"@type\":\"WebSite\",\"@id\":\"https:\/\/gregorydamy.niceavocats.fr\/es\/#website\",\"url\":\"https:\/\/gregorydamy.niceavocats.fr\/es\/\",\"name\":\"Soci\u00e9t\u00e9 d&#039;avocats Damy\",\"description\":\"Justice - Confiance - Efficacit\u00e9\",\"publisher\":{\"@id\":\"https:\/\/gregorydamy.niceavocats.fr\/es\/#organization\"},\"potentialAction\":[{\"@type\":\"SearchAction\",\"target\":{\"@type\":\"EntryPoint\",\"urlTemplate\":\"https:\/\/gregorydamy.niceavocats.fr\/es\/?s={search_term_string}\"},\"query-input\":{\"@type\":\"PropertyValueSpecification\",\"valueRequired\":true,\"valueName\":\"search_term_string\"}}],\"inLanguage\":\"es\"},{\"@type\":\"Organization\",\"@id\":\"https:\/\/gregorydamy.niceavocats.fr\/es\/#organization\",\"name\":\"Soci\u00e9t\u00e9 d'Avocats DAMY\",\"alternateName\":\"Gr\u00e9gory DAMY\",\"url\":\"https:\/\/gregorydamy.niceavocats.fr\/es\/\",\"logo\":{\"@type\":\"ImageObject\",\"inLanguage\":\"es\",\"@id\":\"https:\/\/gregorydamy.niceavocats.fr\/es\/#\/schema\/logo\/image\/\",\"url\":\"https:\/\/gregorydamy.niceavocats.fr\/wp-content\/uploads\/2023\/04\/damylogo-1.png\",\"contentUrl\":\"https:\/\/gregorydamy.niceavocats.fr\/wp-content\/uploads\/2023\/04\/damylogo-1.png\",\"width\":1890,\"height\":1417,\"caption\":\"Soci\u00e9t\u00e9 d'Avocats DAMY\"},\"image\":{\"@id\":\"https:\/\/gregorydamy.niceavocats.fr\/es\/#\/schema\/logo\/image\/\"},\"sameAs\":[\"https:\/\/www.facebook.com\/niceavocats.fr\/\"]},{\"@type\":\"Person\",\"@id\":\"https:\/\/gregorydamy.niceavocats.fr\/es\/#\/schema\/person\/64c9f9acb07431f6b55f72278b4a5d57\",\"name\":\"admin\",\"sameAs\":[\"https:\/\/gregorydamy.niceavocats.fr\"],\"url\":\"https:\/\/gregorydamy.niceavocats.fr\/es\/author\/admin_34\/\"}]}<\/script>\n<!-- \/ Yoast SEO plugin. -->","yoast_head_json":{"title":"Cambio de jurisprudencia sobre el efecto relativo de los contratos. - Soci\u00e9t\u00e9 d&#039;avocats Damy","description":"Cambio de jurisprudencia sobre el efecto relativo de los contratos.","robots":{"index":"index","follow":"follow","max-snippet":"max-snippet:-1","max-image-preview":"max-image-preview:large","max-video-preview":"max-video-preview:-1"},"canonical":"https:\/\/gregorydamy.niceavocats.fr\/es\/cambio-de-jurisprudencia-sobre-el-efecto-relativo-de-los-contratos\/","og_locale":"es_ES","og_type":"article","og_title":"Cambio de jurisprudencia sobre el efecto relativo de los contratos. - Soci\u00e9t\u00e9 d&#039;avocats Damy","og_description":"Cambio de jurisprudencia sobre el efecto relativo de los contratos.","og_url":"https:\/\/gregorydamy.niceavocats.fr\/es\/cambio-de-jurisprudencia-sobre-el-efecto-relativo-de-los-contratos\/","og_site_name":"Soci\u00e9t\u00e9 d&#039;avocats Damy","article_publisher":"https:\/\/www.facebook.com\/niceavocats.fr\/","article_published_time":"2024-09-13T14:49:36+00:00","article_modified_time":"2024-09-13T14:57:52+00:00","author":"admin","twitter_card":"summary_large_image","twitter_misc":{"Escrito por":"admin","Tiempo de lectura":"4 minutos"},"schema":{"@context":"https:\/\/schema.org","@graph":[{"@type":"Article","@id":"https:\/\/gregorydamy.niceavocats.fr\/es\/cambio-de-jurisprudencia-sobre-el-efecto-relativo-de-los-contratos\/#article","isPartOf":{"@id":"https:\/\/gregorydamy.niceavocats.fr\/es\/cambio-de-jurisprudencia-sobre-el-efecto-relativo-de-los-contratos\/"},"author":{"name":"admin","@id":"https:\/\/gregorydamy.niceavocats.fr\/es\/#\/schema\/person\/64c9f9acb07431f6b55f72278b4a5d57"},"headline":"Cambio de jurisprudencia sobre el efecto relativo de los contratos.","datePublished":"2024-09-13T14:49:36+00:00","dateModified":"2024-09-13T14:57:52+00:00","mainEntityOfPage":{"@id":"https:\/\/gregorydamy.niceavocats.fr\/es\/cambio-de-jurisprudencia-sobre-el-efecto-relativo-de-los-contratos\/"},"wordCount":559,"publisher":{"@id":"https:\/\/gregorydamy.niceavocats.fr\/es\/#organization"},"inLanguage":"es"},{"@type":"WebPage","@id":"https:\/\/gregorydamy.niceavocats.fr\/es\/cambio-de-jurisprudencia-sobre-el-efecto-relativo-de-los-contratos\/","url":"https:\/\/gregorydamy.niceavocats.fr\/es\/cambio-de-jurisprudencia-sobre-el-efecto-relativo-de-los-contratos\/","name":"Cambio de jurisprudencia sobre el efecto relativo de los contratos. - Soci\u00e9t\u00e9 d&#039;avocats Damy","isPartOf":{"@id":"https:\/\/gregorydamy.niceavocats.fr\/es\/#website"},"datePublished":"2024-09-13T14:49:36+00:00","dateModified":"2024-09-13T14:57:52+00:00","description":"Cambio de jurisprudencia sobre el efecto relativo de los contratos.","breadcrumb":{"@id":"https:\/\/gregorydamy.niceavocats.fr\/es\/cambio-de-jurisprudencia-sobre-el-efecto-relativo-de-los-contratos\/#breadcrumb"},"inLanguage":"es","potentialAction":[{"@type":"ReadAction","target":["https:\/\/gregorydamy.niceavocats.fr\/es\/cambio-de-jurisprudencia-sobre-el-efecto-relativo-de-los-contratos\/"]}]},{"@type":"BreadcrumbList","@id":"https:\/\/gregorydamy.niceavocats.fr\/es\/cambio-de-jurisprudencia-sobre-el-efecto-relativo-de-los-contratos\/#breadcrumb","itemListElement":[{"@type":"ListItem","position":1,"name":"Accueil","item":"https:\/\/gregorydamy.niceavocats.fr\/es\/"},{"@type":"ListItem","position":2,"name":"Cambio de jurisprudencia sobre el efecto relativo de los contratos."}]},{"@type":"WebSite","@id":"https:\/\/gregorydamy.niceavocats.fr\/es\/#website","url":"https:\/\/gregorydamy.niceavocats.fr\/es\/","name":"Soci\u00e9t\u00e9 d&#039;avocats Damy","description":"Justice - Confiance - Efficacit\u00e9","publisher":{"@id":"https:\/\/gregorydamy.niceavocats.fr\/es\/#organization"},"potentialAction":[{"@type":"SearchAction","target":{"@type":"EntryPoint","urlTemplate":"https:\/\/gregorydamy.niceavocats.fr\/es\/?s={search_term_string}"},"query-input":{"@type":"PropertyValueSpecification","valueRequired":true,"valueName":"search_term_string"}}],"inLanguage":"es"},{"@type":"Organization","@id":"https:\/\/gregorydamy.niceavocats.fr\/es\/#organization","name":"Soci\u00e9t\u00e9 d'Avocats DAMY","alternateName":"Gr\u00e9gory DAMY","url":"https:\/\/gregorydamy.niceavocats.fr\/es\/","logo":{"@type":"ImageObject","inLanguage":"es","@id":"https:\/\/gregorydamy.niceavocats.fr\/es\/#\/schema\/logo\/image\/","url":"https:\/\/gregorydamy.niceavocats.fr\/wp-content\/uploads\/2023\/04\/damylogo-1.png","contentUrl":"https:\/\/gregorydamy.niceavocats.fr\/wp-content\/uploads\/2023\/04\/damylogo-1.png","width":1890,"height":1417,"caption":"Soci\u00e9t\u00e9 d'Avocats DAMY"},"image":{"@id":"https:\/\/gregorydamy.niceavocats.fr\/es\/#\/schema\/logo\/image\/"},"sameAs":["https:\/\/www.facebook.com\/niceavocats.fr\/"]},{"@type":"Person","@id":"https:\/\/gregorydamy.niceavocats.fr\/es\/#\/schema\/person\/64c9f9acb07431f6b55f72278b4a5d57","name":"admin","sameAs":["https:\/\/gregorydamy.niceavocats.fr"],"url":"https:\/\/gregorydamy.niceavocats.fr\/es\/author\/admin_34\/"}]}},"_links":{"self":[{"href":"https:\/\/gregorydamy.niceavocats.fr\/es\/wp-json\/wp\/v2\/posts\/987508753","targetHints":{"allow":["GET"]}}],"collection":[{"href":"https:\/\/gregorydamy.niceavocats.fr\/es\/wp-json\/wp\/v2\/posts"}],"about":[{"href":"https:\/\/gregorydamy.niceavocats.fr\/es\/wp-json\/wp\/v2\/types\/post"}],"author":[{"embeddable":true,"href":"https:\/\/gregorydamy.niceavocats.fr\/es\/wp-json\/wp\/v2\/users\/1"}],"replies":[{"embeddable":true,"href":"https:\/\/gregorydamy.niceavocats.fr\/es\/wp-json\/wp\/v2\/comments?post=987508753"}],"version-history":[{"count":0,"href":"https:\/\/gregorydamy.niceavocats.fr\/es\/wp-json\/wp\/v2\/posts\/987508753\/revisions"}],"wp:attachment":[{"href":"https:\/\/gregorydamy.niceavocats.fr\/es\/wp-json\/wp\/v2\/media?parent=987508753"}],"wp:term":[{"taxonomy":"category","embeddable":true,"href":"https:\/\/gregorydamy.niceavocats.fr\/es\/wp-json\/wp\/v2\/categories?post=987508753"},{"taxonomy":"post_tag","embeddable":true,"href":"https:\/\/gregorydamy.niceavocats.fr\/es\/wp-json\/wp\/v2\/tags?post=987508753"}],"curies":[{"name":"wp","href":"https:\/\/api.w.org\/{rel}","templated":true}]}}