{"id":987508624,"date":"2024-06-25T07:51:35","date_gmt":"2024-06-25T07:51:35","guid":{"rendered":"https:\/\/gregorydamy.niceavocats.fr\/?p=987508624"},"modified":"2024-06-25T08:04:16","modified_gmt":"2024-06-25T08:04:16","slug":"abogado-nice-indemnizacion-airbag-takata","status":"publish","type":"post","link":"https:\/\/gregorydamy.niceavocats.fr\/es\/abogado-nice-indemnizacion-airbag-takata\/","title":{"rendered":"ABOGADO NICE &#8211; INDEMNIZACION AIRBAG TAKATA"},"content":{"rendered":"<p>[et_pb_section fb_built=&#8221;1&#8243; admin_label=&#8221;section&#8221; _builder_version=&#8221;4.16&#8243; global_colors_info=&#8221;{}&#8221;][et_pb_row admin_label=&#8221;row&#8221; _builder_version=&#8221;4.16&#8243; background_size=&#8221;initial&#8221; background_position=&#8221;top_left&#8221; background_repeat=&#8221;repeat&#8221; global_colors_info=&#8221;{}&#8221;][et_pb_column type=&#8221;4_4&#8243; _builder_version=&#8221;4.16&#8243; custom_padding=&#8221;|||&#8221; global_colors_info=&#8221;{}&#8221; custom_padding__hover=&#8221;|||&#8221;][et_pb_image src=&#8221;https:\/\/gregorydamy.niceavocats.fr\/wp-content\/uploads\/2012\/04\/16129541_s-min.jpg&#8221; alt=&#8221;retraite &#8221; title_text=&#8221;16129541_s-min&#8221; align=&#8221;center&#8221; _builder_version=&#8221;4.24.2&#8243; _module_preset=&#8221;default&#8221; hover_enabled=&#8221;0&#8243; global_colors_info=&#8221;{}&#8221; sticky_enabled=&#8221;0&#8243;][\/et_pb_image][et_pb_text _builder_version=&#8221;4.24.2&#8243; _module_preset=&#8221;default&#8221; hover_enabled=&#8221;0&#8243; global_colors_info=&#8221;{}&#8221; sticky_enabled=&#8221;0&#8243;]<\/p>\n<h1 style=\"text-align: justify;\">TAKATA AIRBAG DEFECTOS, \u00bfC\u00d3MO RECLAMAR UNA INDEMNIZACI\u00d3N?<\/h1>\n<h2 style=\"text-align: justify;\">ABOGADO NICE &#8211; INDEMNIZACION AIRBAG TAKATA<\/h2>\n<p style=\"text-align: justify;\">Gr\u00e9gory DAMY ha advertido de los riesgos asociados a la comercializaci\u00f3n de los airbags TATAKA, que han causado y siguen causando graves accidentes.<\/p>\n<p style=\"text-align: center;\">***<\/p>\n<p style=\"text-align: justify;\">\n<h3 style=\"text-align: justify;\">SOBRE LA SITUACI\u00d3N<\/h3>\n<p style=\"text-align: justify;\">En septiembre de 2020, se descubri\u00f3 que los airbags TAKATA eran defectuosos y se lanz\u00f3 una campa\u00f1a de retirada.<\/p>\n<p style=\"text-align: justify;\">Se pens\u00f3 que este era el final del asunto y que el problema se hab\u00eda identificado y resuelto, pero se emitieron nuevas retiradas en diciembre de 2023 y abril de 2024.<\/p>\n<p style=\"text-align: justify;\">En concreto, el gas propulsor del airbag reacciona extremadamente mal a las altas temperaturas y\/o a la humedad elevada.<\/p>\n<p style=\"text-align: justify;\">Esto provoca un fallo cuando se dispara el airbag, haciendo que se abra con demasiada fuerza y proyectando part\u00edculas met\u00e1licas.<\/p>\n<p style=\"text-align: justify;\">Este grave fallo ya ha provocado accidentes graves.<\/p>\n<p style=\"text-align: justify;\">Los modelos afectados son principalmente los C3, DS3, DS4 y DS5, pero el grupo incluye tambi\u00e9n a Abarth, Alfa Romeo, Chrysler, Citro\u00ebn, Dodge, DS Automobiles, Fiat, Jeep, Lancia, Maserati, Opel, Peugeot, Ram, Vauxhall, Free2move y Leasys.<\/p>\n<p style=\"text-align: justify;\">Los propios fabricantes reconocen el inmenso riesgo, e instan a los usuarios a &#8220;dejar de conducir su veh\u00edculo&#8221; hasta que se haya cambiado el airbag.<\/p>\n<p style=\"text-align: justify;\">\n<h3 style=\"text-align: justify;\">SOBRE LA FALTA DE RESPUESTA SATISFACTORIA DE LOS FABRICANTES<\/h3>\n<p style=\"text-align: justify;\">A pesar de ello, la campa\u00f1a de retirada no es satisfactoria ni est\u00e1 a la altura del peligro creado.<\/p>\n<p style=\"text-align: justify;\">Peor a\u00fan, los fabricantes pretend\u00edan trazar una l\u00ednea ficticia de gesti\u00f3n del riesgo desplegando la alerta \u00fanicamente para los conductores del sur de Francia, debido a las temperaturas m\u00e1s elevadas que se registran all\u00ed.<\/p>\n<p style=\"text-align: justify;\">Esta l\u00f3gica, perfectamente discutible, omite a los veraneantes que viajan con sus veh\u00edculos del norte al sur de Francia para pasar el verano.<\/p>\n<p style=\"text-align: justify;\">Como esta situaci\u00f3n es inaceptable, el bufete de abogados DAMY le ayuda a tomar medidas para que se tenga en cuenta su situaci\u00f3n. Si dispone de un seguro de protecci\u00f3n jur\u00eddica, el bufete har\u00e1 todo lo posible para que sus honorarios queden totalmente cubiertos.<\/p>\n<p style=\"text-align: justify;\">As\u00ed, podr\u00e1 reclamar una indemnizaci\u00f3n si ha sido v\u00edctima de :<\/p>\n<p style=\"text-align: justify;\">Un accidente por activaci\u00f3n incorrecta del airbag, <br \/>Un siniestro agravado por la presencia de este airbag<br \/>Un riesgo como consecuencia de conducir un veh\u00edculo con este defecto<br \/>P\u00e9rdida de uso del veh\u00edculo<\/p>\n<p style=\"text-align: justify;\">Si esto le ocurre, p\u00f3ngase en contacto con nosotros para que podamos exponer su caso y obtener una indemnizaci\u00f3n justa.<\/p>\n<p style=\"text-align: justify;\">Ma\u00eetre DAMY, abogado en Niza, podr\u00e1 ayudarle a defender su caso.<\/p>\n<p>[\/et_pb_text][\/et_pb_column][\/et_pb_row][\/et_pb_section]<\/p>\n","protected":false},"excerpt":{"rendered":"<p>TAKATA AIRBAG DEFECTOS, \u00bfC\u00d3MO RECLAMAR UNA INDEMNIZACI\u00d3N? ABOGADO NICE &#8211; INDEMNIZACION AIRBAG TAKATA Gr\u00e9gory DAMY ha advertido de los riesgos asociados a la comercializaci\u00f3n de los airbags TATAKA, que han causado y siguen causando graves accidentes. *** SOBRE LA SITUACI\u00d3N En septiembre de 2020, se descubri\u00f3 que los airbags TAKATA eran defectuosos y se lanz\u00f3 [&hellip;]<\/p>\n","protected":false},"author":1,"featured_media":0,"comment_status":"closed","ping_status":"open","sticky":false,"template":"","format":"standard","meta":{"_et_pb_use_builder":"on","_et_pb_old_content":"","_et_gb_content_width":"","footnotes":""},"categories":[],"tags":[],"class_list":["post-987508624","post","type-post","status-publish","format-standard","hentry"],"yoast_head":"<!-- This site is optimized with the Yoast SEO plugin v26.8 - https:\/\/yoast.com\/product\/yoast-seo-wordpress\/ -->\n<title>ABOGADO NICE - INDEMNIZACION AIRBAG TAKATA - Soci\u00e9t\u00e9 d&#039;avocats Damy<\/title>\n<meta name=\"description\" content=\"ABOGADO NICE - INDEMNIZACION AIRBAG TAKATAGr\u00e9gory DAMY ha advertido de los riesgos asociados a la comercializaci\u00f3n de los airbags TATAKA, que han causado y siguen causando graves accidentes.\" \/>\n<meta name=\"robots\" content=\"index, follow, max-snippet:-1, max-image-preview:large, max-video-preview:-1\" \/>\n<link rel=\"canonical\" href=\"https:\/\/gregorydamy.niceavocats.fr\/es\/abogado-nice-indemnizacion-airbag-takata\/\" \/>\n<meta property=\"og:locale\" content=\"es_ES\" \/>\n<meta property=\"og:type\" content=\"article\" \/>\n<meta property=\"og:title\" content=\"ABOGADO NICE - INDEMNIZACION AIRBAG TAKATA - Soci\u00e9t\u00e9 d&#039;avocats Damy\" \/>\n<meta property=\"og:description\" content=\"ABOGADO NICE - INDEMNIZACION AIRBAG TAKATAGr\u00e9gory DAMY ha advertido de los riesgos asociados a la comercializaci\u00f3n de los airbags TATAKA, que han causado y siguen causando graves accidentes.\" \/>\n<meta property=\"og:url\" content=\"https:\/\/gregorydamy.niceavocats.fr\/es\/abogado-nice-indemnizacion-airbag-takata\/\" \/>\n<meta property=\"og:site_name\" content=\"Soci\u00e9t\u00e9 d&#039;avocats Damy\" \/>\n<meta property=\"article:publisher\" content=\"https:\/\/www.facebook.com\/niceavocats.fr\/\" \/>\n<meta property=\"article:published_time\" content=\"2024-06-25T07:51:35+00:00\" \/>\n<meta property=\"article:modified_time\" content=\"2024-06-25T08:04:16+00:00\" \/>\n<meta name=\"author\" content=\"admin\" \/>\n<meta name=\"twitter:card\" content=\"summary_large_image\" \/>\n<meta name=\"twitter:label1\" content=\"Escrito por\" \/>\n\t<meta name=\"twitter:data1\" content=\"admin\" \/>\n<script type=\"application\/ld+json\" class=\"yoast-schema-graph\">{\"@context\":\"https:\/\/schema.org\",\"@graph\":[{\"@type\":\"Article\",\"@id\":\"https:\/\/gregorydamy.niceavocats.fr\/es\/abogado-nice-indemnizacion-airbag-takata\/#article\",\"isPartOf\":{\"@id\":\"https:\/\/gregorydamy.niceavocats.fr\/es\/abogado-nice-indemnizacion-airbag-takata\/\"},\"author\":{\"name\":\"admin\",\"@id\":\"https:\/\/gregorydamy.niceavocats.fr\/es\/#\/schema\/person\/64c9f9acb07431f6b55f72278b4a5d57\"},\"headline\":\"ABOGADO NICE &#8211; INDEMNIZACION AIRBAG TAKATA\",\"datePublished\":\"2024-06-25T07:51:35+00:00\",\"dateModified\":\"2024-06-25T08:04:16+00:00\",\"mainEntityOfPage\":{\"@id\":\"https:\/\/gregorydamy.niceavocats.fr\/es\/abogado-nice-indemnizacion-airbag-takata\/\"},\"wordCount\":544,\"publisher\":{\"@id\":\"https:\/\/gregorydamy.niceavocats.fr\/es\/#organization\"},\"inLanguage\":\"es\"},{\"@type\":\"WebPage\",\"@id\":\"https:\/\/gregorydamy.niceavocats.fr\/es\/abogado-nice-indemnizacion-airbag-takata\/\",\"url\":\"https:\/\/gregorydamy.niceavocats.fr\/es\/abogado-nice-indemnizacion-airbag-takata\/\",\"name\":\"ABOGADO NICE - INDEMNIZACION AIRBAG TAKATA - Soci\u00e9t\u00e9 d&#039;avocats Damy\",\"isPartOf\":{\"@id\":\"https:\/\/gregorydamy.niceavocats.fr\/es\/#website\"},\"datePublished\":\"2024-06-25T07:51:35+00:00\",\"dateModified\":\"2024-06-25T08:04:16+00:00\",\"description\":\"ABOGADO NICE - INDEMNIZACION AIRBAG TAKATAGr\u00e9gory DAMY ha advertido de los riesgos asociados a la comercializaci\u00f3n de los airbags TATAKA, que han causado y siguen causando graves accidentes.\",\"breadcrumb\":{\"@id\":\"https:\/\/gregorydamy.niceavocats.fr\/es\/abogado-nice-indemnizacion-airbag-takata\/#breadcrumb\"},\"inLanguage\":\"es\",\"potentialAction\":[{\"@type\":\"ReadAction\",\"target\":[\"https:\/\/gregorydamy.niceavocats.fr\/es\/abogado-nice-indemnizacion-airbag-takata\/\"]}]},{\"@type\":\"BreadcrumbList\",\"@id\":\"https:\/\/gregorydamy.niceavocats.fr\/es\/abogado-nice-indemnizacion-airbag-takata\/#breadcrumb\",\"itemListElement\":[{\"@type\":\"ListItem\",\"position\":1,\"name\":\"Accueil\",\"item\":\"https:\/\/gregorydamy.niceavocats.fr\/es\/\"},{\"@type\":\"ListItem\",\"position\":2,\"name\":\"ABOGADO NICE &#8211; INDEMNIZACION AIRBAG TAKATA\"}]},{\"@type\":\"WebSite\",\"@id\":\"https:\/\/gregorydamy.niceavocats.fr\/es\/#website\",\"url\":\"https:\/\/gregorydamy.niceavocats.fr\/es\/\",\"name\":\"Soci\u00e9t\u00e9 d&#039;avocats Damy\",\"description\":\"Justice - Confiance - Efficacit\u00e9\",\"publisher\":{\"@id\":\"https:\/\/gregorydamy.niceavocats.fr\/es\/#organization\"},\"potentialAction\":[{\"@type\":\"SearchAction\",\"target\":{\"@type\":\"EntryPoint\",\"urlTemplate\":\"https:\/\/gregorydamy.niceavocats.fr\/es\/?s={search_term_string}\"},\"query-input\":{\"@type\":\"PropertyValueSpecification\",\"valueRequired\":true,\"valueName\":\"search_term_string\"}}],\"inLanguage\":\"es\"},{\"@type\":\"Organization\",\"@id\":\"https:\/\/gregorydamy.niceavocats.fr\/es\/#organization\",\"name\":\"Soci\u00e9t\u00e9 d'Avocats DAMY\",\"alternateName\":\"Gr\u00e9gory DAMY\",\"url\":\"https:\/\/gregorydamy.niceavocats.fr\/es\/\",\"logo\":{\"@type\":\"ImageObject\",\"inLanguage\":\"es\",\"@id\":\"https:\/\/gregorydamy.niceavocats.fr\/es\/#\/schema\/logo\/image\/\",\"url\":\"https:\/\/gregorydamy.niceavocats.fr\/wp-content\/uploads\/2023\/04\/damylogo-1.png\",\"contentUrl\":\"https:\/\/gregorydamy.niceavocats.fr\/wp-content\/uploads\/2023\/04\/damylogo-1.png\",\"width\":1890,\"height\":1417,\"caption\":\"Soci\u00e9t\u00e9 d'Avocats DAMY\"},\"image\":{\"@id\":\"https:\/\/gregorydamy.niceavocats.fr\/es\/#\/schema\/logo\/image\/\"},\"sameAs\":[\"https:\/\/www.facebook.com\/niceavocats.fr\/\"]},{\"@type\":\"Person\",\"@id\":\"https:\/\/gregorydamy.niceavocats.fr\/es\/#\/schema\/person\/64c9f9acb07431f6b55f72278b4a5d57\",\"name\":\"admin\",\"sameAs\":[\"https:\/\/gregorydamy.niceavocats.fr\"],\"url\":\"https:\/\/gregorydamy.niceavocats.fr\/es\/author\/admin_34\/\"}]}<\/script>\n<!-- \/ Yoast SEO plugin. -->","yoast_head_json":{"title":"ABOGADO NICE - INDEMNIZACION AIRBAG TAKATA - Soci\u00e9t\u00e9 d&#039;avocats Damy","description":"ABOGADO NICE - INDEMNIZACION AIRBAG TAKATAGr\u00e9gory DAMY ha advertido de los riesgos asociados a la comercializaci\u00f3n de los airbags TATAKA, que han causado y siguen causando graves accidentes.","robots":{"index":"index","follow":"follow","max-snippet":"max-snippet:-1","max-image-preview":"max-image-preview:large","max-video-preview":"max-video-preview:-1"},"canonical":"https:\/\/gregorydamy.niceavocats.fr\/es\/abogado-nice-indemnizacion-airbag-takata\/","og_locale":"es_ES","og_type":"article","og_title":"ABOGADO NICE - INDEMNIZACION AIRBAG TAKATA - Soci\u00e9t\u00e9 d&#039;avocats Damy","og_description":"ABOGADO NICE - INDEMNIZACION AIRBAG TAKATAGr\u00e9gory DAMY ha advertido de los riesgos asociados a la comercializaci\u00f3n de los airbags TATAKA, que han causado y siguen causando graves accidentes.","og_url":"https:\/\/gregorydamy.niceavocats.fr\/es\/abogado-nice-indemnizacion-airbag-takata\/","og_site_name":"Soci\u00e9t\u00e9 d&#039;avocats Damy","article_publisher":"https:\/\/www.facebook.com\/niceavocats.fr\/","article_published_time":"2024-06-25T07:51:35+00:00","article_modified_time":"2024-06-25T08:04:16+00:00","author":"admin","twitter_card":"summary_large_image","twitter_misc":{"Escrito por":"admin"},"schema":{"@context":"https:\/\/schema.org","@graph":[{"@type":"Article","@id":"https:\/\/gregorydamy.niceavocats.fr\/es\/abogado-nice-indemnizacion-airbag-takata\/#article","isPartOf":{"@id":"https:\/\/gregorydamy.niceavocats.fr\/es\/abogado-nice-indemnizacion-airbag-takata\/"},"author":{"name":"admin","@id":"https:\/\/gregorydamy.niceavocats.fr\/es\/#\/schema\/person\/64c9f9acb07431f6b55f72278b4a5d57"},"headline":"ABOGADO NICE &#8211; INDEMNIZACION AIRBAG TAKATA","datePublished":"2024-06-25T07:51:35+00:00","dateModified":"2024-06-25T08:04:16+00:00","mainEntityOfPage":{"@id":"https:\/\/gregorydamy.niceavocats.fr\/es\/abogado-nice-indemnizacion-airbag-takata\/"},"wordCount":544,"publisher":{"@id":"https:\/\/gregorydamy.niceavocats.fr\/es\/#organization"},"inLanguage":"es"},{"@type":"WebPage","@id":"https:\/\/gregorydamy.niceavocats.fr\/es\/abogado-nice-indemnizacion-airbag-takata\/","url":"https:\/\/gregorydamy.niceavocats.fr\/es\/abogado-nice-indemnizacion-airbag-takata\/","name":"ABOGADO NICE - INDEMNIZACION AIRBAG TAKATA - Soci\u00e9t\u00e9 d&#039;avocats Damy","isPartOf":{"@id":"https:\/\/gregorydamy.niceavocats.fr\/es\/#website"},"datePublished":"2024-06-25T07:51:35+00:00","dateModified":"2024-06-25T08:04:16+00:00","description":"ABOGADO NICE - INDEMNIZACION AIRBAG TAKATAGr\u00e9gory DAMY ha advertido de los riesgos asociados a la comercializaci\u00f3n de los airbags TATAKA, que han causado y siguen causando graves accidentes.","breadcrumb":{"@id":"https:\/\/gregorydamy.niceavocats.fr\/es\/abogado-nice-indemnizacion-airbag-takata\/#breadcrumb"},"inLanguage":"es","potentialAction":[{"@type":"ReadAction","target":["https:\/\/gregorydamy.niceavocats.fr\/es\/abogado-nice-indemnizacion-airbag-takata\/"]}]},{"@type":"BreadcrumbList","@id":"https:\/\/gregorydamy.niceavocats.fr\/es\/abogado-nice-indemnizacion-airbag-takata\/#breadcrumb","itemListElement":[{"@type":"ListItem","position":1,"name":"Accueil","item":"https:\/\/gregorydamy.niceavocats.fr\/es\/"},{"@type":"ListItem","position":2,"name":"ABOGADO NICE &#8211; INDEMNIZACION AIRBAG TAKATA"}]},{"@type":"WebSite","@id":"https:\/\/gregorydamy.niceavocats.fr\/es\/#website","url":"https:\/\/gregorydamy.niceavocats.fr\/es\/","name":"Soci\u00e9t\u00e9 d&#039;avocats Damy","description":"Justice - Confiance - Efficacit\u00e9","publisher":{"@id":"https:\/\/gregorydamy.niceavocats.fr\/es\/#organization"},"potentialAction":[{"@type":"SearchAction","target":{"@type":"EntryPoint","urlTemplate":"https:\/\/gregorydamy.niceavocats.fr\/es\/?s={search_term_string}"},"query-input":{"@type":"PropertyValueSpecification","valueRequired":true,"valueName":"search_term_string"}}],"inLanguage":"es"},{"@type":"Organization","@id":"https:\/\/gregorydamy.niceavocats.fr\/es\/#organization","name":"Soci\u00e9t\u00e9 d'Avocats DAMY","alternateName":"Gr\u00e9gory DAMY","url":"https:\/\/gregorydamy.niceavocats.fr\/es\/","logo":{"@type":"ImageObject","inLanguage":"es","@id":"https:\/\/gregorydamy.niceavocats.fr\/es\/#\/schema\/logo\/image\/","url":"https:\/\/gregorydamy.niceavocats.fr\/wp-content\/uploads\/2023\/04\/damylogo-1.png","contentUrl":"https:\/\/gregorydamy.niceavocats.fr\/wp-content\/uploads\/2023\/04\/damylogo-1.png","width":1890,"height":1417,"caption":"Soci\u00e9t\u00e9 d'Avocats DAMY"},"image":{"@id":"https:\/\/gregorydamy.niceavocats.fr\/es\/#\/schema\/logo\/image\/"},"sameAs":["https:\/\/www.facebook.com\/niceavocats.fr\/"]},{"@type":"Person","@id":"https:\/\/gregorydamy.niceavocats.fr\/es\/#\/schema\/person\/64c9f9acb07431f6b55f72278b4a5d57","name":"admin","sameAs":["https:\/\/gregorydamy.niceavocats.fr"],"url":"https:\/\/gregorydamy.niceavocats.fr\/es\/author\/admin_34\/"}]}},"_links":{"self":[{"href":"https:\/\/gregorydamy.niceavocats.fr\/es\/wp-json\/wp\/v2\/posts\/987508624","targetHints":{"allow":["GET"]}}],"collection":[{"href":"https:\/\/gregorydamy.niceavocats.fr\/es\/wp-json\/wp\/v2\/posts"}],"about":[{"href":"https:\/\/gregorydamy.niceavocats.fr\/es\/wp-json\/wp\/v2\/types\/post"}],"author":[{"embeddable":true,"href":"https:\/\/gregorydamy.niceavocats.fr\/es\/wp-json\/wp\/v2\/users\/1"}],"replies":[{"embeddable":true,"href":"https:\/\/gregorydamy.niceavocats.fr\/es\/wp-json\/wp\/v2\/comments?post=987508624"}],"version-history":[{"count":0,"href":"https:\/\/gregorydamy.niceavocats.fr\/es\/wp-json\/wp\/v2\/posts\/987508624\/revisions"}],"wp:attachment":[{"href":"https:\/\/gregorydamy.niceavocats.fr\/es\/wp-json\/wp\/v2\/media?parent=987508624"}],"wp:term":[{"taxonomy":"category","embeddable":true,"href":"https:\/\/gregorydamy.niceavocats.fr\/es\/wp-json\/wp\/v2\/categories?post=987508624"},{"taxonomy":"post_tag","embeddable":true,"href":"https:\/\/gregorydamy.niceavocats.fr\/es\/wp-json\/wp\/v2\/tags?post=987508624"}],"curies":[{"name":"wp","href":"https:\/\/api.w.org\/{rel}","templated":true}]}}