{"id":987508461,"date":"2024-05-15T15:09:22","date_gmt":"2024-05-15T15:09:22","guid":{"rendered":"https:\/\/gregorydamy.niceavocats.fr\/?p=987508461"},"modified":"2024-05-15T15:16:16","modified_gmt":"2024-05-15T15:16:16","slug":"avocat-nice-indemnisation-la-indemnizacion-de-las-victimas-y-el-caracter-no-restrictivo-de-la-nomenclatura-dintilhac","status":"publish","type":"post","link":"https:\/\/gregorydamy.niceavocats.fr\/es\/avocat-nice-indemnisation-la-indemnizacion-de-las-victimas-y-el-caracter-no-restrictivo-de-la-nomenclatura-dintilhac\/","title":{"rendered":"AVOCAT NICE INDEMNISATION &#8211; La indemnizaci\u00f3n de las v\u00edctimas y el car\u00e1cter no restrictivo de la nomenclatura &#8220;Dintilhac&#8221;."},"content":{"rendered":"<p>[et_pb_section fb_built=&#8221;1&#8243; admin_label=&#8221;section&#8221; _builder_version=&#8221;4.16&#8243; global_colors_info=&#8221;{}&#8221;][et_pb_row admin_label=&#8221;row&#8221; _builder_version=&#8221;4.16&#8243; background_size=&#8221;initial&#8221; background_position=&#8221;top_left&#8221; background_repeat=&#8221;repeat&#8221; global_colors_info=&#8221;{}&#8221;][et_pb_column type=&#8221;4_4&#8243; _builder_version=&#8221;4.16&#8243; custom_padding=&#8221;|||&#8221; global_colors_info=&#8221;{}&#8221; custom_padding__hover=&#8221;|||&#8221;][et_pb_image src=&#8221;https:\/\/gregorydamy.niceavocats.fr\/wp-content\/uploads\/2023\/08\/ambulance-3266960_1280-2.jpg&#8221; alt=&#8221;IFI y desmembramiento de la propiedad&#8221; title_text=&#8221;ambulance-3266960_1280-2&#8243; align=&#8221;center&#8221; _builder_version=&#8221;4.24.2&#8243; _module_preset=&#8221;default&#8221; hover_enabled=&#8221;0&#8243; global_colors_info=&#8221;{}&#8221; sticky_enabled=&#8221;0&#8243;][\/et_pb_image][et_pb_text _builder_version=&#8221;4.24.2&#8243; _module_preset=&#8221;default&#8221; hover_enabled=&#8221;0&#8243; global_colors_info=&#8221;{}&#8221; sticky_enabled=&#8221;0&#8243;]<\/p>\n<h1 style=\"text-align: justify;\"><strong>AVOCAT NICE INDEMNISATION &#8211; La indemnizaci\u00f3n de las v\u00edctimas y el car\u00e1cter no restrictivo de la nomenclatura &#8220;Dintilhac&#8221;.<\/strong><\/h1>\n<p style=\"text-align: justify;\">\n<h2 style=\"text-align: justify;\">Cass. mixte, 25 de marzo de 2022, dos sentencias, n\u00ba 20-15.624 y n\u00ba 20-17.072<\/h2>\n<p style=\"text-align: justify;\">\u00bfSe funden los perjuicios de angustia por la inminencia de la muerte y de espera y preocupaci\u00f3n por los parientes m\u00e1s pr\u00f3ximos con los perjuicios de sufrimiento soportado y de afecto por los parientes m\u00e1s pr\u00f3ximos?<\/p>\n<p style=\"text-align: justify;\">Esta es la cuesti\u00f3n planteada al Tribunal de Casaci\u00f3n.<\/p>\n<p style=\"text-align: justify;\">En dos sentencias, el Tribunal de Casaci\u00f3n se ha pronunciado sobre el car\u00e1cter restrictivo o no de la nomenclatura &#8220;Dintilhac&#8221;.<\/p>\n<p style=\"text-align: justify;\">Aunque ya se hab\u00edan producido algunas aperturas al margen de la nomenclatura (cf. perjuicio espec\u00edfico de ansiedad para las personas expuestas al destilbeno (Cass. civ. 1, 2 de julio de 2014, n\u00ba 10-19.206) o perjuicio de falta de preparaci\u00f3n (Cass. civ. 1, 3 de junio de 2010, n\u00ba 09-13.591)), cab\u00eda la duda.<\/p>\n<p style=\"text-align: justify;\">Con estas dos sentencias, la situaci\u00f3n se ha aclarado: los perjuicios de angustia ante la inminencia de la muerte y de espera y preocupaci\u00f3n por los seres queridos no constituyen doble indemnizaci\u00f3n con el perjuicio del sufrimiento padecido.<\/p>\n<p style=\"text-align: justify;\">Sin embargo, esto debe moderarse, ya que el Tribunal afirma que la autonom\u00eda de la categor\u00eda de angustia por muerte inminente se acepta debido a :<\/p>\n<p style=\"text-align: justify;\">&#8211; El estado de conciencia de la v\u00edctima<\/p>\n<p style=\"text-align: justify;\">&#8211; La naturaleza y el alcance de las lesiones<\/p>\n<p style=\"text-align: justify;\">&#8211; El tiempo de supervivencia de la v\u00edctima.<\/p>\n<p style=\"text-align: justify;\">En cuanto a la p\u00e9rdida de expectativas y la angustia de los familiares, la autonom\u00eda est\u00e1 condicionada a la demostraci\u00f3n de<\/p>\n<p style=\"text-align: justify;\">&#8211; Una determinada naturaleza del suceso<\/p>\n<p style=\"text-align: justify;\">&#8211; Una intensidad particular del suceso<\/p>\n<p style=\"text-align: justify;\">&#8211; La prueba de lesiones graves o de la muerte de la v\u00edctima directa.<\/p>\n<p style=\"text-align: justify;\">Por lo tanto, es necesario un cierto grado de especificidad para incluir elementos ajenos a la nomenclatura, e incluso un cierto grado de gravedad.<\/p>\n<p style=\"text-align: justify;\">Este umbral de gravedad tambi\u00e9n var\u00eda, ya que el Tribunal de Apelaci\u00f3n de Par\u00eds admiti\u00f3, en el marco de un atentado, la angustia de muerte inminente para una v\u00edctima que sobrevivi\u00f3 al atentado.<\/p>\n<p style=\"text-align: justify;\">Por \u00faltimo, hay que se\u00f1alar que, aunque se admite la autonom\u00eda, estos conceptos excepcionales no existen de la misma manera que los dem\u00e1s perjuicios y el Tribunal los suele denominar &#8220;perjuicios espec\u00edficos indemnizados de manera aut\u00f3noma&#8221;.<\/p>\n<p style=\"text-align: justify;\">Por lo tanto, su abogado tendr\u00e1 que luchar con especial ah\u00ednco por estos conceptos si espera verlos confirmados.<\/p>\n<p style=\"text-align: justify;\">En cualquier caso, Gr\u00e9gory DAMY, abogado del Colegio de Abogados de Niza, le ayudar\u00e1 a obtener la indemnizaci\u00f3n de todos sus perjuicios.<\/p>\n<p style=\"text-align: justify;\">No dude en ponerse en contacto con nosotros para m\u00e1s informaci\u00f3n.<\/p>\n<p style=\"text-align: justify;\">[\/et_pb_text][\/et_pb_column][\/et_pb_row][\/et_pb_section]<\/p>\n","protected":false},"excerpt":{"rendered":"<p>AVOCAT NICE INDEMNISATION &#8211; La indemnizaci\u00f3n de las v\u00edctimas y el car\u00e1cter no restrictivo de la nomenclatura &#8220;Dintilhac&#8221;. Cass. mixte, 25 de marzo de 2022, dos sentencias, n\u00ba 20-15.624 y n\u00ba 20-17.072 \u00bfSe funden los perjuicios de angustia por la inminencia de la muerte y de espera y preocupaci\u00f3n por los parientes m\u00e1s pr\u00f3ximos con [&hellip;]<\/p>\n","protected":false},"author":1,"featured_media":0,"comment_status":"closed","ping_status":"open","sticky":false,"template":"","format":"standard","meta":{"_et_pb_use_builder":"on","_et_pb_old_content":"","_et_gb_content_width":"","footnotes":""},"categories":[],"tags":[],"class_list":["post-987508461","post","type-post","status-publish","format-standard","hentry"],"yoast_head":"<!-- This site is optimized with the Yoast SEO plugin v26.8 - https:\/\/yoast.com\/product\/yoast-seo-wordpress\/ -->\n<title>AVOCAT NICE INDEMNISATION - La indemnizaci\u00f3n de las v\u00edctimas y el car\u00e1cter no restrictivo de la nomenclatura &quot;Dintilhac&quot;. - Soci\u00e9t\u00e9 d&#039;avocats Damy<\/title>\n<meta name=\"description\" content=\"AVOCAT NICE INDEMNISATION - La indemnizaci\u00f3n de las v\u00edctimas y el car\u00e1cter no restrictivo de la nomenclatura &quot;Dintilhac&quot;.\" \/>\n<meta name=\"robots\" content=\"index, follow, max-snippet:-1, max-image-preview:large, max-video-preview:-1\" \/>\n<link rel=\"canonical\" href=\"https:\/\/gregorydamy.niceavocats.fr\/es\/avocat-nice-indemnisation-la-indemnizacion-de-las-victimas-y-el-caracter-no-restrictivo-de-la-nomenclatura-dintilhac\/\" \/>\n<meta property=\"og:locale\" content=\"es_ES\" \/>\n<meta property=\"og:type\" content=\"article\" \/>\n<meta property=\"og:title\" content=\"AVOCAT NICE INDEMNISATION - La indemnizaci\u00f3n de las v\u00edctimas y el car\u00e1cter no restrictivo de la nomenclatura &quot;Dintilhac&quot;. - Soci\u00e9t\u00e9 d&#039;avocats Damy\" \/>\n<meta property=\"og:description\" content=\"AVOCAT NICE INDEMNISATION - La indemnizaci\u00f3n de las v\u00edctimas y el car\u00e1cter no restrictivo de la nomenclatura &quot;Dintilhac&quot;.\" \/>\n<meta property=\"og:url\" content=\"https:\/\/gregorydamy.niceavocats.fr\/es\/avocat-nice-indemnisation-la-indemnizacion-de-las-victimas-y-el-caracter-no-restrictivo-de-la-nomenclatura-dintilhac\/\" \/>\n<meta property=\"og:site_name\" content=\"Soci\u00e9t\u00e9 d&#039;avocats Damy\" \/>\n<meta property=\"article:publisher\" content=\"https:\/\/www.facebook.com\/niceavocats.fr\/\" \/>\n<meta property=\"article:published_time\" content=\"2024-05-15T15:09:22+00:00\" \/>\n<meta property=\"article:modified_time\" content=\"2024-05-15T15:16:16+00:00\" \/>\n<meta name=\"author\" content=\"admin\" \/>\n<meta name=\"twitter:card\" content=\"summary_large_image\" \/>\n<meta name=\"twitter:label1\" content=\"Escrito por\" \/>\n\t<meta name=\"twitter:data1\" content=\"admin\" \/>\n\t<meta name=\"twitter:label2\" content=\"Tiempo de lectura\" \/>\n\t<meta name=\"twitter:data2\" content=\"3 minutos\" \/>\n<script type=\"application\/ld+json\" class=\"yoast-schema-graph\">{\"@context\":\"https:\/\/schema.org\",\"@graph\":[{\"@type\":\"Article\",\"@id\":\"https:\/\/gregorydamy.niceavocats.fr\/es\/avocat-nice-indemnisation-la-indemnizacion-de-las-victimas-y-el-caracter-no-restrictivo-de-la-nomenclatura-dintilhac\/#article\",\"isPartOf\":{\"@id\":\"https:\/\/gregorydamy.niceavocats.fr\/es\/avocat-nice-indemnisation-la-indemnizacion-de-las-victimas-y-el-caracter-no-restrictivo-de-la-nomenclatura-dintilhac\/\"},\"author\":{\"name\":\"admin\",\"@id\":\"https:\/\/gregorydamy.niceavocats.fr\/es\/#\/schema\/person\/64c9f9acb07431f6b55f72278b4a5d57\"},\"headline\":\"AVOCAT NICE INDEMNISATION &#8211; La indemnizaci\u00f3n de las v\u00edctimas y el car\u00e1cter no restrictivo de la nomenclatura &#8220;Dintilhac&#8221;.\",\"datePublished\":\"2024-05-15T15:09:22+00:00\",\"dateModified\":\"2024-05-15T15:16:16+00:00\",\"mainEntityOfPage\":{\"@id\":\"https:\/\/gregorydamy.niceavocats.fr\/es\/avocat-nice-indemnisation-la-indemnizacion-de-las-victimas-y-el-caracter-no-restrictivo-de-la-nomenclatura-dintilhac\/\"},\"wordCount\":599,\"publisher\":{\"@id\":\"https:\/\/gregorydamy.niceavocats.fr\/es\/#organization\"},\"inLanguage\":\"es\"},{\"@type\":\"WebPage\",\"@id\":\"https:\/\/gregorydamy.niceavocats.fr\/es\/avocat-nice-indemnisation-la-indemnizacion-de-las-victimas-y-el-caracter-no-restrictivo-de-la-nomenclatura-dintilhac\/\",\"url\":\"https:\/\/gregorydamy.niceavocats.fr\/es\/avocat-nice-indemnisation-la-indemnizacion-de-las-victimas-y-el-caracter-no-restrictivo-de-la-nomenclatura-dintilhac\/\",\"name\":\"AVOCAT NICE INDEMNISATION - La indemnizaci\u00f3n de las v\u00edctimas y el car\u00e1cter no restrictivo de la nomenclatura \\\"Dintilhac\\\". - Soci\u00e9t\u00e9 d&#039;avocats Damy\",\"isPartOf\":{\"@id\":\"https:\/\/gregorydamy.niceavocats.fr\/es\/#website\"},\"datePublished\":\"2024-05-15T15:09:22+00:00\",\"dateModified\":\"2024-05-15T15:16:16+00:00\",\"description\":\"AVOCAT NICE INDEMNISATION - La indemnizaci\u00f3n de las v\u00edctimas y el car\u00e1cter no restrictivo de la nomenclatura \\\"Dintilhac\\\".\",\"breadcrumb\":{\"@id\":\"https:\/\/gregorydamy.niceavocats.fr\/es\/avocat-nice-indemnisation-la-indemnizacion-de-las-victimas-y-el-caracter-no-restrictivo-de-la-nomenclatura-dintilhac\/#breadcrumb\"},\"inLanguage\":\"es\",\"potentialAction\":[{\"@type\":\"ReadAction\",\"target\":[\"https:\/\/gregorydamy.niceavocats.fr\/es\/avocat-nice-indemnisation-la-indemnizacion-de-las-victimas-y-el-caracter-no-restrictivo-de-la-nomenclatura-dintilhac\/\"]}]},{\"@type\":\"BreadcrumbList\",\"@id\":\"https:\/\/gregorydamy.niceavocats.fr\/es\/avocat-nice-indemnisation-la-indemnizacion-de-las-victimas-y-el-caracter-no-restrictivo-de-la-nomenclatura-dintilhac\/#breadcrumb\",\"itemListElement\":[{\"@type\":\"ListItem\",\"position\":1,\"name\":\"Accueil\",\"item\":\"https:\/\/gregorydamy.niceavocats.fr\/es\/\"},{\"@type\":\"ListItem\",\"position\":2,\"name\":\"AVOCAT NICE INDEMNISATION &#8211; La indemnizaci\u00f3n de las v\u00edctimas y el car\u00e1cter no restrictivo de la nomenclatura \u00abDintilhac\u00bb.\"}]},{\"@type\":\"WebSite\",\"@id\":\"https:\/\/gregorydamy.niceavocats.fr\/es\/#website\",\"url\":\"https:\/\/gregorydamy.niceavocats.fr\/es\/\",\"name\":\"Soci\u00e9t\u00e9 d&#039;avocats Damy\",\"description\":\"Justice - Confiance - Efficacit\u00e9\",\"publisher\":{\"@id\":\"https:\/\/gregorydamy.niceavocats.fr\/es\/#organization\"},\"potentialAction\":[{\"@type\":\"SearchAction\",\"target\":{\"@type\":\"EntryPoint\",\"urlTemplate\":\"https:\/\/gregorydamy.niceavocats.fr\/es\/?s={search_term_string}\"},\"query-input\":{\"@type\":\"PropertyValueSpecification\",\"valueRequired\":true,\"valueName\":\"search_term_string\"}}],\"inLanguage\":\"es\"},{\"@type\":\"Organization\",\"@id\":\"https:\/\/gregorydamy.niceavocats.fr\/es\/#organization\",\"name\":\"Soci\u00e9t\u00e9 d'Avocats DAMY\",\"alternateName\":\"Gr\u00e9gory DAMY\",\"url\":\"https:\/\/gregorydamy.niceavocats.fr\/es\/\",\"logo\":{\"@type\":\"ImageObject\",\"inLanguage\":\"es\",\"@id\":\"https:\/\/gregorydamy.niceavocats.fr\/es\/#\/schema\/logo\/image\/\",\"url\":\"https:\/\/gregorydamy.niceavocats.fr\/wp-content\/uploads\/2023\/04\/damylogo-1.png\",\"contentUrl\":\"https:\/\/gregorydamy.niceavocats.fr\/wp-content\/uploads\/2023\/04\/damylogo-1.png\",\"width\":1890,\"height\":1417,\"caption\":\"Soci\u00e9t\u00e9 d'Avocats DAMY\"},\"image\":{\"@id\":\"https:\/\/gregorydamy.niceavocats.fr\/es\/#\/schema\/logo\/image\/\"},\"sameAs\":[\"https:\/\/www.facebook.com\/niceavocats.fr\/\"]},{\"@type\":\"Person\",\"@id\":\"https:\/\/gregorydamy.niceavocats.fr\/es\/#\/schema\/person\/64c9f9acb07431f6b55f72278b4a5d57\",\"name\":\"admin\",\"sameAs\":[\"https:\/\/gregorydamy.niceavocats.fr\"],\"url\":\"https:\/\/gregorydamy.niceavocats.fr\/es\/author\/admin_34\/\"}]}<\/script>\n<!-- \/ Yoast SEO plugin. -->","yoast_head_json":{"title":"AVOCAT NICE INDEMNISATION - La indemnizaci\u00f3n de las v\u00edctimas y el car\u00e1cter no restrictivo de la nomenclatura \"Dintilhac\". - Soci\u00e9t\u00e9 d&#039;avocats Damy","description":"AVOCAT NICE INDEMNISATION - La indemnizaci\u00f3n de las v\u00edctimas y el car\u00e1cter no restrictivo de la nomenclatura \"Dintilhac\".","robots":{"index":"index","follow":"follow","max-snippet":"max-snippet:-1","max-image-preview":"max-image-preview:large","max-video-preview":"max-video-preview:-1"},"canonical":"https:\/\/gregorydamy.niceavocats.fr\/es\/avocat-nice-indemnisation-la-indemnizacion-de-las-victimas-y-el-caracter-no-restrictivo-de-la-nomenclatura-dintilhac\/","og_locale":"es_ES","og_type":"article","og_title":"AVOCAT NICE INDEMNISATION - La indemnizaci\u00f3n de las v\u00edctimas y el car\u00e1cter no restrictivo de la nomenclatura \"Dintilhac\". - Soci\u00e9t\u00e9 d&#039;avocats Damy","og_description":"AVOCAT NICE INDEMNISATION - La indemnizaci\u00f3n de las v\u00edctimas y el car\u00e1cter no restrictivo de la nomenclatura \"Dintilhac\".","og_url":"https:\/\/gregorydamy.niceavocats.fr\/es\/avocat-nice-indemnisation-la-indemnizacion-de-las-victimas-y-el-caracter-no-restrictivo-de-la-nomenclatura-dintilhac\/","og_site_name":"Soci\u00e9t\u00e9 d&#039;avocats Damy","article_publisher":"https:\/\/www.facebook.com\/niceavocats.fr\/","article_published_time":"2024-05-15T15:09:22+00:00","article_modified_time":"2024-05-15T15:16:16+00:00","author":"admin","twitter_card":"summary_large_image","twitter_misc":{"Escrito por":"admin","Tiempo de lectura":"3 minutos"},"schema":{"@context":"https:\/\/schema.org","@graph":[{"@type":"Article","@id":"https:\/\/gregorydamy.niceavocats.fr\/es\/avocat-nice-indemnisation-la-indemnizacion-de-las-victimas-y-el-caracter-no-restrictivo-de-la-nomenclatura-dintilhac\/#article","isPartOf":{"@id":"https:\/\/gregorydamy.niceavocats.fr\/es\/avocat-nice-indemnisation-la-indemnizacion-de-las-victimas-y-el-caracter-no-restrictivo-de-la-nomenclatura-dintilhac\/"},"author":{"name":"admin","@id":"https:\/\/gregorydamy.niceavocats.fr\/es\/#\/schema\/person\/64c9f9acb07431f6b55f72278b4a5d57"},"headline":"AVOCAT NICE INDEMNISATION &#8211; La indemnizaci\u00f3n de las v\u00edctimas y el car\u00e1cter no restrictivo de la nomenclatura &#8220;Dintilhac&#8221;.","datePublished":"2024-05-15T15:09:22+00:00","dateModified":"2024-05-15T15:16:16+00:00","mainEntityOfPage":{"@id":"https:\/\/gregorydamy.niceavocats.fr\/es\/avocat-nice-indemnisation-la-indemnizacion-de-las-victimas-y-el-caracter-no-restrictivo-de-la-nomenclatura-dintilhac\/"},"wordCount":599,"publisher":{"@id":"https:\/\/gregorydamy.niceavocats.fr\/es\/#organization"},"inLanguage":"es"},{"@type":"WebPage","@id":"https:\/\/gregorydamy.niceavocats.fr\/es\/avocat-nice-indemnisation-la-indemnizacion-de-las-victimas-y-el-caracter-no-restrictivo-de-la-nomenclatura-dintilhac\/","url":"https:\/\/gregorydamy.niceavocats.fr\/es\/avocat-nice-indemnisation-la-indemnizacion-de-las-victimas-y-el-caracter-no-restrictivo-de-la-nomenclatura-dintilhac\/","name":"AVOCAT NICE INDEMNISATION - La indemnizaci\u00f3n de las v\u00edctimas y el car\u00e1cter no restrictivo de la nomenclatura \"Dintilhac\". - Soci\u00e9t\u00e9 d&#039;avocats Damy","isPartOf":{"@id":"https:\/\/gregorydamy.niceavocats.fr\/es\/#website"},"datePublished":"2024-05-15T15:09:22+00:00","dateModified":"2024-05-15T15:16:16+00:00","description":"AVOCAT NICE INDEMNISATION - La indemnizaci\u00f3n de las v\u00edctimas y el car\u00e1cter no restrictivo de la nomenclatura \"Dintilhac\".","breadcrumb":{"@id":"https:\/\/gregorydamy.niceavocats.fr\/es\/avocat-nice-indemnisation-la-indemnizacion-de-las-victimas-y-el-caracter-no-restrictivo-de-la-nomenclatura-dintilhac\/#breadcrumb"},"inLanguage":"es","potentialAction":[{"@type":"ReadAction","target":["https:\/\/gregorydamy.niceavocats.fr\/es\/avocat-nice-indemnisation-la-indemnizacion-de-las-victimas-y-el-caracter-no-restrictivo-de-la-nomenclatura-dintilhac\/"]}]},{"@type":"BreadcrumbList","@id":"https:\/\/gregorydamy.niceavocats.fr\/es\/avocat-nice-indemnisation-la-indemnizacion-de-las-victimas-y-el-caracter-no-restrictivo-de-la-nomenclatura-dintilhac\/#breadcrumb","itemListElement":[{"@type":"ListItem","position":1,"name":"Accueil","item":"https:\/\/gregorydamy.niceavocats.fr\/es\/"},{"@type":"ListItem","position":2,"name":"AVOCAT NICE INDEMNISATION &#8211; La indemnizaci\u00f3n de las v\u00edctimas y el car\u00e1cter no restrictivo de la nomenclatura \u00abDintilhac\u00bb."}]},{"@type":"WebSite","@id":"https:\/\/gregorydamy.niceavocats.fr\/es\/#website","url":"https:\/\/gregorydamy.niceavocats.fr\/es\/","name":"Soci\u00e9t\u00e9 d&#039;avocats Damy","description":"Justice - Confiance - Efficacit\u00e9","publisher":{"@id":"https:\/\/gregorydamy.niceavocats.fr\/es\/#organization"},"potentialAction":[{"@type":"SearchAction","target":{"@type":"EntryPoint","urlTemplate":"https:\/\/gregorydamy.niceavocats.fr\/es\/?s={search_term_string}"},"query-input":{"@type":"PropertyValueSpecification","valueRequired":true,"valueName":"search_term_string"}}],"inLanguage":"es"},{"@type":"Organization","@id":"https:\/\/gregorydamy.niceavocats.fr\/es\/#organization","name":"Soci\u00e9t\u00e9 d'Avocats DAMY","alternateName":"Gr\u00e9gory DAMY","url":"https:\/\/gregorydamy.niceavocats.fr\/es\/","logo":{"@type":"ImageObject","inLanguage":"es","@id":"https:\/\/gregorydamy.niceavocats.fr\/es\/#\/schema\/logo\/image\/","url":"https:\/\/gregorydamy.niceavocats.fr\/wp-content\/uploads\/2023\/04\/damylogo-1.png","contentUrl":"https:\/\/gregorydamy.niceavocats.fr\/wp-content\/uploads\/2023\/04\/damylogo-1.png","width":1890,"height":1417,"caption":"Soci\u00e9t\u00e9 d'Avocats DAMY"},"image":{"@id":"https:\/\/gregorydamy.niceavocats.fr\/es\/#\/schema\/logo\/image\/"},"sameAs":["https:\/\/www.facebook.com\/niceavocats.fr\/"]},{"@type":"Person","@id":"https:\/\/gregorydamy.niceavocats.fr\/es\/#\/schema\/person\/64c9f9acb07431f6b55f72278b4a5d57","name":"admin","sameAs":["https:\/\/gregorydamy.niceavocats.fr"],"url":"https:\/\/gregorydamy.niceavocats.fr\/es\/author\/admin_34\/"}]}},"_links":{"self":[{"href":"https:\/\/gregorydamy.niceavocats.fr\/es\/wp-json\/wp\/v2\/posts\/987508461","targetHints":{"allow":["GET"]}}],"collection":[{"href":"https:\/\/gregorydamy.niceavocats.fr\/es\/wp-json\/wp\/v2\/posts"}],"about":[{"href":"https:\/\/gregorydamy.niceavocats.fr\/es\/wp-json\/wp\/v2\/types\/post"}],"author":[{"embeddable":true,"href":"https:\/\/gregorydamy.niceavocats.fr\/es\/wp-json\/wp\/v2\/users\/1"}],"replies":[{"embeddable":true,"href":"https:\/\/gregorydamy.niceavocats.fr\/es\/wp-json\/wp\/v2\/comments?post=987508461"}],"version-history":[{"count":0,"href":"https:\/\/gregorydamy.niceavocats.fr\/es\/wp-json\/wp\/v2\/posts\/987508461\/revisions"}],"wp:attachment":[{"href":"https:\/\/gregorydamy.niceavocats.fr\/es\/wp-json\/wp\/v2\/media?parent=987508461"}],"wp:term":[{"taxonomy":"category","embeddable":true,"href":"https:\/\/gregorydamy.niceavocats.fr\/es\/wp-json\/wp\/v2\/categories?post=987508461"},{"taxonomy":"post_tag","embeddable":true,"href":"https:\/\/gregorydamy.niceavocats.fr\/es\/wp-json\/wp\/v2\/tags?post=987508461"}],"curies":[{"name":"wp","href":"https:\/\/api.w.org\/{rel}","templated":true}]}}