{"id":6388,"date":"2023-03-03T09:32:41","date_gmt":"2023-03-03T09:32:41","guid":{"rendered":"https:\/\/gregorydamy.niceavocats.fr\/?p=6388"},"modified":"2023-08-10T06:18:38","modified_gmt":"2023-08-10T06:18:38","slug":"examen-de-la-severidad-del-castigo","status":"publish","type":"post","link":"https:\/\/gregorydamy.niceavocats.fr\/es\/examen-de-la-severidad-del-castigo\/","title":{"rendered":"Estudio sobre el inter\u00e9s o no de la severidad de las penas"},"content":{"rendered":"<p>[et_pb_section fb_built=&#8221;1&#8243; _builder_version=&#8221;4.21.0&#8243; min_height=&#8221;475px&#8221; min_height_tablet=&#8221;623px&#8221; min_height_phone=&#8221;623px&#8221; min_height_last_edited=&#8221;on|tablet&#8221; height=&#8221;487px&#8221; height_tablet=&#8221;638px&#8221; height_phone=&#8221;635px&#8221; height_last_edited=&#8221;on|phone&#8221; max_height=&#8221;771px&#8221; max_height_tablet=&#8221;771px&#8221; max_height_phone=&#8221;638px&#8221; max_height_last_edited=&#8221;on|phone&#8221; locked=&#8221;off&#8221; global_colors_info=&#8221;{}&#8221;][et_pb_row column_structure=&#8221;1_3,1_3,1_3&#8243; _builder_version=&#8221;4.19.5&#8243; _module_preset=&#8221;default&#8221; background_enable_mask_style=&#8221;on&#8221; background_mask_style=&#8221;wave&#8221; background_mask_color=&#8221;rgba(0,0,0,0.08)&#8221; custom_padding=&#8221;||6px|||&#8221; locked=&#8221;off&#8221; global_colors_info=&#8221;{}&#8221;][et_pb_column type=&#8221;1_3&#8243; _builder_version=&#8221;4.19.5&#8243; _module_preset=&#8221;default&#8221; global_colors_info=&#8221;{}&#8221;][\/et_pb_column][et_pb_column type=&#8221;1_3&#8243; _builder_version=&#8221;4.19.5&#8243; _module_preset=&#8221;default&#8221; global_colors_info=&#8221;{}&#8221;][\/et_pb_column][et_pb_column type=&#8221;1_3&#8243; _builder_version=&#8221;4.19.5&#8243; _module_preset=&#8221;default&#8221; global_colors_info=&#8221;{}&#8221;][et_pb_circle_counter title=&#8221;Tiempo estimado de lectura (en minutos)&#8221; number=&#8221;2&#8243; percent_sign=&#8221;off&#8221; _builder_version=&#8221;4.21.0&#8243; _module_preset=&#8221;default&#8221; title_font=&#8221;Amiri||||||||&#8221; max_width=&#8221;137px&#8221; global_colors_info=&#8221;{}&#8221;][\/et_pb_circle_counter][\/et_pb_column][\/et_pb_row][et_pb_row _builder_version=&#8221;4.19.5&#8243; _module_preset=&#8221;default&#8221; global_colors_info=&#8221;{}&#8221;][et_pb_column type=&#8221;4_4&#8243; _builder_version=&#8221;4.19.5&#8243; _module_preset=&#8221;default&#8221; global_colors_info=&#8221;{}&#8221;][et_pb_divider _builder_version=&#8221;4.19.5&#8243; _module_preset=&#8221;default&#8221; global_colors_info=&#8221;{}&#8221;][\/et_pb_divider][et_pb_image src=&#8221;https:\/\/gregorydamy.niceavocats.fr\/wp-content\/uploads\/2023\/07\/gavel-3577255_1280-2.jpg&#8221; title_text=&#8221;gavel-3577255_1280-2&#8243; _builder_version=&#8221;4.21.0&#8243; _module_preset=&#8221;default&#8221; hover_enabled=&#8221;0&#8243; global_colors_info=&#8221;{}&#8221; sticky_enabled=&#8221;0&#8243;][\/et_pb_image][et_pb_text _builder_version=&#8221;4.21.0&#8243; text_font=&#8221;Amiri||||||||&#8221; background_size=&#8221;initial&#8221; background_position=&#8221;top_left&#8221; background_repeat=&#8221;repeat&#8221; hover_enabled=&#8221;0&#8243; global_colors_info=&#8221;{}&#8221; sticky_enabled=&#8221;0&#8243;]<\/p>\n<p><span>Consideraci\u00f3n de la dureza de las penas La cuesti\u00f3n de saber si la justicia debe ser a\u00fan m\u00e1s dura para evitar la reincidencia\u00a0<\/span><a href=\"https:\/\/www.justice.gouv.fr\/mesurer-comprendre-determinants-recidive\"><span>es<\/span><\/a><span>\u00a0una cuesti\u00f3n compleja y controvertida.\u00a0Si bien aumentar la severidad de la sentencia puede parecer una soluci\u00f3n l\u00f3gica, es importante considerar los factores subyacentes que contribuyen a la reincidencia y las posibles consecuencias no deseadas de medidas m\u00e1s severas.<\/span><\/p>\n<h2><span>El argumento para una mayor severidad: &#8211;<\/span><\/h2>\n<p><span>No hay duda de que la reincidencia plantea un desaf\u00edo importante para la sociedad.\u00a0De hecho, las medidas destinadas a prevenir la reincidencia se han multiplicado a lo largo de los a\u00f1os.\u00a0Estos incluyen una mejor supervisi\u00f3n y seguimiento, programas de rehabilitaci\u00f3n y servicios de apoyo comunitario.\u00a0Sin embargo, algunos argumentan que estas medidas no han sido suficientes para reducir las tasas de reincidencia, lo que lleva a pedir sentencias m\u00e1s duras como medida disuasoria.<\/span><\/p>\n<p><span>Los defensores de una mayor severidad argumentan que las penas m\u00e1s severas infundir\u00edan miedo y desalentar\u00edan a las personas de participar en conductas delictivas.\u00a0Creen que la amenaza de graves consecuencias disuadir\u00eda a los posibles infractores reincidentes, protegiendo as\u00ed a la sociedad.\u00a0Adem\u00e1s, argumentan que es necesario un mayor \u00e9nfasis en el castigo para garantizar la justicia para las v\u00edctimas y mantener la confianza del p\u00fablico en el sistema de justicia penal.<\/span><\/p>\n<h2><span>Los l\u00edmites de mayor gravedad: &#8211;<\/span><\/h2>\n<p><span>Sin embargo, es crucial considerar las posibles desventajas de un sistema de justicia m\u00e1s estricto.\u00a0Las investigaciones indican que la reincidencia a menudo est\u00e1 influenciada por una interacci\u00f3n compleja de factores como el estatus socioecon\u00f3mico, la educaci\u00f3n, la salud mental y el abuso de sustancias.\u00a0Centrarse \u00fanicamente en el castigo puede ignorar las causas subyacentes del comportamiento delictivo y no abordar de manera efectiva estos problemas fundamentales.<\/span><\/p>\n<p><span>Adem\u00e1s, las medidas excesivamente punitivas pueden dar lugar a una serie de consecuencias no deseadas.\u00a0<span class=\"\">Las largas sentencias de prisi\u00f3n, por ejemplo, pueden contribuir al hacinamiento en las instalaciones correccionales, agotar los recursos y aumentar los costos para los contribuyentes.\u00a0<\/span>Las sentencias m\u00e1s severas tambi\u00e9n pueden exacerbar los problemas de reintegraci\u00f3n en la sociedad, ya que las personas que han cumplido su condena pueden tener dificultades para encontrar un trabajo o reintegrarse en su comunidad, lo que aumenta el riesgo de reincidencia.<\/span><\/p>\n<p><span>En lugar de depender \u00fanicamente de una mayor gravedad, se necesita un enfoque hol\u00edstico para abordar de manera efectiva la reincidencia.\u00a0Esto incluye un enfoque en la prevenci\u00f3n a trav\u00e9s de programas de intervenci\u00f3n temprana, mejorando el acceso a la educaci\u00f3n y las oportunidades de empleo, y brindando servicios s\u00f3lidos de rehabilitaci\u00f3n y apoyo durante y despu\u00e9s del encarcelamiento.\u00a0<span class=\"\">Al abordar las causas subyacentes del comportamiento delictivo y promover una reintegraci\u00f3n exitosa, la sociedad puede trabajar para reducir las tasas de reincidencia sin comprometer los principios de justicia.<\/span><\/span><\/p>\n<p><a href=\"https:\/\/gregorydamy.niceavocats.fr\/\"><span>Bufete de abogados DAMY<\/span><\/a><\/p>\n<p>[\/et_pb_text][\/et_pb_column][\/et_pb_row][et_pb_row _builder_version=&#8221;4.19.5&#8243; background_size=&#8221;initial&#8221; background_position=&#8221;top_left&#8221; background_repeat=&#8221;repeat&#8221; custom_padding=&#8221;0px||0px||false|false&#8221; global_colors_info=&#8221;{}&#8221;][et_pb_column type=&#8221;4_4&#8243; _builder_version=&#8221;4.16&#8243; custom_padding=&#8221;|||&#8221; global_colors_info=&#8221;{}&#8221; custom_padding__hover=&#8221;|||&#8221;][\/et_pb_column][\/et_pb_row][\/et_pb_section]<\/p>\n","protected":false},"excerpt":{"rendered":"<p>Consideraci\u00f3n de la dureza de las penas La cuesti\u00f3n de saber si la justicia debe ser a\u00fan m\u00e1s dura para evitar la reincidencia\u00a0es\u00a0una cuesti\u00f3n compleja y controvertida.\u00a0Si bien aumentar la severidad de la sentencia puede parecer una soluci\u00f3n l\u00f3gica, es importante considerar los factores subyacentes que contribuyen a la reincidencia y las posibles consecuencias no [&hellip;]<\/p>\n","protected":false},"author":2,"featured_media":0,"comment_status":"open","ping_status":"open","sticky":false,"template":"","format":"standard","meta":{"_et_pb_use_builder":"on","_et_pb_old_content":"<p>[et_pb_section][et_pb_row][et_pb_column type=\"4_4\"][et_pb_text]<\/p><p>Se han multiplicado las medidas para evitar la reincidencia, pero \u00bfdebe ser a\u00fan m\u00e1s severa la justicia para evitar que un condenado vuelva a delinquir?<\/p><p>[\/et_pb_text][\/et_pb_column][\/et_pb_row][\/et_pb_section]<\/p>","_et_gb_content_width":"","footnotes":""},"categories":[],"tags":[],"class_list":["post-6388","post","type-post","status-publish","format-standard","hentry"],"yoast_head":"<!-- This site is optimized with the Yoast SEO plugin v26.8 - https:\/\/yoast.com\/product\/yoast-seo-wordpress\/ -->\n<title>Estudio sobre el inter\u00e9s o no de la severidad de las penas - Soci\u00e9t\u00e9 d&#039;avocats Damy<\/title>\n<meta name=\"description\" content=\"Examen de la severidad del castigo La cuesti\u00f3n de si la justicia debe ser a\u00fan m\u00e1s severa para prevenir la reincidencia es un tema complejo.\" \/>\n<meta name=\"robots\" content=\"index, follow, max-snippet:-1, max-image-preview:large, max-video-preview:-1\" \/>\n<link rel=\"canonical\" href=\"https:\/\/gregorydamy.niceavocats.fr\/es\/examen-de-la-severidad-del-castigo\/\" \/>\n<meta property=\"og:locale\" content=\"es_ES\" \/>\n<meta property=\"og:type\" content=\"article\" \/>\n<meta property=\"og:title\" content=\"Estudio sobre el inter\u00e9s o no de la severidad de las penas - Soci\u00e9t\u00e9 d&#039;avocats Damy\" \/>\n<meta property=\"og:description\" content=\"Examen de la severidad del castigo La cuesti\u00f3n de si la justicia debe ser a\u00fan m\u00e1s severa para prevenir la reincidencia es un tema complejo.\" \/>\n<meta property=\"og:url\" content=\"https:\/\/gregorydamy.niceavocats.fr\/es\/examen-de-la-severidad-del-castigo\/\" \/>\n<meta property=\"og:site_name\" content=\"Soci\u00e9t\u00e9 d&#039;avocats Damy\" \/>\n<meta property=\"article:publisher\" content=\"https:\/\/www.facebook.com\/niceavocats.fr\/\" \/>\n<meta property=\"article:published_time\" content=\"2023-03-03T09:32:41+00:00\" \/>\n<meta property=\"article:modified_time\" content=\"2023-08-10T06:18:38+00:00\" \/>\n<meta name=\"author\" content=\"Kevin\" \/>\n<meta name=\"twitter:card\" content=\"summary_large_image\" \/>\n<meta name=\"twitter:label1\" content=\"Escrito por\" \/>\n\t<meta name=\"twitter:data1\" content=\"Kevin\" \/>\n\t<meta name=\"twitter:label2\" content=\"Tiempo de lectura\" \/>\n\t<meta name=\"twitter:data2\" content=\"3 minutos\" \/>\n<script type=\"application\/ld+json\" class=\"yoast-schema-graph\">{\"@context\":\"https:\/\/schema.org\",\"@graph\":[{\"@type\":\"Article\",\"@id\":\"https:\/\/gregorydamy.niceavocats.fr\/es\/examen-de-la-severidad-del-castigo\/#article\",\"isPartOf\":{\"@id\":\"https:\/\/gregorydamy.niceavocats.fr\/es\/examen-de-la-severidad-del-castigo\/\"},\"author\":{\"name\":\"Kevin\",\"@id\":\"https:\/\/gregorydamy.niceavocats.fr\/es\/#\/schema\/person\/e040acb2856efaa1e114d0e7a92a3870\"},\"headline\":\"Estudio sobre el inter\u00e9s o no de la severidad de las penas\",\"datePublished\":\"2023-03-03T09:32:41+00:00\",\"dateModified\":\"2023-08-10T06:18:38+00:00\",\"mainEntityOfPage\":{\"@id\":\"https:\/\/gregorydamy.niceavocats.fr\/es\/examen-de-la-severidad-del-castigo\/\"},\"wordCount\":837,\"commentCount\":0,\"publisher\":{\"@id\":\"https:\/\/gregorydamy.niceavocats.fr\/es\/#organization\"},\"inLanguage\":\"es\",\"potentialAction\":[{\"@type\":\"CommentAction\",\"name\":\"Comment\",\"target\":[\"https:\/\/gregorydamy.niceavocats.fr\/es\/examen-de-la-severidad-del-castigo\/#respond\"]}]},{\"@type\":\"WebPage\",\"@id\":\"https:\/\/gregorydamy.niceavocats.fr\/es\/examen-de-la-severidad-del-castigo\/\",\"url\":\"https:\/\/gregorydamy.niceavocats.fr\/es\/examen-de-la-severidad-del-castigo\/\",\"name\":\"Estudio sobre el inter\u00e9s o no de la severidad de las penas - Soci\u00e9t\u00e9 d&#039;avocats Damy\",\"isPartOf\":{\"@id\":\"https:\/\/gregorydamy.niceavocats.fr\/es\/#website\"},\"datePublished\":\"2023-03-03T09:32:41+00:00\",\"dateModified\":\"2023-08-10T06:18:38+00:00\",\"description\":\"Examen de la severidad del castigo La cuesti\u00f3n de si la justicia debe ser a\u00fan m\u00e1s severa para prevenir la reincidencia es un tema complejo.\",\"breadcrumb\":{\"@id\":\"https:\/\/gregorydamy.niceavocats.fr\/es\/examen-de-la-severidad-del-castigo\/#breadcrumb\"},\"inLanguage\":\"es\",\"potentialAction\":[{\"@type\":\"ReadAction\",\"target\":[\"https:\/\/gregorydamy.niceavocats.fr\/es\/examen-de-la-severidad-del-castigo\/\"]}]},{\"@type\":\"BreadcrumbList\",\"@id\":\"https:\/\/gregorydamy.niceavocats.fr\/es\/examen-de-la-severidad-del-castigo\/#breadcrumb\",\"itemListElement\":[{\"@type\":\"ListItem\",\"position\":1,\"name\":\"Accueil\",\"item\":\"https:\/\/gregorydamy.niceavocats.fr\/es\/\"},{\"@type\":\"ListItem\",\"position\":2,\"name\":\"Estudio sobre el inter\u00e9s o no de la severidad de las penas\"}]},{\"@type\":\"WebSite\",\"@id\":\"https:\/\/gregorydamy.niceavocats.fr\/es\/#website\",\"url\":\"https:\/\/gregorydamy.niceavocats.fr\/es\/\",\"name\":\"Soci\u00e9t\u00e9 d&#039;avocats Damy\",\"description\":\"Justice - Confiance - Efficacit\u00e9\",\"publisher\":{\"@id\":\"https:\/\/gregorydamy.niceavocats.fr\/es\/#organization\"},\"potentialAction\":[{\"@type\":\"SearchAction\",\"target\":{\"@type\":\"EntryPoint\",\"urlTemplate\":\"https:\/\/gregorydamy.niceavocats.fr\/es\/?s={search_term_string}\"},\"query-input\":{\"@type\":\"PropertyValueSpecification\",\"valueRequired\":true,\"valueName\":\"search_term_string\"}}],\"inLanguage\":\"es\"},{\"@type\":\"Organization\",\"@id\":\"https:\/\/gregorydamy.niceavocats.fr\/es\/#organization\",\"name\":\"Soci\u00e9t\u00e9 d'Avocats DAMY\",\"alternateName\":\"Gr\u00e9gory DAMY\",\"url\":\"https:\/\/gregorydamy.niceavocats.fr\/es\/\",\"logo\":{\"@type\":\"ImageObject\",\"inLanguage\":\"es\",\"@id\":\"https:\/\/gregorydamy.niceavocats.fr\/es\/#\/schema\/logo\/image\/\",\"url\":\"https:\/\/gregorydamy.niceavocats.fr\/wp-content\/uploads\/2023\/04\/damylogo-1.png\",\"contentUrl\":\"https:\/\/gregorydamy.niceavocats.fr\/wp-content\/uploads\/2023\/04\/damylogo-1.png\",\"width\":1890,\"height\":1417,\"caption\":\"Soci\u00e9t\u00e9 d'Avocats DAMY\"},\"image\":{\"@id\":\"https:\/\/gregorydamy.niceavocats.fr\/es\/#\/schema\/logo\/image\/\"},\"sameAs\":[\"https:\/\/www.facebook.com\/niceavocats.fr\/\"]},{\"@type\":\"Person\",\"@id\":\"https:\/\/gregorydamy.niceavocats.fr\/es\/#\/schema\/person\/e040acb2856efaa1e114d0e7a92a3870\",\"name\":\"Kevin\",\"url\":\"https:\/\/gregorydamy.niceavocats.fr\/es\/author\/kevin\/\"}]}<\/script>\n<!-- \/ Yoast SEO plugin. -->","yoast_head_json":{"title":"Estudio sobre el inter\u00e9s o no de la severidad de las penas - Soci\u00e9t\u00e9 d&#039;avocats Damy","description":"Examen de la severidad del castigo La cuesti\u00f3n de si la justicia debe ser a\u00fan m\u00e1s severa para prevenir la reincidencia es un tema complejo.","robots":{"index":"index","follow":"follow","max-snippet":"max-snippet:-1","max-image-preview":"max-image-preview:large","max-video-preview":"max-video-preview:-1"},"canonical":"https:\/\/gregorydamy.niceavocats.fr\/es\/examen-de-la-severidad-del-castigo\/","og_locale":"es_ES","og_type":"article","og_title":"Estudio sobre el inter\u00e9s o no de la severidad de las penas - Soci\u00e9t\u00e9 d&#039;avocats Damy","og_description":"Examen de la severidad del castigo La cuesti\u00f3n de si la justicia debe ser a\u00fan m\u00e1s severa para prevenir la reincidencia es un tema complejo.","og_url":"https:\/\/gregorydamy.niceavocats.fr\/es\/examen-de-la-severidad-del-castigo\/","og_site_name":"Soci\u00e9t\u00e9 d&#039;avocats Damy","article_publisher":"https:\/\/www.facebook.com\/niceavocats.fr\/","article_published_time":"2023-03-03T09:32:41+00:00","article_modified_time":"2023-08-10T06:18:38+00:00","author":"Kevin","twitter_card":"summary_large_image","twitter_misc":{"Escrito por":"Kevin","Tiempo de lectura":"3 minutos"},"schema":{"@context":"https:\/\/schema.org","@graph":[{"@type":"Article","@id":"https:\/\/gregorydamy.niceavocats.fr\/es\/examen-de-la-severidad-del-castigo\/#article","isPartOf":{"@id":"https:\/\/gregorydamy.niceavocats.fr\/es\/examen-de-la-severidad-del-castigo\/"},"author":{"name":"Kevin","@id":"https:\/\/gregorydamy.niceavocats.fr\/es\/#\/schema\/person\/e040acb2856efaa1e114d0e7a92a3870"},"headline":"Estudio sobre el inter\u00e9s o no de la severidad de las penas","datePublished":"2023-03-03T09:32:41+00:00","dateModified":"2023-08-10T06:18:38+00:00","mainEntityOfPage":{"@id":"https:\/\/gregorydamy.niceavocats.fr\/es\/examen-de-la-severidad-del-castigo\/"},"wordCount":837,"commentCount":0,"publisher":{"@id":"https:\/\/gregorydamy.niceavocats.fr\/es\/#organization"},"inLanguage":"es","potentialAction":[{"@type":"CommentAction","name":"Comment","target":["https:\/\/gregorydamy.niceavocats.fr\/es\/examen-de-la-severidad-del-castigo\/#respond"]}]},{"@type":"WebPage","@id":"https:\/\/gregorydamy.niceavocats.fr\/es\/examen-de-la-severidad-del-castigo\/","url":"https:\/\/gregorydamy.niceavocats.fr\/es\/examen-de-la-severidad-del-castigo\/","name":"Estudio sobre el inter\u00e9s o no de la severidad de las penas - Soci\u00e9t\u00e9 d&#039;avocats Damy","isPartOf":{"@id":"https:\/\/gregorydamy.niceavocats.fr\/es\/#website"},"datePublished":"2023-03-03T09:32:41+00:00","dateModified":"2023-08-10T06:18:38+00:00","description":"Examen de la severidad del castigo La cuesti\u00f3n de si la justicia debe ser a\u00fan m\u00e1s severa para prevenir la reincidencia es un tema complejo.","breadcrumb":{"@id":"https:\/\/gregorydamy.niceavocats.fr\/es\/examen-de-la-severidad-del-castigo\/#breadcrumb"},"inLanguage":"es","potentialAction":[{"@type":"ReadAction","target":["https:\/\/gregorydamy.niceavocats.fr\/es\/examen-de-la-severidad-del-castigo\/"]}]},{"@type":"BreadcrumbList","@id":"https:\/\/gregorydamy.niceavocats.fr\/es\/examen-de-la-severidad-del-castigo\/#breadcrumb","itemListElement":[{"@type":"ListItem","position":1,"name":"Accueil","item":"https:\/\/gregorydamy.niceavocats.fr\/es\/"},{"@type":"ListItem","position":2,"name":"Estudio sobre el inter\u00e9s o no de la severidad de las penas"}]},{"@type":"WebSite","@id":"https:\/\/gregorydamy.niceavocats.fr\/es\/#website","url":"https:\/\/gregorydamy.niceavocats.fr\/es\/","name":"Soci\u00e9t\u00e9 d&#039;avocats Damy","description":"Justice - Confiance - Efficacit\u00e9","publisher":{"@id":"https:\/\/gregorydamy.niceavocats.fr\/es\/#organization"},"potentialAction":[{"@type":"SearchAction","target":{"@type":"EntryPoint","urlTemplate":"https:\/\/gregorydamy.niceavocats.fr\/es\/?s={search_term_string}"},"query-input":{"@type":"PropertyValueSpecification","valueRequired":true,"valueName":"search_term_string"}}],"inLanguage":"es"},{"@type":"Organization","@id":"https:\/\/gregorydamy.niceavocats.fr\/es\/#organization","name":"Soci\u00e9t\u00e9 d'Avocats DAMY","alternateName":"Gr\u00e9gory DAMY","url":"https:\/\/gregorydamy.niceavocats.fr\/es\/","logo":{"@type":"ImageObject","inLanguage":"es","@id":"https:\/\/gregorydamy.niceavocats.fr\/es\/#\/schema\/logo\/image\/","url":"https:\/\/gregorydamy.niceavocats.fr\/wp-content\/uploads\/2023\/04\/damylogo-1.png","contentUrl":"https:\/\/gregorydamy.niceavocats.fr\/wp-content\/uploads\/2023\/04\/damylogo-1.png","width":1890,"height":1417,"caption":"Soci\u00e9t\u00e9 d'Avocats DAMY"},"image":{"@id":"https:\/\/gregorydamy.niceavocats.fr\/es\/#\/schema\/logo\/image\/"},"sameAs":["https:\/\/www.facebook.com\/niceavocats.fr\/"]},{"@type":"Person","@id":"https:\/\/gregorydamy.niceavocats.fr\/es\/#\/schema\/person\/e040acb2856efaa1e114d0e7a92a3870","name":"Kevin","url":"https:\/\/gregorydamy.niceavocats.fr\/es\/author\/kevin\/"}]}},"_links":{"self":[{"href":"https:\/\/gregorydamy.niceavocats.fr\/es\/wp-json\/wp\/v2\/posts\/6388","targetHints":{"allow":["GET"]}}],"collection":[{"href":"https:\/\/gregorydamy.niceavocats.fr\/es\/wp-json\/wp\/v2\/posts"}],"about":[{"href":"https:\/\/gregorydamy.niceavocats.fr\/es\/wp-json\/wp\/v2\/types\/post"}],"author":[{"embeddable":true,"href":"https:\/\/gregorydamy.niceavocats.fr\/es\/wp-json\/wp\/v2\/users\/2"}],"replies":[{"embeddable":true,"href":"https:\/\/gregorydamy.niceavocats.fr\/es\/wp-json\/wp\/v2\/comments?post=6388"}],"version-history":[{"count":0,"href":"https:\/\/gregorydamy.niceavocats.fr\/es\/wp-json\/wp\/v2\/posts\/6388\/revisions"}],"wp:attachment":[{"href":"https:\/\/gregorydamy.niceavocats.fr\/es\/wp-json\/wp\/v2\/media?parent=6388"}],"wp:term":[{"taxonomy":"category","embeddable":true,"href":"https:\/\/gregorydamy.niceavocats.fr\/es\/wp-json\/wp\/v2\/categories?post=6388"},{"taxonomy":"post_tag","embeddable":true,"href":"https:\/\/gregorydamy.niceavocats.fr\/es\/wp-json\/wp\/v2\/tags?post=6388"}],"curies":[{"name":"wp","href":"https:\/\/api.w.org\/{rel}","templated":true}]}}