{"id":6295,"date":"2008-06-10T19:32:08","date_gmt":"2008-06-10T19:32:08","guid":{"rendered":"https:\/\/gregorydamy.niceavocats.fr\/?p=6295"},"modified":"2023-08-12T11:54:51","modified_gmt":"2023-08-12T11:54:51","slug":"monaco-incapacidad-matrimonio-nacionalidad","status":"publish","type":"post","link":"https:\/\/gregorydamy.niceavocats.fr\/es\/monaco-incapacidad-matrimonio-nacionalidad\/","title":{"rendered":"M\u00f3naco y su relaci\u00f3n con la ONU"},"content":{"rendered":"<p>[et_pb_section fb_built=&#8221;1&#8243; admin_label=&#8221;section&#8221; _builder_version=&#8221;4.19.5&#8243; custom_margin=&#8221;||0px||false|false&#8221; custom_padding=&#8221;||0px||false|false&#8221; locked=&#8221;off&#8221; global_colors_info=&#8221;{}&#8221;][et_pb_row column_structure=&#8221;1_3,1_3,1_3&#8243; _builder_version=&#8221;4.19.5&#8243; _module_preset=&#8221;default&#8221; background_enable_mask_style=&#8221;on&#8221; background_mask_style=&#8221;wave&#8221; background_mask_color=&#8221;rgba(0,0,0,0.08)&#8221; custom_padding=&#8221;||6px|||&#8221; locked=&#8221;off&#8221; global_colors_info=&#8221;{}&#8221;][et_pb_column type=&#8221;1_3&#8243; _builder_version=&#8221;4.19.5&#8243; _module_preset=&#8221;default&#8221; global_colors_info=&#8221;{}&#8221;][\/et_pb_column][et_pb_column type=&#8221;1_3&#8243; _builder_version=&#8221;4.19.5&#8243; _module_preset=&#8221;default&#8221; global_colors_info=&#8221;{}&#8221;][\/et_pb_column][et_pb_column type=&#8221;1_3&#8243; _builder_version=&#8221;4.19.5&#8243; _module_preset=&#8221;default&#8221; global_colors_info=&#8221;{}&#8221;][et_pb_circle_counter title=&#8221;Tiempo estimado de lectura (en minutos)&#8221; number=&#8221;2&#8243; percent_sign=&#8221;off&#8221; _builder_version=&#8221;4.20.2&#8243; _module_preset=&#8221;default&#8221; title_font=&#8221;Amiri||||||||&#8221; max_width=&#8221;137px&#8221; global_colors_info=&#8221;{}&#8221;][\/et_pb_circle_counter][\/et_pb_column][\/et_pb_row][et_pb_row _builder_version=&#8221;4.19.5&#8243; _module_preset=&#8221;default&#8221; custom_margin=&#8221;||0px||false|false&#8221; custom_padding=&#8221;||0px||false|false&#8221; global_colors_info=&#8221;{}&#8221;][et_pb_column type=&#8221;4_4&#8243; _builder_version=&#8221;4.19.5&#8243; _module_preset=&#8221;default&#8221; global_colors_info=&#8221;{}&#8221;][et_pb_divider _builder_version=&#8221;4.19.5&#8243; _module_preset=&#8221;default&#8221; global_colors_info=&#8221;{}&#8221;][\/et_pb_divider][\/et_pb_column][\/et_pb_row][et_pb_row admin_label=&#8221;row&#8221; _builder_version=&#8221;4.16&#8243; background_size=&#8221;initial&#8221; background_position=&#8221;top_left&#8221; background_repeat=&#8221;repeat&#8221; global_colors_info=&#8221;{}&#8221;][et_pb_column type=&#8221;4_4&#8243; _builder_version=&#8221;4.16&#8243; custom_padding=&#8221;|||&#8221; global_colors_info=&#8221;{}&#8221; custom_padding__hover=&#8221;|||&#8221;][et_pb_image _builder_version=&#8221;4.21.0&#8243; _module_preset=&#8221;default&#8221; title_text=&#8221;photopalaismonaco&#8221; src=&#8221;https:\/\/gregorydamy.niceavocats.fr\/wp-content\/uploads\/2008\/06\/photopalaismonaco-1.jpg&#8221; hover_enabled=&#8221;0&#8243; sticky_enabled=&#8221;0&#8243;][\/et_pb_image][et_pb_text admin_label=&#8221;Text&#8221; _builder_version=&#8221;4.21.0&#8243; text_font=&#8221;Amiri||||||||&#8221; header_2_font=&#8221;Amiri||||||||&#8221; header_3_font=&#8221;Amiri||||||||&#8221; background_size=&#8221;initial&#8221; background_position=&#8221;top_left&#8221; background_repeat=&#8221;repeat&#8221; hover_enabled=&#8221;0&#8243; global_colors_info=&#8221;{}&#8221; sticky_enabled=&#8221;0&#8243;]<\/p>\n<div class=\"entry-content\">\n<h2><span>La Constituci\u00f3n del 17 de diciembre de 1962, enmendada por la Ley n\u00ba 1.249 del 2 de abril de 2002, afirma que el Principado de M\u00f3naco es un Estado soberano e independiente en el marco de los principios generales del derecho internacional y convenios espec\u00edficos con Francia (Const. , art. 1).\u00a0Establece que el principio de gobierno es la monarqu\u00eda hereditaria y constitucional.\u00a0El Principado es un Estado regido por el Estado de derecho sujeto al respeto de los derechos y libertades fundamentales (Const., art. 2).<\/span><\/h2>\n<p>&nbsp;<\/p>\n<p><span>El Principado de M\u00f3naco, un estado de 195 hect\u00e1reas, est\u00e1 sin salida al mar en el departamento de los Alpes Mar\u00edtimos, cerca de la frontera con Italia, a orillas del Mediterr\u00e1neo.\u00a0La poblaci\u00f3n es de treinta y cinco mil habitantes por un n\u00famero de nacionales del orden de siete mil quinientas personas.\u00a0<span class=\"VIpgJd-yAWNEb-VIpgJd-fmcmS-sn54Q\">Si bien numerosos tratados bilaterales han asegurado la soberan\u00eda y la independencia del Principado de M\u00f3naco a lo largo de su historia, el reconocimiento internacional del Principado de M\u00f3naco se ha consagrado con su admisi\u00f3n en la Organizaci\u00f3n de las Naciones Unidas, de la que se convirti\u00f3 en el 183\u00ba Estado miembro el 28 de mayo. 1993.<\/span><\/span><\/p>\n<p>&nbsp;<\/p>\n<p><a href=\"https:\/\/gregorydamy.niceavocats.fr\/wp-content\/uploads\/2008\/06\/MONACO_INCAPACITE.pdf\" target=\"_new\" rel=\"noopener\"><span><span class=\"\">Descarga el art\u00edculo publicado en &#8220;Lexis Nexis&#8221; en formato pdf<\/span><\/span><\/a><\/p>\n<p>&nbsp;<\/p>\n<p><a href=\"https:\/\/gregorydamy.niceavocats.fr\/\"><span>Ma\u00eetre Gr\u00e9gory DAMY<\/span><\/a><span>\u00a0, Abogado, Niza y M\u00f3naco<\/span><\/p>\n<\/div>\n<p>[\/et_pb_text][\/et_pb_column][\/et_pb_row][et_pb_row _builder_version=&#8221;4.19.5&#8243; _module_preset=&#8221;default&#8221; custom_margin=&#8221;||0px||false|false&#8221; custom_padding=&#8221;||0px||false|false&#8221; global_colors_info=&#8221;{}&#8221;][et_pb_column type=&#8221;4_4&#8243; _builder_version=&#8221;4.19.5&#8243; _module_preset=&#8221;default&#8221; global_colors_info=&#8221;{}&#8221;][et_pb_divider _builder_version=&#8221;4.19.5&#8243; _module_preset=&#8221;default&#8221; global_colors_info=&#8221;{}&#8221;][\/et_pb_divider][\/et_pb_column][\/et_pb_row][\/et_pb_section]<\/p>\n","protected":false},"excerpt":{"rendered":"<p>La Constituci\u00f3n del 17 de diciembre de 1962, enmendada por la Ley n\u00ba 1.249 del 2 de abril de 2002, afirma que el Principado de M\u00f3naco es un Estado soberano e independiente en el marco de los principios generales del derecho internacional y convenios espec\u00edficos con Francia (Const. , art. 1).\u00a0Establece que el principio de [&hellip;]<\/p>\n","protected":false},"author":2,"featured_media":36509,"comment_status":"open","ping_status":"open","sticky":false,"template":"","format":"standard","meta":{"_et_pb_use_builder":"on","_et_pb_old_content":"","_et_gb_content_width":"","footnotes":""},"categories":[329],"tags":[],"class_list":["post-6295","post","type-post","status-publish","format-standard","has-post-thumbnail","hentry","category-derecho-monegasco"],"yoast_head":"<!-- This site is optimized with the Yoast SEO plugin v26.8 - https:\/\/yoast.com\/product\/yoast-seo-wordpress\/ -->\n<title>M\u00f3naco y su relaci\u00f3n con la ONU - Soci\u00e9t\u00e9 d&#039;avocats Damy<\/title>\n<meta name=\"description\" content=\"M\u00f3naco y su relaci\u00f3n con la ONU La Constituci\u00f3n del 17 de diciembre de 1962, enmendada por la Ley n\u00ba 1.249 del 2 de abril de 2002,\" \/>\n<meta name=\"robots\" content=\"index, follow, max-snippet:-1, max-image-preview:large, max-video-preview:-1\" \/>\n<link rel=\"canonical\" href=\"https:\/\/gregorydamy.niceavocats.fr\/es\/monaco-incapacidad-matrimonio-nacionalidad\/\" \/>\n<meta property=\"og:locale\" content=\"es_ES\" \/>\n<meta property=\"og:type\" content=\"article\" \/>\n<meta property=\"og:title\" content=\"M\u00f3naco y su relaci\u00f3n con la ONU - Soci\u00e9t\u00e9 d&#039;avocats Damy\" \/>\n<meta property=\"og:description\" content=\"M\u00f3naco y su relaci\u00f3n con la ONU La Constituci\u00f3n del 17 de diciembre de 1962, enmendada por la Ley n\u00ba 1.249 del 2 de abril de 2002,\" \/>\n<meta property=\"og:url\" content=\"https:\/\/gregorydamy.niceavocats.fr\/es\/monaco-incapacidad-matrimonio-nacionalidad\/\" \/>\n<meta property=\"og:site_name\" content=\"Soci\u00e9t\u00e9 d&#039;avocats Damy\" \/>\n<meta property=\"article:publisher\" content=\"https:\/\/www.facebook.com\/niceavocats.fr\/\" \/>\n<meta property=\"article:published_time\" content=\"2008-06-10T19:32:08+00:00\" \/>\n<meta property=\"article:modified_time\" content=\"2023-08-12T11:54:51+00:00\" \/>\n<meta name=\"author\" content=\"Kevin\" \/>\n<meta name=\"twitter:card\" content=\"summary_large_image\" \/>\n<meta name=\"twitter:label1\" content=\"Escrito por\" \/>\n\t<meta name=\"twitter:data1\" content=\"Kevin\" \/>\n\t<meta name=\"twitter:label2\" content=\"Tiempo de lectura\" \/>\n\t<meta name=\"twitter:data2\" content=\"2 minutos\" \/>\n<script type=\"application\/ld+json\" class=\"yoast-schema-graph\">{\"@context\":\"https:\/\/schema.org\",\"@graph\":[{\"@type\":\"Article\",\"@id\":\"https:\/\/gregorydamy.niceavocats.fr\/es\/monaco-incapacidad-matrimonio-nacionalidad\/#article\",\"isPartOf\":{\"@id\":\"https:\/\/gregorydamy.niceavocats.fr\/es\/monaco-incapacidad-matrimonio-nacionalidad\/\"},\"author\":{\"name\":\"Kevin\",\"@id\":\"https:\/\/gregorydamy.niceavocats.fr\/es\/#\/schema\/person\/e040acb2856efaa1e114d0e7a92a3870\"},\"headline\":\"M\u00f3naco y su relaci\u00f3n con la ONU\",\"datePublished\":\"2008-06-10T19:32:08+00:00\",\"dateModified\":\"2023-08-12T11:54:51+00:00\",\"mainEntityOfPage\":{\"@id\":\"https:\/\/gregorydamy.niceavocats.fr\/es\/monaco-incapacidad-matrimonio-nacionalidad\/\"},\"wordCount\":582,\"commentCount\":0,\"publisher\":{\"@id\":\"https:\/\/gregorydamy.niceavocats.fr\/es\/#organization\"},\"image\":{\"@id\":\"https:\/\/gregorydamy.niceavocats.fr\/es\/monaco-incapacidad-matrimonio-nacionalidad\/#primaryimage\"},\"thumbnailUrl\":\"https:\/\/gregorydamy.niceavocats.fr\/wp-content\/uploads\/2023\/08\/taxes-4326713_1280-2.jpg\",\"articleSection\":[\"Derecho monegasco\"],\"inLanguage\":\"es\",\"potentialAction\":[{\"@type\":\"CommentAction\",\"name\":\"Comment\",\"target\":[\"https:\/\/gregorydamy.niceavocats.fr\/es\/monaco-incapacidad-matrimonio-nacionalidad\/#respond\"]}]},{\"@type\":\"WebPage\",\"@id\":\"https:\/\/gregorydamy.niceavocats.fr\/es\/monaco-incapacidad-matrimonio-nacionalidad\/\",\"url\":\"https:\/\/gregorydamy.niceavocats.fr\/es\/monaco-incapacidad-matrimonio-nacionalidad\/\",\"name\":\"M\u00f3naco y su relaci\u00f3n con la ONU - Soci\u00e9t\u00e9 d&#039;avocats Damy\",\"isPartOf\":{\"@id\":\"https:\/\/gregorydamy.niceavocats.fr\/es\/#website\"},\"primaryImageOfPage\":{\"@id\":\"https:\/\/gregorydamy.niceavocats.fr\/es\/monaco-incapacidad-matrimonio-nacionalidad\/#primaryimage\"},\"image\":{\"@id\":\"https:\/\/gregorydamy.niceavocats.fr\/es\/monaco-incapacidad-matrimonio-nacionalidad\/#primaryimage\"},\"thumbnailUrl\":\"https:\/\/gregorydamy.niceavocats.fr\/wp-content\/uploads\/2023\/08\/taxes-4326713_1280-2.jpg\",\"datePublished\":\"2008-06-10T19:32:08+00:00\",\"dateModified\":\"2023-08-12T11:54:51+00:00\",\"description\":\"M\u00f3naco y su relaci\u00f3n con la ONU La Constituci\u00f3n del 17 de diciembre de 1962, enmendada por la Ley n\u00ba 1.249 del 2 de abril de 2002,\",\"breadcrumb\":{\"@id\":\"https:\/\/gregorydamy.niceavocats.fr\/es\/monaco-incapacidad-matrimonio-nacionalidad\/#breadcrumb\"},\"inLanguage\":\"es\",\"potentialAction\":[{\"@type\":\"ReadAction\",\"target\":[\"https:\/\/gregorydamy.niceavocats.fr\/es\/monaco-incapacidad-matrimonio-nacionalidad\/\"]}]},{\"@type\":\"ImageObject\",\"inLanguage\":\"es\",\"@id\":\"https:\/\/gregorydamy.niceavocats.fr\/es\/monaco-incapacidad-matrimonio-nacionalidad\/#primaryimage\",\"url\":\"https:\/\/gregorydamy.niceavocats.fr\/wp-content\/uploads\/2023\/08\/taxes-4326713_1280-2.jpg\",\"contentUrl\":\"https:\/\/gregorydamy.niceavocats.fr\/wp-content\/uploads\/2023\/08\/taxes-4326713_1280-2.jpg\",\"width\":1280,\"height\":862,\"caption\":\"Publication de la deuxi\u00e8me loi de finances rectificative pour 2012\"},{\"@type\":\"BreadcrumbList\",\"@id\":\"https:\/\/gregorydamy.niceavocats.fr\/es\/monaco-incapacidad-matrimonio-nacionalidad\/#breadcrumb\",\"itemListElement\":[{\"@type\":\"ListItem\",\"position\":1,\"name\":\"Accueil\",\"item\":\"https:\/\/gregorydamy.niceavocats.fr\/es\/\"},{\"@type\":\"ListItem\",\"position\":2,\"name\":\"M\u00f3naco y su relaci\u00f3n con la ONU\"}]},{\"@type\":\"WebSite\",\"@id\":\"https:\/\/gregorydamy.niceavocats.fr\/es\/#website\",\"url\":\"https:\/\/gregorydamy.niceavocats.fr\/es\/\",\"name\":\"Soci\u00e9t\u00e9 d&#039;avocats Damy\",\"description\":\"Justice - Confiance - Efficacit\u00e9\",\"publisher\":{\"@id\":\"https:\/\/gregorydamy.niceavocats.fr\/es\/#organization\"},\"potentialAction\":[{\"@type\":\"SearchAction\",\"target\":{\"@type\":\"EntryPoint\",\"urlTemplate\":\"https:\/\/gregorydamy.niceavocats.fr\/es\/?s={search_term_string}\"},\"query-input\":{\"@type\":\"PropertyValueSpecification\",\"valueRequired\":true,\"valueName\":\"search_term_string\"}}],\"inLanguage\":\"es\"},{\"@type\":\"Organization\",\"@id\":\"https:\/\/gregorydamy.niceavocats.fr\/es\/#organization\",\"name\":\"Soci\u00e9t\u00e9 d'Avocats DAMY\",\"alternateName\":\"Gr\u00e9gory DAMY\",\"url\":\"https:\/\/gregorydamy.niceavocats.fr\/es\/\",\"logo\":{\"@type\":\"ImageObject\",\"inLanguage\":\"es\",\"@id\":\"https:\/\/gregorydamy.niceavocats.fr\/es\/#\/schema\/logo\/image\/\",\"url\":\"https:\/\/gregorydamy.niceavocats.fr\/wp-content\/uploads\/2023\/04\/damylogo-1.png\",\"contentUrl\":\"https:\/\/gregorydamy.niceavocats.fr\/wp-content\/uploads\/2023\/04\/damylogo-1.png\",\"width\":1890,\"height\":1417,\"caption\":\"Soci\u00e9t\u00e9 d'Avocats DAMY\"},\"image\":{\"@id\":\"https:\/\/gregorydamy.niceavocats.fr\/es\/#\/schema\/logo\/image\/\"},\"sameAs\":[\"https:\/\/www.facebook.com\/niceavocats.fr\/\"]},{\"@type\":\"Person\",\"@id\":\"https:\/\/gregorydamy.niceavocats.fr\/es\/#\/schema\/person\/e040acb2856efaa1e114d0e7a92a3870\",\"name\":\"Kevin\",\"url\":\"https:\/\/gregorydamy.niceavocats.fr\/es\/author\/kevin\/\"}]}<\/script>\n<!-- \/ Yoast SEO plugin. -->","yoast_head_json":{"title":"M\u00f3naco y su relaci\u00f3n con la ONU - Soci\u00e9t\u00e9 d&#039;avocats Damy","description":"M\u00f3naco y su relaci\u00f3n con la ONU La Constituci\u00f3n del 17 de diciembre de 1962, enmendada por la Ley n\u00ba 1.249 del 2 de abril de 2002,","robots":{"index":"index","follow":"follow","max-snippet":"max-snippet:-1","max-image-preview":"max-image-preview:large","max-video-preview":"max-video-preview:-1"},"canonical":"https:\/\/gregorydamy.niceavocats.fr\/es\/monaco-incapacidad-matrimonio-nacionalidad\/","og_locale":"es_ES","og_type":"article","og_title":"M\u00f3naco y su relaci\u00f3n con la ONU - Soci\u00e9t\u00e9 d&#039;avocats Damy","og_description":"M\u00f3naco y su relaci\u00f3n con la ONU La Constituci\u00f3n del 17 de diciembre de 1962, enmendada por la Ley n\u00ba 1.249 del 2 de abril de 2002,","og_url":"https:\/\/gregorydamy.niceavocats.fr\/es\/monaco-incapacidad-matrimonio-nacionalidad\/","og_site_name":"Soci\u00e9t\u00e9 d&#039;avocats Damy","article_publisher":"https:\/\/www.facebook.com\/niceavocats.fr\/","article_published_time":"2008-06-10T19:32:08+00:00","article_modified_time":"2023-08-12T11:54:51+00:00","author":"Kevin","twitter_card":"summary_large_image","twitter_misc":{"Escrito por":"Kevin","Tiempo de lectura":"2 minutos"},"schema":{"@context":"https:\/\/schema.org","@graph":[{"@type":"Article","@id":"https:\/\/gregorydamy.niceavocats.fr\/es\/monaco-incapacidad-matrimonio-nacionalidad\/#article","isPartOf":{"@id":"https:\/\/gregorydamy.niceavocats.fr\/es\/monaco-incapacidad-matrimonio-nacionalidad\/"},"author":{"name":"Kevin","@id":"https:\/\/gregorydamy.niceavocats.fr\/es\/#\/schema\/person\/e040acb2856efaa1e114d0e7a92a3870"},"headline":"M\u00f3naco y su relaci\u00f3n con la ONU","datePublished":"2008-06-10T19:32:08+00:00","dateModified":"2023-08-12T11:54:51+00:00","mainEntityOfPage":{"@id":"https:\/\/gregorydamy.niceavocats.fr\/es\/monaco-incapacidad-matrimonio-nacionalidad\/"},"wordCount":582,"commentCount":0,"publisher":{"@id":"https:\/\/gregorydamy.niceavocats.fr\/es\/#organization"},"image":{"@id":"https:\/\/gregorydamy.niceavocats.fr\/es\/monaco-incapacidad-matrimonio-nacionalidad\/#primaryimage"},"thumbnailUrl":"https:\/\/gregorydamy.niceavocats.fr\/wp-content\/uploads\/2023\/08\/taxes-4326713_1280-2.jpg","articleSection":["Derecho monegasco"],"inLanguage":"es","potentialAction":[{"@type":"CommentAction","name":"Comment","target":["https:\/\/gregorydamy.niceavocats.fr\/es\/monaco-incapacidad-matrimonio-nacionalidad\/#respond"]}]},{"@type":"WebPage","@id":"https:\/\/gregorydamy.niceavocats.fr\/es\/monaco-incapacidad-matrimonio-nacionalidad\/","url":"https:\/\/gregorydamy.niceavocats.fr\/es\/monaco-incapacidad-matrimonio-nacionalidad\/","name":"M\u00f3naco y su relaci\u00f3n con la ONU - Soci\u00e9t\u00e9 d&#039;avocats Damy","isPartOf":{"@id":"https:\/\/gregorydamy.niceavocats.fr\/es\/#website"},"primaryImageOfPage":{"@id":"https:\/\/gregorydamy.niceavocats.fr\/es\/monaco-incapacidad-matrimonio-nacionalidad\/#primaryimage"},"image":{"@id":"https:\/\/gregorydamy.niceavocats.fr\/es\/monaco-incapacidad-matrimonio-nacionalidad\/#primaryimage"},"thumbnailUrl":"https:\/\/gregorydamy.niceavocats.fr\/wp-content\/uploads\/2023\/08\/taxes-4326713_1280-2.jpg","datePublished":"2008-06-10T19:32:08+00:00","dateModified":"2023-08-12T11:54:51+00:00","description":"M\u00f3naco y su relaci\u00f3n con la ONU La Constituci\u00f3n del 17 de diciembre de 1962, enmendada por la Ley n\u00ba 1.249 del 2 de abril de 2002,","breadcrumb":{"@id":"https:\/\/gregorydamy.niceavocats.fr\/es\/monaco-incapacidad-matrimonio-nacionalidad\/#breadcrumb"},"inLanguage":"es","potentialAction":[{"@type":"ReadAction","target":["https:\/\/gregorydamy.niceavocats.fr\/es\/monaco-incapacidad-matrimonio-nacionalidad\/"]}]},{"@type":"ImageObject","inLanguage":"es","@id":"https:\/\/gregorydamy.niceavocats.fr\/es\/monaco-incapacidad-matrimonio-nacionalidad\/#primaryimage","url":"https:\/\/gregorydamy.niceavocats.fr\/wp-content\/uploads\/2023\/08\/taxes-4326713_1280-2.jpg","contentUrl":"https:\/\/gregorydamy.niceavocats.fr\/wp-content\/uploads\/2023\/08\/taxes-4326713_1280-2.jpg","width":1280,"height":862,"caption":"Publication de la deuxi\u00e8me loi de finances rectificative pour 2012"},{"@type":"BreadcrumbList","@id":"https:\/\/gregorydamy.niceavocats.fr\/es\/monaco-incapacidad-matrimonio-nacionalidad\/#breadcrumb","itemListElement":[{"@type":"ListItem","position":1,"name":"Accueil","item":"https:\/\/gregorydamy.niceavocats.fr\/es\/"},{"@type":"ListItem","position":2,"name":"M\u00f3naco y su relaci\u00f3n con la ONU"}]},{"@type":"WebSite","@id":"https:\/\/gregorydamy.niceavocats.fr\/es\/#website","url":"https:\/\/gregorydamy.niceavocats.fr\/es\/","name":"Soci\u00e9t\u00e9 d&#039;avocats Damy","description":"Justice - Confiance - Efficacit\u00e9","publisher":{"@id":"https:\/\/gregorydamy.niceavocats.fr\/es\/#organization"},"potentialAction":[{"@type":"SearchAction","target":{"@type":"EntryPoint","urlTemplate":"https:\/\/gregorydamy.niceavocats.fr\/es\/?s={search_term_string}"},"query-input":{"@type":"PropertyValueSpecification","valueRequired":true,"valueName":"search_term_string"}}],"inLanguage":"es"},{"@type":"Organization","@id":"https:\/\/gregorydamy.niceavocats.fr\/es\/#organization","name":"Soci\u00e9t\u00e9 d'Avocats DAMY","alternateName":"Gr\u00e9gory DAMY","url":"https:\/\/gregorydamy.niceavocats.fr\/es\/","logo":{"@type":"ImageObject","inLanguage":"es","@id":"https:\/\/gregorydamy.niceavocats.fr\/es\/#\/schema\/logo\/image\/","url":"https:\/\/gregorydamy.niceavocats.fr\/wp-content\/uploads\/2023\/04\/damylogo-1.png","contentUrl":"https:\/\/gregorydamy.niceavocats.fr\/wp-content\/uploads\/2023\/04\/damylogo-1.png","width":1890,"height":1417,"caption":"Soci\u00e9t\u00e9 d'Avocats DAMY"},"image":{"@id":"https:\/\/gregorydamy.niceavocats.fr\/es\/#\/schema\/logo\/image\/"},"sameAs":["https:\/\/www.facebook.com\/niceavocats.fr\/"]},{"@type":"Person","@id":"https:\/\/gregorydamy.niceavocats.fr\/es\/#\/schema\/person\/e040acb2856efaa1e114d0e7a92a3870","name":"Kevin","url":"https:\/\/gregorydamy.niceavocats.fr\/es\/author\/kevin\/"}]}},"_links":{"self":[{"href":"https:\/\/gregorydamy.niceavocats.fr\/es\/wp-json\/wp\/v2\/posts\/6295","targetHints":{"allow":["GET"]}}],"collection":[{"href":"https:\/\/gregorydamy.niceavocats.fr\/es\/wp-json\/wp\/v2\/posts"}],"about":[{"href":"https:\/\/gregorydamy.niceavocats.fr\/es\/wp-json\/wp\/v2\/types\/post"}],"author":[{"embeddable":true,"href":"https:\/\/gregorydamy.niceavocats.fr\/es\/wp-json\/wp\/v2\/users\/2"}],"replies":[{"embeddable":true,"href":"https:\/\/gregorydamy.niceavocats.fr\/es\/wp-json\/wp\/v2\/comments?post=6295"}],"version-history":[{"count":0,"href":"https:\/\/gregorydamy.niceavocats.fr\/es\/wp-json\/wp\/v2\/posts\/6295\/revisions"}],"wp:featuredmedia":[{"embeddable":true,"href":"https:\/\/gregorydamy.niceavocats.fr\/es\/wp-json\/wp\/v2\/media\/36509"}],"wp:attachment":[{"href":"https:\/\/gregorydamy.niceavocats.fr\/es\/wp-json\/wp\/v2\/media?parent=6295"}],"wp:term":[{"taxonomy":"category","embeddable":true,"href":"https:\/\/gregorydamy.niceavocats.fr\/es\/wp-json\/wp\/v2\/categories?post=6295"},{"taxonomy":"post_tag","embeddable":true,"href":"https:\/\/gregorydamy.niceavocats.fr\/es\/wp-json\/wp\/v2\/tags?post=6295"}],"curies":[{"name":"wp","href":"https:\/\/api.w.org\/{rel}","templated":true}]}}