{"id":6196,"date":"2012-04-27T14:48:33","date_gmt":"2012-04-27T14:48:33","guid":{"rendered":"https:\/\/gregorydamy.niceavocats.fr\/?p=6196"},"modified":"2023-08-16T11:02:22","modified_gmt":"2023-08-16T11:02:22","slug":"litigio-de-parques-eolicos","status":"publish","type":"post","link":"https:\/\/gregorydamy.niceavocats.fr\/es\/litigio-de-parques-eolicos\/","title":{"rendered":"Construcci\u00f3n de un parque e\u00f3lico: \u00bfQu\u00e9 recurso?"},"content":{"rendered":"<p>[et_pb_section fb_built=&#8221;1&#8243; admin_label=&#8221;section&#8221; _builder_version=&#8221;4.19.5&#8243; custom_margin=&#8221;||0px||false|false&#8221; custom_padding=&#8221;||0px||false|false&#8221; locked=&#8221;off&#8221; global_colors_info=&#8221;{}&#8221;][et_pb_row column_structure=&#8221;1_3,1_3,1_3&#8243; _builder_version=&#8221;4.19.5&#8243; _module_preset=&#8221;default&#8221; background_enable_mask_style=&#8221;on&#8221; background_mask_style=&#8221;wave&#8221; background_mask_color=&#8221;rgba(0,0,0,0.08)&#8221; custom_padding=&#8221;||6px|||&#8221; locked=&#8221;off&#8221; global_colors_info=&#8221;{}&#8221;][et_pb_column type=&#8221;1_3&#8243; _builder_version=&#8221;4.19.5&#8243; _module_preset=&#8221;default&#8221; global_colors_info=&#8221;{}&#8221;][\/et_pb_column][et_pb_column type=&#8221;1_3&#8243; _builder_version=&#8221;4.19.5&#8243; _module_preset=&#8221;default&#8221; global_colors_info=&#8221;{}&#8221;][\/et_pb_column][et_pb_column type=&#8221;1_3&#8243; _builder_version=&#8221;4.19.5&#8243; _module_preset=&#8221;default&#8221; global_colors_info=&#8221;{}&#8221;][et_pb_circle_counter title=&#8221;Tiempo estimado de lectura (en minutos)&#8221; number=&#8221;2&#8243; percent_sign=&#8221;off&#8221; _builder_version=&#8221;4.20.2&#8243; _module_preset=&#8221;default&#8221; title_font=&#8221;Amiri||||||||&#8221; max_width=&#8221;137px&#8221; global_colors_info=&#8221;{}&#8221;][\/et_pb_circle_counter][\/et_pb_column][\/et_pb_row][et_pb_row _builder_version=&#8221;4.19.5&#8243; _module_preset=&#8221;default&#8221; custom_margin=&#8221;||0px||false|false&#8221; custom_padding=&#8221;||0px||false|false&#8221; global_colors_info=&#8221;{}&#8221;][et_pb_column type=&#8221;4_4&#8243; _builder_version=&#8221;4.19.5&#8243; _module_preset=&#8221;default&#8221; global_colors_info=&#8221;{}&#8221;][et_pb_divider _builder_version=&#8221;4.19.5&#8243; _module_preset=&#8221;default&#8221; global_colors_info=&#8221;{}&#8221;][\/et_pb_divider][\/et_pb_column][\/et_pb_row][et_pb_row admin_label=&#8221;row&#8221; _builder_version=&#8221;4.16&#8243; background_size=&#8221;initial&#8221; background_position=&#8221;top_left&#8221; background_repeat=&#8221;repeat&#8221; global_colors_info=&#8221;{}&#8221;][et_pb_column type=&#8221;4_4&#8243; _builder_version=&#8221;4.16&#8243; custom_padding=&#8221;|||&#8221; global_colors_info=&#8221;{}&#8221; custom_padding__hover=&#8221;|||&#8221;][et_pb_image src=&#8221;https:\/\/gregorydamy.niceavocats.fr\/wp-content\/uploads\/2012\/04\/download-6-1.jpg&#8221; title_text=&#8221;download (6)&#8221; _builder_version=&#8221;4.21.0&#8243; _module_preset=&#8221;default&#8221; hover_enabled=&#8221;0&#8243; global_colors_info=&#8221;{}&#8221; sticky_enabled=&#8221;0&#8243;][\/et_pb_image][et_pb_text admin_label=&#8221;Text&#8221; _builder_version=&#8221;4.21.0&#8243; text_font=&#8221;Amiri||||||||&#8221; header_2_font=&#8221;Amiri||||||||&#8221; header_3_font=&#8221;Amiri||||||||&#8221; background_size=&#8221;initial&#8221; background_position=&#8221;top_left&#8221; background_repeat=&#8221;repeat&#8221; hover_enabled=&#8221;0&#8243; global_colors_info=&#8221;{}&#8221; sticky_enabled=&#8221;0&#8243;]<\/p>\n<div class=\"entry-content\">\n<p><span>\u00a1Litigio de parques e\u00f3licos!\u00a0<\/span><span class=\"\"><span>Con el auge de los combustibles no f\u00f3siles, el n\u00famero de aerogeneradores ha\u00a0\u00a0<\/span><\/span><span class=\"\"><span>seguido\u00a0<\/span><\/span><span class=\"\"><span>\u00a0creciendo en los \u00faltimos a\u00f1os&#8230; Si se debe construir un parque e\u00f3lico cerca de su casa, \u00bfcu\u00e1les son los\u00a0\u00a0<\/span><\/span><span><span class=\"\">posibles\u00a0<\/span><\/span><span class=\"\"><span>remedios?<\/span><\/span><\/p>\n<h2><span>Descubre el proyecto<\/span><\/h2>\n<p><span>Comience investigando el alcance del proyecto, incluida la cantidad y el tama\u00f1o de las turbinas e\u00f3licas.\u00a0Intente tambi\u00e9n averiguar qu\u00e9 tan lejos est\u00e1 este proyecto de su lugar de residencia para que pueda evaluar el impacto que su realizaci\u00f3n podr\u00eda tener en su propiedad y en sus condiciones de vida.\u00a0Para obtener esta informaci\u00f3n, dir\u00edjase al ayuntamiento de su lugar de residencia.\u00a0Tambi\u00e9n puede considerar unir fuerzas con otros residentes locales para crear una asociaci\u00f3n: luego pueden juntar los costos legales y hacer valer sus derechos juntos.<\/span><\/p>\n<h2><span>Comprobar el progreso del proyecto<\/span><\/h2>\n<p><span>Si el proyecto est\u00e1 en marcha, inf\u00f3rmese sobre su avance con el ayuntamiento o la prefectura.\u00a0Entonces sabr\u00e1 si se organiza una investigaci\u00f3n p\u00fablica y si a\u00fan puede participar.\u00a0En este caso, podr\u00e1 consultar los elementos del expediente in situ y conocer al comisario investigador.\u00a0Podr\u00e1 discutir con \u00e9l y enviar observaciones por escrito destacando todas las quejas que tiene contra este proyecto.\u00a0Posiblemente su intervenci\u00f3n le permita obtener el abandono del proyecto y un dictamen desfavorable del comisario investigador.Si, a pesar de estos pasos, la opini\u00f3n del comisario investigador sigue siendo favorable al proyecto, o si el plazo para la consulta p\u00fablica ya ha vencido, siempre tiene la posibilidad de impugnar la decisi\u00f3n tomada mediante apelaci\u00f3n informal ante el prefecto.<\/span><\/p>\n<h2><span>P\u00f3ngase en contacto con el prefecto<\/span><\/h2>\n<p><span>Si el permiso de construcci\u00f3n ya ha sido emitido, puede solicitar al prefecto que revoque su decisi\u00f3n mediante apelaci\u00f3n gratuita mediante el env\u00edo de una carta certificada.\u00a0En esta carta expondr\u00e1 sus quejas para intentar obtener la anulaci\u00f3n de la decisi\u00f3n por parte de la administraci\u00f3n para que no se lleve a cabo la obra.\u00a0Dispone de un plazo de dos meses para enviar esta carta al prefecto, a partir de la fecha de dep\u00f3sito de la licencia de obra en el local donde se realizar\u00e1 el proyecto.\u00a0Debe enviar imperativamente una copia de este recurso gratuito al beneficiario de la licencia de obras, es decir, a la empresa que desea crear el parque e\u00f3lico.\u00a0El prefecto tiene un plazo de dos meses para aceptar o no esta graciosa apelaci\u00f3n.\u00a0Si este recurso fuere rechazado,<\/span><\/p>\n<h2><span>Trate de cancelar el permiso de construcci\u00f3n<\/span><\/h2>\n<p><span>Puede presentar una solicitud directamente, o despu\u00e9s de una apelaci\u00f3n fallida, ante el\u00a0<\/span><a href=\"https:\/\/www.justice.gouv.fr\/justice-france\/lorganisation-cours-tribunaux\/lordre-administratif\/tribunal-administratif\"><span>tribunal administrativo<\/span><\/a><span>para obtener la cancelaci\u00f3n de la licencia de obras mediante recurso contencioso.\u00a0Dispone de un plazo de dos meses para interponer este recurso, a partir de la fecha de fijaci\u00f3n de la licencia de obras en el solar del futuro proyecto.\u00a0Se recomienda encarecidamente ser asistido por un abogado.\u00a0En efecto, los argumentos desarrollados deben referirse \u00fanicamente a aspectos urban\u00edsticos: por ejemplo, archivo de licencia de obra insuficiente, mala ejecuci\u00f3n vinculada a la consulta p\u00fablica y, sobre todo, violaciones de las normas urban\u00edsticas locales.\u00a0No podr\u00e1 reclamar los da\u00f1os personales que es probable que sufra.\u00a0Debe notificar este recurso al prefecto, pero tambi\u00e9n a la empresa que recibe el permiso de construcci\u00f3n.\u00a0De no cumplir con este \u00faltimo tr\u00e1mite, el recurso ser\u00e1 inadmisible.<\/span><\/p>\n<h2><span>Cuestionar la licencia de funcionamiento<\/span><\/h2>\n<p><span>Con la entrada en vigor de la ley Grenelle 2, se exige una nueva autorizaci\u00f3n para los proyectos de construcci\u00f3n de aerogeneradores: la autorizaci\u00f3n para operar una instalaci\u00f3n clasificada.\u00a0<\/span><span class=\"VIpgJd-yAWNEb-VIpgJd-fmcmS-sn54Q\"><span>Esta autorizaci\u00f3n, que pretende regir toda la vida \u00fatil de los aerogeneradores, ahora tiene en cuenta no solo el aspecto urban\u00edstico, sino tambi\u00e9n el ambiental del proyecto.\u00a0<\/span><\/span><span class=\"\"><span>Tiene la posibilidad de impugnar esta autorizaci\u00f3n emitida por el prefecto dentro de los seis meses siguientes a la fecha de publicaci\u00f3n de la autorizaci\u00f3n para operar en el campo.\u00a0<\/span><\/span><span>Tendr\u00e1s que apelar a la corte administrativa.\u00a0En este caso, no podr\u00e1 solicitar una apelaci\u00f3n informal.\u00a0Tampoco podr\u00e1 esgrimir argumentos urban\u00edsticos o personales.Puede cuestionar la consistencia del archivo,<\/span><\/p>\n<h2><span><span class=\"VIpgJd-yAWNEb-VIpgJd-fmcmS-sn54Q\">Solicitar compensaci\u00f3n<\/span><\/span><\/h2>\n<p><span>Si el proyecto se lleva a cabo, puedes pedir que te indemnicen por los da\u00f1os que sufras.\u00a0Para ello, puede acudir al tribunal de gran instancia y reclamar los da\u00f1os personales que est\u00e9n directamente relacionados con el impacto que el proyecto tendr\u00e1 en su vivienda: molestias paisaj\u00edsticas, p\u00e9rdida del valor de mercado de su propiedad, etc. Se recomienda encarecidamente buscar la asistencia de un abogado que lo ayudar\u00e1 a evaluar los da\u00f1os y buscar una compensaci\u00f3n financiera de la corte.<\/span><\/p>\n<p><a href=\"https:\/\/gregorydamy.niceavocats.fr\/\"><span>Bufete de abogados DAMY<\/span><\/a><span>\u00a0, Niza, Construcci\u00f3n de un parque e\u00f3lico: \u00bfqu\u00e9 recurso?\u00a0Actualizaci\u00f3n 2016.<\/span><\/p>\n<\/div>\n<p>[\/et_pb_text][\/et_pb_column][\/et_pb_row][et_pb_row _builder_version=&#8221;4.19.5&#8243; _module_preset=&#8221;default&#8221; custom_margin=&#8221;||0px||false|false&#8221; custom_padding=&#8221;||0px||false|false&#8221; global_colors_info=&#8221;{}&#8221;][et_pb_column type=&#8221;4_4&#8243; _builder_version=&#8221;4.19.5&#8243; _module_preset=&#8221;default&#8221; global_colors_info=&#8221;{}&#8221;][et_pb_divider _builder_version=&#8221;4.19.5&#8243; _module_preset=&#8221;default&#8221; global_colors_info=&#8221;{}&#8221;][\/et_pb_divider][\/et_pb_column][\/et_pb_row][\/et_pb_section]<\/p>\n","protected":false},"excerpt":{"rendered":"<p>\u00a1Litigio de parques e\u00f3licos!\u00a0Con el auge de los combustibles no f\u00f3siles, el n\u00famero de aerogeneradores ha\u00a0\u00a0seguido\u00a0\u00a0creciendo en los \u00faltimos a\u00f1os&#8230; Si se debe construir un parque e\u00f3lico cerca de su casa, \u00bfcu\u00e1les son los\u00a0\u00a0posibles\u00a0remedios? Descubre el proyecto Comience investigando el alcance del proyecto, incluida la cantidad y el tama\u00f1o de las turbinas e\u00f3licas.\u00a0Intente tambi\u00e9n averiguar [&hellip;]<\/p>\n","protected":false},"author":2,"featured_media":0,"comment_status":"open","ping_status":"open","sticky":false,"template":"","format":"standard","meta":{"_et_pb_use_builder":"on","_et_pb_old_content":"","_et_gb_content_width":"","footnotes":""},"categories":[328],"tags":[],"class_list":["post-6196","post","type-post","status-publish","format-standard","hentry","category-derecho-inmobiliario"],"yoast_head":"<!-- This site is optimized with the Yoast SEO plugin v26.8 - https:\/\/yoast.com\/product\/yoast-seo-wordpress\/ -->\n<title>Construcci\u00f3n de un parque e\u00f3lico: \u00bfQu\u00e9 recurso? - Soci\u00e9t\u00e9 d&#039;avocats Damy<\/title>\n<meta name=\"description\" content=\"Litigio de parques e\u00f3licos \u00a1Litigio de parques e\u00f3licos! Con el auge de los combustibles no f\u00f3siles, el n\u00famero de aerogeneradores no ha\" \/>\n<meta name=\"robots\" content=\"index, follow, max-snippet:-1, max-image-preview:large, max-video-preview:-1\" \/>\n<link rel=\"canonical\" href=\"https:\/\/gregorydamy.niceavocats.fr\/es\/litigio-de-parques-eolicos\/\" \/>\n<meta property=\"og:locale\" content=\"es_ES\" \/>\n<meta property=\"og:type\" content=\"article\" \/>\n<meta property=\"og:title\" content=\"Construcci\u00f3n de un parque e\u00f3lico: \u00bfQu\u00e9 recurso? - Soci\u00e9t\u00e9 d&#039;avocats Damy\" \/>\n<meta property=\"og:description\" content=\"Litigio de parques e\u00f3licos \u00a1Litigio de parques e\u00f3licos! Con el auge de los combustibles no f\u00f3siles, el n\u00famero de aerogeneradores no ha\" \/>\n<meta property=\"og:url\" content=\"https:\/\/gregorydamy.niceavocats.fr\/es\/litigio-de-parques-eolicos\/\" \/>\n<meta property=\"og:site_name\" content=\"Soci\u00e9t\u00e9 d&#039;avocats Damy\" \/>\n<meta property=\"article:publisher\" content=\"https:\/\/www.facebook.com\/niceavocats.fr\/\" \/>\n<meta property=\"article:published_time\" content=\"2012-04-27T14:48:33+00:00\" \/>\n<meta property=\"article:modified_time\" content=\"2023-08-16T11:02:22+00:00\" \/>\n<meta name=\"author\" content=\"Kevin\" \/>\n<meta name=\"twitter:card\" content=\"summary_large_image\" \/>\n<meta name=\"twitter:label1\" content=\"Escrito por\" \/>\n\t<meta name=\"twitter:data1\" content=\"Kevin\" \/>\n\t<meta name=\"twitter:label2\" content=\"Tiempo de lectura\" \/>\n\t<meta name=\"twitter:data2\" content=\"5 minutos\" \/>\n<script type=\"application\/ld+json\" class=\"yoast-schema-graph\">{\"@context\":\"https:\/\/schema.org\",\"@graph\":[{\"@type\":\"Article\",\"@id\":\"https:\/\/gregorydamy.niceavocats.fr\/es\/litigio-de-parques-eolicos\/#article\",\"isPartOf\":{\"@id\":\"https:\/\/gregorydamy.niceavocats.fr\/es\/litigio-de-parques-eolicos\/\"},\"author\":{\"name\":\"Kevin\",\"@id\":\"https:\/\/gregorydamy.niceavocats.fr\/es\/#\/schema\/person\/e040acb2856efaa1e114d0e7a92a3870\"},\"headline\":\"Construcci\u00f3n de un parque e\u00f3lico: \u00bfQu\u00e9 recurso?\",\"datePublished\":\"2012-04-27T14:48:33+00:00\",\"dateModified\":\"2023-08-16T11:02:22+00:00\",\"mainEntityOfPage\":{\"@id\":\"https:\/\/gregorydamy.niceavocats.fr\/es\/litigio-de-parques-eolicos\/\"},\"wordCount\":1192,\"commentCount\":0,\"publisher\":{\"@id\":\"https:\/\/gregorydamy.niceavocats.fr\/es\/#organization\"},\"articleSection\":[\"Derecho inmobiliario\"],\"inLanguage\":\"es\",\"potentialAction\":[{\"@type\":\"CommentAction\",\"name\":\"Comment\",\"target\":[\"https:\/\/gregorydamy.niceavocats.fr\/es\/litigio-de-parques-eolicos\/#respond\"]}]},{\"@type\":\"WebPage\",\"@id\":\"https:\/\/gregorydamy.niceavocats.fr\/es\/litigio-de-parques-eolicos\/\",\"url\":\"https:\/\/gregorydamy.niceavocats.fr\/es\/litigio-de-parques-eolicos\/\",\"name\":\"Construcci\u00f3n de un parque e\u00f3lico: \u00bfQu\u00e9 recurso? - Soci\u00e9t\u00e9 d&#039;avocats Damy\",\"isPartOf\":{\"@id\":\"https:\/\/gregorydamy.niceavocats.fr\/es\/#website\"},\"datePublished\":\"2012-04-27T14:48:33+00:00\",\"dateModified\":\"2023-08-16T11:02:22+00:00\",\"description\":\"Litigio de parques e\u00f3licos \u00a1Litigio de parques e\u00f3licos! Con el auge de los combustibles no f\u00f3siles, el n\u00famero de aerogeneradores no ha\",\"breadcrumb\":{\"@id\":\"https:\/\/gregorydamy.niceavocats.fr\/es\/litigio-de-parques-eolicos\/#breadcrumb\"},\"inLanguage\":\"es\",\"potentialAction\":[{\"@type\":\"ReadAction\",\"target\":[\"https:\/\/gregorydamy.niceavocats.fr\/es\/litigio-de-parques-eolicos\/\"]}]},{\"@type\":\"BreadcrumbList\",\"@id\":\"https:\/\/gregorydamy.niceavocats.fr\/es\/litigio-de-parques-eolicos\/#breadcrumb\",\"itemListElement\":[{\"@type\":\"ListItem\",\"position\":1,\"name\":\"Accueil\",\"item\":\"https:\/\/gregorydamy.niceavocats.fr\/es\/\"},{\"@type\":\"ListItem\",\"position\":2,\"name\":\"Construcci\u00f3n de un parque e\u00f3lico: \u00bfQu\u00e9 recurso?\"}]},{\"@type\":\"WebSite\",\"@id\":\"https:\/\/gregorydamy.niceavocats.fr\/es\/#website\",\"url\":\"https:\/\/gregorydamy.niceavocats.fr\/es\/\",\"name\":\"Soci\u00e9t\u00e9 d&#039;avocats Damy\",\"description\":\"Justice - Confiance - Efficacit\u00e9\",\"publisher\":{\"@id\":\"https:\/\/gregorydamy.niceavocats.fr\/es\/#organization\"},\"potentialAction\":[{\"@type\":\"SearchAction\",\"target\":{\"@type\":\"EntryPoint\",\"urlTemplate\":\"https:\/\/gregorydamy.niceavocats.fr\/es\/?s={search_term_string}\"},\"query-input\":{\"@type\":\"PropertyValueSpecification\",\"valueRequired\":true,\"valueName\":\"search_term_string\"}}],\"inLanguage\":\"es\"},{\"@type\":\"Organization\",\"@id\":\"https:\/\/gregorydamy.niceavocats.fr\/es\/#organization\",\"name\":\"Soci\u00e9t\u00e9 d'Avocats DAMY\",\"alternateName\":\"Gr\u00e9gory DAMY\",\"url\":\"https:\/\/gregorydamy.niceavocats.fr\/es\/\",\"logo\":{\"@type\":\"ImageObject\",\"inLanguage\":\"es\",\"@id\":\"https:\/\/gregorydamy.niceavocats.fr\/es\/#\/schema\/logo\/image\/\",\"url\":\"https:\/\/gregorydamy.niceavocats.fr\/wp-content\/uploads\/2023\/04\/damylogo-1.png\",\"contentUrl\":\"https:\/\/gregorydamy.niceavocats.fr\/wp-content\/uploads\/2023\/04\/damylogo-1.png\",\"width\":1890,\"height\":1417,\"caption\":\"Soci\u00e9t\u00e9 d'Avocats DAMY\"},\"image\":{\"@id\":\"https:\/\/gregorydamy.niceavocats.fr\/es\/#\/schema\/logo\/image\/\"},\"sameAs\":[\"https:\/\/www.facebook.com\/niceavocats.fr\/\"]},{\"@type\":\"Person\",\"@id\":\"https:\/\/gregorydamy.niceavocats.fr\/es\/#\/schema\/person\/e040acb2856efaa1e114d0e7a92a3870\",\"name\":\"Kevin\",\"url\":\"https:\/\/gregorydamy.niceavocats.fr\/es\/author\/kevin\/\"}]}<\/script>\n<!-- \/ Yoast SEO plugin. -->","yoast_head_json":{"title":"Construcci\u00f3n de un parque e\u00f3lico: \u00bfQu\u00e9 recurso? - Soci\u00e9t\u00e9 d&#039;avocats Damy","description":"Litigio de parques e\u00f3licos \u00a1Litigio de parques e\u00f3licos! Con el auge de los combustibles no f\u00f3siles, el n\u00famero de aerogeneradores no ha","robots":{"index":"index","follow":"follow","max-snippet":"max-snippet:-1","max-image-preview":"max-image-preview:large","max-video-preview":"max-video-preview:-1"},"canonical":"https:\/\/gregorydamy.niceavocats.fr\/es\/litigio-de-parques-eolicos\/","og_locale":"es_ES","og_type":"article","og_title":"Construcci\u00f3n de un parque e\u00f3lico: \u00bfQu\u00e9 recurso? - Soci\u00e9t\u00e9 d&#039;avocats Damy","og_description":"Litigio de parques e\u00f3licos \u00a1Litigio de parques e\u00f3licos! Con el auge de los combustibles no f\u00f3siles, el n\u00famero de aerogeneradores no ha","og_url":"https:\/\/gregorydamy.niceavocats.fr\/es\/litigio-de-parques-eolicos\/","og_site_name":"Soci\u00e9t\u00e9 d&#039;avocats Damy","article_publisher":"https:\/\/www.facebook.com\/niceavocats.fr\/","article_published_time":"2012-04-27T14:48:33+00:00","article_modified_time":"2023-08-16T11:02:22+00:00","author":"Kevin","twitter_card":"summary_large_image","twitter_misc":{"Escrito por":"Kevin","Tiempo de lectura":"5 minutos"},"schema":{"@context":"https:\/\/schema.org","@graph":[{"@type":"Article","@id":"https:\/\/gregorydamy.niceavocats.fr\/es\/litigio-de-parques-eolicos\/#article","isPartOf":{"@id":"https:\/\/gregorydamy.niceavocats.fr\/es\/litigio-de-parques-eolicos\/"},"author":{"name":"Kevin","@id":"https:\/\/gregorydamy.niceavocats.fr\/es\/#\/schema\/person\/e040acb2856efaa1e114d0e7a92a3870"},"headline":"Construcci\u00f3n de un parque e\u00f3lico: \u00bfQu\u00e9 recurso?","datePublished":"2012-04-27T14:48:33+00:00","dateModified":"2023-08-16T11:02:22+00:00","mainEntityOfPage":{"@id":"https:\/\/gregorydamy.niceavocats.fr\/es\/litigio-de-parques-eolicos\/"},"wordCount":1192,"commentCount":0,"publisher":{"@id":"https:\/\/gregorydamy.niceavocats.fr\/es\/#organization"},"articleSection":["Derecho inmobiliario"],"inLanguage":"es","potentialAction":[{"@type":"CommentAction","name":"Comment","target":["https:\/\/gregorydamy.niceavocats.fr\/es\/litigio-de-parques-eolicos\/#respond"]}]},{"@type":"WebPage","@id":"https:\/\/gregorydamy.niceavocats.fr\/es\/litigio-de-parques-eolicos\/","url":"https:\/\/gregorydamy.niceavocats.fr\/es\/litigio-de-parques-eolicos\/","name":"Construcci\u00f3n de un parque e\u00f3lico: \u00bfQu\u00e9 recurso? - Soci\u00e9t\u00e9 d&#039;avocats Damy","isPartOf":{"@id":"https:\/\/gregorydamy.niceavocats.fr\/es\/#website"},"datePublished":"2012-04-27T14:48:33+00:00","dateModified":"2023-08-16T11:02:22+00:00","description":"Litigio de parques e\u00f3licos \u00a1Litigio de parques e\u00f3licos! Con el auge de los combustibles no f\u00f3siles, el n\u00famero de aerogeneradores no ha","breadcrumb":{"@id":"https:\/\/gregorydamy.niceavocats.fr\/es\/litigio-de-parques-eolicos\/#breadcrumb"},"inLanguage":"es","potentialAction":[{"@type":"ReadAction","target":["https:\/\/gregorydamy.niceavocats.fr\/es\/litigio-de-parques-eolicos\/"]}]},{"@type":"BreadcrumbList","@id":"https:\/\/gregorydamy.niceavocats.fr\/es\/litigio-de-parques-eolicos\/#breadcrumb","itemListElement":[{"@type":"ListItem","position":1,"name":"Accueil","item":"https:\/\/gregorydamy.niceavocats.fr\/es\/"},{"@type":"ListItem","position":2,"name":"Construcci\u00f3n de un parque e\u00f3lico: \u00bfQu\u00e9 recurso?"}]},{"@type":"WebSite","@id":"https:\/\/gregorydamy.niceavocats.fr\/es\/#website","url":"https:\/\/gregorydamy.niceavocats.fr\/es\/","name":"Soci\u00e9t\u00e9 d&#039;avocats Damy","description":"Justice - Confiance - Efficacit\u00e9","publisher":{"@id":"https:\/\/gregorydamy.niceavocats.fr\/es\/#organization"},"potentialAction":[{"@type":"SearchAction","target":{"@type":"EntryPoint","urlTemplate":"https:\/\/gregorydamy.niceavocats.fr\/es\/?s={search_term_string}"},"query-input":{"@type":"PropertyValueSpecification","valueRequired":true,"valueName":"search_term_string"}}],"inLanguage":"es"},{"@type":"Organization","@id":"https:\/\/gregorydamy.niceavocats.fr\/es\/#organization","name":"Soci\u00e9t\u00e9 d'Avocats DAMY","alternateName":"Gr\u00e9gory DAMY","url":"https:\/\/gregorydamy.niceavocats.fr\/es\/","logo":{"@type":"ImageObject","inLanguage":"es","@id":"https:\/\/gregorydamy.niceavocats.fr\/es\/#\/schema\/logo\/image\/","url":"https:\/\/gregorydamy.niceavocats.fr\/wp-content\/uploads\/2023\/04\/damylogo-1.png","contentUrl":"https:\/\/gregorydamy.niceavocats.fr\/wp-content\/uploads\/2023\/04\/damylogo-1.png","width":1890,"height":1417,"caption":"Soci\u00e9t\u00e9 d'Avocats DAMY"},"image":{"@id":"https:\/\/gregorydamy.niceavocats.fr\/es\/#\/schema\/logo\/image\/"},"sameAs":["https:\/\/www.facebook.com\/niceavocats.fr\/"]},{"@type":"Person","@id":"https:\/\/gregorydamy.niceavocats.fr\/es\/#\/schema\/person\/e040acb2856efaa1e114d0e7a92a3870","name":"Kevin","url":"https:\/\/gregorydamy.niceavocats.fr\/es\/author\/kevin\/"}]}},"_links":{"self":[{"href":"https:\/\/gregorydamy.niceavocats.fr\/es\/wp-json\/wp\/v2\/posts\/6196","targetHints":{"allow":["GET"]}}],"collection":[{"href":"https:\/\/gregorydamy.niceavocats.fr\/es\/wp-json\/wp\/v2\/posts"}],"about":[{"href":"https:\/\/gregorydamy.niceavocats.fr\/es\/wp-json\/wp\/v2\/types\/post"}],"author":[{"embeddable":true,"href":"https:\/\/gregorydamy.niceavocats.fr\/es\/wp-json\/wp\/v2\/users\/2"}],"replies":[{"embeddable":true,"href":"https:\/\/gregorydamy.niceavocats.fr\/es\/wp-json\/wp\/v2\/comments?post=6196"}],"version-history":[{"count":0,"href":"https:\/\/gregorydamy.niceavocats.fr\/es\/wp-json\/wp\/v2\/posts\/6196\/revisions"}],"wp:attachment":[{"href":"https:\/\/gregorydamy.niceavocats.fr\/es\/wp-json\/wp\/v2\/media?parent=6196"}],"wp:term":[{"taxonomy":"category","embeddable":true,"href":"https:\/\/gregorydamy.niceavocats.fr\/es\/wp-json\/wp\/v2\/categories?post=6196"},{"taxonomy":"post_tag","embeddable":true,"href":"https:\/\/gregorydamy.niceavocats.fr\/es\/wp-json\/wp\/v2\/tags?post=6196"}],"curies":[{"name":"wp","href":"https:\/\/api.w.org\/{rel}","templated":true}]}}