{"id":6132,"date":"2012-04-27T15:06:17","date_gmt":"2012-04-27T15:06:17","guid":{"rendered":"https:\/\/gregorydamy.niceavocats.fr\/?p=6132"},"modified":"2023-08-16T10:45:23","modified_gmt":"2023-08-16T10:45:23","slug":"subarrendamiento-de-alojamiento","status":"publish","type":"post","link":"https:\/\/gregorydamy.niceavocats.fr\/es\/subarrendamiento-de-alojamiento\/","title":{"rendered":"Subalquiler de vivienda: lo que debes saber"},"content":{"rendered":"<p>[et_pb_section fb_built=&#8221;1&#8243; admin_label=&#8221;section&#8221; _builder_version=&#8221;4.19.5&#8243; custom_margin=&#8221;||0px||false|false&#8221; custom_padding=&#8221;||0px||false|false&#8221; locked=&#8221;off&#8221; global_colors_info=&#8221;{}&#8221;][et_pb_row column_structure=&#8221;1_3,1_3,1_3&#8243; _builder_version=&#8221;4.19.5&#8243; _module_preset=&#8221;default&#8221; background_enable_mask_style=&#8221;on&#8221; background_mask_style=&#8221;wave&#8221; background_mask_color=&#8221;rgba(0,0,0,0.08)&#8221; custom_padding=&#8221;||6px|||&#8221; locked=&#8221;off&#8221; global_colors_info=&#8221;{}&#8221;][et_pb_column type=&#8221;1_3&#8243; _builder_version=&#8221;4.19.5&#8243; _module_preset=&#8221;default&#8221; global_colors_info=&#8221;{}&#8221;][\/et_pb_column][et_pb_column type=&#8221;1_3&#8243; _builder_version=&#8221;4.19.5&#8243; _module_preset=&#8221;default&#8221; global_colors_info=&#8221;{}&#8221;][\/et_pb_column][et_pb_column type=&#8221;1_3&#8243; _builder_version=&#8221;4.19.5&#8243; _module_preset=&#8221;default&#8221; global_colors_info=&#8221;{}&#8221;][et_pb_circle_counter title=&#8221;Tiempo estimado de lectura (en minutos)&#8221; number=&#8221;2&#8243; percent_sign=&#8221;off&#8221; _builder_version=&#8221;4.20.2&#8243; _module_preset=&#8221;default&#8221; title_font=&#8221;Amiri||||||||&#8221; max_width=&#8221;137px&#8221; global_colors_info=&#8221;{}&#8221;][\/et_pb_circle_counter][\/et_pb_column][\/et_pb_row][et_pb_row _builder_version=&#8221;4.19.5&#8243; _module_preset=&#8221;default&#8221; custom_margin=&#8221;||0px||false|false&#8221; custom_padding=&#8221;||0px||false|false&#8221; global_colors_info=&#8221;{}&#8221;][et_pb_column type=&#8221;4_4&#8243; _builder_version=&#8221;4.19.5&#8243; _module_preset=&#8221;default&#8221; global_colors_info=&#8221;{}&#8221;][et_pb_divider _builder_version=&#8221;4.19.5&#8243; _module_preset=&#8221;default&#8221; global_colors_info=&#8221;{}&#8221;][\/et_pb_divider][\/et_pb_column][\/et_pb_row][et_pb_row admin_label=&#8221;row&#8221; _builder_version=&#8221;4.16&#8243; background_size=&#8221;initial&#8221; background_position=&#8221;top_left&#8221; background_repeat=&#8221;repeat&#8221; global_colors_info=&#8221;{}&#8221;][et_pb_column type=&#8221;4_4&#8243; _builder_version=&#8221;4.16&#8243; custom_padding=&#8221;|||&#8221; global_colors_info=&#8221;{}&#8221; custom_padding__hover=&#8221;|||&#8221;][et_pb_image src=&#8221;https:\/\/gregorydamy.niceavocats.fr\/wp-content\/uploads\/2012\/04\/87793662-1.jpg&#8221; title_text=&#8221;87793662 (1)&#8221; _builder_version=&#8221;4.21.0&#8243; _module_preset=&#8221;default&#8221; hover_enabled=&#8221;0&#8243; global_colors_info=&#8221;{}&#8221; sticky_enabled=&#8221;0&#8243;][\/et_pb_image][et_pb_text admin_label=&#8221;Text&#8221; _builder_version=&#8221;4.21.0&#8243; text_font=&#8221;Amiri||||||||&#8221; header_2_font=&#8221;Amiri||||||||&#8221; header_3_font=&#8221;Amiri||||||||&#8221; background_size=&#8221;initial&#8221; background_position=&#8221;top_left&#8221; background_repeat=&#8221;repeat&#8221; hover_enabled=&#8221;0&#8243; global_colors_info=&#8221;{}&#8221; sticky_enabled=&#8221;0&#8243;]<\/p>\n<div class=\"entry-content\">\n<div class=\"et_pb_row et_pb_row_2\">\n<div class=\"et_pb_column et_pb_column_4_4 et_pb_column_4  et_pb_css_mix_blend_mode_passthrough et-last-child\">\n<div class=\"et_pb_module et_pb_text et_pb_text_0  et_pb_text_align_left et_pb_bg_layout_light\">\n<div class=\"et_pb_text_inner\">\n<div class=\"entry-content\">\n<p><span class=\"\"><span>Vivienda subarrendada!\u00a0Es posible subarrendar su\u00a0<\/span><\/span><span class=\"\"><span>alojamiento\u00a0<\/span><\/span><span class=\"\"><span>\u00a0, siempre que haya obtenido el acuerdo previo de su propietario.\u00a0<\/span><\/span><span><span class=\"\">Si se obtiene el acuerdo, el inquilino no tiene derecho a pedir una renta m\u00e1s alta.<\/span><\/span><\/p>\n<h2><span>\u00bfQu\u00e9 es el subarriendo?<\/span><\/h2>\n<p><span>Hay que distinguir entre\u00a0<\/span><a href=\"https:\/\/www.service-public.fr\/particuliers\/vosdroits\/F2449\"><span>el subarriendo<\/span><\/a><span>\u00a0y el simple alojamiento.\u00a0De hecho, el arrendatario tiene derecho a alojar a un familiar de forma gratuita sin informar a su arrendador.\u00a0Hay subarriendo cuando la persona ocupa todo o parte de la vivienda mediante el pago de una compensaci\u00f3n econ\u00f3mica al arrendatario principal.\u00a0La renta del subarrendatario no debe ser superior a la pagada por el arrendatario principal.\u00a0Corresponde al propietario aportar la prueba del subarrendamiento, en particular mediante informe del alguacil.<\/span><\/p>\n<h2><span>S\u00ed, si tengo el acuerdo del propietario.<\/span><\/h2>\n<p><span>El inquilino no puede subarrendar su vivienda sin el acuerdo del propietario.\u00a0Esta solicitud debe hacerse mediante el env\u00edo de una carta certificada para obtener el acuerdo por escrito del arrendador sobre el principio de subarrendamiento.\u00a0En caso de negativa del propietario, el arrendatario puede acudir al juez para que tome nota del car\u00e1cter abusivo de esta negativa.\u00a0Este acuerdo tambi\u00e9n puede haber sido formulado en una cl\u00e1usula espec\u00edfica del contrato de arrendamiento.\u00a0Si no hay nada en el contrato al respecto, equivale a una prohibici\u00f3n de la pr\u00e1ctica del subarriendo.<\/span><\/p>\n<h2><span>\u00bfPuedo subarrendar sin el consentimiento del propietario?<\/span><\/h2>\n<p><span>Si el inquilino subarrienda su alojamiento sin autorizaci\u00f3n previa, puede ser sancionado severamente.\u00a0Si el arrendador aporta prueba de la existencia de un subarrendamiento, incluso en ausencia de contrato, puede acudir a los tribunales para ordenar la resoluci\u00f3n judicial del arrendamiento.\u00a0Tambi\u00e9n se pueden solicitar da\u00f1os y perjuicios al arrendatario principal por culpa.<\/span><br \/><span>El arrendador principal tambi\u00e9n puede oponerse a la renovaci\u00f3n del contrato de arrendamiento concediendo al arrendatario culpable una excedencia por causas leg\u00edtimas y graves.\u00a0La rescisi\u00f3n del contrato de arrendamiento implica autom\u00e1ticamente la rescisi\u00f3n del subarrendamiento y el subarrendatario se convierte entonces en ocupante sin derecho ni t\u00edtulo.<\/span><\/p>\n<h2><span>\u00bfCu\u00e1les son las obligaciones del inquilino principal?<\/span><\/h2>\n<p><span>El arrendatario principal queda obligado, a pesar del subarriendo, por todas las obligaciones derivadas de su contrato.\u00a0Es responsable de las infracciones y da\u00f1os cometidos por el subarrendatario.\u00a0El arrendatario tambi\u00e9n sigue siendo responsable de la renta frente al arrendador, incluso si el subarrendatario ya no realiza ning\u00fan pago.<\/span><\/p>\n<p><a href=\"https:\/\/gregorydamy.niceavocats.fr\/\"><span>Bufete de abogados DAMY<\/span><\/a><span>\u00a0, Niza, Condiciones de subarrendamiento, actualizaci\u00f3n 2022<\/span><\/p>\n<\/div>\n<\/div>\n<\/div>\n<\/div>\n<\/div>\n<\/div>\n<p>[\/et_pb_text][\/et_pb_column][\/et_pb_row][et_pb_row _builder_version=&#8221;4.19.5&#8243; _module_preset=&#8221;default&#8221; custom_margin=&#8221;||0px||false|false&#8221; custom_padding=&#8221;||0px||false|false&#8221; global_colors_info=&#8221;{}&#8221;][et_pb_column type=&#8221;4_4&#8243; _builder_version=&#8221;4.19.5&#8243; _module_preset=&#8221;default&#8221; global_colors_info=&#8221;{}&#8221;][et_pb_divider _builder_version=&#8221;4.19.5&#8243; _module_preset=&#8221;default&#8221; global_colors_info=&#8221;{}&#8221;][\/et_pb_divider][\/et_pb_column][\/et_pb_row][\/et_pb_section]<\/p>\n","protected":false},"excerpt":{"rendered":"<p>Vivienda subarrendada!\u00a0Es posible subarrendar su\u00a0alojamiento\u00a0\u00a0, siempre que haya obtenido el acuerdo previo de su propietario.\u00a0Si se obtiene el acuerdo, el inquilino no tiene derecho a pedir una renta m\u00e1s alta. \u00bfQu\u00e9 es el subarriendo? Hay que distinguir entre\u00a0el subarriendo\u00a0y el simple alojamiento.\u00a0De hecho, el arrendatario tiene derecho a alojar a un familiar de forma gratuita [&hellip;]<\/p>\n","protected":false},"author":2,"featured_media":0,"comment_status":"open","ping_status":"open","sticky":false,"template":"","format":"standard","meta":{"_et_pb_use_builder":"on","_et_pb_old_content":"","_et_gb_content_width":"","footnotes":""},"categories":[328],"tags":[],"class_list":["post-6132","post","type-post","status-publish","format-standard","hentry","category-derecho-inmobiliario"],"yoast_head":"<!-- This site is optimized with the Yoast SEO plugin v26.8 - https:\/\/yoast.com\/product\/yoast-seo-wordpress\/ -->\n<title>Subalquiler de vivienda: lo que debes saber - Soci\u00e9t\u00e9 d&#039;avocats Damy<\/title>\n<meta name=\"description\" content=\"subarrendamiento de alojamiento Es posible subarrendar su alojamiento , siempre que haya obtenido el acuerdo previo de su propietario.\" \/>\n<meta name=\"robots\" content=\"index, follow, max-snippet:-1, max-image-preview:large, max-video-preview:-1\" \/>\n<link rel=\"canonical\" href=\"https:\/\/gregorydamy.niceavocats.fr\/es\/subarrendamiento-de-alojamiento\/\" \/>\n<meta property=\"og:locale\" content=\"es_ES\" \/>\n<meta property=\"og:type\" content=\"article\" \/>\n<meta property=\"og:title\" content=\"Subalquiler de vivienda: lo que debes saber - Soci\u00e9t\u00e9 d&#039;avocats Damy\" \/>\n<meta property=\"og:description\" content=\"subarrendamiento de alojamiento Es posible subarrendar su alojamiento , siempre que haya obtenido el acuerdo previo de su propietario.\" \/>\n<meta property=\"og:url\" content=\"https:\/\/gregorydamy.niceavocats.fr\/es\/subarrendamiento-de-alojamiento\/\" \/>\n<meta property=\"og:site_name\" content=\"Soci\u00e9t\u00e9 d&#039;avocats Damy\" \/>\n<meta property=\"article:publisher\" content=\"https:\/\/www.facebook.com\/niceavocats.fr\/\" \/>\n<meta property=\"article:published_time\" content=\"2012-04-27T15:06:17+00:00\" \/>\n<meta property=\"article:modified_time\" content=\"2023-08-16T10:45:23+00:00\" \/>\n<meta name=\"author\" content=\"Kevin\" \/>\n<meta name=\"twitter:card\" content=\"summary_large_image\" \/>\n<meta name=\"twitter:label1\" content=\"Escrito por\" \/>\n\t<meta name=\"twitter:data1\" content=\"Kevin\" \/>\n\t<meta name=\"twitter:label2\" content=\"Tiempo de lectura\" \/>\n\t<meta name=\"twitter:data2\" content=\"3 minutos\" \/>\n<script type=\"application\/ld+json\" class=\"yoast-schema-graph\">{\"@context\":\"https:\/\/schema.org\",\"@graph\":[{\"@type\":\"Article\",\"@id\":\"https:\/\/gregorydamy.niceavocats.fr\/es\/subarrendamiento-de-alojamiento\/#article\",\"isPartOf\":{\"@id\":\"https:\/\/gregorydamy.niceavocats.fr\/es\/subarrendamiento-de-alojamiento\/\"},\"author\":{\"name\":\"Kevin\",\"@id\":\"https:\/\/gregorydamy.niceavocats.fr\/es\/#\/schema\/person\/e040acb2856efaa1e114d0e7a92a3870\"},\"headline\":\"Subalquiler de vivienda: lo que debes saber\",\"datePublished\":\"2012-04-27T15:06:17+00:00\",\"dateModified\":\"2023-08-16T10:45:23+00:00\",\"mainEntityOfPage\":{\"@id\":\"https:\/\/gregorydamy.niceavocats.fr\/es\/subarrendamiento-de-alojamiento\/\"},\"wordCount\":774,\"commentCount\":0,\"publisher\":{\"@id\":\"https:\/\/gregorydamy.niceavocats.fr\/es\/#organization\"},\"articleSection\":[\"Derecho inmobiliario\"],\"inLanguage\":\"es\",\"potentialAction\":[{\"@type\":\"CommentAction\",\"name\":\"Comment\",\"target\":[\"https:\/\/gregorydamy.niceavocats.fr\/es\/subarrendamiento-de-alojamiento\/#respond\"]}]},{\"@type\":\"WebPage\",\"@id\":\"https:\/\/gregorydamy.niceavocats.fr\/es\/subarrendamiento-de-alojamiento\/\",\"url\":\"https:\/\/gregorydamy.niceavocats.fr\/es\/subarrendamiento-de-alojamiento\/\",\"name\":\"Subalquiler de vivienda: lo que debes saber - Soci\u00e9t\u00e9 d&#039;avocats Damy\",\"isPartOf\":{\"@id\":\"https:\/\/gregorydamy.niceavocats.fr\/es\/#website\"},\"datePublished\":\"2012-04-27T15:06:17+00:00\",\"dateModified\":\"2023-08-16T10:45:23+00:00\",\"description\":\"subarrendamiento de alojamiento Es posible subarrendar su alojamiento , siempre que haya obtenido el acuerdo previo de su propietario.\",\"breadcrumb\":{\"@id\":\"https:\/\/gregorydamy.niceavocats.fr\/es\/subarrendamiento-de-alojamiento\/#breadcrumb\"},\"inLanguage\":\"es\",\"potentialAction\":[{\"@type\":\"ReadAction\",\"target\":[\"https:\/\/gregorydamy.niceavocats.fr\/es\/subarrendamiento-de-alojamiento\/\"]}]},{\"@type\":\"BreadcrumbList\",\"@id\":\"https:\/\/gregorydamy.niceavocats.fr\/es\/subarrendamiento-de-alojamiento\/#breadcrumb\",\"itemListElement\":[{\"@type\":\"ListItem\",\"position\":1,\"name\":\"Accueil\",\"item\":\"https:\/\/gregorydamy.niceavocats.fr\/es\/\"},{\"@type\":\"ListItem\",\"position\":2,\"name\":\"Subalquiler de vivienda: lo que debes saber\"}]},{\"@type\":\"WebSite\",\"@id\":\"https:\/\/gregorydamy.niceavocats.fr\/es\/#website\",\"url\":\"https:\/\/gregorydamy.niceavocats.fr\/es\/\",\"name\":\"Soci\u00e9t\u00e9 d&#039;avocats Damy\",\"description\":\"Justice - Confiance - Efficacit\u00e9\",\"publisher\":{\"@id\":\"https:\/\/gregorydamy.niceavocats.fr\/es\/#organization\"},\"potentialAction\":[{\"@type\":\"SearchAction\",\"target\":{\"@type\":\"EntryPoint\",\"urlTemplate\":\"https:\/\/gregorydamy.niceavocats.fr\/es\/?s={search_term_string}\"},\"query-input\":{\"@type\":\"PropertyValueSpecification\",\"valueRequired\":true,\"valueName\":\"search_term_string\"}}],\"inLanguage\":\"es\"},{\"@type\":\"Organization\",\"@id\":\"https:\/\/gregorydamy.niceavocats.fr\/es\/#organization\",\"name\":\"Soci\u00e9t\u00e9 d'Avocats DAMY\",\"alternateName\":\"Gr\u00e9gory DAMY\",\"url\":\"https:\/\/gregorydamy.niceavocats.fr\/es\/\",\"logo\":{\"@type\":\"ImageObject\",\"inLanguage\":\"es\",\"@id\":\"https:\/\/gregorydamy.niceavocats.fr\/es\/#\/schema\/logo\/image\/\",\"url\":\"https:\/\/gregorydamy.niceavocats.fr\/wp-content\/uploads\/2023\/04\/damylogo-1.png\",\"contentUrl\":\"https:\/\/gregorydamy.niceavocats.fr\/wp-content\/uploads\/2023\/04\/damylogo-1.png\",\"width\":1890,\"height\":1417,\"caption\":\"Soci\u00e9t\u00e9 d'Avocats DAMY\"},\"image\":{\"@id\":\"https:\/\/gregorydamy.niceavocats.fr\/es\/#\/schema\/logo\/image\/\"},\"sameAs\":[\"https:\/\/www.facebook.com\/niceavocats.fr\/\"]},{\"@type\":\"Person\",\"@id\":\"https:\/\/gregorydamy.niceavocats.fr\/es\/#\/schema\/person\/e040acb2856efaa1e114d0e7a92a3870\",\"name\":\"Kevin\",\"url\":\"https:\/\/gregorydamy.niceavocats.fr\/es\/author\/kevin\/\"}]}<\/script>\n<!-- \/ Yoast SEO plugin. -->","yoast_head_json":{"title":"Subalquiler de vivienda: lo que debes saber - Soci\u00e9t\u00e9 d&#039;avocats Damy","description":"subarrendamiento de alojamiento Es posible subarrendar su alojamiento , siempre que haya obtenido el acuerdo previo de su propietario.","robots":{"index":"index","follow":"follow","max-snippet":"max-snippet:-1","max-image-preview":"max-image-preview:large","max-video-preview":"max-video-preview:-1"},"canonical":"https:\/\/gregorydamy.niceavocats.fr\/es\/subarrendamiento-de-alojamiento\/","og_locale":"es_ES","og_type":"article","og_title":"Subalquiler de vivienda: lo que debes saber - Soci\u00e9t\u00e9 d&#039;avocats Damy","og_description":"subarrendamiento de alojamiento Es posible subarrendar su alojamiento , siempre que haya obtenido el acuerdo previo de su propietario.","og_url":"https:\/\/gregorydamy.niceavocats.fr\/es\/subarrendamiento-de-alojamiento\/","og_site_name":"Soci\u00e9t\u00e9 d&#039;avocats Damy","article_publisher":"https:\/\/www.facebook.com\/niceavocats.fr\/","article_published_time":"2012-04-27T15:06:17+00:00","article_modified_time":"2023-08-16T10:45:23+00:00","author":"Kevin","twitter_card":"summary_large_image","twitter_misc":{"Escrito por":"Kevin","Tiempo de lectura":"3 minutos"},"schema":{"@context":"https:\/\/schema.org","@graph":[{"@type":"Article","@id":"https:\/\/gregorydamy.niceavocats.fr\/es\/subarrendamiento-de-alojamiento\/#article","isPartOf":{"@id":"https:\/\/gregorydamy.niceavocats.fr\/es\/subarrendamiento-de-alojamiento\/"},"author":{"name":"Kevin","@id":"https:\/\/gregorydamy.niceavocats.fr\/es\/#\/schema\/person\/e040acb2856efaa1e114d0e7a92a3870"},"headline":"Subalquiler de vivienda: lo que debes saber","datePublished":"2012-04-27T15:06:17+00:00","dateModified":"2023-08-16T10:45:23+00:00","mainEntityOfPage":{"@id":"https:\/\/gregorydamy.niceavocats.fr\/es\/subarrendamiento-de-alojamiento\/"},"wordCount":774,"commentCount":0,"publisher":{"@id":"https:\/\/gregorydamy.niceavocats.fr\/es\/#organization"},"articleSection":["Derecho inmobiliario"],"inLanguage":"es","potentialAction":[{"@type":"CommentAction","name":"Comment","target":["https:\/\/gregorydamy.niceavocats.fr\/es\/subarrendamiento-de-alojamiento\/#respond"]}]},{"@type":"WebPage","@id":"https:\/\/gregorydamy.niceavocats.fr\/es\/subarrendamiento-de-alojamiento\/","url":"https:\/\/gregorydamy.niceavocats.fr\/es\/subarrendamiento-de-alojamiento\/","name":"Subalquiler de vivienda: lo que debes saber - Soci\u00e9t\u00e9 d&#039;avocats Damy","isPartOf":{"@id":"https:\/\/gregorydamy.niceavocats.fr\/es\/#website"},"datePublished":"2012-04-27T15:06:17+00:00","dateModified":"2023-08-16T10:45:23+00:00","description":"subarrendamiento de alojamiento Es posible subarrendar su alojamiento , siempre que haya obtenido el acuerdo previo de su propietario.","breadcrumb":{"@id":"https:\/\/gregorydamy.niceavocats.fr\/es\/subarrendamiento-de-alojamiento\/#breadcrumb"},"inLanguage":"es","potentialAction":[{"@type":"ReadAction","target":["https:\/\/gregorydamy.niceavocats.fr\/es\/subarrendamiento-de-alojamiento\/"]}]},{"@type":"BreadcrumbList","@id":"https:\/\/gregorydamy.niceavocats.fr\/es\/subarrendamiento-de-alojamiento\/#breadcrumb","itemListElement":[{"@type":"ListItem","position":1,"name":"Accueil","item":"https:\/\/gregorydamy.niceavocats.fr\/es\/"},{"@type":"ListItem","position":2,"name":"Subalquiler de vivienda: lo que debes saber"}]},{"@type":"WebSite","@id":"https:\/\/gregorydamy.niceavocats.fr\/es\/#website","url":"https:\/\/gregorydamy.niceavocats.fr\/es\/","name":"Soci\u00e9t\u00e9 d&#039;avocats Damy","description":"Justice - Confiance - Efficacit\u00e9","publisher":{"@id":"https:\/\/gregorydamy.niceavocats.fr\/es\/#organization"},"potentialAction":[{"@type":"SearchAction","target":{"@type":"EntryPoint","urlTemplate":"https:\/\/gregorydamy.niceavocats.fr\/es\/?s={search_term_string}"},"query-input":{"@type":"PropertyValueSpecification","valueRequired":true,"valueName":"search_term_string"}}],"inLanguage":"es"},{"@type":"Organization","@id":"https:\/\/gregorydamy.niceavocats.fr\/es\/#organization","name":"Soci\u00e9t\u00e9 d'Avocats DAMY","alternateName":"Gr\u00e9gory DAMY","url":"https:\/\/gregorydamy.niceavocats.fr\/es\/","logo":{"@type":"ImageObject","inLanguage":"es","@id":"https:\/\/gregorydamy.niceavocats.fr\/es\/#\/schema\/logo\/image\/","url":"https:\/\/gregorydamy.niceavocats.fr\/wp-content\/uploads\/2023\/04\/damylogo-1.png","contentUrl":"https:\/\/gregorydamy.niceavocats.fr\/wp-content\/uploads\/2023\/04\/damylogo-1.png","width":1890,"height":1417,"caption":"Soci\u00e9t\u00e9 d'Avocats DAMY"},"image":{"@id":"https:\/\/gregorydamy.niceavocats.fr\/es\/#\/schema\/logo\/image\/"},"sameAs":["https:\/\/www.facebook.com\/niceavocats.fr\/"]},{"@type":"Person","@id":"https:\/\/gregorydamy.niceavocats.fr\/es\/#\/schema\/person\/e040acb2856efaa1e114d0e7a92a3870","name":"Kevin","url":"https:\/\/gregorydamy.niceavocats.fr\/es\/author\/kevin\/"}]}},"_links":{"self":[{"href":"https:\/\/gregorydamy.niceavocats.fr\/es\/wp-json\/wp\/v2\/posts\/6132","targetHints":{"allow":["GET"]}}],"collection":[{"href":"https:\/\/gregorydamy.niceavocats.fr\/es\/wp-json\/wp\/v2\/posts"}],"about":[{"href":"https:\/\/gregorydamy.niceavocats.fr\/es\/wp-json\/wp\/v2\/types\/post"}],"author":[{"embeddable":true,"href":"https:\/\/gregorydamy.niceavocats.fr\/es\/wp-json\/wp\/v2\/users\/2"}],"replies":[{"embeddable":true,"href":"https:\/\/gregorydamy.niceavocats.fr\/es\/wp-json\/wp\/v2\/comments?post=6132"}],"version-history":[{"count":0,"href":"https:\/\/gregorydamy.niceavocats.fr\/es\/wp-json\/wp\/v2\/posts\/6132\/revisions"}],"wp:attachment":[{"href":"https:\/\/gregorydamy.niceavocats.fr\/es\/wp-json\/wp\/v2\/media?parent=6132"}],"wp:term":[{"taxonomy":"category","embeddable":true,"href":"https:\/\/gregorydamy.niceavocats.fr\/es\/wp-json\/wp\/v2\/categories?post=6132"},{"taxonomy":"post_tag","embeddable":true,"href":"https:\/\/gregorydamy.niceavocats.fr\/es\/wp-json\/wp\/v2\/tags?post=6132"}],"curies":[{"name":"wp","href":"https:\/\/api.w.org\/{rel}","templated":true}]}}