{"id":5997,"date":"2012-04-27T15:40:41","date_gmt":"2012-04-27T15:40:41","guid":{"rendered":"https:\/\/gregorydamy.niceavocats.fr\/?p=5997"},"modified":"2023-08-16T08:07:05","modified_gmt":"2023-08-16T08:07:05","slug":"disputa-de-alquiler","status":"publish","type":"post","link":"https:\/\/gregorydamy.niceavocats.fr\/es\/disputa-de-alquiler\/","title":{"rendered":"Mi alquiler de temporada no se corresponde con lo esperado"},"content":{"rendered":"<p>[et_pb_section fb_built=&#8221;1&#8243; admin_label=&#8221;section&#8221; _builder_version=&#8221;4.19.5&#8243; custom_margin=&#8221;||0px||false|false&#8221; custom_padding=&#8221;||0px||false|false&#8221; locked=&#8221;off&#8221; global_colors_info=&#8221;{}&#8221;][et_pb_row column_structure=&#8221;1_3,1_3,1_3&#8243; _builder_version=&#8221;4.19.5&#8243; _module_preset=&#8221;default&#8221; background_enable_mask_style=&#8221;on&#8221; background_mask_style=&#8221;wave&#8221; background_mask_color=&#8221;rgba(0,0,0,0.08)&#8221; custom_padding=&#8221;||6px|||&#8221; locked=&#8221;off&#8221; global_colors_info=&#8221;{}&#8221;][et_pb_column type=&#8221;1_3&#8243; _builder_version=&#8221;4.19.5&#8243; _module_preset=&#8221;default&#8221; global_colors_info=&#8221;{}&#8221;][\/et_pb_column][et_pb_column type=&#8221;1_3&#8243; _builder_version=&#8221;4.19.5&#8243; _module_preset=&#8221;default&#8221; global_colors_info=&#8221;{}&#8221;][\/et_pb_column][et_pb_column type=&#8221;1_3&#8243; _builder_version=&#8221;4.19.5&#8243; _module_preset=&#8221;default&#8221; global_colors_info=&#8221;{}&#8221;][et_pb_circle_counter title=&#8221;Tiempo estimado de lectura (en minutos)&#8221; number=&#8221;2&#8243; percent_sign=&#8221;off&#8221; _builder_version=&#8221;4.20.2&#8243; _module_preset=&#8221;default&#8221; title_font=&#8221;Amiri||||||||&#8221; max_width=&#8221;137px&#8221; global_colors_info=&#8221;{}&#8221;][\/et_pb_circle_counter][\/et_pb_column][\/et_pb_row][et_pb_row _builder_version=&#8221;4.19.5&#8243; _module_preset=&#8221;default&#8221; custom_margin=&#8221;||0px||false|false&#8221; custom_padding=&#8221;||0px||false|false&#8221; global_colors_info=&#8221;{}&#8221;][et_pb_column type=&#8221;4_4&#8243; _builder_version=&#8221;4.19.5&#8243; _module_preset=&#8221;default&#8221; global_colors_info=&#8221;{}&#8221;][et_pb_divider _builder_version=&#8221;4.19.5&#8243; _module_preset=&#8221;default&#8221; global_colors_info=&#8221;{}&#8221;][\/et_pb_divider][\/et_pb_column][\/et_pb_row][et_pb_row admin_label=&#8221;row&#8221; _builder_version=&#8221;4.16&#8243; background_size=&#8221;initial&#8221; background_position=&#8221;top_left&#8221; background_repeat=&#8221;repeat&#8221; global_colors_info=&#8221;{}&#8221;][et_pb_column type=&#8221;4_4&#8243; _builder_version=&#8221;4.16&#8243; custom_padding=&#8221;|||&#8221; global_colors_info=&#8221;{}&#8221; custom_padding__hover=&#8221;|||&#8221;][et_pb_image src=&#8221;https:\/\/gregorydamy.niceavocats.fr\/wp-content\/uploads\/2012\/04\/pasted-image-0.jpg&#8221; title_text=&#8221;pasted image 0&#8243; _builder_version=&#8221;4.21.0&#8243; _module_preset=&#8221;default&#8221; global_colors_info=&#8221;{}&#8221;][\/et_pb_image][et_pb_text admin_label=&#8221;Text&#8221; _builder_version=&#8221;4.21.0&#8243; text_font=&#8221;Amiri||||||||&#8221; header_2_font=&#8221;Amiri||||||||&#8221; header_3_font=&#8221;Amiri||||||||&#8221; background_size=&#8221;initial&#8221; background_position=&#8221;top_left&#8221; background_repeat=&#8221;repeat&#8221; hover_enabled=&#8221;0&#8243; global_colors_info=&#8221;{}&#8221; sticky_enabled=&#8221;0&#8243;]<\/p>\n<div class=\"entry-content\">\n<p><span>\u00a1Disputa de alquiler!\u00a0<\/span><span class=\"\"><span>Has alquilado un alojamiento para las vacaciones pero, una vez all\u00ed, no cumple tus expectativas.\u00a0<\/span><\/span><span>Qu\u00e9 hacer ?<\/span><br \/><span>\u00bf Alquiler\u00a0<\/span><span>\u00a0, casa rural o amueblado?\u00a0Existen tres tipos de alquileres de temporada: los llamados alquileres no clasificados, que representan la mayor parte del stock de alquiler;\u00a0las casas rurales, que albergan una o varias mazorcas de ma\u00edz;\u00a0\u201c\u00a0 alojamiento\u00a0<\/span><a href=\"https:\/\/www.entreprises.gouv.fr\/fr\/tourisme\/conseils-strategie\/meubles-de-tourisme\"><span>tur\u00edstico amueblado<\/span><\/a><span>\u00a0\u201d, cuyos servicios son similares a los de un\u00a0\u00a0<\/span><span>hotel\u00a0<\/span><span>\u00a0y que est\u00e1n clasificados por estrellas.\u00a0Cuanto m\u00e1s su alquiler est\u00e9 en una categor\u00eda superior, m\u00e1s se apegar\u00e1 el arrendador a la calidad del alojamiento y, por lo tanto, m\u00e1s estar\u00e1 justificado para solicitar reparaciones.<\/span><\/p>\n<h2><span>Las obligaciones del arrendador<\/span><\/h2>\n<p><span>El arrendador tiene la obligaci\u00f3n de entregar.\u00a0Est\u00e1 obligado a respect determinados criteria contenidos en el contrato, como la situaci\u00f3n del inmueble, la limpieza o el equipamiento del alojamiento.<\/span><\/p>\n<h2><span>\u00bfQu\u00e9 hacer una vez all\u00ed?<\/span><\/h2>\n<p><span>The best manera de llevar a cabo las reparaciones es compilar pruebas, ideallye mediante el informe del alguacil, pero tambi\u00e9n mediante photographs o mediante la compilation de testimonios de los vecinos.\u00a0Is entonces aconsejable enviar una chart certificada con acuse de recibo al arrendador en la que le notifique su incumplimiento de los compromisos que hab\u00eda asumido.<\/span><\/p>\n<h2><span>\u00bfQu\u00e9 hacer en el camino de regreso?<\/span><\/h2>\n<p><span>Si ya ha enviado una carta certificada con acuse de recibo al propietario, puede escribirle de nuevo para pedirle una reducci\u00f3n del alquiler, en forma de reembolso, por las deficiencias del alojamiento.\u00a0Si en el plazo de un mes el arrendador a\u00fan no le ha respondido, pida consejo a su abogado para llevar el asunto ante el tribunal competente con el fin de obtener una indemnizaci\u00f3n por los da\u00f1os sufridos.\u00a0Si no envi\u00f3 correo certificado con acuse de recibo durante su estancia, siempre podr\u00e1 hacerlo a su regreso y seguir el mismo procedimiento.<\/span><\/p>\n<h2><span>\u00bfQu\u00e9 puedes conseguir?<\/span><\/h2>\n<p><span>Siguiendo el procedimiento, y en raz\u00f3n de los da\u00f1os sufridos, podr\u00e1 reclamar da\u00f1os y perjuicios si la empresa de alquiler no ha respetado sus obligaciones contractuales.<\/span><\/p>\n<h2><span>\u00bfOtras posibilidades de recurso?<\/span><\/h2>\n<p><span>Puede demandar al fiscal por publicidad enga\u00f1osa en el caso de que la publicidad no se corresponda con la realidad del alquiler.\u00a0En el caso de alquileres tur\u00edsticos amueblados que cumplan criterios de calidad, tambi\u00e9n puede contactar con el servicio antifraude.<\/span><\/p>\n<p><a href=\"https:\/\/gregorydamy.niceavocats.fr\/\"><span>Bufete de abogados DAMY<\/span><\/a><span>\u00a0, Mi alquiler de temporada no corresponde a lo esperado, actualizaci\u00f3n 2022.<\/span><\/p>\n<\/div>\n<p>[\/et_pb_text][\/et_pb_column][\/et_pb_row][et_pb_row _builder_version=&#8221;4.19.5&#8243; _module_preset=&#8221;default&#8221; custom_margin=&#8221;||0px||false|false&#8221; custom_padding=&#8221;||0px||false|false&#8221; global_colors_info=&#8221;{}&#8221;][et_pb_column type=&#8221;4_4&#8243; _builder_version=&#8221;4.19.5&#8243; _module_preset=&#8221;default&#8221; global_colors_info=&#8221;{}&#8221;][et_pb_divider _builder_version=&#8221;4.19.5&#8243; _module_preset=&#8221;default&#8221; global_colors_info=&#8221;{}&#8221;][\/et_pb_divider][\/et_pb_column][\/et_pb_row][\/et_pb_section]<\/p>\n","protected":false},"excerpt":{"rendered":"<p>\u00a1Disputa de alquiler!\u00a0Has alquilado un alojamiento para las vacaciones pero, una vez all\u00ed, no cumple tus expectativas.\u00a0Qu\u00e9 hacer ?\u00bf Alquiler\u00a0\u00a0, casa rural o amueblado?\u00a0Existen tres tipos de alquileres de temporada: los llamados alquileres no clasificados, que representan la mayor parte del stock de alquiler;\u00a0las casas rurales, que albergan una o varias mazorcas de ma\u00edz;\u00a0\u201c\u00a0 alojamiento\u00a0tur\u00edstico [&hellip;]<\/p>\n","protected":false},"author":2,"featured_media":0,"comment_status":"open","ping_status":"open","sticky":false,"template":"","format":"standard","meta":{"_et_pb_use_builder":"on","_et_pb_old_content":"","_et_gb_content_width":"","footnotes":""},"categories":[],"tags":[],"class_list":["post-5997","post","type-post","status-publish","format-standard","hentry"],"yoast_head":"<!-- This site is optimized with the Yoast SEO plugin v26.8 - https:\/\/yoast.com\/product\/yoast-seo-wordpress\/ -->\n<title>Mi alquiler de temporada no se corresponde con lo esperado - Soci\u00e9t\u00e9 d&#039;avocats Damy<\/title>\n<meta name=\"description\" content=\"Disputa de alquiler Disputa de alquiler! Has alquilado un lugar para las vacaciones pero, una vez all\u00ed, no cumple con tus expectativas.\" \/>\n<meta name=\"robots\" content=\"index, follow, max-snippet:-1, max-image-preview:large, max-video-preview:-1\" \/>\n<link rel=\"canonical\" href=\"https:\/\/gregorydamy.niceavocats.fr\/es\/disputa-de-alquiler\/\" \/>\n<meta property=\"og:locale\" content=\"es_ES\" \/>\n<meta property=\"og:type\" content=\"article\" \/>\n<meta property=\"og:title\" content=\"Mi alquiler de temporada no se corresponde con lo esperado - Soci\u00e9t\u00e9 d&#039;avocats Damy\" \/>\n<meta property=\"og:description\" content=\"Disputa de alquiler Disputa de alquiler! Has alquilado un lugar para las vacaciones pero, una vez all\u00ed, no cumple con tus expectativas.\" \/>\n<meta property=\"og:url\" content=\"https:\/\/gregorydamy.niceavocats.fr\/es\/disputa-de-alquiler\/\" \/>\n<meta property=\"og:site_name\" content=\"Soci\u00e9t\u00e9 d&#039;avocats Damy\" \/>\n<meta property=\"article:publisher\" content=\"https:\/\/www.facebook.com\/niceavocats.fr\/\" \/>\n<meta property=\"article:published_time\" content=\"2012-04-27T15:40:41+00:00\" \/>\n<meta property=\"article:modified_time\" content=\"2023-08-16T08:07:05+00:00\" \/>\n<meta name=\"author\" content=\"Kevin\" \/>\n<meta name=\"twitter:card\" content=\"summary_large_image\" \/>\n<meta name=\"twitter:label1\" content=\"Escrito por\" \/>\n\t<meta name=\"twitter:data1\" content=\"Kevin\" \/>\n\t<meta name=\"twitter:label2\" content=\"Tiempo de lectura\" \/>\n\t<meta name=\"twitter:data2\" content=\"3 minutos\" \/>\n<script type=\"application\/ld+json\" class=\"yoast-schema-graph\">{\"@context\":\"https:\/\/schema.org\",\"@graph\":[{\"@type\":\"Article\",\"@id\":\"https:\/\/gregorydamy.niceavocats.fr\/es\/disputa-de-alquiler\/#article\",\"isPartOf\":{\"@id\":\"https:\/\/gregorydamy.niceavocats.fr\/es\/disputa-de-alquiler\/\"},\"author\":{\"name\":\"Kevin\",\"@id\":\"https:\/\/gregorydamy.niceavocats.fr\/es\/#\/schema\/person\/e040acb2856efaa1e114d0e7a92a3870\"},\"headline\":\"Mi alquiler de temporada no se corresponde con lo esperado\",\"datePublished\":\"2012-04-27T15:40:41+00:00\",\"dateModified\":\"2023-08-16T08:07:05+00:00\",\"mainEntityOfPage\":{\"@id\":\"https:\/\/gregorydamy.niceavocats.fr\/es\/disputa-de-alquiler\/\"},\"wordCount\":770,\"commentCount\":0,\"publisher\":{\"@id\":\"https:\/\/gregorydamy.niceavocats.fr\/es\/#organization\"},\"inLanguage\":\"es\",\"potentialAction\":[{\"@type\":\"CommentAction\",\"name\":\"Comment\",\"target\":[\"https:\/\/gregorydamy.niceavocats.fr\/es\/disputa-de-alquiler\/#respond\"]}]},{\"@type\":\"WebPage\",\"@id\":\"https:\/\/gregorydamy.niceavocats.fr\/es\/disputa-de-alquiler\/\",\"url\":\"https:\/\/gregorydamy.niceavocats.fr\/es\/disputa-de-alquiler\/\",\"name\":\"Mi alquiler de temporada no se corresponde con lo esperado - Soci\u00e9t\u00e9 d&#039;avocats Damy\",\"isPartOf\":{\"@id\":\"https:\/\/gregorydamy.niceavocats.fr\/es\/#website\"},\"datePublished\":\"2012-04-27T15:40:41+00:00\",\"dateModified\":\"2023-08-16T08:07:05+00:00\",\"description\":\"Disputa de alquiler Disputa de alquiler! Has alquilado un lugar para las vacaciones pero, una vez all\u00ed, no cumple con tus expectativas.\",\"breadcrumb\":{\"@id\":\"https:\/\/gregorydamy.niceavocats.fr\/es\/disputa-de-alquiler\/#breadcrumb\"},\"inLanguage\":\"es\",\"potentialAction\":[{\"@type\":\"ReadAction\",\"target\":[\"https:\/\/gregorydamy.niceavocats.fr\/es\/disputa-de-alquiler\/\"]}]},{\"@type\":\"BreadcrumbList\",\"@id\":\"https:\/\/gregorydamy.niceavocats.fr\/es\/disputa-de-alquiler\/#breadcrumb\",\"itemListElement\":[{\"@type\":\"ListItem\",\"position\":1,\"name\":\"Accueil\",\"item\":\"https:\/\/gregorydamy.niceavocats.fr\/es\/\"},{\"@type\":\"ListItem\",\"position\":2,\"name\":\"Mi alquiler de temporada no se corresponde con lo esperado\"}]},{\"@type\":\"WebSite\",\"@id\":\"https:\/\/gregorydamy.niceavocats.fr\/es\/#website\",\"url\":\"https:\/\/gregorydamy.niceavocats.fr\/es\/\",\"name\":\"Soci\u00e9t\u00e9 d&#039;avocats Damy\",\"description\":\"Justice - Confiance - Efficacit\u00e9\",\"publisher\":{\"@id\":\"https:\/\/gregorydamy.niceavocats.fr\/es\/#organization\"},\"potentialAction\":[{\"@type\":\"SearchAction\",\"target\":{\"@type\":\"EntryPoint\",\"urlTemplate\":\"https:\/\/gregorydamy.niceavocats.fr\/es\/?s={search_term_string}\"},\"query-input\":{\"@type\":\"PropertyValueSpecification\",\"valueRequired\":true,\"valueName\":\"search_term_string\"}}],\"inLanguage\":\"es\"},{\"@type\":\"Organization\",\"@id\":\"https:\/\/gregorydamy.niceavocats.fr\/es\/#organization\",\"name\":\"Soci\u00e9t\u00e9 d'Avocats DAMY\",\"alternateName\":\"Gr\u00e9gory DAMY\",\"url\":\"https:\/\/gregorydamy.niceavocats.fr\/es\/\",\"logo\":{\"@type\":\"ImageObject\",\"inLanguage\":\"es\",\"@id\":\"https:\/\/gregorydamy.niceavocats.fr\/es\/#\/schema\/logo\/image\/\",\"url\":\"https:\/\/gregorydamy.niceavocats.fr\/wp-content\/uploads\/2023\/04\/damylogo-1.png\",\"contentUrl\":\"https:\/\/gregorydamy.niceavocats.fr\/wp-content\/uploads\/2023\/04\/damylogo-1.png\",\"width\":1890,\"height\":1417,\"caption\":\"Soci\u00e9t\u00e9 d'Avocats DAMY\"},\"image\":{\"@id\":\"https:\/\/gregorydamy.niceavocats.fr\/es\/#\/schema\/logo\/image\/\"},\"sameAs\":[\"https:\/\/www.facebook.com\/niceavocats.fr\/\"]},{\"@type\":\"Person\",\"@id\":\"https:\/\/gregorydamy.niceavocats.fr\/es\/#\/schema\/person\/e040acb2856efaa1e114d0e7a92a3870\",\"name\":\"Kevin\",\"url\":\"https:\/\/gregorydamy.niceavocats.fr\/es\/author\/kevin\/\"}]}<\/script>\n<!-- \/ Yoast SEO plugin. -->","yoast_head_json":{"title":"Mi alquiler de temporada no se corresponde con lo esperado - Soci\u00e9t\u00e9 d&#039;avocats Damy","description":"Disputa de alquiler Disputa de alquiler! Has alquilado un lugar para las vacaciones pero, una vez all\u00ed, no cumple con tus expectativas.","robots":{"index":"index","follow":"follow","max-snippet":"max-snippet:-1","max-image-preview":"max-image-preview:large","max-video-preview":"max-video-preview:-1"},"canonical":"https:\/\/gregorydamy.niceavocats.fr\/es\/disputa-de-alquiler\/","og_locale":"es_ES","og_type":"article","og_title":"Mi alquiler de temporada no se corresponde con lo esperado - Soci\u00e9t\u00e9 d&#039;avocats Damy","og_description":"Disputa de alquiler Disputa de alquiler! Has alquilado un lugar para las vacaciones pero, una vez all\u00ed, no cumple con tus expectativas.","og_url":"https:\/\/gregorydamy.niceavocats.fr\/es\/disputa-de-alquiler\/","og_site_name":"Soci\u00e9t\u00e9 d&#039;avocats Damy","article_publisher":"https:\/\/www.facebook.com\/niceavocats.fr\/","article_published_time":"2012-04-27T15:40:41+00:00","article_modified_time":"2023-08-16T08:07:05+00:00","author":"Kevin","twitter_card":"summary_large_image","twitter_misc":{"Escrito por":"Kevin","Tiempo de lectura":"3 minutos"},"schema":{"@context":"https:\/\/schema.org","@graph":[{"@type":"Article","@id":"https:\/\/gregorydamy.niceavocats.fr\/es\/disputa-de-alquiler\/#article","isPartOf":{"@id":"https:\/\/gregorydamy.niceavocats.fr\/es\/disputa-de-alquiler\/"},"author":{"name":"Kevin","@id":"https:\/\/gregorydamy.niceavocats.fr\/es\/#\/schema\/person\/e040acb2856efaa1e114d0e7a92a3870"},"headline":"Mi alquiler de temporada no se corresponde con lo esperado","datePublished":"2012-04-27T15:40:41+00:00","dateModified":"2023-08-16T08:07:05+00:00","mainEntityOfPage":{"@id":"https:\/\/gregorydamy.niceavocats.fr\/es\/disputa-de-alquiler\/"},"wordCount":770,"commentCount":0,"publisher":{"@id":"https:\/\/gregorydamy.niceavocats.fr\/es\/#organization"},"inLanguage":"es","potentialAction":[{"@type":"CommentAction","name":"Comment","target":["https:\/\/gregorydamy.niceavocats.fr\/es\/disputa-de-alquiler\/#respond"]}]},{"@type":"WebPage","@id":"https:\/\/gregorydamy.niceavocats.fr\/es\/disputa-de-alquiler\/","url":"https:\/\/gregorydamy.niceavocats.fr\/es\/disputa-de-alquiler\/","name":"Mi alquiler de temporada no se corresponde con lo esperado - Soci\u00e9t\u00e9 d&#039;avocats Damy","isPartOf":{"@id":"https:\/\/gregorydamy.niceavocats.fr\/es\/#website"},"datePublished":"2012-04-27T15:40:41+00:00","dateModified":"2023-08-16T08:07:05+00:00","description":"Disputa de alquiler Disputa de alquiler! Has alquilado un lugar para las vacaciones pero, una vez all\u00ed, no cumple con tus expectativas.","breadcrumb":{"@id":"https:\/\/gregorydamy.niceavocats.fr\/es\/disputa-de-alquiler\/#breadcrumb"},"inLanguage":"es","potentialAction":[{"@type":"ReadAction","target":["https:\/\/gregorydamy.niceavocats.fr\/es\/disputa-de-alquiler\/"]}]},{"@type":"BreadcrumbList","@id":"https:\/\/gregorydamy.niceavocats.fr\/es\/disputa-de-alquiler\/#breadcrumb","itemListElement":[{"@type":"ListItem","position":1,"name":"Accueil","item":"https:\/\/gregorydamy.niceavocats.fr\/es\/"},{"@type":"ListItem","position":2,"name":"Mi alquiler de temporada no se corresponde con lo esperado"}]},{"@type":"WebSite","@id":"https:\/\/gregorydamy.niceavocats.fr\/es\/#website","url":"https:\/\/gregorydamy.niceavocats.fr\/es\/","name":"Soci\u00e9t\u00e9 d&#039;avocats Damy","description":"Justice - Confiance - Efficacit\u00e9","publisher":{"@id":"https:\/\/gregorydamy.niceavocats.fr\/es\/#organization"},"potentialAction":[{"@type":"SearchAction","target":{"@type":"EntryPoint","urlTemplate":"https:\/\/gregorydamy.niceavocats.fr\/es\/?s={search_term_string}"},"query-input":{"@type":"PropertyValueSpecification","valueRequired":true,"valueName":"search_term_string"}}],"inLanguage":"es"},{"@type":"Organization","@id":"https:\/\/gregorydamy.niceavocats.fr\/es\/#organization","name":"Soci\u00e9t\u00e9 d'Avocats DAMY","alternateName":"Gr\u00e9gory DAMY","url":"https:\/\/gregorydamy.niceavocats.fr\/es\/","logo":{"@type":"ImageObject","inLanguage":"es","@id":"https:\/\/gregorydamy.niceavocats.fr\/es\/#\/schema\/logo\/image\/","url":"https:\/\/gregorydamy.niceavocats.fr\/wp-content\/uploads\/2023\/04\/damylogo-1.png","contentUrl":"https:\/\/gregorydamy.niceavocats.fr\/wp-content\/uploads\/2023\/04\/damylogo-1.png","width":1890,"height":1417,"caption":"Soci\u00e9t\u00e9 d'Avocats DAMY"},"image":{"@id":"https:\/\/gregorydamy.niceavocats.fr\/es\/#\/schema\/logo\/image\/"},"sameAs":["https:\/\/www.facebook.com\/niceavocats.fr\/"]},{"@type":"Person","@id":"https:\/\/gregorydamy.niceavocats.fr\/es\/#\/schema\/person\/e040acb2856efaa1e114d0e7a92a3870","name":"Kevin","url":"https:\/\/gregorydamy.niceavocats.fr\/es\/author\/kevin\/"}]}},"_links":{"self":[{"href":"https:\/\/gregorydamy.niceavocats.fr\/es\/wp-json\/wp\/v2\/posts\/5997","targetHints":{"allow":["GET"]}}],"collection":[{"href":"https:\/\/gregorydamy.niceavocats.fr\/es\/wp-json\/wp\/v2\/posts"}],"about":[{"href":"https:\/\/gregorydamy.niceavocats.fr\/es\/wp-json\/wp\/v2\/types\/post"}],"author":[{"embeddable":true,"href":"https:\/\/gregorydamy.niceavocats.fr\/es\/wp-json\/wp\/v2\/users\/2"}],"replies":[{"embeddable":true,"href":"https:\/\/gregorydamy.niceavocats.fr\/es\/wp-json\/wp\/v2\/comments?post=5997"}],"version-history":[{"count":0,"href":"https:\/\/gregorydamy.niceavocats.fr\/es\/wp-json\/wp\/v2\/posts\/5997\/revisions"}],"wp:attachment":[{"href":"https:\/\/gregorydamy.niceavocats.fr\/es\/wp-json\/wp\/v2\/media?parent=5997"}],"wp:term":[{"taxonomy":"category","embeddable":true,"href":"https:\/\/gregorydamy.niceavocats.fr\/es\/wp-json\/wp\/v2\/categories?post=5997"},{"taxonomy":"post_tag","embeddable":true,"href":"https:\/\/gregorydamy.niceavocats.fr\/es\/wp-json\/wp\/v2\/tags?post=5997"}],"curies":[{"name":"wp","href":"https:\/\/api.w.org\/{rel}","templated":true}]}}