{"id":5954,"date":"2012-04-28T06:33:42","date_gmt":"2012-04-28T06:33:42","guid":{"rendered":"https:\/\/gregorydamy.niceavocats.fr\/?p=5954"},"modified":"2023-08-16T07:46:29","modified_gmt":"2023-08-16T07:46:29","slug":"inquilino-ausente","status":"publish","type":"post","link":"https:\/\/gregorydamy.niceavocats.fr\/es\/inquilino-ausente\/","title":{"rendered":"Mi inquilino se fue sin dejar direcci\u00f3n: \u00bfQu\u00e9 debo hacer?"},"content":{"rendered":"<p>[et_pb_section fb_built=&#8221;1&#8243; admin_label=&#8221;section&#8221; _builder_version=&#8221;4.19.5&#8243; custom_margin=&#8221;||0px||false|false&#8221; custom_padding=&#8221;||0px||false|false&#8221; locked=&#8221;off&#8221; global_colors_info=&#8221;{}&#8221;][et_pb_row column_structure=&#8221;1_3,1_3,1_3&#8243; _builder_version=&#8221;4.19.5&#8243; _module_preset=&#8221;default&#8221; background_enable_mask_style=&#8221;on&#8221; background_mask_style=&#8221;wave&#8221; background_mask_color=&#8221;rgba(0,0,0,0.08)&#8221; custom_padding=&#8221;||6px|||&#8221; locked=&#8221;off&#8221; global_colors_info=&#8221;{}&#8221;][et_pb_column type=&#8221;1_3&#8243; _builder_version=&#8221;4.19.5&#8243; _module_preset=&#8221;default&#8221; global_colors_info=&#8221;{}&#8221;][\/et_pb_column][et_pb_column type=&#8221;1_3&#8243; _builder_version=&#8221;4.19.5&#8243; _module_preset=&#8221;default&#8221; global_colors_info=&#8221;{}&#8221;][\/et_pb_column][et_pb_column type=&#8221;1_3&#8243; _builder_version=&#8221;4.19.5&#8243; _module_preset=&#8221;default&#8221; global_colors_info=&#8221;{}&#8221;][et_pb_circle_counter title=&#8221;Tiempo estimado de lectura (en minutos)&#8221; number=&#8221;2&#8243; percent_sign=&#8221;off&#8221; _builder_version=&#8221;4.20.2&#8243; _module_preset=&#8221;default&#8221; title_font=&#8221;Amiri||||||||&#8221; max_width=&#8221;137px&#8221; global_colors_info=&#8221;{}&#8221;][\/et_pb_circle_counter][\/et_pb_column][\/et_pb_row][et_pb_row _builder_version=&#8221;4.19.5&#8243; _module_preset=&#8221;default&#8221; custom_margin=&#8221;||0px||false|false&#8221; custom_padding=&#8221;||0px||false|false&#8221; global_colors_info=&#8221;{}&#8221;][et_pb_column type=&#8221;4_4&#8243; _builder_version=&#8221;4.19.5&#8243; _module_preset=&#8221;default&#8221; global_colors_info=&#8221;{}&#8221;][et_pb_divider _builder_version=&#8221;4.19.5&#8243; _module_preset=&#8221;default&#8221; global_colors_info=&#8221;{}&#8221;][\/et_pb_divider][\/et_pb_column][\/et_pb_row][et_pb_row admin_label=&#8221;row&#8221; _builder_version=&#8221;4.16&#8243; background_size=&#8221;initial&#8221; background_position=&#8221;top_left&#8221; background_repeat=&#8221;repeat&#8221; global_colors_info=&#8221;{}&#8221;][et_pb_column type=&#8221;4_4&#8243; _builder_version=&#8221;4.16&#8243; custom_padding=&#8221;|||&#8221; global_colors_info=&#8221;{}&#8221; custom_padding__hover=&#8221;|||&#8221;][et_pb_image src=&#8221;https:\/\/gregorydamy.niceavocats.fr\/wp-content\/uploads\/2012\/04\/images-2.jpg&#8221; title_text=&#8221;images&#8221; _builder_version=&#8221;4.21.0&#8243; _module_preset=&#8221;default&#8221; hover_enabled=&#8221;0&#8243; global_colors_info=&#8221;{}&#8221; sticky_enabled=&#8221;0&#8243;][\/et_pb_image][et_pb_text admin_label=&#8221;Text&#8221; _builder_version=&#8221;4.21.0&#8243; text_font=&#8221;Amiri||||||||&#8221; header_2_font=&#8221;Amiri||||||||&#8221; header_3_font=&#8221;Amiri||||||||&#8221; background_size=&#8221;initial&#8221; background_position=&#8221;top_left&#8221; background_repeat=&#8221;repeat&#8221; hover_enabled=&#8221;0&#8243; global_colors_info=&#8221;{}&#8221; sticky_enabled=&#8221;0&#8243;]<\/p>\n<div class=\"entry-content\">\n<p><span>Inquilino de distancia!\u00a0Puede ocurrir que un inquilino abandone una vivienda sin avisar al arrendador o sin dejar direcci\u00f3n y muchas veces con el alquiler impago.\u00a0\u00bfC\u00f3mo puede encontrarlo el propietario?\u00a0\u00bfC\u00f3mo puede recuperar el alquiler impago?<\/span><\/p>\n<h2><span>Haz un inventario<\/span><\/h2>\n<p><span>En primer lugar, es recomendable realizar una investigaci\u00f3n personal con el empleador del arrendatario, que permitir\u00e1 comprobar si el arrendatario sigue trabajando en la misma empresa y tambi\u00e9n conocer su nueva direcci\u00f3n.\u00a0Estos elementos pueden ser \u00fatiles para establecer una declaraci\u00f3n de remuneraci\u00f3n.\u00a0Entonces, es necesario realizar una inspecci\u00f3n del barrio que pueda dar fe de la salida del inquilino (cuando el conserje o los vecinos le hayan visto salir, por ejemplo).\u00a0Si no hay rastro del inquilino, es posible llamar a un detective privado, contratado por un abogado.\u00a0Esto le permitir\u00e1 obtener informaci\u00f3n reciente (empleador, direcci\u00f3n, etc.) pero tambi\u00e9n conocer la solvencia del arrendatario para saber si iniciar o no un procedimiento judicial.<\/span><\/p>\n<h2><span>declarar salida<\/span><\/h2>\n<p><span>Una vez declared cierta\u00a0la salida del<\/span><a href=\"https:\/\/www.service-public.fr\/particuliers\/vosdroits\/N19424\"><span>arrendatario , el arrendador no debe entrar solo en el alojamiento y debe designarse previamente un alguacil.\u00a0<\/span><\/a><span>El alguacil acudir\u00e1 al lugar, con un cerrajero y el cuestor, para comprobar que el alojamiento est\u00e1 vac\u00edo y observar cualquier desperfecto.\u00a0Tambi\u00e9n will elaborate a form of toma de posesi\u00f3n that will allow the owner to recover quickly and oficially el alojamiento.<\/span><\/p>\n<h2><span>Cobrar el alquiler impago<\/span><\/h2>\n<p><span>Si no ha habido salida de inventario ni devoluci\u00f3n de llaves, el apartamento se considera todav\u00eda alquilado y el propietario puede entonces reclamar el alquiler impago.\u00a0Para recuperar parte de estas rentas impagadas, puede solicitar una medida cautelar que le permita embargar la remuneraci\u00f3n o las cuentas corrientes.\u00a0La solicitud se presenta ante el tribunal de distrito del domicilio del deudor.\u00a0El alguacil luego transferir\u00e1 el dinero gradualmente de acuerdo con los otros acreedores y el salario.\u00a0El estatuto de limitaciones para el alquiler es de cinco a\u00f1os, por lo que debe actuar con rapidez.<\/span><\/p>\n<h2><span>Citaci\u00f3n<\/span><\/h2>\n<p><span>El propietario puede citar al tribunal de distrito para hacer valer otras reclamaciones: compensaci\u00f3n de ocupaci\u00f3n, compensaci\u00f3n por cualquier da\u00f1o (se debe proporcionar cotizaci\u00f3n y certificado del alguacil), compensaci\u00f3n por costas judiciales, etc. En general, la orden se emite dentro de los 6 meses\u00a0.\u00a0Ma\u00eetre DAMY es experto en materia de desalojo y recuperaci\u00f3n de deudas de alquiler.<\/span><\/p>\n<p><a href=\"https:\/\/gregorydamy.niceavocats.fr\/\"><span>Soci\u00e9t\u00e9 d&#8217;Avocats DAMY<\/span><\/a><span>\u00a0, Niza, Mi inquilino se fue sin dejar una direcci\u00f3n, Actualizaci\u00f3n 2022.<\/span><\/p>\n<\/div>\n<p>[\/et_pb_text][\/et_pb_column][\/et_pb_row][et_pb_row _builder_version=&#8221;4.19.5&#8243; _module_preset=&#8221;default&#8221; custom_margin=&#8221;||0px||false|false&#8221; custom_padding=&#8221;||0px||false|false&#8221; global_colors_info=&#8221;{}&#8221;][et_pb_column type=&#8221;4_4&#8243; _builder_version=&#8221;4.19.5&#8243; _module_preset=&#8221;default&#8221; global_colors_info=&#8221;{}&#8221;][et_pb_divider _builder_version=&#8221;4.19.5&#8243; _module_preset=&#8221;default&#8221; global_colors_info=&#8221;{}&#8221;][\/et_pb_divider][\/et_pb_column][\/et_pb_row][\/et_pb_section]<\/p>\n","protected":false},"excerpt":{"rendered":"<p>Inquilino de distancia!\u00a0Puede ocurrir que un inquilino abandone una vivienda sin avisar al arrendador o sin dejar direcci\u00f3n y muchas veces con el alquiler impago.\u00a0\u00bfC\u00f3mo puede encontrarlo el propietario?\u00a0\u00bfC\u00f3mo puede recuperar el alquiler impago? Haz un inventario En primer lugar, es recomendable realizar una investigaci\u00f3n personal con el empleador del arrendatario, que permitir\u00e1 comprobar si [&hellip;]<\/p>\n","protected":false},"author":2,"featured_media":0,"comment_status":"open","ping_status":"open","sticky":false,"template":"","format":"standard","meta":{"_et_pb_use_builder":"on","_et_pb_old_content":"","_et_gb_content_width":"","footnotes":""},"categories":[328],"tags":[],"class_list":["post-5954","post","type-post","status-publish","format-standard","hentry","category-derecho-inmobiliario"],"yoast_head":"<!-- This site is optimized with the Yoast SEO plugin v26.8 - https:\/\/yoast.com\/product\/yoast-seo-wordpress\/ -->\n<title>Mi inquilino se fue sin dejar direcci\u00f3n: \u00bfQu\u00e9 debo hacer? - Soci\u00e9t\u00e9 d&#039;avocats Damy<\/title>\n<meta name=\"description\" content=\"Inquilino ausente \u00a1Inquilino ausente! Puede ocurrir que un arrendatario abandone la vivienda sin avisar al arrendador o sin dejar\" \/>\n<meta name=\"robots\" content=\"index, follow, max-snippet:-1, max-image-preview:large, max-video-preview:-1\" \/>\n<link rel=\"canonical\" href=\"https:\/\/gregorydamy.niceavocats.fr\/es\/inquilino-ausente\/\" \/>\n<meta property=\"og:locale\" content=\"es_ES\" \/>\n<meta property=\"og:type\" content=\"article\" \/>\n<meta property=\"og:title\" content=\"Mi inquilino se fue sin dejar direcci\u00f3n: \u00bfQu\u00e9 debo hacer? - Soci\u00e9t\u00e9 d&#039;avocats Damy\" \/>\n<meta property=\"og:description\" content=\"Inquilino ausente \u00a1Inquilino ausente! Puede ocurrir que un arrendatario abandone la vivienda sin avisar al arrendador o sin dejar\" \/>\n<meta property=\"og:url\" content=\"https:\/\/gregorydamy.niceavocats.fr\/es\/inquilino-ausente\/\" \/>\n<meta property=\"og:site_name\" content=\"Soci\u00e9t\u00e9 d&#039;avocats Damy\" \/>\n<meta property=\"article:publisher\" content=\"https:\/\/www.facebook.com\/niceavocats.fr\/\" \/>\n<meta property=\"article:published_time\" content=\"2012-04-28T06:33:42+00:00\" \/>\n<meta property=\"article:modified_time\" content=\"2023-08-16T07:46:29+00:00\" \/>\n<meta name=\"author\" content=\"Kevin\" \/>\n<meta name=\"twitter:card\" content=\"summary_large_image\" \/>\n<meta name=\"twitter:label1\" content=\"Escrito por\" \/>\n\t<meta name=\"twitter:data1\" content=\"Kevin\" \/>\n\t<meta name=\"twitter:label2\" content=\"Tiempo de lectura\" \/>\n\t<meta name=\"twitter:data2\" content=\"3 minutos\" \/>\n<script type=\"application\/ld+json\" class=\"yoast-schema-graph\">{\"@context\":\"https:\/\/schema.org\",\"@graph\":[{\"@type\":\"Article\",\"@id\":\"https:\/\/gregorydamy.niceavocats.fr\/es\/inquilino-ausente\/#article\",\"isPartOf\":{\"@id\":\"https:\/\/gregorydamy.niceavocats.fr\/es\/inquilino-ausente\/\"},\"author\":{\"name\":\"Kevin\",\"@id\":\"https:\/\/gregorydamy.niceavocats.fr\/es\/#\/schema\/person\/e040acb2856efaa1e114d0e7a92a3870\"},\"headline\":\"Mi inquilino se fue sin dejar direcci\u00f3n: \u00bfQu\u00e9 debo hacer?\",\"datePublished\":\"2012-04-28T06:33:42+00:00\",\"dateModified\":\"2023-08-16T07:46:29+00:00\",\"mainEntityOfPage\":{\"@id\":\"https:\/\/gregorydamy.niceavocats.fr\/es\/inquilino-ausente\/\"},\"wordCount\":789,\"commentCount\":0,\"publisher\":{\"@id\":\"https:\/\/gregorydamy.niceavocats.fr\/es\/#organization\"},\"articleSection\":[\"Derecho inmobiliario\"],\"inLanguage\":\"es\",\"potentialAction\":[{\"@type\":\"CommentAction\",\"name\":\"Comment\",\"target\":[\"https:\/\/gregorydamy.niceavocats.fr\/es\/inquilino-ausente\/#respond\"]}]},{\"@type\":\"WebPage\",\"@id\":\"https:\/\/gregorydamy.niceavocats.fr\/es\/inquilino-ausente\/\",\"url\":\"https:\/\/gregorydamy.niceavocats.fr\/es\/inquilino-ausente\/\",\"name\":\"Mi inquilino se fue sin dejar direcci\u00f3n: \u00bfQu\u00e9 debo hacer? - Soci\u00e9t\u00e9 d&#039;avocats Damy\",\"isPartOf\":{\"@id\":\"https:\/\/gregorydamy.niceavocats.fr\/es\/#website\"},\"datePublished\":\"2012-04-28T06:33:42+00:00\",\"dateModified\":\"2023-08-16T07:46:29+00:00\",\"description\":\"Inquilino ausente \u00a1Inquilino ausente! Puede ocurrir que un arrendatario abandone la vivienda sin avisar al arrendador o sin dejar\",\"breadcrumb\":{\"@id\":\"https:\/\/gregorydamy.niceavocats.fr\/es\/inquilino-ausente\/#breadcrumb\"},\"inLanguage\":\"es\",\"potentialAction\":[{\"@type\":\"ReadAction\",\"target\":[\"https:\/\/gregorydamy.niceavocats.fr\/es\/inquilino-ausente\/\"]}]},{\"@type\":\"BreadcrumbList\",\"@id\":\"https:\/\/gregorydamy.niceavocats.fr\/es\/inquilino-ausente\/#breadcrumb\",\"itemListElement\":[{\"@type\":\"ListItem\",\"position\":1,\"name\":\"Accueil\",\"item\":\"https:\/\/gregorydamy.niceavocats.fr\/es\/\"},{\"@type\":\"ListItem\",\"position\":2,\"name\":\"Mi inquilino se fue sin dejar direcci\u00f3n: \u00bfQu\u00e9 debo hacer?\"}]},{\"@type\":\"WebSite\",\"@id\":\"https:\/\/gregorydamy.niceavocats.fr\/es\/#website\",\"url\":\"https:\/\/gregorydamy.niceavocats.fr\/es\/\",\"name\":\"Soci\u00e9t\u00e9 d&#039;avocats Damy\",\"description\":\"Justice - Confiance - Efficacit\u00e9\",\"publisher\":{\"@id\":\"https:\/\/gregorydamy.niceavocats.fr\/es\/#organization\"},\"potentialAction\":[{\"@type\":\"SearchAction\",\"target\":{\"@type\":\"EntryPoint\",\"urlTemplate\":\"https:\/\/gregorydamy.niceavocats.fr\/es\/?s={search_term_string}\"},\"query-input\":{\"@type\":\"PropertyValueSpecification\",\"valueRequired\":true,\"valueName\":\"search_term_string\"}}],\"inLanguage\":\"es\"},{\"@type\":\"Organization\",\"@id\":\"https:\/\/gregorydamy.niceavocats.fr\/es\/#organization\",\"name\":\"Soci\u00e9t\u00e9 d'Avocats DAMY\",\"alternateName\":\"Gr\u00e9gory DAMY\",\"url\":\"https:\/\/gregorydamy.niceavocats.fr\/es\/\",\"logo\":{\"@type\":\"ImageObject\",\"inLanguage\":\"es\",\"@id\":\"https:\/\/gregorydamy.niceavocats.fr\/es\/#\/schema\/logo\/image\/\",\"url\":\"https:\/\/gregorydamy.niceavocats.fr\/wp-content\/uploads\/2023\/04\/damylogo-1.png\",\"contentUrl\":\"https:\/\/gregorydamy.niceavocats.fr\/wp-content\/uploads\/2023\/04\/damylogo-1.png\",\"width\":1890,\"height\":1417,\"caption\":\"Soci\u00e9t\u00e9 d'Avocats DAMY\"},\"image\":{\"@id\":\"https:\/\/gregorydamy.niceavocats.fr\/es\/#\/schema\/logo\/image\/\"},\"sameAs\":[\"https:\/\/www.facebook.com\/niceavocats.fr\/\"]},{\"@type\":\"Person\",\"@id\":\"https:\/\/gregorydamy.niceavocats.fr\/es\/#\/schema\/person\/e040acb2856efaa1e114d0e7a92a3870\",\"name\":\"Kevin\",\"url\":\"https:\/\/gregorydamy.niceavocats.fr\/es\/author\/kevin\/\"}]}<\/script>\n<!-- \/ Yoast SEO plugin. -->","yoast_head_json":{"title":"Mi inquilino se fue sin dejar direcci\u00f3n: \u00bfQu\u00e9 debo hacer? - Soci\u00e9t\u00e9 d&#039;avocats Damy","description":"Inquilino ausente \u00a1Inquilino ausente! Puede ocurrir que un arrendatario abandone la vivienda sin avisar al arrendador o sin dejar","robots":{"index":"index","follow":"follow","max-snippet":"max-snippet:-1","max-image-preview":"max-image-preview:large","max-video-preview":"max-video-preview:-1"},"canonical":"https:\/\/gregorydamy.niceavocats.fr\/es\/inquilino-ausente\/","og_locale":"es_ES","og_type":"article","og_title":"Mi inquilino se fue sin dejar direcci\u00f3n: \u00bfQu\u00e9 debo hacer? - Soci\u00e9t\u00e9 d&#039;avocats Damy","og_description":"Inquilino ausente \u00a1Inquilino ausente! Puede ocurrir que un arrendatario abandone la vivienda sin avisar al arrendador o sin dejar","og_url":"https:\/\/gregorydamy.niceavocats.fr\/es\/inquilino-ausente\/","og_site_name":"Soci\u00e9t\u00e9 d&#039;avocats Damy","article_publisher":"https:\/\/www.facebook.com\/niceavocats.fr\/","article_published_time":"2012-04-28T06:33:42+00:00","article_modified_time":"2023-08-16T07:46:29+00:00","author":"Kevin","twitter_card":"summary_large_image","twitter_misc":{"Escrito por":"Kevin","Tiempo de lectura":"3 minutos"},"schema":{"@context":"https:\/\/schema.org","@graph":[{"@type":"Article","@id":"https:\/\/gregorydamy.niceavocats.fr\/es\/inquilino-ausente\/#article","isPartOf":{"@id":"https:\/\/gregorydamy.niceavocats.fr\/es\/inquilino-ausente\/"},"author":{"name":"Kevin","@id":"https:\/\/gregorydamy.niceavocats.fr\/es\/#\/schema\/person\/e040acb2856efaa1e114d0e7a92a3870"},"headline":"Mi inquilino se fue sin dejar direcci\u00f3n: \u00bfQu\u00e9 debo hacer?","datePublished":"2012-04-28T06:33:42+00:00","dateModified":"2023-08-16T07:46:29+00:00","mainEntityOfPage":{"@id":"https:\/\/gregorydamy.niceavocats.fr\/es\/inquilino-ausente\/"},"wordCount":789,"commentCount":0,"publisher":{"@id":"https:\/\/gregorydamy.niceavocats.fr\/es\/#organization"},"articleSection":["Derecho inmobiliario"],"inLanguage":"es","potentialAction":[{"@type":"CommentAction","name":"Comment","target":["https:\/\/gregorydamy.niceavocats.fr\/es\/inquilino-ausente\/#respond"]}]},{"@type":"WebPage","@id":"https:\/\/gregorydamy.niceavocats.fr\/es\/inquilino-ausente\/","url":"https:\/\/gregorydamy.niceavocats.fr\/es\/inquilino-ausente\/","name":"Mi inquilino se fue sin dejar direcci\u00f3n: \u00bfQu\u00e9 debo hacer? - Soci\u00e9t\u00e9 d&#039;avocats Damy","isPartOf":{"@id":"https:\/\/gregorydamy.niceavocats.fr\/es\/#website"},"datePublished":"2012-04-28T06:33:42+00:00","dateModified":"2023-08-16T07:46:29+00:00","description":"Inquilino ausente \u00a1Inquilino ausente! Puede ocurrir que un arrendatario abandone la vivienda sin avisar al arrendador o sin dejar","breadcrumb":{"@id":"https:\/\/gregorydamy.niceavocats.fr\/es\/inquilino-ausente\/#breadcrumb"},"inLanguage":"es","potentialAction":[{"@type":"ReadAction","target":["https:\/\/gregorydamy.niceavocats.fr\/es\/inquilino-ausente\/"]}]},{"@type":"BreadcrumbList","@id":"https:\/\/gregorydamy.niceavocats.fr\/es\/inquilino-ausente\/#breadcrumb","itemListElement":[{"@type":"ListItem","position":1,"name":"Accueil","item":"https:\/\/gregorydamy.niceavocats.fr\/es\/"},{"@type":"ListItem","position":2,"name":"Mi inquilino se fue sin dejar direcci\u00f3n: \u00bfQu\u00e9 debo hacer?"}]},{"@type":"WebSite","@id":"https:\/\/gregorydamy.niceavocats.fr\/es\/#website","url":"https:\/\/gregorydamy.niceavocats.fr\/es\/","name":"Soci\u00e9t\u00e9 d&#039;avocats Damy","description":"Justice - Confiance - Efficacit\u00e9","publisher":{"@id":"https:\/\/gregorydamy.niceavocats.fr\/es\/#organization"},"potentialAction":[{"@type":"SearchAction","target":{"@type":"EntryPoint","urlTemplate":"https:\/\/gregorydamy.niceavocats.fr\/es\/?s={search_term_string}"},"query-input":{"@type":"PropertyValueSpecification","valueRequired":true,"valueName":"search_term_string"}}],"inLanguage":"es"},{"@type":"Organization","@id":"https:\/\/gregorydamy.niceavocats.fr\/es\/#organization","name":"Soci\u00e9t\u00e9 d'Avocats DAMY","alternateName":"Gr\u00e9gory DAMY","url":"https:\/\/gregorydamy.niceavocats.fr\/es\/","logo":{"@type":"ImageObject","inLanguage":"es","@id":"https:\/\/gregorydamy.niceavocats.fr\/es\/#\/schema\/logo\/image\/","url":"https:\/\/gregorydamy.niceavocats.fr\/wp-content\/uploads\/2023\/04\/damylogo-1.png","contentUrl":"https:\/\/gregorydamy.niceavocats.fr\/wp-content\/uploads\/2023\/04\/damylogo-1.png","width":1890,"height":1417,"caption":"Soci\u00e9t\u00e9 d'Avocats DAMY"},"image":{"@id":"https:\/\/gregorydamy.niceavocats.fr\/es\/#\/schema\/logo\/image\/"},"sameAs":["https:\/\/www.facebook.com\/niceavocats.fr\/"]},{"@type":"Person","@id":"https:\/\/gregorydamy.niceavocats.fr\/es\/#\/schema\/person\/e040acb2856efaa1e114d0e7a92a3870","name":"Kevin","url":"https:\/\/gregorydamy.niceavocats.fr\/es\/author\/kevin\/"}]}},"_links":{"self":[{"href":"https:\/\/gregorydamy.niceavocats.fr\/es\/wp-json\/wp\/v2\/posts\/5954","targetHints":{"allow":["GET"]}}],"collection":[{"href":"https:\/\/gregorydamy.niceavocats.fr\/es\/wp-json\/wp\/v2\/posts"}],"about":[{"href":"https:\/\/gregorydamy.niceavocats.fr\/es\/wp-json\/wp\/v2\/types\/post"}],"author":[{"embeddable":true,"href":"https:\/\/gregorydamy.niceavocats.fr\/es\/wp-json\/wp\/v2\/users\/2"}],"replies":[{"embeddable":true,"href":"https:\/\/gregorydamy.niceavocats.fr\/es\/wp-json\/wp\/v2\/comments?post=5954"}],"version-history":[{"count":0,"href":"https:\/\/gregorydamy.niceavocats.fr\/es\/wp-json\/wp\/v2\/posts\/5954\/revisions"}],"wp:attachment":[{"href":"https:\/\/gregorydamy.niceavocats.fr\/es\/wp-json\/wp\/v2\/media?parent=5954"}],"wp:term":[{"taxonomy":"category","embeddable":true,"href":"https:\/\/gregorydamy.niceavocats.fr\/es\/wp-json\/wp\/v2\/categories?post=5954"},{"taxonomy":"post_tag","embeddable":true,"href":"https:\/\/gregorydamy.niceavocats.fr\/es\/wp-json\/wp\/v2\/tags?post=5954"}],"curies":[{"name":"wp","href":"https:\/\/api.w.org\/{rel}","templated":true}]}}