{"id":5915,"date":"2008-06-01T15:50:36","date_gmt":"2008-06-01T15:50:36","guid":{"rendered":"https:\/\/gregorydamy.niceavocats.fr\/?p=5915"},"modified":"2023-08-03T05:31:10","modified_gmt":"2023-08-03T05:31:10","slug":"el-destino-de-la-fianza-en-las-operaciones-de-fusion-desarrollos-y-aclaraciones-jurisprudenciales","status":"publish","type":"post","link":"https:\/\/gregorydamy.niceavocats.fr\/es\/el-destino-de-la-fianza-en-las-operaciones-de-fusion-desarrollos-y-aclaraciones-jurisprudenciales\/","title":{"rendered":"El destino de la fianza en las operaciones de fusi\u00f3n: desarrollos y aclaraciones jurisprudenciales"},"content":{"rendered":"<p>[et_pb_section fb_built=&#8221;1&#8243; admin_label=&#8221;section&#8221; _builder_version=&#8221;4.20.2&#8243; custom_margin=&#8221;||0px||false|false&#8221; custom_padding=&#8221;||0px||false|false&#8221; locked=&#8221;off&#8221; global_colors_info=&#8221;{}&#8221;][et_pb_row column_structure=&#8221;1_3,1_3,1_3&#8243; _builder_version=&#8221;4.19.5&#8243; _module_preset=&#8221;default&#8221; background_enable_mask_style=&#8221;on&#8221; background_mask_style=&#8221;wave&#8221; background_mask_color=&#8221;rgba(0,0,0,0.08)&#8221; custom_padding=&#8221;||6px|||&#8221; locked=&#8221;off&#8221; global_colors_info=&#8221;{}&#8221;][et_pb_column type=&#8221;1_3&#8243; _builder_version=&#8221;4.19.5&#8243; _module_preset=&#8221;default&#8221; global_colors_info=&#8221;{}&#8221;][\/et_pb_column][et_pb_column type=&#8221;1_3&#8243; _builder_version=&#8221;4.19.5&#8243; _module_preset=&#8221;default&#8221; global_colors_info=&#8221;{}&#8221;][\/et_pb_column][et_pb_column type=&#8221;1_3&#8243; _builder_version=&#8221;4.19.5&#8243; _module_preset=&#8221;default&#8221; global_colors_info=&#8221;{}&#8221;][et_pb_circle_counter title=&#8221;Tiempo estimado de lectura (en minutos)&#8221; number=&#8221;2&#8243; percent_sign=&#8221;off&#8221; _builder_version=&#8221;4.20.2&#8243; _module_preset=&#8221;default&#8221; title_font=&#8221;Amiri||||||||&#8221; max_width=&#8221;137px&#8221; global_colors_info=&#8221;{}&#8221;][\/et_pb_circle_counter][\/et_pb_column][\/et_pb_row][et_pb_row _builder_version=&#8221;4.19.5&#8243; _module_preset=&#8221;default&#8221; custom_margin=&#8221;||0px||false|false&#8221; custom_padding=&#8221;||0px||false|false&#8221; global_colors_info=&#8221;{}&#8221;][et_pb_column type=&#8221;4_4&#8243; _builder_version=&#8221;4.19.5&#8243; _module_preset=&#8221;default&#8221; global_colors_info=&#8221;{}&#8221;][et_pb_divider _builder_version=&#8221;4.19.5&#8243; _module_preset=&#8221;default&#8221; global_colors_info=&#8221;{}&#8221;][\/et_pb_divider][\/et_pb_column][\/et_pb_row][et_pb_row admin_label=&#8221;row&#8221; _builder_version=&#8221;4.16&#8243; background_size=&#8221;initial&#8221; background_position=&#8221;top_left&#8221; background_repeat=&#8221;repeat&#8221; global_colors_info=&#8221;{}&#8221;][et_pb_column type=&#8221;4_4&#8243; _builder_version=&#8221;4.16&#8243; custom_padding=&#8221;|||&#8221; global_colors_info=&#8221;{}&#8221; custom_padding__hover=&#8221;|||&#8221;][et_pb_image src=&#8221;https:\/\/gregorydamy.niceavocats.fr\/wp-content\/uploads\/2023\/07\/man-5710164_1280-2.jpg&#8221; title_text=&#8221;man-5710164_1280-2&#8243; _builder_version=&#8221;4.21.0&#8243; _module_preset=&#8221;default&#8221; global_colors_info=&#8221;{}&#8221;][\/et_pb_image][et_pb_text admin_label=&#8221;Text&#8221; _builder_version=&#8221;4.21.0&#8243; text_font=&#8221;Amiri||||||||&#8221; header_2_font=&#8221;Amiri||||||||&#8221; header_3_font=&#8221;Amiri||||||||&#8221; background_size=&#8221;initial&#8221; background_position=&#8221;top_left&#8221; background_repeat=&#8221;repeat&#8221; global_colors_info=&#8221;{}&#8221;]<\/p>\n<div class=\"entry-content\">\n<p><a href=\"https:\/\/www.legifrance.gouv.fr\/juri\/id\/JURITEXT000007050530\/\"><span>El 8 de noviembre de 2005,<\/span><\/a><span>\u00a0la sala de comercio de la Corte de Casaci\u00f3n hizo\u00a0un importante cambio de jurisprudencia al consagrar la cesi\u00f3n autom\u00e1tica de la fianza en caso de fusi\u00f3n-absorci\u00f3n de la sociedad beneficiaria.<\/span><br \/><span>Esta decisi\u00f3n, esperada durante muchos a\u00f1os por los profesionales de la banca, ahora deber\u00eda simplificar las operaciones de reestructuraci\u00f3n.<\/span><\/p>\n<p><a href=\"https:\/\/gregorydamy.niceavocats.fr\/droit-commercial-et-des-societes\/\"><span>Adem\u00e1s<\/span><\/a><span>\u00a0, en una segunda sentencia dictada el mismo d\u00eda, menos notada pero tambi\u00e9n muy importante, el Tribunal se pronunci\u00f3 sobre la existencia o debida naturaleza de las cuotas de renta con motivo de una operaci\u00f3n de fusi\u00f3n.<\/span><\/p>\n<\/div>\n<p>[\/et_pb_text][\/et_pb_column][\/et_pb_row][et_pb_row _builder_version=&#8221;4.19.5&#8243; _module_preset=&#8221;default&#8221; custom_margin=&#8221;||0px||false|false&#8221; custom_padding=&#8221;||0px||false|false&#8221; global_colors_info=&#8221;{}&#8221;][et_pb_column type=&#8221;4_4&#8243; _builder_version=&#8221;4.19.5&#8243; _module_preset=&#8221;default&#8221; global_colors_info=&#8221;{}&#8221;][et_pb_divider _builder_version=&#8221;4.19.5&#8243; _module_preset=&#8221;default&#8221; global_colors_info=&#8221;{}&#8221;][\/et_pb_divider][\/et_pb_column][\/et_pb_row][\/et_pb_section]<\/p>\n","protected":false},"excerpt":{"rendered":"<p>El 8 de noviembre de 2005,\u00a0la sala de comercio de la Corte de Casaci\u00f3n hizo\u00a0un importante cambio de jurisprudencia al consagrar la cesi\u00f3n autom\u00e1tica de la fianza en caso de fusi\u00f3n-absorci\u00f3n de la sociedad beneficiaria.Esta decisi\u00f3n, esperada durante muchos a\u00f1os por los profesionales de la banca, ahora deber\u00eda simplificar las operaciones de reestructuraci\u00f3n. Adem\u00e1s\u00a0, en [&hellip;]<\/p>\n","protected":false},"author":2,"featured_media":0,"comment_status":"open","ping_status":"open","sticky":false,"template":"","format":"standard","meta":{"_et_pb_use_builder":"on","_et_pb_old_content":"","_et_gb_content_width":"","footnotes":""},"categories":[296],"tags":[],"class_list":["post-5915","post","type-post","status-publish","format-standard","hentry","category-derecho-mercantil-y-de-sociedades"],"yoast_head":"<!-- This site is optimized with the Yoast SEO plugin v26.8 - https:\/\/yoast.com\/product\/yoast-seo-wordpress\/ -->\n<title>El destino de la fianza en las operaciones de fusi\u00f3n: desarrollos y aclaraciones jurisprudenciales - Soci\u00e9t\u00e9 d&#039;avocats Damy<\/title>\n<meta name=\"description\" content=\"El destino de la fianza en las operaciones de fusi\u00f3n: desarrollos y aclaraciones jurisprudenciales El 8 de noviembre de 2005,\" \/>\n<meta name=\"robots\" content=\"index, follow, max-snippet:-1, max-image-preview:large, max-video-preview:-1\" \/>\n<link rel=\"canonical\" href=\"https:\/\/gregorydamy.niceavocats.fr\/es\/el-destino-de-la-fianza-en-las-operaciones-de-fusion-desarrollos-y-aclaraciones-jurisprudenciales\/\" \/>\n<meta property=\"og:locale\" content=\"es_ES\" \/>\n<meta property=\"og:type\" content=\"article\" \/>\n<meta property=\"og:title\" content=\"El destino de la fianza en las operaciones de fusi\u00f3n: desarrollos y aclaraciones jurisprudenciales - Soci\u00e9t\u00e9 d&#039;avocats Damy\" \/>\n<meta property=\"og:description\" content=\"El destino de la fianza en las operaciones de fusi\u00f3n: desarrollos y aclaraciones jurisprudenciales El 8 de noviembre de 2005,\" \/>\n<meta property=\"og:url\" content=\"https:\/\/gregorydamy.niceavocats.fr\/es\/el-destino-de-la-fianza-en-las-operaciones-de-fusion-desarrollos-y-aclaraciones-jurisprudenciales\/\" \/>\n<meta property=\"og:site_name\" content=\"Soci\u00e9t\u00e9 d&#039;avocats Damy\" \/>\n<meta property=\"article:publisher\" content=\"https:\/\/www.facebook.com\/niceavocats.fr\/\" \/>\n<meta property=\"article:published_time\" content=\"2008-06-01T15:50:36+00:00\" \/>\n<meta property=\"article:modified_time\" content=\"2023-08-03T05:31:10+00:00\" \/>\n<meta name=\"author\" content=\"Kevin\" \/>\n<meta name=\"twitter:card\" content=\"summary_large_image\" \/>\n<meta name=\"twitter:label1\" content=\"Escrito por\" \/>\n\t<meta name=\"twitter:data1\" content=\"Kevin\" \/>\n\t<meta name=\"twitter:label2\" content=\"Tiempo de lectura\" \/>\n\t<meta name=\"twitter:data2\" content=\"1 minuto\" \/>\n<script type=\"application\/ld+json\" class=\"yoast-schema-graph\">{\"@context\":\"https:\/\/schema.org\",\"@graph\":[{\"@type\":\"Article\",\"@id\":\"https:\/\/gregorydamy.niceavocats.fr\/es\/el-destino-de-la-fianza-en-las-operaciones-de-fusion-desarrollos-y-aclaraciones-jurisprudenciales\/#article\",\"isPartOf\":{\"@id\":\"https:\/\/gregorydamy.niceavocats.fr\/es\/el-destino-de-la-fianza-en-las-operaciones-de-fusion-desarrollos-y-aclaraciones-jurisprudenciales\/\"},\"author\":{\"name\":\"Kevin\",\"@id\":\"https:\/\/gregorydamy.niceavocats.fr\/es\/#\/schema\/person\/e040acb2856efaa1e114d0e7a92a3870\"},\"headline\":\"El destino de la fianza en las operaciones de fusi\u00f3n: desarrollos y aclaraciones jurisprudenciales\",\"datePublished\":\"2008-06-01T15:50:36+00:00\",\"dateModified\":\"2023-08-03T05:31:10+00:00\",\"mainEntityOfPage\":{\"@id\":\"https:\/\/gregorydamy.niceavocats.fr\/es\/el-destino-de-la-fianza-en-las-operaciones-de-fusion-desarrollos-y-aclaraciones-jurisprudenciales\/\"},\"wordCount\":468,\"commentCount\":0,\"publisher\":{\"@id\":\"https:\/\/gregorydamy.niceavocats.fr\/es\/#organization\"},\"articleSection\":[\"Derecho mercantil y de sociedades\"],\"inLanguage\":\"es\",\"potentialAction\":[{\"@type\":\"CommentAction\",\"name\":\"Comment\",\"target\":[\"https:\/\/gregorydamy.niceavocats.fr\/es\/el-destino-de-la-fianza-en-las-operaciones-de-fusion-desarrollos-y-aclaraciones-jurisprudenciales\/#respond\"]}]},{\"@type\":\"WebPage\",\"@id\":\"https:\/\/gregorydamy.niceavocats.fr\/es\/el-destino-de-la-fianza-en-las-operaciones-de-fusion-desarrollos-y-aclaraciones-jurisprudenciales\/\",\"url\":\"https:\/\/gregorydamy.niceavocats.fr\/es\/el-destino-de-la-fianza-en-las-operaciones-de-fusion-desarrollos-y-aclaraciones-jurisprudenciales\/\",\"name\":\"El destino de la fianza en las operaciones de fusi\u00f3n: desarrollos y aclaraciones jurisprudenciales - Soci\u00e9t\u00e9 d&#039;avocats Damy\",\"isPartOf\":{\"@id\":\"https:\/\/gregorydamy.niceavocats.fr\/es\/#website\"},\"datePublished\":\"2008-06-01T15:50:36+00:00\",\"dateModified\":\"2023-08-03T05:31:10+00:00\",\"description\":\"El destino de la fianza en las operaciones de fusi\u00f3n: desarrollos y aclaraciones jurisprudenciales El 8 de noviembre de 2005,\",\"breadcrumb\":{\"@id\":\"https:\/\/gregorydamy.niceavocats.fr\/es\/el-destino-de-la-fianza-en-las-operaciones-de-fusion-desarrollos-y-aclaraciones-jurisprudenciales\/#breadcrumb\"},\"inLanguage\":\"es\",\"potentialAction\":[{\"@type\":\"ReadAction\",\"target\":[\"https:\/\/gregorydamy.niceavocats.fr\/es\/el-destino-de-la-fianza-en-las-operaciones-de-fusion-desarrollos-y-aclaraciones-jurisprudenciales\/\"]}]},{\"@type\":\"BreadcrumbList\",\"@id\":\"https:\/\/gregorydamy.niceavocats.fr\/es\/el-destino-de-la-fianza-en-las-operaciones-de-fusion-desarrollos-y-aclaraciones-jurisprudenciales\/#breadcrumb\",\"itemListElement\":[{\"@type\":\"ListItem\",\"position\":1,\"name\":\"Accueil\",\"item\":\"https:\/\/gregorydamy.niceavocats.fr\/es\/\"},{\"@type\":\"ListItem\",\"position\":2,\"name\":\"El destino de la fianza en las operaciones de fusi\u00f3n: desarrollos y aclaraciones jurisprudenciales\"}]},{\"@type\":\"WebSite\",\"@id\":\"https:\/\/gregorydamy.niceavocats.fr\/es\/#website\",\"url\":\"https:\/\/gregorydamy.niceavocats.fr\/es\/\",\"name\":\"Soci\u00e9t\u00e9 d&#039;avocats Damy\",\"description\":\"Justice - Confiance - Efficacit\u00e9\",\"publisher\":{\"@id\":\"https:\/\/gregorydamy.niceavocats.fr\/es\/#organization\"},\"potentialAction\":[{\"@type\":\"SearchAction\",\"target\":{\"@type\":\"EntryPoint\",\"urlTemplate\":\"https:\/\/gregorydamy.niceavocats.fr\/es\/?s={search_term_string}\"},\"query-input\":{\"@type\":\"PropertyValueSpecification\",\"valueRequired\":true,\"valueName\":\"search_term_string\"}}],\"inLanguage\":\"es\"},{\"@type\":\"Organization\",\"@id\":\"https:\/\/gregorydamy.niceavocats.fr\/es\/#organization\",\"name\":\"Soci\u00e9t\u00e9 d'Avocats DAMY\",\"alternateName\":\"Gr\u00e9gory DAMY\",\"url\":\"https:\/\/gregorydamy.niceavocats.fr\/es\/\",\"logo\":{\"@type\":\"ImageObject\",\"inLanguage\":\"es\",\"@id\":\"https:\/\/gregorydamy.niceavocats.fr\/es\/#\/schema\/logo\/image\/\",\"url\":\"https:\/\/gregorydamy.niceavocats.fr\/wp-content\/uploads\/2023\/04\/damylogo-1.png\",\"contentUrl\":\"https:\/\/gregorydamy.niceavocats.fr\/wp-content\/uploads\/2023\/04\/damylogo-1.png\",\"width\":1890,\"height\":1417,\"caption\":\"Soci\u00e9t\u00e9 d'Avocats DAMY\"},\"image\":{\"@id\":\"https:\/\/gregorydamy.niceavocats.fr\/es\/#\/schema\/logo\/image\/\"},\"sameAs\":[\"https:\/\/www.facebook.com\/niceavocats.fr\/\"]},{\"@type\":\"Person\",\"@id\":\"https:\/\/gregorydamy.niceavocats.fr\/es\/#\/schema\/person\/e040acb2856efaa1e114d0e7a92a3870\",\"name\":\"Kevin\",\"url\":\"https:\/\/gregorydamy.niceavocats.fr\/es\/author\/kevin\/\"}]}<\/script>\n<!-- \/ Yoast SEO plugin. -->","yoast_head_json":{"title":"El destino de la fianza en las operaciones de fusi\u00f3n: desarrollos y aclaraciones jurisprudenciales - Soci\u00e9t\u00e9 d&#039;avocats Damy","description":"El destino de la fianza en las operaciones de fusi\u00f3n: desarrollos y aclaraciones jurisprudenciales El 8 de noviembre de 2005,","robots":{"index":"index","follow":"follow","max-snippet":"max-snippet:-1","max-image-preview":"max-image-preview:large","max-video-preview":"max-video-preview:-1"},"canonical":"https:\/\/gregorydamy.niceavocats.fr\/es\/el-destino-de-la-fianza-en-las-operaciones-de-fusion-desarrollos-y-aclaraciones-jurisprudenciales\/","og_locale":"es_ES","og_type":"article","og_title":"El destino de la fianza en las operaciones de fusi\u00f3n: desarrollos y aclaraciones jurisprudenciales - Soci\u00e9t\u00e9 d&#039;avocats Damy","og_description":"El destino de la fianza en las operaciones de fusi\u00f3n: desarrollos y aclaraciones jurisprudenciales El 8 de noviembre de 2005,","og_url":"https:\/\/gregorydamy.niceavocats.fr\/es\/el-destino-de-la-fianza-en-las-operaciones-de-fusion-desarrollos-y-aclaraciones-jurisprudenciales\/","og_site_name":"Soci\u00e9t\u00e9 d&#039;avocats Damy","article_publisher":"https:\/\/www.facebook.com\/niceavocats.fr\/","article_published_time":"2008-06-01T15:50:36+00:00","article_modified_time":"2023-08-03T05:31:10+00:00","author":"Kevin","twitter_card":"summary_large_image","twitter_misc":{"Escrito por":"Kevin","Tiempo de lectura":"1 minuto"},"schema":{"@context":"https:\/\/schema.org","@graph":[{"@type":"Article","@id":"https:\/\/gregorydamy.niceavocats.fr\/es\/el-destino-de-la-fianza-en-las-operaciones-de-fusion-desarrollos-y-aclaraciones-jurisprudenciales\/#article","isPartOf":{"@id":"https:\/\/gregorydamy.niceavocats.fr\/es\/el-destino-de-la-fianza-en-las-operaciones-de-fusion-desarrollos-y-aclaraciones-jurisprudenciales\/"},"author":{"name":"Kevin","@id":"https:\/\/gregorydamy.niceavocats.fr\/es\/#\/schema\/person\/e040acb2856efaa1e114d0e7a92a3870"},"headline":"El destino de la fianza en las operaciones de fusi\u00f3n: desarrollos y aclaraciones jurisprudenciales","datePublished":"2008-06-01T15:50:36+00:00","dateModified":"2023-08-03T05:31:10+00:00","mainEntityOfPage":{"@id":"https:\/\/gregorydamy.niceavocats.fr\/es\/el-destino-de-la-fianza-en-las-operaciones-de-fusion-desarrollos-y-aclaraciones-jurisprudenciales\/"},"wordCount":468,"commentCount":0,"publisher":{"@id":"https:\/\/gregorydamy.niceavocats.fr\/es\/#organization"},"articleSection":["Derecho mercantil y de sociedades"],"inLanguage":"es","potentialAction":[{"@type":"CommentAction","name":"Comment","target":["https:\/\/gregorydamy.niceavocats.fr\/es\/el-destino-de-la-fianza-en-las-operaciones-de-fusion-desarrollos-y-aclaraciones-jurisprudenciales\/#respond"]}]},{"@type":"WebPage","@id":"https:\/\/gregorydamy.niceavocats.fr\/es\/el-destino-de-la-fianza-en-las-operaciones-de-fusion-desarrollos-y-aclaraciones-jurisprudenciales\/","url":"https:\/\/gregorydamy.niceavocats.fr\/es\/el-destino-de-la-fianza-en-las-operaciones-de-fusion-desarrollos-y-aclaraciones-jurisprudenciales\/","name":"El destino de la fianza en las operaciones de fusi\u00f3n: desarrollos y aclaraciones jurisprudenciales - Soci\u00e9t\u00e9 d&#039;avocats Damy","isPartOf":{"@id":"https:\/\/gregorydamy.niceavocats.fr\/es\/#website"},"datePublished":"2008-06-01T15:50:36+00:00","dateModified":"2023-08-03T05:31:10+00:00","description":"El destino de la fianza en las operaciones de fusi\u00f3n: desarrollos y aclaraciones jurisprudenciales El 8 de noviembre de 2005,","breadcrumb":{"@id":"https:\/\/gregorydamy.niceavocats.fr\/es\/el-destino-de-la-fianza-en-las-operaciones-de-fusion-desarrollos-y-aclaraciones-jurisprudenciales\/#breadcrumb"},"inLanguage":"es","potentialAction":[{"@type":"ReadAction","target":["https:\/\/gregorydamy.niceavocats.fr\/es\/el-destino-de-la-fianza-en-las-operaciones-de-fusion-desarrollos-y-aclaraciones-jurisprudenciales\/"]}]},{"@type":"BreadcrumbList","@id":"https:\/\/gregorydamy.niceavocats.fr\/es\/el-destino-de-la-fianza-en-las-operaciones-de-fusion-desarrollos-y-aclaraciones-jurisprudenciales\/#breadcrumb","itemListElement":[{"@type":"ListItem","position":1,"name":"Accueil","item":"https:\/\/gregorydamy.niceavocats.fr\/es\/"},{"@type":"ListItem","position":2,"name":"El destino de la fianza en las operaciones de fusi\u00f3n: desarrollos y aclaraciones jurisprudenciales"}]},{"@type":"WebSite","@id":"https:\/\/gregorydamy.niceavocats.fr\/es\/#website","url":"https:\/\/gregorydamy.niceavocats.fr\/es\/","name":"Soci\u00e9t\u00e9 d&#039;avocats Damy","description":"Justice - Confiance - Efficacit\u00e9","publisher":{"@id":"https:\/\/gregorydamy.niceavocats.fr\/es\/#organization"},"potentialAction":[{"@type":"SearchAction","target":{"@type":"EntryPoint","urlTemplate":"https:\/\/gregorydamy.niceavocats.fr\/es\/?s={search_term_string}"},"query-input":{"@type":"PropertyValueSpecification","valueRequired":true,"valueName":"search_term_string"}}],"inLanguage":"es"},{"@type":"Organization","@id":"https:\/\/gregorydamy.niceavocats.fr\/es\/#organization","name":"Soci\u00e9t\u00e9 d'Avocats DAMY","alternateName":"Gr\u00e9gory DAMY","url":"https:\/\/gregorydamy.niceavocats.fr\/es\/","logo":{"@type":"ImageObject","inLanguage":"es","@id":"https:\/\/gregorydamy.niceavocats.fr\/es\/#\/schema\/logo\/image\/","url":"https:\/\/gregorydamy.niceavocats.fr\/wp-content\/uploads\/2023\/04\/damylogo-1.png","contentUrl":"https:\/\/gregorydamy.niceavocats.fr\/wp-content\/uploads\/2023\/04\/damylogo-1.png","width":1890,"height":1417,"caption":"Soci\u00e9t\u00e9 d'Avocats DAMY"},"image":{"@id":"https:\/\/gregorydamy.niceavocats.fr\/es\/#\/schema\/logo\/image\/"},"sameAs":["https:\/\/www.facebook.com\/niceavocats.fr\/"]},{"@type":"Person","@id":"https:\/\/gregorydamy.niceavocats.fr\/es\/#\/schema\/person\/e040acb2856efaa1e114d0e7a92a3870","name":"Kevin","url":"https:\/\/gregorydamy.niceavocats.fr\/es\/author\/kevin\/"}]}},"_links":{"self":[{"href":"https:\/\/gregorydamy.niceavocats.fr\/es\/wp-json\/wp\/v2\/posts\/5915","targetHints":{"allow":["GET"]}}],"collection":[{"href":"https:\/\/gregorydamy.niceavocats.fr\/es\/wp-json\/wp\/v2\/posts"}],"about":[{"href":"https:\/\/gregorydamy.niceavocats.fr\/es\/wp-json\/wp\/v2\/types\/post"}],"author":[{"embeddable":true,"href":"https:\/\/gregorydamy.niceavocats.fr\/es\/wp-json\/wp\/v2\/users\/2"}],"replies":[{"embeddable":true,"href":"https:\/\/gregorydamy.niceavocats.fr\/es\/wp-json\/wp\/v2\/comments?post=5915"}],"version-history":[{"count":0,"href":"https:\/\/gregorydamy.niceavocats.fr\/es\/wp-json\/wp\/v2\/posts\/5915\/revisions"}],"wp:attachment":[{"href":"https:\/\/gregorydamy.niceavocats.fr\/es\/wp-json\/wp\/v2\/media?parent=5915"}],"wp:term":[{"taxonomy":"category","embeddable":true,"href":"https:\/\/gregorydamy.niceavocats.fr\/es\/wp-json\/wp\/v2\/categories?post=5915"},{"taxonomy":"post_tag","embeddable":true,"href":"https:\/\/gregorydamy.niceavocats.fr\/es\/wp-json\/wp\/v2\/tags?post=5915"}],"curies":[{"name":"wp","href":"https:\/\/api.w.org\/{rel}","templated":true}]}}