{"id":5847,"date":"2012-04-27T08:56:26","date_gmt":"2012-04-27T08:56:26","guid":{"rendered":"https:\/\/gregorydamy.niceavocats.fr\/?p=5847"},"modified":"2023-08-09T08:07:35","modified_gmt":"2023-08-09T08:07:35","slug":"como-registrar-una-marca-en-francia","status":"publish","type":"post","link":"https:\/\/gregorydamy.niceavocats.fr\/es\/como-registrar-una-marca-en-francia\/","title":{"rendered":"\u00bfC\u00f3mo registrar una marca en Francia?"},"content":{"rendered":"<p>[et_pb_section fb_built=&#8221;1&#8243; admin_label=&#8221;section&#8221; _builder_version=&#8221;4.19.5&#8243; custom_margin=&#8221;||0px||false|false&#8221; custom_padding=&#8221;||0px||false|false&#8221; locked=&#8221;off&#8221; global_colors_info=&#8221;{}&#8221;][et_pb_row column_structure=&#8221;1_3,1_3,1_3&#8243; _builder_version=&#8221;4.19.5&#8243; _module_preset=&#8221;default&#8221; background_enable_mask_style=&#8221;on&#8221; background_mask_style=&#8221;wave&#8221; background_mask_color=&#8221;rgba(0,0,0,0.08)&#8221; custom_padding=&#8221;||6px|||&#8221; locked=&#8221;off&#8221; global_colors_info=&#8221;{}&#8221;][et_pb_column type=&#8221;1_3&#8243; _builder_version=&#8221;4.19.5&#8243; _module_preset=&#8221;default&#8221; global_colors_info=&#8221;{}&#8221;][\/et_pb_column][et_pb_column type=&#8221;1_3&#8243; _builder_version=&#8221;4.19.5&#8243; _module_preset=&#8221;default&#8221; global_colors_info=&#8221;{}&#8221;][\/et_pb_column][et_pb_column type=&#8221;1_3&#8243; _builder_version=&#8221;4.19.5&#8243; _module_preset=&#8221;default&#8221; global_colors_info=&#8221;{}&#8221;][et_pb_circle_counter title=&#8221;Tiempo estimado de lectura (en minutos)&#8221; number=&#8221;2&#8243; percent_sign=&#8221;off&#8221; _builder_version=&#8221;4.20.2&#8243; _module_preset=&#8221;default&#8221; title_font=&#8221;Amiri||||||||&#8221; max_width=&#8221;137px&#8221; global_colors_info=&#8221;{}&#8221;][\/et_pb_circle_counter][\/et_pb_column][\/et_pb_row][et_pb_row _builder_version=&#8221;4.19.5&#8243; _module_preset=&#8221;default&#8221; custom_margin=&#8221;||0px||false|false&#8221; custom_padding=&#8221;||0px||false|false&#8221; global_colors_info=&#8221;{}&#8221;][et_pb_column type=&#8221;4_4&#8243; _builder_version=&#8221;4.19.5&#8243; _module_preset=&#8221;default&#8221; global_colors_info=&#8221;{}&#8221;][et_pb_divider _builder_version=&#8221;4.19.5&#8243; _module_preset=&#8221;default&#8221; global_colors_info=&#8221;{}&#8221;][\/et_pb_divider][\/et_pb_column][\/et_pb_row][et_pb_row admin_label=&#8221;row&#8221; _builder_version=&#8221;4.16&#8243; background_size=&#8221;initial&#8221; background_position=&#8221;top_left&#8221; background_repeat=&#8221;repeat&#8221; global_colors_info=&#8221;{}&#8221;][et_pb_column type=&#8221;4_4&#8243; _builder_version=&#8221;4.16&#8243; custom_padding=&#8221;|||&#8221; global_colors_info=&#8221;{}&#8221; custom_padding__hover=&#8221;|||&#8221;][et_pb_image _builder_version=&#8221;4.21.0&#8243; _module_preset=&#8221;default&#8221; title_text=&#8221;laptop-3196481_1280-2-2&#8243; src=&#8221;https:\/\/gregorydamy.niceavocats.fr\/wp-content\/uploads\/2023\/07\/laptop-3196481_1280-2-2.jpg&#8221; hover_enabled=&#8221;0&#8243; sticky_enabled=&#8221;0&#8243;][\/et_pb_image][et_pb_text admin_label=&#8221;Text&#8221; _builder_version=&#8221;4.21.0&#8243; text_font=&#8221;Amiri||||||||&#8221; header_2_font=&#8221;Amiri||||||||&#8221; header_3_font=&#8221;Amiri||||||||&#8221; background_size=&#8221;initial&#8221; background_position=&#8221;top_left&#8221; background_repeat=&#8221;repeat&#8221; hover_enabled=&#8221;0&#8243; global_colors_info=&#8221;{}&#8221; sticky_enabled=&#8221;0&#8243;]<\/p>\n<div class=\"entry-content\">\n<p><span>Para convertirse en propietario de una marca en Francia, debe presentarla ante el Instituto Nacional de la Propiedad Industrial (\u00a0<\/span><a href=\"https:\/\/www.inpi.fr\/acces-l-espace-securise-pour-les-demarches-en-ligne\"><span>INPI<\/span><\/a><span>\u00a0).\u00a0Es \u00e9l quien examina la solicitud de registro.\u00a0\u00bfCu\u00e1les son las diferentes etapas?<\/span><\/p>\n<h2><span>\u00a0antemano<\/span><\/h2>\n<p><span>Antes de presentar una marca commercial, debe hacerse algunas preguntas esenciales.\u00a0Primero sobre el \u00e1mbito territorial de la marca.\u00a0A dep\u00f3sito en el Instituto Nacional de la Propiedad Industrial (INPI) solo tiene efecto en Francia y si d\u00e9sea que su marca sea valida fuera de Francia, debe seguir procedimientos especiales.\u00a0Tambi\u00e9n is necessary to plant the cuesti\u00f3n del campo de explotaci\u00f3n de la marca: dado que una marca est\u00e1 destinada a ser explotada para determinados products y\/o servicios, es imperativo es imperativo determine con precision par que products y servicios se d\u00e9sea explotarla.\u00a0Tambi\u00e9n es important comprobar the validation of the mark.\u00a0Finally, you should check if the mark has not been registered and if all is available.Para ello se deben realizar b\u00fasquedas del estado de la t\u00e9cnica ya sea con el INPI,<\/span><\/p>\n<h2><span>the form<\/span><\/h2>\n<p><span>The presentation of a brand is necessarily carried out in a form that can be obtained from the Instituto Nacional de la Propiedad Industrial.\u00a0Includes apartados regulados: la identidad del solicitante, el signo y los productos y servicios.\u00a0El signo es la marca que se desea ver registrada.\u00a0El signo final debe ser archived y no puede ser modificado posteriormente.\u00a0It is recommended to adopt a redacci\u00f3n clara y precisesa sobre los products y servicios.\u00a0It is possible to use the nomenclature propuesta en la clasificaci\u00f3n internacional para identificar las clases a las que pertenecen los productos.<\/span><\/p>\n<h2><strong><span>The presentation of the expedient<\/span><\/strong><\/h2>\n<p><span>La presentaci\u00f3n del expediente se puede realizar mediante la presentaci\u00f3n del formulario en papel en el Instituto Nacional de la Propiedad Industrial o en l\u00ednea a trav\u00e9s de Internet.\u00a0El expediente incluye el formulario de dep\u00f3sito, el pago de regal\u00edas y, en algunos casos, el poder notarial.\u00a0La marca tiene existencia legal desde el d\u00eda de su presentaci\u00f3n.\u00a0Por lo tanto, la fecha es particularmente importante porque es la fecha que inicia el per\u00edodo de validez de una marca de 10 a\u00f1os y que determinar\u00e1 la fecha de renovaci\u00f3n.<\/span><\/p>\n<h2><span>\u00bfCuanto es el deposito?<\/span><\/h2>\n<p><span>El costo depende del n\u00famero de clases presentadas.\u00a0La clase corresponde a una categor\u00eda general de bienes y\/o servicios.\u00a0Para un dep\u00f3sito de hasta 3 clases de productos o servicios, el importe es de 200 \u20ac para un dep\u00f3sito en l\u00ednea y 225 \u20ac para un dep\u00f3sito en papel.\u00a0Se deben a\u00f1adir 40 \u20ac por clase adicional de bienes y servicios.<\/span><\/p>\n<h2><span>Revisi\u00f3n de archivos<\/span><\/h2>\n<p><span>Dentro de las 6 semanas siguientes a la presentation, el Instituto Nacional de la Propiedad Industrial publica la solicitud de registro.\u00a0El depositante luego receives a certificate of publication.\u00a0This is to verify that all the information is accurate and there are no errors.\u00a0El INPI luego examined the solicitud de registro.\u00a0With these formulae objeciones relativas a la redacci\u00f3n de los products y servicios, oa la validate de la marca.\u00a0El INPI tambi\u00e9n estudia posibles oposiciones formulated por terceros, que cuestionen la validate del signo depositedado o aleguen que el dep\u00f3sito infringe sus anteriores derechos de marca.<\/span><\/p>\n<h2><span>brand registration<\/span><\/h2>\n<p><span>El registro es la \u00faltima fase que conduce \u00e0 la emission de la marca de manera definitiva, y luego el solicitante recibe un \u201ccertificado de registro\u201d.\u00a0Debe conserves cuidadosamente porque cualquier solicitud posterior de una copia estar\u00e1 bouta a pago.\u00a0The registro is produced after a minimum period of 5 months from the end of the presentation.\u00a0Tambi\u00e9n has been published.\u00a0Without embargo, no guarantee that the mark will be valid and that no will be impugnated or canceled by the courts.<\/span><\/p>\n<p><a href=\"https:\/\/gregorydamy.niceavocats.fr\/\"><span>Bufete de abogados DAMY<\/span><\/a><span>\u00a0, Niza, Request for registro de marca, Actualizaci\u00f3n 2022<\/span><\/p>\n<\/div>\n<p>[\/et_pb_text][\/et_pb_column][\/et_pb_row][et_pb_row _builder_version=&#8221;4.19.5&#8243; _module_preset=&#8221;default&#8221; custom_margin=&#8221;||0px||false|false&#8221; custom_padding=&#8221;||0px||false|false&#8221; global_colors_info=&#8221;{}&#8221;][et_pb_column type=&#8221;4_4&#8243; _builder_version=&#8221;4.19.5&#8243; _module_preset=&#8221;default&#8221; global_colors_info=&#8221;{}&#8221;][et_pb_divider _builder_version=&#8221;4.19.5&#8243; _module_preset=&#8221;default&#8221; global_colors_info=&#8221;{}&#8221;][\/et_pb_divider][\/et_pb_column][\/et_pb_row][\/et_pb_section]<\/p>\n","protected":false},"excerpt":{"rendered":"<p>Para convertirse en propietario de una marca en Francia, debe presentarla ante el Instituto Nacional de la Propiedad Industrial (\u00a0INPI\u00a0).\u00a0Es \u00e9l quien examina la solicitud de registro.\u00a0\u00bfCu\u00e1les son las diferentes etapas? \u00a0antemano Antes de presentar una marca commercial, debe hacerse algunas preguntas esenciales.\u00a0Primero sobre el \u00e1mbito territorial de la marca.\u00a0A dep\u00f3sito en el Instituto Nacional [&hellip;]<\/p>\n","protected":false},"author":2,"featured_media":0,"comment_status":"open","ping_status":"open","sticky":false,"template":"","format":"standard","meta":{"_et_pb_use_builder":"on","_et_pb_old_content":"","_et_gb_content_width":"","footnotes":""},"categories":[286,290],"tags":[],"class_list":["post-5847","post","type-post","status-publish","format-standard","hentry","category-autres","category-otros"],"yoast_head":"<!-- This site is optimized with the Yoast SEO plugin v26.8 - https:\/\/yoast.com\/product\/yoast-seo-wordpress\/ -->\n<title>\u00bfC\u00f3mo registrar una marca en Francia? - Soci\u00e9t\u00e9 d&#039;avocats Damy<\/title>\n<meta name=\"description\" content=\"\u00bfC\u00f3mo registrar una marca en Francia?\" \/>\n<meta name=\"robots\" content=\"index, follow, max-snippet:-1, max-image-preview:large, max-video-preview:-1\" \/>\n<link rel=\"canonical\" href=\"https:\/\/gregorydamy.niceavocats.fr\/es\/como-registrar-una-marca-en-francia\/\" \/>\n<meta property=\"og:locale\" content=\"es_ES\" \/>\n<meta property=\"og:type\" content=\"article\" \/>\n<meta property=\"og:title\" content=\"\u00bfC\u00f3mo registrar una marca en Francia? - Soci\u00e9t\u00e9 d&#039;avocats Damy\" \/>\n<meta property=\"og:description\" content=\"\u00bfC\u00f3mo registrar una marca en Francia?\" \/>\n<meta property=\"og:url\" content=\"https:\/\/gregorydamy.niceavocats.fr\/es\/como-registrar-una-marca-en-francia\/\" \/>\n<meta property=\"og:site_name\" content=\"Soci\u00e9t\u00e9 d&#039;avocats Damy\" \/>\n<meta property=\"article:publisher\" content=\"https:\/\/www.facebook.com\/niceavocats.fr\/\" \/>\n<meta property=\"article:published_time\" content=\"2012-04-27T08:56:26+00:00\" \/>\n<meta property=\"article:modified_time\" content=\"2023-08-09T08:07:35+00:00\" \/>\n<meta name=\"author\" content=\"Kevin\" \/>\n<meta name=\"twitter:card\" content=\"summary_large_image\" \/>\n<meta name=\"twitter:label1\" content=\"Escrito por\" \/>\n\t<meta name=\"twitter:data1\" content=\"Kevin\" \/>\n\t<meta name=\"twitter:label2\" content=\"Tiempo de lectura\" \/>\n\t<meta name=\"twitter:data2\" content=\"4 minutos\" \/>\n<script type=\"application\/ld+json\" class=\"yoast-schema-graph\">{\"@context\":\"https:\/\/schema.org\",\"@graph\":[{\"@type\":\"Article\",\"@id\":\"https:\/\/gregorydamy.niceavocats.fr\/es\/como-registrar-una-marca-en-francia\/#article\",\"isPartOf\":{\"@id\":\"https:\/\/gregorydamy.niceavocats.fr\/es\/como-registrar-una-marca-en-francia\/\"},\"author\":{\"name\":\"Kevin\",\"@id\":\"https:\/\/gregorydamy.niceavocats.fr\/es\/#\/schema\/person\/e040acb2856efaa1e114d0e7a92a3870\"},\"headline\":\"\u00bfC\u00f3mo registrar una marca en Francia?\",\"datePublished\":\"2012-04-27T08:56:26+00:00\",\"dateModified\":\"2023-08-09T08:07:35+00:00\",\"mainEntityOfPage\":{\"@id\":\"https:\/\/gregorydamy.niceavocats.fr\/es\/como-registrar-una-marca-en-francia\/\"},\"wordCount\":1011,\"commentCount\":0,\"publisher\":{\"@id\":\"https:\/\/gregorydamy.niceavocats.fr\/es\/#organization\"},\"articleSection\":[\"Autres\",\"Otros\"],\"inLanguage\":\"es\",\"potentialAction\":[{\"@type\":\"CommentAction\",\"name\":\"Comment\",\"target\":[\"https:\/\/gregorydamy.niceavocats.fr\/es\/como-registrar-una-marca-en-francia\/#respond\"]}]},{\"@type\":\"WebPage\",\"@id\":\"https:\/\/gregorydamy.niceavocats.fr\/es\/como-registrar-una-marca-en-francia\/\",\"url\":\"https:\/\/gregorydamy.niceavocats.fr\/es\/como-registrar-una-marca-en-francia\/\",\"name\":\"\u00bfC\u00f3mo registrar una marca en Francia? - Soci\u00e9t\u00e9 d&#039;avocats Damy\",\"isPartOf\":{\"@id\":\"https:\/\/gregorydamy.niceavocats.fr\/es\/#website\"},\"datePublished\":\"2012-04-27T08:56:26+00:00\",\"dateModified\":\"2023-08-09T08:07:35+00:00\",\"description\":\"\u00bfC\u00f3mo registrar una marca en Francia?\",\"breadcrumb\":{\"@id\":\"https:\/\/gregorydamy.niceavocats.fr\/es\/como-registrar-una-marca-en-francia\/#breadcrumb\"},\"inLanguage\":\"es\",\"potentialAction\":[{\"@type\":\"ReadAction\",\"target\":[\"https:\/\/gregorydamy.niceavocats.fr\/es\/como-registrar-una-marca-en-francia\/\"]}]},{\"@type\":\"BreadcrumbList\",\"@id\":\"https:\/\/gregorydamy.niceavocats.fr\/es\/como-registrar-una-marca-en-francia\/#breadcrumb\",\"itemListElement\":[{\"@type\":\"ListItem\",\"position\":1,\"name\":\"Accueil\",\"item\":\"https:\/\/gregorydamy.niceavocats.fr\/es\/\"},{\"@type\":\"ListItem\",\"position\":2,\"name\":\"\u00bfC\u00f3mo registrar una marca en Francia?\"}]},{\"@type\":\"WebSite\",\"@id\":\"https:\/\/gregorydamy.niceavocats.fr\/es\/#website\",\"url\":\"https:\/\/gregorydamy.niceavocats.fr\/es\/\",\"name\":\"Soci\u00e9t\u00e9 d&#039;avocats Damy\",\"description\":\"Justice - Confiance - Efficacit\u00e9\",\"publisher\":{\"@id\":\"https:\/\/gregorydamy.niceavocats.fr\/es\/#organization\"},\"potentialAction\":[{\"@type\":\"SearchAction\",\"target\":{\"@type\":\"EntryPoint\",\"urlTemplate\":\"https:\/\/gregorydamy.niceavocats.fr\/es\/?s={search_term_string}\"},\"query-input\":{\"@type\":\"PropertyValueSpecification\",\"valueRequired\":true,\"valueName\":\"search_term_string\"}}],\"inLanguage\":\"es\"},{\"@type\":\"Organization\",\"@id\":\"https:\/\/gregorydamy.niceavocats.fr\/es\/#organization\",\"name\":\"Soci\u00e9t\u00e9 d'Avocats DAMY\",\"alternateName\":\"Gr\u00e9gory DAMY\",\"url\":\"https:\/\/gregorydamy.niceavocats.fr\/es\/\",\"logo\":{\"@type\":\"ImageObject\",\"inLanguage\":\"es\",\"@id\":\"https:\/\/gregorydamy.niceavocats.fr\/es\/#\/schema\/logo\/image\/\",\"url\":\"https:\/\/gregorydamy.niceavocats.fr\/wp-content\/uploads\/2023\/04\/damylogo-1.png\",\"contentUrl\":\"https:\/\/gregorydamy.niceavocats.fr\/wp-content\/uploads\/2023\/04\/damylogo-1.png\",\"width\":1890,\"height\":1417,\"caption\":\"Soci\u00e9t\u00e9 d'Avocats DAMY\"},\"image\":{\"@id\":\"https:\/\/gregorydamy.niceavocats.fr\/es\/#\/schema\/logo\/image\/\"},\"sameAs\":[\"https:\/\/www.facebook.com\/niceavocats.fr\/\"]},{\"@type\":\"Person\",\"@id\":\"https:\/\/gregorydamy.niceavocats.fr\/es\/#\/schema\/person\/e040acb2856efaa1e114d0e7a92a3870\",\"name\":\"Kevin\",\"url\":\"https:\/\/gregorydamy.niceavocats.fr\/es\/author\/kevin\/\"}]}<\/script>\n<!-- \/ Yoast SEO plugin. -->","yoast_head_json":{"title":"\u00bfC\u00f3mo registrar una marca en Francia? - Soci\u00e9t\u00e9 d&#039;avocats Damy","description":"\u00bfC\u00f3mo registrar una marca en Francia?","robots":{"index":"index","follow":"follow","max-snippet":"max-snippet:-1","max-image-preview":"max-image-preview:large","max-video-preview":"max-video-preview:-1"},"canonical":"https:\/\/gregorydamy.niceavocats.fr\/es\/como-registrar-una-marca-en-francia\/","og_locale":"es_ES","og_type":"article","og_title":"\u00bfC\u00f3mo registrar una marca en Francia? - Soci\u00e9t\u00e9 d&#039;avocats Damy","og_description":"\u00bfC\u00f3mo registrar una marca en Francia?","og_url":"https:\/\/gregorydamy.niceavocats.fr\/es\/como-registrar-una-marca-en-francia\/","og_site_name":"Soci\u00e9t\u00e9 d&#039;avocats Damy","article_publisher":"https:\/\/www.facebook.com\/niceavocats.fr\/","article_published_time":"2012-04-27T08:56:26+00:00","article_modified_time":"2023-08-09T08:07:35+00:00","author":"Kevin","twitter_card":"summary_large_image","twitter_misc":{"Escrito por":"Kevin","Tiempo de lectura":"4 minutos"},"schema":{"@context":"https:\/\/schema.org","@graph":[{"@type":"Article","@id":"https:\/\/gregorydamy.niceavocats.fr\/es\/como-registrar-una-marca-en-francia\/#article","isPartOf":{"@id":"https:\/\/gregorydamy.niceavocats.fr\/es\/como-registrar-una-marca-en-francia\/"},"author":{"name":"Kevin","@id":"https:\/\/gregorydamy.niceavocats.fr\/es\/#\/schema\/person\/e040acb2856efaa1e114d0e7a92a3870"},"headline":"\u00bfC\u00f3mo registrar una marca en Francia?","datePublished":"2012-04-27T08:56:26+00:00","dateModified":"2023-08-09T08:07:35+00:00","mainEntityOfPage":{"@id":"https:\/\/gregorydamy.niceavocats.fr\/es\/como-registrar-una-marca-en-francia\/"},"wordCount":1011,"commentCount":0,"publisher":{"@id":"https:\/\/gregorydamy.niceavocats.fr\/es\/#organization"},"articleSection":["Autres","Otros"],"inLanguage":"es","potentialAction":[{"@type":"CommentAction","name":"Comment","target":["https:\/\/gregorydamy.niceavocats.fr\/es\/como-registrar-una-marca-en-francia\/#respond"]}]},{"@type":"WebPage","@id":"https:\/\/gregorydamy.niceavocats.fr\/es\/como-registrar-una-marca-en-francia\/","url":"https:\/\/gregorydamy.niceavocats.fr\/es\/como-registrar-una-marca-en-francia\/","name":"\u00bfC\u00f3mo registrar una marca en Francia? - Soci\u00e9t\u00e9 d&#039;avocats Damy","isPartOf":{"@id":"https:\/\/gregorydamy.niceavocats.fr\/es\/#website"},"datePublished":"2012-04-27T08:56:26+00:00","dateModified":"2023-08-09T08:07:35+00:00","description":"\u00bfC\u00f3mo registrar una marca en Francia?","breadcrumb":{"@id":"https:\/\/gregorydamy.niceavocats.fr\/es\/como-registrar-una-marca-en-francia\/#breadcrumb"},"inLanguage":"es","potentialAction":[{"@type":"ReadAction","target":["https:\/\/gregorydamy.niceavocats.fr\/es\/como-registrar-una-marca-en-francia\/"]}]},{"@type":"BreadcrumbList","@id":"https:\/\/gregorydamy.niceavocats.fr\/es\/como-registrar-una-marca-en-francia\/#breadcrumb","itemListElement":[{"@type":"ListItem","position":1,"name":"Accueil","item":"https:\/\/gregorydamy.niceavocats.fr\/es\/"},{"@type":"ListItem","position":2,"name":"\u00bfC\u00f3mo registrar una marca en Francia?"}]},{"@type":"WebSite","@id":"https:\/\/gregorydamy.niceavocats.fr\/es\/#website","url":"https:\/\/gregorydamy.niceavocats.fr\/es\/","name":"Soci\u00e9t\u00e9 d&#039;avocats Damy","description":"Justice - Confiance - Efficacit\u00e9","publisher":{"@id":"https:\/\/gregorydamy.niceavocats.fr\/es\/#organization"},"potentialAction":[{"@type":"SearchAction","target":{"@type":"EntryPoint","urlTemplate":"https:\/\/gregorydamy.niceavocats.fr\/es\/?s={search_term_string}"},"query-input":{"@type":"PropertyValueSpecification","valueRequired":true,"valueName":"search_term_string"}}],"inLanguage":"es"},{"@type":"Organization","@id":"https:\/\/gregorydamy.niceavocats.fr\/es\/#organization","name":"Soci\u00e9t\u00e9 d'Avocats DAMY","alternateName":"Gr\u00e9gory DAMY","url":"https:\/\/gregorydamy.niceavocats.fr\/es\/","logo":{"@type":"ImageObject","inLanguage":"es","@id":"https:\/\/gregorydamy.niceavocats.fr\/es\/#\/schema\/logo\/image\/","url":"https:\/\/gregorydamy.niceavocats.fr\/wp-content\/uploads\/2023\/04\/damylogo-1.png","contentUrl":"https:\/\/gregorydamy.niceavocats.fr\/wp-content\/uploads\/2023\/04\/damylogo-1.png","width":1890,"height":1417,"caption":"Soci\u00e9t\u00e9 d'Avocats DAMY"},"image":{"@id":"https:\/\/gregorydamy.niceavocats.fr\/es\/#\/schema\/logo\/image\/"},"sameAs":["https:\/\/www.facebook.com\/niceavocats.fr\/"]},{"@type":"Person","@id":"https:\/\/gregorydamy.niceavocats.fr\/es\/#\/schema\/person\/e040acb2856efaa1e114d0e7a92a3870","name":"Kevin","url":"https:\/\/gregorydamy.niceavocats.fr\/es\/author\/kevin\/"}]}},"_links":{"self":[{"href":"https:\/\/gregorydamy.niceavocats.fr\/es\/wp-json\/wp\/v2\/posts\/5847","targetHints":{"allow":["GET"]}}],"collection":[{"href":"https:\/\/gregorydamy.niceavocats.fr\/es\/wp-json\/wp\/v2\/posts"}],"about":[{"href":"https:\/\/gregorydamy.niceavocats.fr\/es\/wp-json\/wp\/v2\/types\/post"}],"author":[{"embeddable":true,"href":"https:\/\/gregorydamy.niceavocats.fr\/es\/wp-json\/wp\/v2\/users\/2"}],"replies":[{"embeddable":true,"href":"https:\/\/gregorydamy.niceavocats.fr\/es\/wp-json\/wp\/v2\/comments?post=5847"}],"version-history":[{"count":0,"href":"https:\/\/gregorydamy.niceavocats.fr\/es\/wp-json\/wp\/v2\/posts\/5847\/revisions"}],"wp:attachment":[{"href":"https:\/\/gregorydamy.niceavocats.fr\/es\/wp-json\/wp\/v2\/media?parent=5847"}],"wp:term":[{"taxonomy":"category","embeddable":true,"href":"https:\/\/gregorydamy.niceavocats.fr\/es\/wp-json\/wp\/v2\/categories?post=5847"},{"taxonomy":"post_tag","embeddable":true,"href":"https:\/\/gregorydamy.niceavocats.fr\/es\/wp-json\/wp\/v2\/tags?post=5847"}],"curies":[{"name":"wp","href":"https:\/\/api.w.org\/{rel}","templated":true}]}}