{"id":5557,"date":"2012-04-30T20:18:58","date_gmt":"2012-04-30T20:18:58","guid":{"rendered":"https:\/\/gregorydamy.niceavocats.fr\/?p=5557"},"modified":"2023-09-06T05:52:16","modified_gmt":"2023-09-06T05:52:16","slug":"impuestos-y-aranceles-impuesto-sobre-la-vivienda","status":"publish","type":"post","link":"https:\/\/gregorydamy.niceavocats.fr\/es\/impuestos-y-aranceles-impuesto-sobre-la-vivienda\/","title":{"rendered":"Impuestos y aranceles: impuesto sobre la vivienda"},"content":{"rendered":"<p>[et_pb_section fb_built=&#8221;1&#8243; admin_label=&#8221;section&#8221; _builder_version=&#8221;4.19.5&#8243; custom_margin=&#8221;||0px||false|false&#8221; custom_padding=&#8221;7px||0px||false|false&#8221; locked=&#8221;off&#8221; global_colors_info=&#8221;{}&#8221;][et_pb_row column_structure=&#8221;1_3,1_3,1_3&#8243; _builder_version=&#8221;4.19.5&#8243; _module_preset=&#8221;default&#8221; background_enable_mask_style=&#8221;on&#8221; background_mask_style=&#8221;wave&#8221; background_mask_color=&#8221;rgba(0,0,0,0.08)&#8221; custom_padding=&#8221;||6px|||&#8221; locked=&#8221;off&#8221; global_colors_info=&#8221;{}&#8221;][et_pb_column type=&#8221;1_3&#8243; _builder_version=&#8221;4.19.5&#8243; _module_preset=&#8221;default&#8221; global_colors_info=&#8221;{}&#8221;][\/et_pb_column][et_pb_column type=&#8221;1_3&#8243; _builder_version=&#8221;4.19.5&#8243; _module_preset=&#8221;default&#8221; global_colors_info=&#8221;{}&#8221;][\/et_pb_column][et_pb_column type=&#8221;1_3&#8243; _builder_version=&#8221;4.19.5&#8243; _module_preset=&#8221;default&#8221; global_colors_info=&#8221;{}&#8221;][et_pb_circle_counter title=&#8221;Tiempo estimado de lectura (en minutos)&#8221; number=&#8221;2&#8243; percent_sign=&#8221;off&#8221; _builder_version=&#8221;4.20.2&#8243; _module_preset=&#8221;default&#8221; title_font=&#8221;Amiri||||||||&#8221; max_width=&#8221;137px&#8221; global_colors_info=&#8221;{}&#8221;][\/et_pb_circle_counter][\/et_pb_column][\/et_pb_row][et_pb_row _builder_version=&#8221;4.19.5&#8243; _module_preset=&#8221;default&#8221; custom_margin=&#8221;||0px||false|false&#8221; custom_padding=&#8221;||0px||false|false&#8221; global_colors_info=&#8221;{}&#8221;][et_pb_column type=&#8221;4_4&#8243; _builder_version=&#8221;4.19.5&#8243; _module_preset=&#8221;default&#8221; global_colors_info=&#8221;{}&#8221;][et_pb_divider _builder_version=&#8221;4.19.5&#8243; _module_preset=&#8221;default&#8221; global_colors_info=&#8221;{}&#8221;][\/et_pb_divider][\/et_pb_column][\/et_pb_row][et_pb_row admin_label=&#8221;row&#8221; _builder_version=&#8221;4.16&#8243; background_size=&#8221;initial&#8221; background_position=&#8221;top_left&#8221; background_repeat=&#8221;repeat&#8221; global_colors_info=&#8221;{}&#8221; custom_padding=&#8221;5px|||||&#8221;][et_pb_column type=&#8221;4_4&#8243; _builder_version=&#8221;4.16&#8243; custom_padding=&#8221;|||&#8221; global_colors_info=&#8221;{}&#8221; custom_padding__hover=&#8221;|||&#8221;][et_pb_image src=&#8221;https:\/\/gregorydamy.niceavocats.fr\/wp-content\/uploads\/2023\/09\/house-4414916_1280.png&#8221; title_text=&#8221;house-4414916_1280&#8243; _builder_version=&#8221;4.21.0&#8243; _module_preset=&#8221;default&#8221; hover_enabled=&#8221;0&#8243; global_colors_info=&#8221;{}&#8221; sticky_enabled=&#8221;0&#8243;][\/et_pb_image][et_pb_text admin_label=&#8221;Text&#8221; _builder_version=&#8221;4.21.0&#8243; text_font=&#8221;Amiri||||||||&#8221; header_2_font=&#8221;Amiri||||||||&#8221; header_3_font=&#8221;Amiri||||||||&#8221; background_size=&#8221;initial&#8221; background_position=&#8221;top_left&#8221; background_repeat=&#8221;repeat&#8221; global_colors_info=&#8221;{}&#8221;]<\/p>\n<div class=\"entry-content\">\n<p><span class=\"\"><span>El impuesto sobre la vivienda, cuyo importe var\u00eda de un municipio a otro, se utiliza para financiar determinados gastos p\u00fablicos.\u00a0<\/span><\/span><span>\u00bfQui\u00e9n es responsable y bajo qu\u00e9 condiciones?<\/span><\/p>\n<h2><span>\u00bfPor qu\u00e9 es?\u00a0\u00bfQui\u00e9n lo paga?<\/span><\/h2>\n<p><span>El\u00a0<\/span><a href=\"https:\/\/www.service-public.fr\/particuliers\/actualites\/A15145\"><span>impuesto a la vivienda<\/span><\/a><span>\u00a0se recauda en nombre del municipio y del departamento en el que se encuentra su alojamiento.\u00a0Se utiliza para financiar gastos p\u00fablicos no cubiertos por el Estado: carreteras, escuelas, RSA, etc.\u00a0Cualquier persona que ocupe una vivienda el 1 de enero de cada a\u00f1o est\u00e1 sujeta al impuesto sobre la vivienda, ya sea propietario, inquilino u ocupante de forma gratuita.\u00a0.<\/span><\/p>\n<h2><span>\u00bfC\u00f3mo se calcula?<\/span><\/h2>\n<p><span>El monto del impuesto de residencia var\u00eda seg\u00fan los municipios y departamentos.\u00a0Se calcula sobre la renta anual te\u00f3rica que podr\u00eda recibir el propietario (valor catastral del alquiler).\u00a0El aviso se env\u00eda entre octubre y noviembre, para un plazo de pago del 15 de noviembre o 15 de diciembre.<\/span><\/p>\n<h2><span>\u00bfQu\u00e9 locales est\u00e1n sujetos a impuestos y qu\u00e9 no?<\/span><\/h2>\n<p><span>Est\u00e1n sujetos al impuesto todos los locales amueblados destinados a la vivienda (apartamentos, casas, etc.) y todas las dependencias inmediatas (cuartos de servicio, garajes, etc.) situadas a menos de un kil\u00f3metro de la vivienda.\u00a0Quedan exentos los locales comerciales, las residencias universitarias gestionadas por el CROUS, las construcciones agr\u00edcolas rurales (graneros, establos, etc.), las habitaciones de hu\u00e9spedes y los alojamientos rurales\u00a0\u00a0<\/span><span>situados\u00a0<\/span><span>\u00a0en zonas de revitalizaci\u00f3n rural (ZRR).<\/span><\/p>\n<h2><span>\u00bfExenci\u00f3n total o parcial?<\/span><\/h2>\n<p><span>The exenci\u00f3n es total si eres titular del subsidio complementario\u00a0\u00a0<\/span><span>de invalidez\u00a0<\/span><span>\u00a0(ASI), del subsidio solidario para personas mayores (ASPA) o si recibes la renta activa solidaria (RSA) como \u00fanico ingreso.\u00a0<\/span><span class=\"VIpgJd-yAWNEb-VIpgJd-fmcmS-sn54Q\"><span>Tambi\u00e9n est\u00e1n exentas las personas mayores de 60 a\u00f1os o las personas recognized as indigent, es decir extremadamente pobres.\u00a0<\/span><\/span><span>Por ejemplo, las personas solteras cuya renta imponible no supere los 25.156 euros se benefician de una exenci\u00f3n parcial.<\/span><\/p>\n<h2><span>Special casos<\/span><\/h2>\n<p><span>Los alojamientos vacated y sin muebles no est\u00e1n subjects al impuesto municipal.\u00a0Por otro lado, los inquilinos de un alojamiento de empresa, gratuito o no, deber\u00e1n pagar el impuesto de vivienda.\u00a0Los compa\u00f1eros de habitaci\u00f3n deben pagar el impuesto de residencia a partes iguales.\u00a0En el caso de un alquiler amueblado a corto plazo, no se aplica ning\u00fan impuesto sobre la vivienda al inquilino.<\/span><br \/><a href=\"https:\/\/gregorydamy.niceavocats.fr\/\"><span>Law Firm DAMY<\/span><\/a><span>\u00a0, Niza, Impuestos y derechos: el impuesto sobre la vivienda, Actualizaci\u00f3n 2022.<\/span><\/p>\n<\/div>\n<p>[\/et_pb_text][\/et_pb_column][\/et_pb_row][et_pb_row _builder_version=&#8221;4.19.5&#8243; _module_preset=&#8221;default&#8221; custom_margin=&#8221;||0px||false|false&#8221; custom_padding=&#8221;||0px||false|false&#8221; global_colors_info=&#8221;{}&#8221;][et_pb_column type=&#8221;4_4&#8243; _builder_version=&#8221;4.19.5&#8243; _module_preset=&#8221;default&#8221; global_colors_info=&#8221;{}&#8221;][et_pb_divider _builder_version=&#8221;4.19.5&#8243; _module_preset=&#8221;default&#8221; global_colors_info=&#8221;{}&#8221;][\/et_pb_divider][\/et_pb_column][\/et_pb_row][\/et_pb_section]<\/p>\n","protected":false},"excerpt":{"rendered":"<p>El impuesto sobre la vivienda, cuyo importe var\u00eda de un municipio a otro, se utiliza para financiar determinados gastos p\u00fablicos.\u00a0\u00bfQui\u00e9n es responsable y bajo qu\u00e9 condiciones? \u00bfPor qu\u00e9 es?\u00a0\u00bfQui\u00e9n lo paga? El\u00a0impuesto a la vivienda\u00a0se recauda en nombre del municipio y del departamento en el que se encuentra su alojamiento.\u00a0Se utiliza para financiar gastos p\u00fablicos [&hellip;]<\/p>\n","protected":false},"author":2,"featured_media":0,"comment_status":"open","ping_status":"open","sticky":false,"template":"","format":"standard","meta":{"_et_pb_use_builder":"on","_et_pb_old_content":"","_et_gb_content_width":"","footnotes":""},"categories":[326],"tags":[],"class_list":["post-5557","post","type-post","status-publish","format-standard","hentry","category-derecho-fiscal"],"yoast_head":"<!-- This site is optimized with the Yoast SEO plugin v26.8 - https:\/\/yoast.com\/product\/yoast-seo-wordpress\/ -->\n<title>Impuestos y aranceles: impuesto sobre la vivienda - Soci\u00e9t\u00e9 d&#039;avocats Damy<\/title>\n<meta name=\"description\" content=\"Impuestos y aranceles: impuesto sobre la vivienda El impuesto a la vivienda, cuyo monto difiere de un municipio a otro,\" \/>\n<meta name=\"robots\" content=\"index, follow, max-snippet:-1, max-image-preview:large, max-video-preview:-1\" \/>\n<link rel=\"canonical\" href=\"https:\/\/gregorydamy.niceavocats.fr\/es\/impuestos-y-aranceles-impuesto-sobre-la-vivienda\/\" \/>\n<meta property=\"og:locale\" content=\"es_ES\" \/>\n<meta property=\"og:type\" content=\"article\" \/>\n<meta property=\"og:title\" content=\"Impuestos y aranceles: impuesto sobre la vivienda - Soci\u00e9t\u00e9 d&#039;avocats Damy\" \/>\n<meta property=\"og:description\" content=\"Impuestos y aranceles: impuesto sobre la vivienda El impuesto a la vivienda, cuyo monto difiere de un municipio a otro,\" \/>\n<meta property=\"og:url\" content=\"https:\/\/gregorydamy.niceavocats.fr\/es\/impuestos-y-aranceles-impuesto-sobre-la-vivienda\/\" \/>\n<meta property=\"og:site_name\" content=\"Soci\u00e9t\u00e9 d&#039;avocats Damy\" \/>\n<meta property=\"article:publisher\" content=\"https:\/\/www.facebook.com\/niceavocats.fr\/\" \/>\n<meta property=\"article:published_time\" content=\"2012-04-30T20:18:58+00:00\" \/>\n<meta property=\"article:modified_time\" content=\"2023-09-06T05:52:16+00:00\" \/>\n<meta name=\"author\" content=\"Kevin\" \/>\n<meta name=\"twitter:card\" content=\"summary_large_image\" \/>\n<meta name=\"twitter:label1\" content=\"Escrito por\" \/>\n\t<meta name=\"twitter:data1\" content=\"Kevin\" \/>\n\t<meta name=\"twitter:label2\" content=\"Tiempo de lectura\" \/>\n\t<meta name=\"twitter:data2\" content=\"3 minutos\" \/>\n<script type=\"application\/ld+json\" class=\"yoast-schema-graph\">{\"@context\":\"https:\/\/schema.org\",\"@graph\":[{\"@type\":\"Article\",\"@id\":\"https:\/\/gregorydamy.niceavocats.fr\/es\/impuestos-y-aranceles-impuesto-sobre-la-vivienda\/#article\",\"isPartOf\":{\"@id\":\"https:\/\/gregorydamy.niceavocats.fr\/es\/impuestos-y-aranceles-impuesto-sobre-la-vivienda\/\"},\"author\":{\"name\":\"Kevin\",\"@id\":\"https:\/\/gregorydamy.niceavocats.fr\/es\/#\/schema\/person\/e040acb2856efaa1e114d0e7a92a3870\"},\"headline\":\"Impuestos y aranceles: impuesto sobre la vivienda\",\"datePublished\":\"2012-04-30T20:18:58+00:00\",\"dateModified\":\"2023-09-06T05:52:16+00:00\",\"mainEntityOfPage\":{\"@id\":\"https:\/\/gregorydamy.niceavocats.fr\/es\/impuestos-y-aranceles-impuesto-sobre-la-vivienda\/\"},\"wordCount\":765,\"commentCount\":0,\"publisher\":{\"@id\":\"https:\/\/gregorydamy.niceavocats.fr\/es\/#organization\"},\"articleSection\":[\"Derecho fiscal\"],\"inLanguage\":\"es\",\"potentialAction\":[{\"@type\":\"CommentAction\",\"name\":\"Comment\",\"target\":[\"https:\/\/gregorydamy.niceavocats.fr\/es\/impuestos-y-aranceles-impuesto-sobre-la-vivienda\/#respond\"]}]},{\"@type\":\"WebPage\",\"@id\":\"https:\/\/gregorydamy.niceavocats.fr\/es\/impuestos-y-aranceles-impuesto-sobre-la-vivienda\/\",\"url\":\"https:\/\/gregorydamy.niceavocats.fr\/es\/impuestos-y-aranceles-impuesto-sobre-la-vivienda\/\",\"name\":\"Impuestos y aranceles: impuesto sobre la vivienda - Soci\u00e9t\u00e9 d&#039;avocats Damy\",\"isPartOf\":{\"@id\":\"https:\/\/gregorydamy.niceavocats.fr\/es\/#website\"},\"datePublished\":\"2012-04-30T20:18:58+00:00\",\"dateModified\":\"2023-09-06T05:52:16+00:00\",\"description\":\"Impuestos y aranceles: impuesto sobre la vivienda El impuesto a la vivienda, cuyo monto difiere de un municipio a otro,\",\"breadcrumb\":{\"@id\":\"https:\/\/gregorydamy.niceavocats.fr\/es\/impuestos-y-aranceles-impuesto-sobre-la-vivienda\/#breadcrumb\"},\"inLanguage\":\"es\",\"potentialAction\":[{\"@type\":\"ReadAction\",\"target\":[\"https:\/\/gregorydamy.niceavocats.fr\/es\/impuestos-y-aranceles-impuesto-sobre-la-vivienda\/\"]}]},{\"@type\":\"BreadcrumbList\",\"@id\":\"https:\/\/gregorydamy.niceavocats.fr\/es\/impuestos-y-aranceles-impuesto-sobre-la-vivienda\/#breadcrumb\",\"itemListElement\":[{\"@type\":\"ListItem\",\"position\":1,\"name\":\"Accueil\",\"item\":\"https:\/\/gregorydamy.niceavocats.fr\/es\/\"},{\"@type\":\"ListItem\",\"position\":2,\"name\":\"Impuestos y aranceles: impuesto sobre la vivienda\"}]},{\"@type\":\"WebSite\",\"@id\":\"https:\/\/gregorydamy.niceavocats.fr\/es\/#website\",\"url\":\"https:\/\/gregorydamy.niceavocats.fr\/es\/\",\"name\":\"Soci\u00e9t\u00e9 d&#039;avocats Damy\",\"description\":\"Justice - Confiance - Efficacit\u00e9\",\"publisher\":{\"@id\":\"https:\/\/gregorydamy.niceavocats.fr\/es\/#organization\"},\"potentialAction\":[{\"@type\":\"SearchAction\",\"target\":{\"@type\":\"EntryPoint\",\"urlTemplate\":\"https:\/\/gregorydamy.niceavocats.fr\/es\/?s={search_term_string}\"},\"query-input\":{\"@type\":\"PropertyValueSpecification\",\"valueRequired\":true,\"valueName\":\"search_term_string\"}}],\"inLanguage\":\"es\"},{\"@type\":\"Organization\",\"@id\":\"https:\/\/gregorydamy.niceavocats.fr\/es\/#organization\",\"name\":\"Soci\u00e9t\u00e9 d'Avocats DAMY\",\"alternateName\":\"Gr\u00e9gory DAMY\",\"url\":\"https:\/\/gregorydamy.niceavocats.fr\/es\/\",\"logo\":{\"@type\":\"ImageObject\",\"inLanguage\":\"es\",\"@id\":\"https:\/\/gregorydamy.niceavocats.fr\/es\/#\/schema\/logo\/image\/\",\"url\":\"https:\/\/gregorydamy.niceavocats.fr\/wp-content\/uploads\/2023\/04\/damylogo-1.png\",\"contentUrl\":\"https:\/\/gregorydamy.niceavocats.fr\/wp-content\/uploads\/2023\/04\/damylogo-1.png\",\"width\":1890,\"height\":1417,\"caption\":\"Soci\u00e9t\u00e9 d'Avocats DAMY\"},\"image\":{\"@id\":\"https:\/\/gregorydamy.niceavocats.fr\/es\/#\/schema\/logo\/image\/\"},\"sameAs\":[\"https:\/\/www.facebook.com\/niceavocats.fr\/\"]},{\"@type\":\"Person\",\"@id\":\"https:\/\/gregorydamy.niceavocats.fr\/es\/#\/schema\/person\/e040acb2856efaa1e114d0e7a92a3870\",\"name\":\"Kevin\",\"url\":\"https:\/\/gregorydamy.niceavocats.fr\/es\/author\/kevin\/\"}]}<\/script>\n<!-- \/ Yoast SEO plugin. -->","yoast_head_json":{"title":"Impuestos y aranceles: impuesto sobre la vivienda - Soci\u00e9t\u00e9 d&#039;avocats Damy","description":"Impuestos y aranceles: impuesto sobre la vivienda El impuesto a la vivienda, cuyo monto difiere de un municipio a otro,","robots":{"index":"index","follow":"follow","max-snippet":"max-snippet:-1","max-image-preview":"max-image-preview:large","max-video-preview":"max-video-preview:-1"},"canonical":"https:\/\/gregorydamy.niceavocats.fr\/es\/impuestos-y-aranceles-impuesto-sobre-la-vivienda\/","og_locale":"es_ES","og_type":"article","og_title":"Impuestos y aranceles: impuesto sobre la vivienda - Soci\u00e9t\u00e9 d&#039;avocats Damy","og_description":"Impuestos y aranceles: impuesto sobre la vivienda El impuesto a la vivienda, cuyo monto difiere de un municipio a otro,","og_url":"https:\/\/gregorydamy.niceavocats.fr\/es\/impuestos-y-aranceles-impuesto-sobre-la-vivienda\/","og_site_name":"Soci\u00e9t\u00e9 d&#039;avocats Damy","article_publisher":"https:\/\/www.facebook.com\/niceavocats.fr\/","article_published_time":"2012-04-30T20:18:58+00:00","article_modified_time":"2023-09-06T05:52:16+00:00","author":"Kevin","twitter_card":"summary_large_image","twitter_misc":{"Escrito por":"Kevin","Tiempo de lectura":"3 minutos"},"schema":{"@context":"https:\/\/schema.org","@graph":[{"@type":"Article","@id":"https:\/\/gregorydamy.niceavocats.fr\/es\/impuestos-y-aranceles-impuesto-sobre-la-vivienda\/#article","isPartOf":{"@id":"https:\/\/gregorydamy.niceavocats.fr\/es\/impuestos-y-aranceles-impuesto-sobre-la-vivienda\/"},"author":{"name":"Kevin","@id":"https:\/\/gregorydamy.niceavocats.fr\/es\/#\/schema\/person\/e040acb2856efaa1e114d0e7a92a3870"},"headline":"Impuestos y aranceles: impuesto sobre la vivienda","datePublished":"2012-04-30T20:18:58+00:00","dateModified":"2023-09-06T05:52:16+00:00","mainEntityOfPage":{"@id":"https:\/\/gregorydamy.niceavocats.fr\/es\/impuestos-y-aranceles-impuesto-sobre-la-vivienda\/"},"wordCount":765,"commentCount":0,"publisher":{"@id":"https:\/\/gregorydamy.niceavocats.fr\/es\/#organization"},"articleSection":["Derecho fiscal"],"inLanguage":"es","potentialAction":[{"@type":"CommentAction","name":"Comment","target":["https:\/\/gregorydamy.niceavocats.fr\/es\/impuestos-y-aranceles-impuesto-sobre-la-vivienda\/#respond"]}]},{"@type":"WebPage","@id":"https:\/\/gregorydamy.niceavocats.fr\/es\/impuestos-y-aranceles-impuesto-sobre-la-vivienda\/","url":"https:\/\/gregorydamy.niceavocats.fr\/es\/impuestos-y-aranceles-impuesto-sobre-la-vivienda\/","name":"Impuestos y aranceles: impuesto sobre la vivienda - Soci\u00e9t\u00e9 d&#039;avocats Damy","isPartOf":{"@id":"https:\/\/gregorydamy.niceavocats.fr\/es\/#website"},"datePublished":"2012-04-30T20:18:58+00:00","dateModified":"2023-09-06T05:52:16+00:00","description":"Impuestos y aranceles: impuesto sobre la vivienda El impuesto a la vivienda, cuyo monto difiere de un municipio a otro,","breadcrumb":{"@id":"https:\/\/gregorydamy.niceavocats.fr\/es\/impuestos-y-aranceles-impuesto-sobre-la-vivienda\/#breadcrumb"},"inLanguage":"es","potentialAction":[{"@type":"ReadAction","target":["https:\/\/gregorydamy.niceavocats.fr\/es\/impuestos-y-aranceles-impuesto-sobre-la-vivienda\/"]}]},{"@type":"BreadcrumbList","@id":"https:\/\/gregorydamy.niceavocats.fr\/es\/impuestos-y-aranceles-impuesto-sobre-la-vivienda\/#breadcrumb","itemListElement":[{"@type":"ListItem","position":1,"name":"Accueil","item":"https:\/\/gregorydamy.niceavocats.fr\/es\/"},{"@type":"ListItem","position":2,"name":"Impuestos y aranceles: impuesto sobre la vivienda"}]},{"@type":"WebSite","@id":"https:\/\/gregorydamy.niceavocats.fr\/es\/#website","url":"https:\/\/gregorydamy.niceavocats.fr\/es\/","name":"Soci\u00e9t\u00e9 d&#039;avocats Damy","description":"Justice - Confiance - Efficacit\u00e9","publisher":{"@id":"https:\/\/gregorydamy.niceavocats.fr\/es\/#organization"},"potentialAction":[{"@type":"SearchAction","target":{"@type":"EntryPoint","urlTemplate":"https:\/\/gregorydamy.niceavocats.fr\/es\/?s={search_term_string}"},"query-input":{"@type":"PropertyValueSpecification","valueRequired":true,"valueName":"search_term_string"}}],"inLanguage":"es"},{"@type":"Organization","@id":"https:\/\/gregorydamy.niceavocats.fr\/es\/#organization","name":"Soci\u00e9t\u00e9 d'Avocats DAMY","alternateName":"Gr\u00e9gory DAMY","url":"https:\/\/gregorydamy.niceavocats.fr\/es\/","logo":{"@type":"ImageObject","inLanguage":"es","@id":"https:\/\/gregorydamy.niceavocats.fr\/es\/#\/schema\/logo\/image\/","url":"https:\/\/gregorydamy.niceavocats.fr\/wp-content\/uploads\/2023\/04\/damylogo-1.png","contentUrl":"https:\/\/gregorydamy.niceavocats.fr\/wp-content\/uploads\/2023\/04\/damylogo-1.png","width":1890,"height":1417,"caption":"Soci\u00e9t\u00e9 d'Avocats DAMY"},"image":{"@id":"https:\/\/gregorydamy.niceavocats.fr\/es\/#\/schema\/logo\/image\/"},"sameAs":["https:\/\/www.facebook.com\/niceavocats.fr\/"]},{"@type":"Person","@id":"https:\/\/gregorydamy.niceavocats.fr\/es\/#\/schema\/person\/e040acb2856efaa1e114d0e7a92a3870","name":"Kevin","url":"https:\/\/gregorydamy.niceavocats.fr\/es\/author\/kevin\/"}]}},"_links":{"self":[{"href":"https:\/\/gregorydamy.niceavocats.fr\/es\/wp-json\/wp\/v2\/posts\/5557","targetHints":{"allow":["GET"]}}],"collection":[{"href":"https:\/\/gregorydamy.niceavocats.fr\/es\/wp-json\/wp\/v2\/posts"}],"about":[{"href":"https:\/\/gregorydamy.niceavocats.fr\/es\/wp-json\/wp\/v2\/types\/post"}],"author":[{"embeddable":true,"href":"https:\/\/gregorydamy.niceavocats.fr\/es\/wp-json\/wp\/v2\/users\/2"}],"replies":[{"embeddable":true,"href":"https:\/\/gregorydamy.niceavocats.fr\/es\/wp-json\/wp\/v2\/comments?post=5557"}],"version-history":[{"count":0,"href":"https:\/\/gregorydamy.niceavocats.fr\/es\/wp-json\/wp\/v2\/posts\/5557\/revisions"}],"wp:attachment":[{"href":"https:\/\/gregorydamy.niceavocats.fr\/es\/wp-json\/wp\/v2\/media?parent=5557"}],"wp:term":[{"taxonomy":"category","embeddable":true,"href":"https:\/\/gregorydamy.niceavocats.fr\/es\/wp-json\/wp\/v2\/categories?post=5557"},{"taxonomy":"post_tag","embeddable":true,"href":"https:\/\/gregorydamy.niceavocats.fr\/es\/wp-json\/wp\/v2\/tags?post=5557"}],"curies":[{"name":"wp","href":"https:\/\/api.w.org\/{rel}","templated":true}]}}