{"id":5361,"date":"2012-05-03T12:55:29","date_gmt":"2012-05-03T12:55:29","guid":{"rendered":"https:\/\/gregorydamy.niceavocats.fr\/?p=5361"},"modified":"2023-07-20T06:34:53","modified_gmt":"2023-07-20T06:34:53","slug":"legalidad-de-los-padres","status":"publish","type":"post","link":"https:\/\/gregorydamy.niceavocats.fr\/es\/legalidad-de-los-padres\/","title":{"rendered":"Legalidad de los padres"},"content":{"rendered":"<p>[et_pb_section fb_built=&#8221;1&#8243; admin_label=&#8221;section&#8221; _builder_version=&#8221;4.19.5&#8243; custom_margin=&#8221;||0px||false|false&#8221; custom_padding=&#8221;||0px||false|false&#8221; locked=&#8221;off&#8221; global_colors_info=&#8221;{}&#8221;][et_pb_row column_structure=&#8221;1_3,1_3,1_3&#8243; _builder_version=&#8221;4.19.5&#8243; _module_preset=&#8221;default&#8221; background_enable_mask_style=&#8221;on&#8221; background_mask_style=&#8221;wave&#8221; background_mask_color=&#8221;rgba(0,0,0,0.08)&#8221; custom_padding=&#8221;||6px|||&#8221; locked=&#8221;off&#8221; global_colors_info=&#8221;{}&#8221;][et_pb_column type=&#8221;1_3&#8243; _builder_version=&#8221;4.19.5&#8243; _module_preset=&#8221;default&#8221; global_colors_info=&#8221;{}&#8221;][\/et_pb_column][et_pb_column type=&#8221;1_3&#8243; _builder_version=&#8221;4.19.5&#8243; _module_preset=&#8221;default&#8221; global_colors_info=&#8221;{}&#8221;][\/et_pb_column][et_pb_column type=&#8221;1_3&#8243; _builder_version=&#8221;4.19.5&#8243; _module_preset=&#8221;default&#8221; global_colors_info=&#8221;{}&#8221;][et_pb_circle_counter title=&#8221;Tiempo estimado de lectura (en minutos)&#8221; number=&#8221;2&#8243; percent_sign=&#8221;off&#8221; _builder_version=&#8221;4.20.2&#8243; _module_preset=&#8221;default&#8221; title_font=&#8221;Amiri||||||||&#8221; max_width=&#8221;137px&#8221; global_colors_info=&#8221;{}&#8221;][\/et_pb_circle_counter][\/et_pb_column][\/et_pb_row][et_pb_row _builder_version=&#8221;4.19.5&#8243; _module_preset=&#8221;default&#8221; custom_margin=&#8221;||0px||false|false&#8221; custom_padding=&#8221;||0px||false|false&#8221; global_colors_info=&#8221;{}&#8221;][et_pb_column type=&#8221;4_4&#8243; _builder_version=&#8221;4.19.5&#8243; _module_preset=&#8221;default&#8221; global_colors_info=&#8221;{}&#8221;][et_pb_divider _builder_version=&#8221;4.19.5&#8243; _module_preset=&#8221;default&#8221; global_colors_info=&#8221;{}&#8221;][\/et_pb_divider][\/et_pb_column][\/et_pb_row][et_pb_row admin_label=&#8221;row&#8221; _builder_version=&#8221;4.16&#8243; background_size=&#8221;initial&#8221; background_position=&#8221;top_left&#8221; background_repeat=&#8221;repeat&#8221; global_colors_info=&#8221;{}&#8221;][et_pb_column type=&#8221;4_4&#8243; _builder_version=&#8221;4.16&#8243; custom_padding=&#8221;|||&#8221; global_colors_info=&#8221;{}&#8221; custom_padding__hover=&#8221;|||&#8221;][et_pb_image _builder_version=&#8221;4.21.0&#8243; _module_preset=&#8221;default&#8221; title_text=&#8221;Parental-Rights-2&#8243; src=&#8221;https:\/\/gregorydamy.niceavocats.fr\/wp-content\/uploads\/2012\/05\/Parental-Rights-2.webp&#8221; hover_enabled=&#8221;0&#8243; sticky_enabled=&#8221;0&#8243;][\/et_pb_image][et_pb_text admin_label=&#8221;Text&#8221; _builder_version=&#8221;4.21.0&#8243; text_font=&#8221;Amiri||||||||&#8221; header_2_font=&#8221;Amiri||||||||&#8221; header_3_font=&#8221;Amiri||||||||&#8221; background_size=&#8221;initial&#8221; background_position=&#8221;top_left&#8221; background_repeat=&#8221;repeat&#8221; hover_enabled=&#8221;0&#8243; global_colors_info=&#8221;{}&#8221; sticky_enabled=&#8221;0&#8243;]<\/p>\n<div class=\"entry-content\">\n<p><span>\u00a1Legalidad de los padres!\u00a0<span class=\"\">\u00bf Puede una pareja\u00a0<\/span><\/span><a href=\"https:\/\/gregorydamy.niceavocats.fr\/en\/legal-genetic-testing\/\"><span><span class=\"\">homosexual<\/span><\/span><\/a><span><span class=\"\">\u00a0adoptar un ni\u00f1o en Francia?\u00a0<\/span>\u00bfO recurrir a la procreaci\u00f3n m\u00e9dicamente asistida?\u00a0\u00bfY la patria potestad?<\/span><\/p>\n<h2><span>Autoridad de los padres.<\/span><\/h2>\n<p><span>En el caso de un hijo biol\u00f3gico, la pareja puede solicitar\u00a0<\/span><a href=\"https:\/\/www.service-public.fr\/\"><span>conjuntamente<\/span><\/a><span>\u00a0una \u201cdelegaci\u00f3n compartida de la patria potestad\u201d.\u00a0Luego tendr\u00e1n que demostrar inter\u00e9s en que este enfoque sea beneficioso para el ni\u00f1o.<\/span><\/p>\n<h2><span>Adopci\u00f3n.<\/span><\/h2>\n<p><span>\u00a1Legalidad de los padres!\u00a0En los textos, el acompa\u00f1ante del padre biol\u00f3gico puede presentar una solicitud de adopci\u00f3n simple del ni\u00f1o.\u00a0Pero en la pr\u00e1ctica, esta opci\u00f3n no es aceptada por el Tribunal de Casaci\u00f3n porque implica la transferencia total de la patria potestad al adoptante.<\/span><br \/><span>Si la pareja desea adoptar un hijo no biol\u00f3gico, su solicitud s\u00f3lo debe ser presentada por uno de los miembros de la pareja.\u00a0Esta solicitud no puede ser denegada por motivo de su orientaci\u00f3n sexual.\u00a0Si prospera el caso, podr\u00e1 adoptar al ni\u00f1o, pero la filiaci\u00f3n s\u00f3lo se establecer\u00e1 respecto de \u00e9l.<\/span><\/p>\n<h2><span>Procreaci\u00f3n m\u00e9dicamente asistida.<\/span><\/h2>\n<p><span>En Francia, una mujer soltera o una pareja de mujeres no pueden tener acceso a ella.\u00a0Tendr\u00e1n que ir a B\u00e9lgica, Holanda, Espa\u00f1a o Reino Unido para recurrir a la fecundaci\u00f3n in vitro.\u00a0A su regreso, s\u00f3lo se establecer\u00e1 la filiaci\u00f3n respecto de la madre biol\u00f3gica.<\/span><\/p>\n<h2><span>N\u00d3TESE BIEN.<\/span><\/h2>\n<p><span>: En Francia, una pareja homosexual no puede recurrir a una madre sustituta.\u00a0Esta t\u00e9cnica es ilegal en nuestro pa\u00eds pero factible en otros pa\u00edses como Estados Unidos por ejemplo donde el uso de una madre subrogada es legal.\u00a0Este proceso debe estar muy enmarcado legalmente para evitar cualquier conflicto posterior al nacimiento del ni\u00f1o entre la pareja y la madre subrogada.<\/span><br \/><span>Bufete de abogados DAMY, Niza, Homoparentalidad, \u00bfd\u00f3nde est\u00e1 la ley?\u00a0Actualizaci\u00f3n 2022<\/span><\/p>\n<\/div>\n<p>[\/et_pb_text][\/et_pb_column][\/et_pb_row][et_pb_row _builder_version=&#8221;4.19.5&#8243; _module_preset=&#8221;default&#8221; custom_margin=&#8221;||0px||false|false&#8221; custom_padding=&#8221;||0px||false|false&#8221; global_colors_info=&#8221;{}&#8221;][et_pb_column type=&#8221;4_4&#8243; _builder_version=&#8221;4.19.5&#8243; _module_preset=&#8221;default&#8221; global_colors_info=&#8221;{}&#8221;][et_pb_divider _builder_version=&#8221;4.19.5&#8243; _module_preset=&#8221;default&#8221; global_colors_info=&#8221;{}&#8221;][\/et_pb_divider][\/et_pb_column][\/et_pb_row][\/et_pb_section]<\/p>\n","protected":false},"excerpt":{"rendered":"<p>\u00a1Legalidad de los padres!\u00a0\u00bf Puede una pareja\u00a0homosexual\u00a0adoptar un ni\u00f1o en Francia?\u00a0\u00bfO recurrir a la procreaci\u00f3n m\u00e9dicamente asistida?\u00a0\u00bfY la patria potestad? Autoridad de los padres. En el caso de un hijo biol\u00f3gico, la pareja puede solicitar\u00a0conjuntamente\u00a0una \u201cdelegaci\u00f3n compartida de la patria potestad\u201d.\u00a0Luego tendr\u00e1n que demostrar inter\u00e9s en que este enfoque sea beneficioso para el ni\u00f1o. Adopci\u00f3n. [&hellip;]<\/p>\n","protected":false},"author":2,"featured_media":0,"comment_status":"open","ping_status":"open","sticky":false,"template":"","format":"standard","meta":{"_et_pb_use_builder":"on","_et_pb_old_content":"","_et_gb_content_width":"","footnotes":""},"categories":[301,302],"tags":[],"class_list":["post-5361","post","type-post","status-publish","format-standard","hentry","category-derecho-de-familia","category-diritto-di-famiglia"],"yoast_head":"<!-- This site is optimized with the Yoast SEO plugin v26.8 - https:\/\/yoast.com\/product\/yoast-seo-wordpress\/ -->\n<title>Legalidad de los padres - Soci\u00e9t\u00e9 d&#039;avocats Damy<\/title>\n<meta name=\"description\" content=\"Legalidad de los padres \u00a1Legalidad de los padres! \u00bf Puede una pareja homosexual adoptar un ni\u00f1o en Francia?\" \/>\n<meta name=\"robots\" content=\"index, follow, max-snippet:-1, max-image-preview:large, max-video-preview:-1\" \/>\n<link rel=\"canonical\" href=\"https:\/\/gregorydamy.niceavocats.fr\/es\/legalidad-de-los-padres\/\" \/>\n<meta property=\"og:locale\" content=\"es_ES\" \/>\n<meta property=\"og:type\" content=\"article\" \/>\n<meta property=\"og:title\" content=\"Legalidad de los padres - Soci\u00e9t\u00e9 d&#039;avocats Damy\" \/>\n<meta property=\"og:description\" content=\"Legalidad de los padres \u00a1Legalidad de los padres! \u00bf Puede una pareja homosexual adoptar un ni\u00f1o en Francia?\" \/>\n<meta property=\"og:url\" content=\"https:\/\/gregorydamy.niceavocats.fr\/es\/legalidad-de-los-padres\/\" \/>\n<meta property=\"og:site_name\" content=\"Soci\u00e9t\u00e9 d&#039;avocats Damy\" \/>\n<meta property=\"article:publisher\" content=\"https:\/\/www.facebook.com\/niceavocats.fr\/\" \/>\n<meta property=\"article:published_time\" content=\"2012-05-03T12:55:29+00:00\" \/>\n<meta property=\"article:modified_time\" content=\"2023-07-20T06:34:53+00:00\" \/>\n<meta name=\"author\" content=\"Kevin\" \/>\n<meta name=\"twitter:card\" content=\"summary_large_image\" \/>\n<meta name=\"twitter:label1\" content=\"Escrito por\" \/>\n\t<meta name=\"twitter:data1\" content=\"Kevin\" \/>\n\t<meta name=\"twitter:label2\" content=\"Tiempo de lectura\" \/>\n\t<meta name=\"twitter:data2\" content=\"2 minutos\" \/>\n<script type=\"application\/ld+json\" class=\"yoast-schema-graph\">{\"@context\":\"https:\/\/schema.org\",\"@graph\":[{\"@type\":\"Article\",\"@id\":\"https:\/\/gregorydamy.niceavocats.fr\/es\/legalidad-de-los-padres\/#article\",\"isPartOf\":{\"@id\":\"https:\/\/gregorydamy.niceavocats.fr\/es\/legalidad-de-los-padres\/\"},\"author\":{\"name\":\"Kevin\",\"@id\":\"https:\/\/gregorydamy.niceavocats.fr\/es\/#\/schema\/person\/e040acb2856efaa1e114d0e7a92a3870\"},\"headline\":\"Legalidad de los padres\",\"datePublished\":\"2012-05-03T12:55:29+00:00\",\"dateModified\":\"2023-07-20T06:34:53+00:00\",\"mainEntityOfPage\":{\"@id\":\"https:\/\/gregorydamy.niceavocats.fr\/es\/legalidad-de-los-padres\/\"},\"wordCount\":676,\"commentCount\":0,\"publisher\":{\"@id\":\"https:\/\/gregorydamy.niceavocats.fr\/es\/#organization\"},\"articleSection\":[\"Derecho de familia\",\"Diritto di famiglia\"],\"inLanguage\":\"es\",\"potentialAction\":[{\"@type\":\"CommentAction\",\"name\":\"Comment\",\"target\":[\"https:\/\/gregorydamy.niceavocats.fr\/es\/legalidad-de-los-padres\/#respond\"]}]},{\"@type\":\"WebPage\",\"@id\":\"https:\/\/gregorydamy.niceavocats.fr\/es\/legalidad-de-los-padres\/\",\"url\":\"https:\/\/gregorydamy.niceavocats.fr\/es\/legalidad-de-los-padres\/\",\"name\":\"Legalidad de los padres - Soci\u00e9t\u00e9 d&#039;avocats Damy\",\"isPartOf\":{\"@id\":\"https:\/\/gregorydamy.niceavocats.fr\/es\/#website\"},\"datePublished\":\"2012-05-03T12:55:29+00:00\",\"dateModified\":\"2023-07-20T06:34:53+00:00\",\"description\":\"Legalidad de los padres \u00a1Legalidad de los padres! \u00bf Puede una pareja homosexual adoptar un ni\u00f1o en Francia?\",\"breadcrumb\":{\"@id\":\"https:\/\/gregorydamy.niceavocats.fr\/es\/legalidad-de-los-padres\/#breadcrumb\"},\"inLanguage\":\"es\",\"potentialAction\":[{\"@type\":\"ReadAction\",\"target\":[\"https:\/\/gregorydamy.niceavocats.fr\/es\/legalidad-de-los-padres\/\"]}]},{\"@type\":\"BreadcrumbList\",\"@id\":\"https:\/\/gregorydamy.niceavocats.fr\/es\/legalidad-de-los-padres\/#breadcrumb\",\"itemListElement\":[{\"@type\":\"ListItem\",\"position\":1,\"name\":\"Accueil\",\"item\":\"https:\/\/gregorydamy.niceavocats.fr\/es\/\"},{\"@type\":\"ListItem\",\"position\":2,\"name\":\"Legalidad de los padres\"}]},{\"@type\":\"WebSite\",\"@id\":\"https:\/\/gregorydamy.niceavocats.fr\/es\/#website\",\"url\":\"https:\/\/gregorydamy.niceavocats.fr\/es\/\",\"name\":\"Soci\u00e9t\u00e9 d&#039;avocats Damy\",\"description\":\"Justice - Confiance - Efficacit\u00e9\",\"publisher\":{\"@id\":\"https:\/\/gregorydamy.niceavocats.fr\/es\/#organization\"},\"potentialAction\":[{\"@type\":\"SearchAction\",\"target\":{\"@type\":\"EntryPoint\",\"urlTemplate\":\"https:\/\/gregorydamy.niceavocats.fr\/es\/?s={search_term_string}\"},\"query-input\":{\"@type\":\"PropertyValueSpecification\",\"valueRequired\":true,\"valueName\":\"search_term_string\"}}],\"inLanguage\":\"es\"},{\"@type\":\"Organization\",\"@id\":\"https:\/\/gregorydamy.niceavocats.fr\/es\/#organization\",\"name\":\"Soci\u00e9t\u00e9 d'Avocats DAMY\",\"alternateName\":\"Gr\u00e9gory DAMY\",\"url\":\"https:\/\/gregorydamy.niceavocats.fr\/es\/\",\"logo\":{\"@type\":\"ImageObject\",\"inLanguage\":\"es\",\"@id\":\"https:\/\/gregorydamy.niceavocats.fr\/es\/#\/schema\/logo\/image\/\",\"url\":\"https:\/\/gregorydamy.niceavocats.fr\/wp-content\/uploads\/2023\/04\/damylogo-1.png\",\"contentUrl\":\"https:\/\/gregorydamy.niceavocats.fr\/wp-content\/uploads\/2023\/04\/damylogo-1.png\",\"width\":1890,\"height\":1417,\"caption\":\"Soci\u00e9t\u00e9 d'Avocats DAMY\"},\"image\":{\"@id\":\"https:\/\/gregorydamy.niceavocats.fr\/es\/#\/schema\/logo\/image\/\"},\"sameAs\":[\"https:\/\/www.facebook.com\/niceavocats.fr\/\"]},{\"@type\":\"Person\",\"@id\":\"https:\/\/gregorydamy.niceavocats.fr\/es\/#\/schema\/person\/e040acb2856efaa1e114d0e7a92a3870\",\"name\":\"Kevin\",\"url\":\"https:\/\/gregorydamy.niceavocats.fr\/es\/author\/kevin\/\"}]}<\/script>\n<!-- \/ Yoast SEO plugin. -->","yoast_head_json":{"title":"Legalidad de los padres - Soci\u00e9t\u00e9 d&#039;avocats Damy","description":"Legalidad de los padres \u00a1Legalidad de los padres! \u00bf Puede una pareja homosexual adoptar un ni\u00f1o en Francia?","robots":{"index":"index","follow":"follow","max-snippet":"max-snippet:-1","max-image-preview":"max-image-preview:large","max-video-preview":"max-video-preview:-1"},"canonical":"https:\/\/gregorydamy.niceavocats.fr\/es\/legalidad-de-los-padres\/","og_locale":"es_ES","og_type":"article","og_title":"Legalidad de los padres - Soci\u00e9t\u00e9 d&#039;avocats Damy","og_description":"Legalidad de los padres \u00a1Legalidad de los padres! \u00bf Puede una pareja homosexual adoptar un ni\u00f1o en Francia?","og_url":"https:\/\/gregorydamy.niceavocats.fr\/es\/legalidad-de-los-padres\/","og_site_name":"Soci\u00e9t\u00e9 d&#039;avocats Damy","article_publisher":"https:\/\/www.facebook.com\/niceavocats.fr\/","article_published_time":"2012-05-03T12:55:29+00:00","article_modified_time":"2023-07-20T06:34:53+00:00","author":"Kevin","twitter_card":"summary_large_image","twitter_misc":{"Escrito por":"Kevin","Tiempo de lectura":"2 minutos"},"schema":{"@context":"https:\/\/schema.org","@graph":[{"@type":"Article","@id":"https:\/\/gregorydamy.niceavocats.fr\/es\/legalidad-de-los-padres\/#article","isPartOf":{"@id":"https:\/\/gregorydamy.niceavocats.fr\/es\/legalidad-de-los-padres\/"},"author":{"name":"Kevin","@id":"https:\/\/gregorydamy.niceavocats.fr\/es\/#\/schema\/person\/e040acb2856efaa1e114d0e7a92a3870"},"headline":"Legalidad de los padres","datePublished":"2012-05-03T12:55:29+00:00","dateModified":"2023-07-20T06:34:53+00:00","mainEntityOfPage":{"@id":"https:\/\/gregorydamy.niceavocats.fr\/es\/legalidad-de-los-padres\/"},"wordCount":676,"commentCount":0,"publisher":{"@id":"https:\/\/gregorydamy.niceavocats.fr\/es\/#organization"},"articleSection":["Derecho de familia","Diritto di famiglia"],"inLanguage":"es","potentialAction":[{"@type":"CommentAction","name":"Comment","target":["https:\/\/gregorydamy.niceavocats.fr\/es\/legalidad-de-los-padres\/#respond"]}]},{"@type":"WebPage","@id":"https:\/\/gregorydamy.niceavocats.fr\/es\/legalidad-de-los-padres\/","url":"https:\/\/gregorydamy.niceavocats.fr\/es\/legalidad-de-los-padres\/","name":"Legalidad de los padres - Soci\u00e9t\u00e9 d&#039;avocats Damy","isPartOf":{"@id":"https:\/\/gregorydamy.niceavocats.fr\/es\/#website"},"datePublished":"2012-05-03T12:55:29+00:00","dateModified":"2023-07-20T06:34:53+00:00","description":"Legalidad de los padres \u00a1Legalidad de los padres! \u00bf Puede una pareja homosexual adoptar un ni\u00f1o en Francia?","breadcrumb":{"@id":"https:\/\/gregorydamy.niceavocats.fr\/es\/legalidad-de-los-padres\/#breadcrumb"},"inLanguage":"es","potentialAction":[{"@type":"ReadAction","target":["https:\/\/gregorydamy.niceavocats.fr\/es\/legalidad-de-los-padres\/"]}]},{"@type":"BreadcrumbList","@id":"https:\/\/gregorydamy.niceavocats.fr\/es\/legalidad-de-los-padres\/#breadcrumb","itemListElement":[{"@type":"ListItem","position":1,"name":"Accueil","item":"https:\/\/gregorydamy.niceavocats.fr\/es\/"},{"@type":"ListItem","position":2,"name":"Legalidad de los padres"}]},{"@type":"WebSite","@id":"https:\/\/gregorydamy.niceavocats.fr\/es\/#website","url":"https:\/\/gregorydamy.niceavocats.fr\/es\/","name":"Soci\u00e9t\u00e9 d&#039;avocats Damy","description":"Justice - Confiance - Efficacit\u00e9","publisher":{"@id":"https:\/\/gregorydamy.niceavocats.fr\/es\/#organization"},"potentialAction":[{"@type":"SearchAction","target":{"@type":"EntryPoint","urlTemplate":"https:\/\/gregorydamy.niceavocats.fr\/es\/?s={search_term_string}"},"query-input":{"@type":"PropertyValueSpecification","valueRequired":true,"valueName":"search_term_string"}}],"inLanguage":"es"},{"@type":"Organization","@id":"https:\/\/gregorydamy.niceavocats.fr\/es\/#organization","name":"Soci\u00e9t\u00e9 d'Avocats DAMY","alternateName":"Gr\u00e9gory DAMY","url":"https:\/\/gregorydamy.niceavocats.fr\/es\/","logo":{"@type":"ImageObject","inLanguage":"es","@id":"https:\/\/gregorydamy.niceavocats.fr\/es\/#\/schema\/logo\/image\/","url":"https:\/\/gregorydamy.niceavocats.fr\/wp-content\/uploads\/2023\/04\/damylogo-1.png","contentUrl":"https:\/\/gregorydamy.niceavocats.fr\/wp-content\/uploads\/2023\/04\/damylogo-1.png","width":1890,"height":1417,"caption":"Soci\u00e9t\u00e9 d'Avocats DAMY"},"image":{"@id":"https:\/\/gregorydamy.niceavocats.fr\/es\/#\/schema\/logo\/image\/"},"sameAs":["https:\/\/www.facebook.com\/niceavocats.fr\/"]},{"@type":"Person","@id":"https:\/\/gregorydamy.niceavocats.fr\/es\/#\/schema\/person\/e040acb2856efaa1e114d0e7a92a3870","name":"Kevin","url":"https:\/\/gregorydamy.niceavocats.fr\/es\/author\/kevin\/"}]}},"_links":{"self":[{"href":"https:\/\/gregorydamy.niceavocats.fr\/es\/wp-json\/wp\/v2\/posts\/5361","targetHints":{"allow":["GET"]}}],"collection":[{"href":"https:\/\/gregorydamy.niceavocats.fr\/es\/wp-json\/wp\/v2\/posts"}],"about":[{"href":"https:\/\/gregorydamy.niceavocats.fr\/es\/wp-json\/wp\/v2\/types\/post"}],"author":[{"embeddable":true,"href":"https:\/\/gregorydamy.niceavocats.fr\/es\/wp-json\/wp\/v2\/users\/2"}],"replies":[{"embeddable":true,"href":"https:\/\/gregorydamy.niceavocats.fr\/es\/wp-json\/wp\/v2\/comments?post=5361"}],"version-history":[{"count":0,"href":"https:\/\/gregorydamy.niceavocats.fr\/es\/wp-json\/wp\/v2\/posts\/5361\/revisions"}],"wp:attachment":[{"href":"https:\/\/gregorydamy.niceavocats.fr\/es\/wp-json\/wp\/v2\/media?parent=5361"}],"wp:term":[{"taxonomy":"category","embeddable":true,"href":"https:\/\/gregorydamy.niceavocats.fr\/es\/wp-json\/wp\/v2\/categories?post=5361"},{"taxonomy":"post_tag","embeddable":true,"href":"https:\/\/gregorydamy.niceavocats.fr\/es\/wp-json\/wp\/v2\/tags?post=5361"}],"curies":[{"name":"wp","href":"https:\/\/api.w.org\/{rel}","templated":true}]}}