{"id":5343,"date":"2012-05-04T13:20:51","date_gmt":"2012-05-04T13:20:51","guid":{"rendered":"https:\/\/gregorydamy.niceavocats.fr\/?p=5343"},"modified":"2023-08-09T10:45:11","modified_gmt":"2023-08-09T10:45:11","slug":"privacidad-de-google","status":"publish","type":"post","link":"https:\/\/gregorydamy.niceavocats.fr\/es\/privacidad-de-google\/","title":{"rendered":"Google Map y privacidad: \u00a1un reto!"},"content":{"rendered":"<p>[et_pb_section fb_built=&#8221;1&#8243; admin_label=&#8221;section&#8221; _builder_version=&#8221;4.19.5&#8243; custom_margin=&#8221;||0px||false|false&#8221; custom_padding=&#8221;||0px||false|false&#8221; locked=&#8221;off&#8221; global_colors_info=&#8221;{}&#8221;][et_pb_row column_structure=&#8221;1_3,1_3,1_3&#8243; _builder_version=&#8221;4.19.5&#8243; _module_preset=&#8221;default&#8221; background_enable_mask_style=&#8221;on&#8221; background_mask_style=&#8221;wave&#8221; background_mask_color=&#8221;rgba(0,0,0,0.08)&#8221; custom_padding=&#8221;||6px|||&#8221; locked=&#8221;off&#8221; global_colors_info=&#8221;{}&#8221;][et_pb_column type=&#8221;1_3&#8243; _builder_version=&#8221;4.19.5&#8243; _module_preset=&#8221;default&#8221; global_colors_info=&#8221;{}&#8221;][\/et_pb_column][et_pb_column type=&#8221;1_3&#8243; _builder_version=&#8221;4.19.5&#8243; _module_preset=&#8221;default&#8221; global_colors_info=&#8221;{}&#8221;][\/et_pb_column][et_pb_column type=&#8221;1_3&#8243; _builder_version=&#8221;4.19.5&#8243; _module_preset=&#8221;default&#8221; global_colors_info=&#8221;{}&#8221;][et_pb_circle_counter title=&#8221;Tiempo estimado de lectura (en minutos)&#8221; number=&#8221;2&#8243; percent_sign=&#8221;off&#8221; _builder_version=&#8221;4.20.2&#8243; _module_preset=&#8221;default&#8221; title_font=&#8221;Amiri||||||||&#8221; max_width=&#8221;137px&#8221; global_colors_info=&#8221;{}&#8221;][\/et_pb_circle_counter][\/et_pb_column][\/et_pb_row][et_pb_row _builder_version=&#8221;4.19.5&#8243; _module_preset=&#8221;default&#8221; custom_margin=&#8221;||0px||false|false&#8221; custom_padding=&#8221;||0px||false|false&#8221; global_colors_info=&#8221;{}&#8221;][et_pb_column type=&#8221;4_4&#8243; _builder_version=&#8221;4.19.5&#8243; _module_preset=&#8221;default&#8221; global_colors_info=&#8221;{}&#8221;][et_pb_divider _builder_version=&#8221;4.19.5&#8243; _module_preset=&#8221;default&#8221; global_colors_info=&#8221;{}&#8221;][\/et_pb_divider][\/et_pb_column][\/et_pb_row][et_pb_row admin_label=&#8221;row&#8221; _builder_version=&#8221;4.16&#8243; background_size=&#8221;initial&#8221; background_position=&#8221;top_left&#8221; background_repeat=&#8221;repeat&#8221; global_colors_info=&#8221;{}&#8221;][et_pb_column type=&#8221;4_4&#8243; _builder_version=&#8221;4.16&#8243; custom_padding=&#8221;|||&#8221; global_colors_info=&#8221;{}&#8221; custom_padding__hover=&#8221;|||&#8221;][et_pb_image src=&#8221;https:\/\/gregorydamy.niceavocats.fr\/wp-content\/uploads\/2012\/05\/04fDFuOogFG3xJxytEFMHBZ-32.v1625063602.jpg&#8221; title_text=&#8221;04fDFuOogFG3xJxytEFMHBZ-32..v1625063602&#8243; _builder_version=&#8221;4.21.0&#8243; _module_preset=&#8221;default&#8221; hover_enabled=&#8221;0&#8243; global_colors_info=&#8221;{}&#8221; sticky_enabled=&#8221;0&#8243;][\/et_pb_image][et_pb_text admin_label=&#8221;Text&#8221; _builder_version=&#8221;4.21.0&#8243; text_font=&#8221;Amiri||||||||&#8221; header_2_font=&#8221;Amiri||||||||&#8221; header_3_font=&#8221;Amiri||||||||&#8221; background_size=&#8221;initial&#8221; background_position=&#8221;top_left&#8221; background_repeat=&#8221;repeat&#8221; hover_enabled=&#8221;0&#8243; global_colors_info=&#8221;{}&#8221; sticky_enabled=&#8221;0&#8243;]<\/p>\n<div class=\"entry-content\">\n<p><span class=\"\"><span>En un momento en el que Google ha catalogado\u00a0\u00a0<\/span><\/span><span class=\"\"><span>gran\u00a0<\/span><\/span><span class=\"\"><span>\u00a0parte de Francia en su famoso Google Maps, puede ocurrir que nos encontremos por casualidad en una de estas\u00a0\u00a0<\/span><\/span><span class=\"\"><span>fotograf\u00edas\u00a0<\/span><\/span><span class=\"\"><span>\u00a0.\u00a0<\/span><\/span><span>\u00bfEsta permitido?\u00a0\u00bfPuedo solicitar la eliminaci\u00f3n de esta foto y c\u00f3mo?<\/span><\/p>\n<h2><span>\u00bfEs legal?<\/span><\/h2>\n<p><span>El uso de su fotograf\u00eda requiere su consentimiento previo.\u00a0Este uso est\u00e1 limitado a un uso preciso definido por usted, y tiene la posibilidad de eliminar la foto en cualquier momento.\u00a0Este es el caso, por ejemplo, de fotos colgadas en el \u201ctrombinoscopio\u201d de una empresa o en una red social.<\/span><br \/><span>En la pr\u00e1ctica, Google no tiene ning\u00fan inter\u00e9s en incluir tu foto en Google Maps porque ser\u00eda demasiado complicado pedir el consentimiento de todas las personas fotografiadas.\u00a0Para mantenerse dentro del marco legal, Google Maps utiliza un proceso de desenfoque facial.\u00a0La dificultad radica en que este proceso no es 100% confiable: algunas personas pueden, de hecho, ser reconocibles por su apariencia general, o porque est\u00e1n frente a su casa y, por lo tanto, existe el riesgo de exceder la marco legal para el uso de estas fotograf\u00edas.\u00a0Este es el caso de un hombre que, tras ser fotografiado orinando en su jard\u00edn, fue reconocido por todo su pueblo.<\/span><\/p>\n<h2><span>\u00bfC\u00f3mo puedo eliminar mi foto?<\/span><\/h2>\n<p><span>La\u00a0<\/span><a href=\"https:\/\/www.senat.fr\/dossier-legislatif\/pjl77-005.html#:~:text=Informatique%20et%20libert%C3%A9s%20Dossier%20l%C3%A9gislatif%20Loi%20relative%20%C3%A0,1978%20parue%20au%20JO%20du%207%20janvier%201978\"><span>ley \u201cInformatique et Libert\u00e9s\u201d<\/span><\/a><span>\u00bb le permite acceder, o solicitar la supresi\u00f3n o rectificaci\u00f3n de sus datos personales.\u00a0Tambi\u00e9n se aplica a las fotograf\u00edas, ya que una fotograf\u00eda constituye un dato personal.\u00a0Por lo tanto, puede comunicarse con Google para pedirles que desenfoquen o eliminen su foto.\u00a0Adem\u00e1s, Google ha puesto a disposici\u00f3n de los usuarios una herramienta de informes, en forma de pesta\u00f1a en la parte inferior de cada p\u00e1gina: te permite solicitar no solo el desenfoque o eliminaci\u00f3n de tu foto, sino tambi\u00e9n el desenfoque de tu casa, tu veh\u00edculo, su matr\u00edcula, etc., o la retirada de cualquier otro contenido il\u00edcito.\u00a0Google est\u00e1 obligado a hacerlo en un plazo breve, y la Comisi\u00f3n Nacional de Inform\u00e1tica y Libertades (CNIL) est\u00e1 especialmente atenta a este respecto.Si borrar o desenfocar una foto no se hace r\u00e1pidamente, siempre puede comunicarse con la CNIL, que har\u00e1 las debidas diligencias con Google.\u00a0Como \u00faltimo recurso, tambi\u00e9n puede acudir a los tribunales, pero el procedimiento llevar\u00e1 m\u00e1s tiempo.<\/span><br \/><a href=\"https:\/\/gregorydamy.niceavocats.fr\/\"><span>Soci\u00e9t\u00e9 d&#8217;Avocats DAMY<\/span><\/a><span>\u00a0, Niza, estoy representado en Google Maps, \u00bfqu\u00e9 puedo hacer?\u00a0Actualizaci\u00f3n 2022<\/span><\/p>\n<\/div>\n<p>[\/et_pb_text][\/et_pb_column][\/et_pb_row][et_pb_row _builder_version=&#8221;4.19.5&#8243; _module_preset=&#8221;default&#8221; custom_margin=&#8221;||0px||false|false&#8221; custom_padding=&#8221;||0px||false|false&#8221; global_colors_info=&#8221;{}&#8221;][et_pb_column type=&#8221;4_4&#8243; _builder_version=&#8221;4.19.5&#8243; _module_preset=&#8221;default&#8221; global_colors_info=&#8221;{}&#8221;][et_pb_divider _builder_version=&#8221;4.19.5&#8243; _module_preset=&#8221;default&#8221; global_colors_info=&#8221;{}&#8221;][\/et_pb_divider][\/et_pb_column][\/et_pb_row][\/et_pb_section]<\/p>\n","protected":false},"excerpt":{"rendered":"<p>En un momento en el que Google ha catalogado\u00a0\u00a0gran\u00a0\u00a0parte de Francia en su famoso Google Maps, puede ocurrir que nos encontremos por casualidad en una de estas\u00a0\u00a0fotograf\u00edas\u00a0\u00a0.\u00a0\u00bfEsta permitido?\u00a0\u00bfPuedo solicitar la eliminaci\u00f3n de esta foto y c\u00f3mo? \u00bfEs legal? El uso de su fotograf\u00eda requiere su consentimiento previo.\u00a0Este uso est\u00e1 limitado a un uso preciso definido [&hellip;]<\/p>\n","protected":false},"author":2,"featured_media":0,"comment_status":"open","ping_status":"open","sticky":false,"template":"","format":"standard","meta":{"_et_pb_use_builder":"on","_et_pb_old_content":"","_et_gb_content_width":"","footnotes":""},"categories":[290],"tags":[],"class_list":["post-5343","post","type-post","status-publish","format-standard","hentry","category-otros"],"yoast_head":"<!-- This site is optimized with the Yoast SEO plugin v26.8 - https:\/\/yoast.com\/product\/yoast-seo-wordpress\/ -->\n<title>Google Map y privacidad: \u00a1un reto! - Soci\u00e9t\u00e9 d&#039;avocats Damy<\/title>\n<meta name=\"description\" content=\"Privacidad de Google En un momento en el que Google ha catalogado gran parte de Francia en su famoso Google Maps,\" \/>\n<meta name=\"robots\" content=\"index, follow, max-snippet:-1, max-image-preview:large, max-video-preview:-1\" \/>\n<link rel=\"canonical\" href=\"https:\/\/gregorydamy.niceavocats.fr\/es\/privacidad-de-google\/\" \/>\n<meta property=\"og:locale\" content=\"es_ES\" \/>\n<meta property=\"og:type\" content=\"article\" \/>\n<meta property=\"og:title\" content=\"Google Map y privacidad: \u00a1un reto! - Soci\u00e9t\u00e9 d&#039;avocats Damy\" \/>\n<meta property=\"og:description\" content=\"Privacidad de Google En un momento en el que Google ha catalogado gran parte de Francia en su famoso Google Maps,\" \/>\n<meta property=\"og:url\" content=\"https:\/\/gregorydamy.niceavocats.fr\/es\/privacidad-de-google\/\" \/>\n<meta property=\"og:site_name\" content=\"Soci\u00e9t\u00e9 d&#039;avocats Damy\" \/>\n<meta property=\"article:publisher\" content=\"https:\/\/www.facebook.com\/niceavocats.fr\/\" \/>\n<meta property=\"article:published_time\" content=\"2012-05-04T13:20:51+00:00\" \/>\n<meta property=\"article:modified_time\" content=\"2023-08-09T10:45:11+00:00\" \/>\n<meta name=\"author\" content=\"Kevin\" \/>\n<meta name=\"twitter:card\" content=\"summary_large_image\" \/>\n<meta name=\"twitter:label1\" content=\"Escrito por\" \/>\n\t<meta name=\"twitter:data1\" content=\"Kevin\" \/>\n\t<meta name=\"twitter:label2\" content=\"Tiempo de lectura\" \/>\n\t<meta name=\"twitter:data2\" content=\"3 minutos\" \/>\n<script type=\"application\/ld+json\" class=\"yoast-schema-graph\">{\"@context\":\"https:\/\/schema.org\",\"@graph\":[{\"@type\":\"Article\",\"@id\":\"https:\/\/gregorydamy.niceavocats.fr\/es\/privacidad-de-google\/#article\",\"isPartOf\":{\"@id\":\"https:\/\/gregorydamy.niceavocats.fr\/es\/privacidad-de-google\/\"},\"author\":{\"name\":\"Kevin\",\"@id\":\"https:\/\/gregorydamy.niceavocats.fr\/es\/#\/schema\/person\/e040acb2856efaa1e114d0e7a92a3870\"},\"headline\":\"Google Map y privacidad: \u00a1un reto!\",\"datePublished\":\"2012-05-04T13:20:51+00:00\",\"dateModified\":\"2023-08-09T10:45:11+00:00\",\"mainEntityOfPage\":{\"@id\":\"https:\/\/gregorydamy.niceavocats.fr\/es\/privacidad-de-google\/\"},\"wordCount\":784,\"commentCount\":0,\"publisher\":{\"@id\":\"https:\/\/gregorydamy.niceavocats.fr\/es\/#organization\"},\"articleSection\":[\"Otros\"],\"inLanguage\":\"es\",\"potentialAction\":[{\"@type\":\"CommentAction\",\"name\":\"Comment\",\"target\":[\"https:\/\/gregorydamy.niceavocats.fr\/es\/privacidad-de-google\/#respond\"]}]},{\"@type\":\"WebPage\",\"@id\":\"https:\/\/gregorydamy.niceavocats.fr\/es\/privacidad-de-google\/\",\"url\":\"https:\/\/gregorydamy.niceavocats.fr\/es\/privacidad-de-google\/\",\"name\":\"Google Map y privacidad: \u00a1un reto! - Soci\u00e9t\u00e9 d&#039;avocats Damy\",\"isPartOf\":{\"@id\":\"https:\/\/gregorydamy.niceavocats.fr\/es\/#website\"},\"datePublished\":\"2012-05-04T13:20:51+00:00\",\"dateModified\":\"2023-08-09T10:45:11+00:00\",\"description\":\"Privacidad de Google En un momento en el que Google ha catalogado gran parte de Francia en su famoso Google Maps,\",\"breadcrumb\":{\"@id\":\"https:\/\/gregorydamy.niceavocats.fr\/es\/privacidad-de-google\/#breadcrumb\"},\"inLanguage\":\"es\",\"potentialAction\":[{\"@type\":\"ReadAction\",\"target\":[\"https:\/\/gregorydamy.niceavocats.fr\/es\/privacidad-de-google\/\"]}]},{\"@type\":\"BreadcrumbList\",\"@id\":\"https:\/\/gregorydamy.niceavocats.fr\/es\/privacidad-de-google\/#breadcrumb\",\"itemListElement\":[{\"@type\":\"ListItem\",\"position\":1,\"name\":\"Accueil\",\"item\":\"https:\/\/gregorydamy.niceavocats.fr\/es\/\"},{\"@type\":\"ListItem\",\"position\":2,\"name\":\"Google Map y privacidad: \u00a1un reto!\"}]},{\"@type\":\"WebSite\",\"@id\":\"https:\/\/gregorydamy.niceavocats.fr\/es\/#website\",\"url\":\"https:\/\/gregorydamy.niceavocats.fr\/es\/\",\"name\":\"Soci\u00e9t\u00e9 d&#039;avocats Damy\",\"description\":\"Justice - Confiance - Efficacit\u00e9\",\"publisher\":{\"@id\":\"https:\/\/gregorydamy.niceavocats.fr\/es\/#organization\"},\"potentialAction\":[{\"@type\":\"SearchAction\",\"target\":{\"@type\":\"EntryPoint\",\"urlTemplate\":\"https:\/\/gregorydamy.niceavocats.fr\/es\/?s={search_term_string}\"},\"query-input\":{\"@type\":\"PropertyValueSpecification\",\"valueRequired\":true,\"valueName\":\"search_term_string\"}}],\"inLanguage\":\"es\"},{\"@type\":\"Organization\",\"@id\":\"https:\/\/gregorydamy.niceavocats.fr\/es\/#organization\",\"name\":\"Soci\u00e9t\u00e9 d'Avocats DAMY\",\"alternateName\":\"Gr\u00e9gory DAMY\",\"url\":\"https:\/\/gregorydamy.niceavocats.fr\/es\/\",\"logo\":{\"@type\":\"ImageObject\",\"inLanguage\":\"es\",\"@id\":\"https:\/\/gregorydamy.niceavocats.fr\/es\/#\/schema\/logo\/image\/\",\"url\":\"https:\/\/gregorydamy.niceavocats.fr\/wp-content\/uploads\/2023\/04\/damylogo-1.png\",\"contentUrl\":\"https:\/\/gregorydamy.niceavocats.fr\/wp-content\/uploads\/2023\/04\/damylogo-1.png\",\"width\":1890,\"height\":1417,\"caption\":\"Soci\u00e9t\u00e9 d'Avocats DAMY\"},\"image\":{\"@id\":\"https:\/\/gregorydamy.niceavocats.fr\/es\/#\/schema\/logo\/image\/\"},\"sameAs\":[\"https:\/\/www.facebook.com\/niceavocats.fr\/\"]},{\"@type\":\"Person\",\"@id\":\"https:\/\/gregorydamy.niceavocats.fr\/es\/#\/schema\/person\/e040acb2856efaa1e114d0e7a92a3870\",\"name\":\"Kevin\",\"url\":\"https:\/\/gregorydamy.niceavocats.fr\/es\/author\/kevin\/\"}]}<\/script>\n<!-- \/ Yoast SEO plugin. -->","yoast_head_json":{"title":"Google Map y privacidad: \u00a1un reto! - Soci\u00e9t\u00e9 d&#039;avocats Damy","description":"Privacidad de Google En un momento en el que Google ha catalogado gran parte de Francia en su famoso Google Maps,","robots":{"index":"index","follow":"follow","max-snippet":"max-snippet:-1","max-image-preview":"max-image-preview:large","max-video-preview":"max-video-preview:-1"},"canonical":"https:\/\/gregorydamy.niceavocats.fr\/es\/privacidad-de-google\/","og_locale":"es_ES","og_type":"article","og_title":"Google Map y privacidad: \u00a1un reto! - Soci\u00e9t\u00e9 d&#039;avocats Damy","og_description":"Privacidad de Google En un momento en el que Google ha catalogado gran parte de Francia en su famoso Google Maps,","og_url":"https:\/\/gregorydamy.niceavocats.fr\/es\/privacidad-de-google\/","og_site_name":"Soci\u00e9t\u00e9 d&#039;avocats Damy","article_publisher":"https:\/\/www.facebook.com\/niceavocats.fr\/","article_published_time":"2012-05-04T13:20:51+00:00","article_modified_time":"2023-08-09T10:45:11+00:00","author":"Kevin","twitter_card":"summary_large_image","twitter_misc":{"Escrito por":"Kevin","Tiempo de lectura":"3 minutos"},"schema":{"@context":"https:\/\/schema.org","@graph":[{"@type":"Article","@id":"https:\/\/gregorydamy.niceavocats.fr\/es\/privacidad-de-google\/#article","isPartOf":{"@id":"https:\/\/gregorydamy.niceavocats.fr\/es\/privacidad-de-google\/"},"author":{"name":"Kevin","@id":"https:\/\/gregorydamy.niceavocats.fr\/es\/#\/schema\/person\/e040acb2856efaa1e114d0e7a92a3870"},"headline":"Google Map y privacidad: \u00a1un reto!","datePublished":"2012-05-04T13:20:51+00:00","dateModified":"2023-08-09T10:45:11+00:00","mainEntityOfPage":{"@id":"https:\/\/gregorydamy.niceavocats.fr\/es\/privacidad-de-google\/"},"wordCount":784,"commentCount":0,"publisher":{"@id":"https:\/\/gregorydamy.niceavocats.fr\/es\/#organization"},"articleSection":["Otros"],"inLanguage":"es","potentialAction":[{"@type":"CommentAction","name":"Comment","target":["https:\/\/gregorydamy.niceavocats.fr\/es\/privacidad-de-google\/#respond"]}]},{"@type":"WebPage","@id":"https:\/\/gregorydamy.niceavocats.fr\/es\/privacidad-de-google\/","url":"https:\/\/gregorydamy.niceavocats.fr\/es\/privacidad-de-google\/","name":"Google Map y privacidad: \u00a1un reto! - Soci\u00e9t\u00e9 d&#039;avocats Damy","isPartOf":{"@id":"https:\/\/gregorydamy.niceavocats.fr\/es\/#website"},"datePublished":"2012-05-04T13:20:51+00:00","dateModified":"2023-08-09T10:45:11+00:00","description":"Privacidad de Google En un momento en el que Google ha catalogado gran parte de Francia en su famoso Google Maps,","breadcrumb":{"@id":"https:\/\/gregorydamy.niceavocats.fr\/es\/privacidad-de-google\/#breadcrumb"},"inLanguage":"es","potentialAction":[{"@type":"ReadAction","target":["https:\/\/gregorydamy.niceavocats.fr\/es\/privacidad-de-google\/"]}]},{"@type":"BreadcrumbList","@id":"https:\/\/gregorydamy.niceavocats.fr\/es\/privacidad-de-google\/#breadcrumb","itemListElement":[{"@type":"ListItem","position":1,"name":"Accueil","item":"https:\/\/gregorydamy.niceavocats.fr\/es\/"},{"@type":"ListItem","position":2,"name":"Google Map y privacidad: \u00a1un reto!"}]},{"@type":"WebSite","@id":"https:\/\/gregorydamy.niceavocats.fr\/es\/#website","url":"https:\/\/gregorydamy.niceavocats.fr\/es\/","name":"Soci\u00e9t\u00e9 d&#039;avocats Damy","description":"Justice - Confiance - Efficacit\u00e9","publisher":{"@id":"https:\/\/gregorydamy.niceavocats.fr\/es\/#organization"},"potentialAction":[{"@type":"SearchAction","target":{"@type":"EntryPoint","urlTemplate":"https:\/\/gregorydamy.niceavocats.fr\/es\/?s={search_term_string}"},"query-input":{"@type":"PropertyValueSpecification","valueRequired":true,"valueName":"search_term_string"}}],"inLanguage":"es"},{"@type":"Organization","@id":"https:\/\/gregorydamy.niceavocats.fr\/es\/#organization","name":"Soci\u00e9t\u00e9 d'Avocats DAMY","alternateName":"Gr\u00e9gory DAMY","url":"https:\/\/gregorydamy.niceavocats.fr\/es\/","logo":{"@type":"ImageObject","inLanguage":"es","@id":"https:\/\/gregorydamy.niceavocats.fr\/es\/#\/schema\/logo\/image\/","url":"https:\/\/gregorydamy.niceavocats.fr\/wp-content\/uploads\/2023\/04\/damylogo-1.png","contentUrl":"https:\/\/gregorydamy.niceavocats.fr\/wp-content\/uploads\/2023\/04\/damylogo-1.png","width":1890,"height":1417,"caption":"Soci\u00e9t\u00e9 d'Avocats DAMY"},"image":{"@id":"https:\/\/gregorydamy.niceavocats.fr\/es\/#\/schema\/logo\/image\/"},"sameAs":["https:\/\/www.facebook.com\/niceavocats.fr\/"]},{"@type":"Person","@id":"https:\/\/gregorydamy.niceavocats.fr\/es\/#\/schema\/person\/e040acb2856efaa1e114d0e7a92a3870","name":"Kevin","url":"https:\/\/gregorydamy.niceavocats.fr\/es\/author\/kevin\/"}]}},"_links":{"self":[{"href":"https:\/\/gregorydamy.niceavocats.fr\/es\/wp-json\/wp\/v2\/posts\/5343","targetHints":{"allow":["GET"]}}],"collection":[{"href":"https:\/\/gregorydamy.niceavocats.fr\/es\/wp-json\/wp\/v2\/posts"}],"about":[{"href":"https:\/\/gregorydamy.niceavocats.fr\/es\/wp-json\/wp\/v2\/types\/post"}],"author":[{"embeddable":true,"href":"https:\/\/gregorydamy.niceavocats.fr\/es\/wp-json\/wp\/v2\/users\/2"}],"replies":[{"embeddable":true,"href":"https:\/\/gregorydamy.niceavocats.fr\/es\/wp-json\/wp\/v2\/comments?post=5343"}],"version-history":[{"count":0,"href":"https:\/\/gregorydamy.niceavocats.fr\/es\/wp-json\/wp\/v2\/posts\/5343\/revisions"}],"wp:attachment":[{"href":"https:\/\/gregorydamy.niceavocats.fr\/es\/wp-json\/wp\/v2\/media?parent=5343"}],"wp:term":[{"taxonomy":"category","embeddable":true,"href":"https:\/\/gregorydamy.niceavocats.fr\/es\/wp-json\/wp\/v2\/categories?post=5343"},{"taxonomy":"post_tag","embeddable":true,"href":"https:\/\/gregorydamy.niceavocats.fr\/es\/wp-json\/wp\/v2\/tags?post=5343"}],"curies":[{"name":"wp","href":"https:\/\/api.w.org\/{rel}","templated":true}]}}