{"id":5183,"date":"2012-05-03T13:37:42","date_gmt":"2012-05-03T13:37:42","guid":{"rendered":"https:\/\/gregorydamy.niceavocats.fr\/?p=5183"},"modified":"2023-08-12T10:40:40","modified_gmt":"2023-08-12T10:40:40","slug":"proteccion-de-adultos","status":"publish","type":"post","link":"https:\/\/gregorydamy.niceavocats.fr\/es\/proteccion-de-adultos\/","title":{"rendered":"protecci\u00f3n de adultos"},"content":{"rendered":"<p>[et_pb_section fb_built=&#8221;1&#8243; admin_label=&#8221;section&#8221; _builder_version=&#8221;4.19.5&#8243; custom_margin=&#8221;||0px||false|false&#8221; custom_padding=&#8221;||0px||false|false&#8221; locked=&#8221;off&#8221; global_colors_info=&#8221;{}&#8221;][et_pb_row column_structure=&#8221;1_3,1_3,1_3&#8243; _builder_version=&#8221;4.19.5&#8243; _module_preset=&#8221;default&#8221; background_enable_mask_style=&#8221;on&#8221; background_mask_style=&#8221;wave&#8221; background_mask_color=&#8221;rgba(0,0,0,0.08)&#8221; custom_padding=&#8221;||6px|||&#8221; locked=&#8221;off&#8221; global_colors_info=&#8221;{}&#8221;][et_pb_column type=&#8221;1_3&#8243; _builder_version=&#8221;4.19.5&#8243; _module_preset=&#8221;default&#8221; global_colors_info=&#8221;{}&#8221;][\/et_pb_column][et_pb_column type=&#8221;1_3&#8243; _builder_version=&#8221;4.19.5&#8243; _module_preset=&#8221;default&#8221; global_colors_info=&#8221;{}&#8221;][\/et_pb_column][et_pb_column type=&#8221;1_3&#8243; _builder_version=&#8221;4.19.5&#8243; _module_preset=&#8221;default&#8221; global_colors_info=&#8221;{}&#8221;][et_pb_circle_counter title=&#8221;Tiempo estimado de lectura (en minutos)&#8221; number=&#8221;2&#8243; percent_sign=&#8221;off&#8221; _builder_version=&#8221;4.20.2&#8243; _module_preset=&#8221;default&#8221; title_font=&#8221;Amiri||||||||&#8221; max_width=&#8221;137px&#8221; global_colors_info=&#8221;{}&#8221;][\/et_pb_circle_counter][\/et_pb_column][\/et_pb_row][et_pb_row _builder_version=&#8221;4.19.5&#8243; _module_preset=&#8221;default&#8221; custom_margin=&#8221;||0px||false|false&#8221; custom_padding=&#8221;||0px||false|false&#8221; global_colors_info=&#8221;{}&#8221;][et_pb_column type=&#8221;4_4&#8243; _builder_version=&#8221;4.19.5&#8243; _module_preset=&#8221;default&#8221; global_colors_info=&#8221;{}&#8221;][et_pb_divider _builder_version=&#8221;4.19.5&#8243; _module_preset=&#8221;default&#8221; global_colors_info=&#8221;{}&#8221;][\/et_pb_divider][\/et_pb_column][\/et_pb_row][et_pb_row admin_label=&#8221;row&#8221; _builder_version=&#8221;4.16&#8243; background_size=&#8221;initial&#8221; background_position=&#8221;top_left&#8221; background_repeat=&#8221;repeat&#8221; global_colors_info=&#8221;{}&#8221;][et_pb_column type=&#8221;4_4&#8243; _builder_version=&#8221;4.16&#8243; custom_padding=&#8221;|||&#8221; global_colors_info=&#8221;{}&#8221; custom_padding__hover=&#8221;|||&#8221;][et_pb_image src=&#8221;https:\/\/gregorydamy.niceavocats.fr\/wp-content\/uploads\/2012\/05\/adult-protection-policy.jpg&#8221; title_text=&#8221;adult-protection-policy&#8221; _builder_version=&#8221;4.21.0&#8243; _module_preset=&#8221;default&#8221; global_colors_info=&#8221;{}&#8221;][\/et_pb_image][et_pb_text admin_label=&#8221;Text&#8221; _builder_version=&#8221;4.21.0&#8243; text_font=&#8221;Amiri||||||||&#8221; header_2_font=&#8221;Amiri||||||||&#8221; header_3_font=&#8221;Amiri||||||||&#8221; background_size=&#8221;initial&#8221; background_position=&#8221;top_left&#8221; background_repeat=&#8221;repeat&#8221; hover_enabled=&#8221;0&#8243; global_colors_info=&#8221;{}&#8221; sticky_enabled=&#8221;0&#8243;]<\/p>\n<div class=\"entry-content\">\n<p><span>La\u00a0<\/span><a href=\"https:\/\/www.service-public.fr\/particuliers\/vosdroits\/N155\"><span>medida de protecci\u00f3n de los\u00a0\u00a0<\/span><\/a><a href=\"https:\/\/www.service-public.fr\/particuliers\/vosdroits\/N155\"><span>adultos<\/span><\/a><span>\u00a0\u00a0se refiere a las personas con una deficiencia de sus facultades f\u00edsicas o ps\u00edquicas lo suficientemente grave como para impedirles expresar su consentimiento.\u00a0Es el juez de tutela quien\u00a0\u00a0<\/span><span>decide\u00a0<\/span><span>\u00a0sobre la medida adecuada.<\/span><\/p>\n<h2><span>\u00bfQui\u00e9n est\u00e1 preocupado?<\/span><\/h2>\n<p><span>La apertura de una medida de protecci\u00f3n se refiere a un adulto que sufre una alteraci\u00f3n de sus capacidades f\u00edsicas o ps\u00edquicas que le impide expresar plenamente su voluntad.<\/span><\/p>\n<h2><span>\u00bfQui\u00e9n puede solicitarlo?<\/span><\/h2>\n<p><span>Esta solicitud de protecci\u00f3n puede ser solicitada por la propia persona.\u00a0Tambi\u00e9n puede provenir del c\u00f3nyuge (c\u00f3nyuge, pareja de hecho o conviviente que vive bajo el mismo techo), o de cualquier persona interesada: familiares, vecino, notario, etc.\u00a0El Ministerio Fiscal tambi\u00e9n puede hacer esta solicitud de oficio, o a instancia de parte. informe de un tercero: m\u00e9dico, trabajador social, etc.<\/span><\/p>\n<h2><span>\u00bfC\u00f3mo solicitarlo?<\/span><\/h2>\n<p><span>La solicitud de apertura de una medida cautelar se realiza en forma de petitorio.\u00a0El solicitante retira un expediente del registro de tutela del tribunal de distrito del lugar de residencia de la persona a proteger, y el registro le comunica la lista de expertos m\u00e9dicos establecida por el fiscal.\u00a0Todas las solicitudes deben ir acompa\u00f1adas de un certificado m\u00e9dico que determine el grado de deterioro de las facultades mentales o f\u00edsicas.<\/span><\/p>\n<h2><span>La audiencia<\/span><\/h2>\n<p><span>Despu\u00e9s de recibir el expediente, el juez de tutela escucha a la persona a proteger y al o los solicitantes.\u00a0La audiencia tiene lugar en el despacho del juez o en el domicilio de la persona a proteger, si \u00e9sta no puede moverse.\u00a0Cuando fuere imposible la audiencia de la persona a proteger, el juez de tutela estar\u00e1 tanto m\u00e1s atento a la opini\u00f3n de su entorno.<\/span><\/p>\n<h2><span>La decisi\u00f3n del juez de tutela<\/span><\/h2>\n<p><span>La audiencia permite al juez de tutela determinar la medida de protecci\u00f3n que necesita la persona.\u00a0Esta puede ser la protecci\u00f3n mediante el nombramiento de un tutor de la persona, la protecci\u00f3n de los bienes propios mediante la curadur\u00eda o ambas a la vez.\u00a0Se elige la curatela cuando la persona s\u00f3lo necesita simple asistencia, y la tutela cuando es necesario para que se le represente en los actos de la vida civil.\u00a0La medida de protecci\u00f3n no puede exceder de 5 a\u00f1os y puede levantarse si se demuestra una mejora en el estado de salud mediante un certificado m\u00e9dico.<\/span><\/p>\n<h2><span>Ejercer la medida de protecci\u00f3n<\/span><\/h2>\n<p><span>El juez de tutela determina qui\u00e9n ejerce la medida.\u00a0El mandatario puede ser el ayudante designado por la propia persona, un miembro de su familia o de su condici\u00f3n social.\u00a0<\/span><span class=\"\"><span>De hecho, son las mismas personas que solicitan la medida de protecci\u00f3n.\u00a0<\/span><\/span><span>En su defecto, se designa un apoderado profesional.\u00a0El juez podr\u00e1 elegir varios mandatarios: uno para ejercer la protecci\u00f3n de la persona y otro para velar por la direcci\u00f3n y administraci\u00f3n de sus bienes y recursos.<\/span><br \/><a href=\"https:\/\/gregorydamy.niceavocats.fr\/\"><span>Soci\u00e9t\u00e9 d&#8217;Avocats DAMY<\/span><\/a><span>\u00a0, Niza, \u00bfC\u00f3mo solicitar la protecci\u00f3n de un adulto?\u00a02021<\/span><\/p>\n<\/div>\n<p>[\/et_pb_text][\/et_pb_column][\/et_pb_row][et_pb_row _builder_version=&#8221;4.19.5&#8243; _module_preset=&#8221;default&#8221; custom_margin=&#8221;||0px||false|false&#8221; custom_padding=&#8221;||0px||false|false&#8221; global_colors_info=&#8221;{}&#8221;][et_pb_column type=&#8221;4_4&#8243; _builder_version=&#8221;4.19.5&#8243; _module_preset=&#8221;default&#8221; global_colors_info=&#8221;{}&#8221;][et_pb_divider _builder_version=&#8221;4.19.5&#8243; _module_preset=&#8221;default&#8221; global_colors_info=&#8221;{}&#8221;][\/et_pb_divider][\/et_pb_column][\/et_pb_row][\/et_pb_section]<\/p>\n","protected":false},"excerpt":{"rendered":"<p>La\u00a0medida de protecci\u00f3n de los\u00a0\u00a0adultos\u00a0\u00a0se refiere a las personas con una deficiencia de sus facultades f\u00edsicas o ps\u00edquicas lo suficientemente grave como para impedirles expresar su consentimiento.\u00a0Es el juez de tutela quien\u00a0\u00a0decide\u00a0\u00a0sobre la medida adecuada. \u00bfQui\u00e9n est\u00e1 preocupado? La apertura de una medida de protecci\u00f3n se refiere a un adulto que sufre una alteraci\u00f3n de [&hellip;]<\/p>\n","protected":false},"author":2,"featured_media":0,"comment_status":"open","ping_status":"open","sticky":false,"template":"","format":"standard","meta":{"_et_pb_use_builder":"on","_et_pb_old_content":"","_et_gb_content_width":"","footnotes":""},"categories":[330],"tags":[],"class_list":["post-5183","post","type-post","status-publish","format-standard","hentry","category-derecho-penal"],"yoast_head":"<!-- This site is optimized with the Yoast SEO plugin v26.8 - https:\/\/yoast.com\/product\/yoast-seo-wordpress\/ -->\n<title>protecci\u00f3n de adultos - Soci\u00e9t\u00e9 d&#039;avocats Damy<\/title>\n<meta name=\"description\" content=\"protecci\u00f3n de adultos La medida de protecci\u00f3n de los adultos se refiere a las personas que sufran una deficiencia de sus facultades f\u00edsicas\" \/>\n<meta name=\"robots\" content=\"index, follow, max-snippet:-1, max-image-preview:large, max-video-preview:-1\" \/>\n<link rel=\"canonical\" href=\"https:\/\/gregorydamy.niceavocats.fr\/es\/proteccion-de-adultos\/\" \/>\n<meta property=\"og:locale\" content=\"es_ES\" \/>\n<meta property=\"og:type\" content=\"article\" \/>\n<meta property=\"og:title\" content=\"protecci\u00f3n de adultos - Soci\u00e9t\u00e9 d&#039;avocats Damy\" \/>\n<meta property=\"og:description\" content=\"protecci\u00f3n de adultos La medida de protecci\u00f3n de los adultos se refiere a las personas que sufran una deficiencia de sus facultades f\u00edsicas\" \/>\n<meta property=\"og:url\" content=\"https:\/\/gregorydamy.niceavocats.fr\/es\/proteccion-de-adultos\/\" \/>\n<meta property=\"og:site_name\" content=\"Soci\u00e9t\u00e9 d&#039;avocats Damy\" \/>\n<meta property=\"article:publisher\" content=\"https:\/\/www.facebook.com\/niceavocats.fr\/\" \/>\n<meta property=\"article:published_time\" content=\"2012-05-03T13:37:42+00:00\" \/>\n<meta property=\"article:modified_time\" content=\"2023-08-12T10:40:40+00:00\" \/>\n<meta name=\"author\" content=\"Kevin\" \/>\n<meta name=\"twitter:card\" content=\"summary_large_image\" \/>\n<meta name=\"twitter:label1\" content=\"Escrito por\" \/>\n\t<meta name=\"twitter:data1\" content=\"Kevin\" \/>\n\t<meta name=\"twitter:label2\" content=\"Tiempo de lectura\" \/>\n\t<meta name=\"twitter:data2\" content=\"3 minutos\" \/>\n<script type=\"application\/ld+json\" class=\"yoast-schema-graph\">{\"@context\":\"https:\/\/schema.org\",\"@graph\":[{\"@type\":\"Article\",\"@id\":\"https:\/\/gregorydamy.niceavocats.fr\/es\/proteccion-de-adultos\/#article\",\"isPartOf\":{\"@id\":\"https:\/\/gregorydamy.niceavocats.fr\/es\/proteccion-de-adultos\/\"},\"author\":{\"name\":\"Kevin\",\"@id\":\"https:\/\/gregorydamy.niceavocats.fr\/es\/#\/schema\/person\/e040acb2856efaa1e114d0e7a92a3870\"},\"headline\":\"protecci\u00f3n de adultos\",\"datePublished\":\"2012-05-03T13:37:42+00:00\",\"dateModified\":\"2023-08-12T10:40:40+00:00\",\"mainEntityOfPage\":{\"@id\":\"https:\/\/gregorydamy.niceavocats.fr\/es\/proteccion-de-adultos\/\"},\"wordCount\":875,\"commentCount\":0,\"publisher\":{\"@id\":\"https:\/\/gregorydamy.niceavocats.fr\/es\/#organization\"},\"articleSection\":[\"Derecho penal\"],\"inLanguage\":\"es\",\"potentialAction\":[{\"@type\":\"CommentAction\",\"name\":\"Comment\",\"target\":[\"https:\/\/gregorydamy.niceavocats.fr\/es\/proteccion-de-adultos\/#respond\"]}]},{\"@type\":\"WebPage\",\"@id\":\"https:\/\/gregorydamy.niceavocats.fr\/es\/proteccion-de-adultos\/\",\"url\":\"https:\/\/gregorydamy.niceavocats.fr\/es\/proteccion-de-adultos\/\",\"name\":\"protecci\u00f3n de adultos - Soci\u00e9t\u00e9 d&#039;avocats Damy\",\"isPartOf\":{\"@id\":\"https:\/\/gregorydamy.niceavocats.fr\/es\/#website\"},\"datePublished\":\"2012-05-03T13:37:42+00:00\",\"dateModified\":\"2023-08-12T10:40:40+00:00\",\"description\":\"protecci\u00f3n de adultos La medida de protecci\u00f3n de los adultos se refiere a las personas que sufran una deficiencia de sus facultades f\u00edsicas\",\"breadcrumb\":{\"@id\":\"https:\/\/gregorydamy.niceavocats.fr\/es\/proteccion-de-adultos\/#breadcrumb\"},\"inLanguage\":\"es\",\"potentialAction\":[{\"@type\":\"ReadAction\",\"target\":[\"https:\/\/gregorydamy.niceavocats.fr\/es\/proteccion-de-adultos\/\"]}]},{\"@type\":\"BreadcrumbList\",\"@id\":\"https:\/\/gregorydamy.niceavocats.fr\/es\/proteccion-de-adultos\/#breadcrumb\",\"itemListElement\":[{\"@type\":\"ListItem\",\"position\":1,\"name\":\"Accueil\",\"item\":\"https:\/\/gregorydamy.niceavocats.fr\/es\/\"},{\"@type\":\"ListItem\",\"position\":2,\"name\":\"protecci\u00f3n de adultos\"}]},{\"@type\":\"WebSite\",\"@id\":\"https:\/\/gregorydamy.niceavocats.fr\/es\/#website\",\"url\":\"https:\/\/gregorydamy.niceavocats.fr\/es\/\",\"name\":\"Soci\u00e9t\u00e9 d&#039;avocats Damy\",\"description\":\"Justice - Confiance - Efficacit\u00e9\",\"publisher\":{\"@id\":\"https:\/\/gregorydamy.niceavocats.fr\/es\/#organization\"},\"potentialAction\":[{\"@type\":\"SearchAction\",\"target\":{\"@type\":\"EntryPoint\",\"urlTemplate\":\"https:\/\/gregorydamy.niceavocats.fr\/es\/?s={search_term_string}\"},\"query-input\":{\"@type\":\"PropertyValueSpecification\",\"valueRequired\":true,\"valueName\":\"search_term_string\"}}],\"inLanguage\":\"es\"},{\"@type\":\"Organization\",\"@id\":\"https:\/\/gregorydamy.niceavocats.fr\/es\/#organization\",\"name\":\"Soci\u00e9t\u00e9 d'Avocats DAMY\",\"alternateName\":\"Gr\u00e9gory DAMY\",\"url\":\"https:\/\/gregorydamy.niceavocats.fr\/es\/\",\"logo\":{\"@type\":\"ImageObject\",\"inLanguage\":\"es\",\"@id\":\"https:\/\/gregorydamy.niceavocats.fr\/es\/#\/schema\/logo\/image\/\",\"url\":\"https:\/\/gregorydamy.niceavocats.fr\/wp-content\/uploads\/2023\/04\/damylogo-1.png\",\"contentUrl\":\"https:\/\/gregorydamy.niceavocats.fr\/wp-content\/uploads\/2023\/04\/damylogo-1.png\",\"width\":1890,\"height\":1417,\"caption\":\"Soci\u00e9t\u00e9 d'Avocats DAMY\"},\"image\":{\"@id\":\"https:\/\/gregorydamy.niceavocats.fr\/es\/#\/schema\/logo\/image\/\"},\"sameAs\":[\"https:\/\/www.facebook.com\/niceavocats.fr\/\"]},{\"@type\":\"Person\",\"@id\":\"https:\/\/gregorydamy.niceavocats.fr\/es\/#\/schema\/person\/e040acb2856efaa1e114d0e7a92a3870\",\"name\":\"Kevin\",\"url\":\"https:\/\/gregorydamy.niceavocats.fr\/es\/author\/kevin\/\"}]}<\/script>\n<!-- \/ Yoast SEO plugin. -->","yoast_head_json":{"title":"protecci\u00f3n de adultos - Soci\u00e9t\u00e9 d&#039;avocats Damy","description":"protecci\u00f3n de adultos La medida de protecci\u00f3n de los adultos se refiere a las personas que sufran una deficiencia de sus facultades f\u00edsicas","robots":{"index":"index","follow":"follow","max-snippet":"max-snippet:-1","max-image-preview":"max-image-preview:large","max-video-preview":"max-video-preview:-1"},"canonical":"https:\/\/gregorydamy.niceavocats.fr\/es\/proteccion-de-adultos\/","og_locale":"es_ES","og_type":"article","og_title":"protecci\u00f3n de adultos - Soci\u00e9t\u00e9 d&#039;avocats Damy","og_description":"protecci\u00f3n de adultos La medida de protecci\u00f3n de los adultos se refiere a las personas que sufran una deficiencia de sus facultades f\u00edsicas","og_url":"https:\/\/gregorydamy.niceavocats.fr\/es\/proteccion-de-adultos\/","og_site_name":"Soci\u00e9t\u00e9 d&#039;avocats Damy","article_publisher":"https:\/\/www.facebook.com\/niceavocats.fr\/","article_published_time":"2012-05-03T13:37:42+00:00","article_modified_time":"2023-08-12T10:40:40+00:00","author":"Kevin","twitter_card":"summary_large_image","twitter_misc":{"Escrito por":"Kevin","Tiempo de lectura":"3 minutos"},"schema":{"@context":"https:\/\/schema.org","@graph":[{"@type":"Article","@id":"https:\/\/gregorydamy.niceavocats.fr\/es\/proteccion-de-adultos\/#article","isPartOf":{"@id":"https:\/\/gregorydamy.niceavocats.fr\/es\/proteccion-de-adultos\/"},"author":{"name":"Kevin","@id":"https:\/\/gregorydamy.niceavocats.fr\/es\/#\/schema\/person\/e040acb2856efaa1e114d0e7a92a3870"},"headline":"protecci\u00f3n de adultos","datePublished":"2012-05-03T13:37:42+00:00","dateModified":"2023-08-12T10:40:40+00:00","mainEntityOfPage":{"@id":"https:\/\/gregorydamy.niceavocats.fr\/es\/proteccion-de-adultos\/"},"wordCount":875,"commentCount":0,"publisher":{"@id":"https:\/\/gregorydamy.niceavocats.fr\/es\/#organization"},"articleSection":["Derecho penal"],"inLanguage":"es","potentialAction":[{"@type":"CommentAction","name":"Comment","target":["https:\/\/gregorydamy.niceavocats.fr\/es\/proteccion-de-adultos\/#respond"]}]},{"@type":"WebPage","@id":"https:\/\/gregorydamy.niceavocats.fr\/es\/proteccion-de-adultos\/","url":"https:\/\/gregorydamy.niceavocats.fr\/es\/proteccion-de-adultos\/","name":"protecci\u00f3n de adultos - Soci\u00e9t\u00e9 d&#039;avocats Damy","isPartOf":{"@id":"https:\/\/gregorydamy.niceavocats.fr\/es\/#website"},"datePublished":"2012-05-03T13:37:42+00:00","dateModified":"2023-08-12T10:40:40+00:00","description":"protecci\u00f3n de adultos La medida de protecci\u00f3n de los adultos se refiere a las personas que sufran una deficiencia de sus facultades f\u00edsicas","breadcrumb":{"@id":"https:\/\/gregorydamy.niceavocats.fr\/es\/proteccion-de-adultos\/#breadcrumb"},"inLanguage":"es","potentialAction":[{"@type":"ReadAction","target":["https:\/\/gregorydamy.niceavocats.fr\/es\/proteccion-de-adultos\/"]}]},{"@type":"BreadcrumbList","@id":"https:\/\/gregorydamy.niceavocats.fr\/es\/proteccion-de-adultos\/#breadcrumb","itemListElement":[{"@type":"ListItem","position":1,"name":"Accueil","item":"https:\/\/gregorydamy.niceavocats.fr\/es\/"},{"@type":"ListItem","position":2,"name":"protecci\u00f3n de adultos"}]},{"@type":"WebSite","@id":"https:\/\/gregorydamy.niceavocats.fr\/es\/#website","url":"https:\/\/gregorydamy.niceavocats.fr\/es\/","name":"Soci\u00e9t\u00e9 d&#039;avocats Damy","description":"Justice - Confiance - Efficacit\u00e9","publisher":{"@id":"https:\/\/gregorydamy.niceavocats.fr\/es\/#organization"},"potentialAction":[{"@type":"SearchAction","target":{"@type":"EntryPoint","urlTemplate":"https:\/\/gregorydamy.niceavocats.fr\/es\/?s={search_term_string}"},"query-input":{"@type":"PropertyValueSpecification","valueRequired":true,"valueName":"search_term_string"}}],"inLanguage":"es"},{"@type":"Organization","@id":"https:\/\/gregorydamy.niceavocats.fr\/es\/#organization","name":"Soci\u00e9t\u00e9 d'Avocats DAMY","alternateName":"Gr\u00e9gory DAMY","url":"https:\/\/gregorydamy.niceavocats.fr\/es\/","logo":{"@type":"ImageObject","inLanguage":"es","@id":"https:\/\/gregorydamy.niceavocats.fr\/es\/#\/schema\/logo\/image\/","url":"https:\/\/gregorydamy.niceavocats.fr\/wp-content\/uploads\/2023\/04\/damylogo-1.png","contentUrl":"https:\/\/gregorydamy.niceavocats.fr\/wp-content\/uploads\/2023\/04\/damylogo-1.png","width":1890,"height":1417,"caption":"Soci\u00e9t\u00e9 d'Avocats DAMY"},"image":{"@id":"https:\/\/gregorydamy.niceavocats.fr\/es\/#\/schema\/logo\/image\/"},"sameAs":["https:\/\/www.facebook.com\/niceavocats.fr\/"]},{"@type":"Person","@id":"https:\/\/gregorydamy.niceavocats.fr\/es\/#\/schema\/person\/e040acb2856efaa1e114d0e7a92a3870","name":"Kevin","url":"https:\/\/gregorydamy.niceavocats.fr\/es\/author\/kevin\/"}]}},"_links":{"self":[{"href":"https:\/\/gregorydamy.niceavocats.fr\/es\/wp-json\/wp\/v2\/posts\/5183","targetHints":{"allow":["GET"]}}],"collection":[{"href":"https:\/\/gregorydamy.niceavocats.fr\/es\/wp-json\/wp\/v2\/posts"}],"about":[{"href":"https:\/\/gregorydamy.niceavocats.fr\/es\/wp-json\/wp\/v2\/types\/post"}],"author":[{"embeddable":true,"href":"https:\/\/gregorydamy.niceavocats.fr\/es\/wp-json\/wp\/v2\/users\/2"}],"replies":[{"embeddable":true,"href":"https:\/\/gregorydamy.niceavocats.fr\/es\/wp-json\/wp\/v2\/comments?post=5183"}],"version-history":[{"count":0,"href":"https:\/\/gregorydamy.niceavocats.fr\/es\/wp-json\/wp\/v2\/posts\/5183\/revisions"}],"wp:attachment":[{"href":"https:\/\/gregorydamy.niceavocats.fr\/es\/wp-json\/wp\/v2\/media?parent=5183"}],"wp:term":[{"taxonomy":"category","embeddable":true,"href":"https:\/\/gregorydamy.niceavocats.fr\/es\/wp-json\/wp\/v2\/categories?post=5183"},{"taxonomy":"post_tag","embeddable":true,"href":"https:\/\/gregorydamy.niceavocats.fr\/es\/wp-json\/wp\/v2\/tags?post=5183"}],"curies":[{"name":"wp","href":"https:\/\/api.w.org\/{rel}","templated":true}]}}