{"id":5067,"date":"2012-05-04T10:18:43","date_gmt":"2012-05-04T10:18:43","guid":{"rendered":"https:\/\/gregorydamy.niceavocats.fr\/?p=5067"},"modified":"2023-08-26T07:14:25","modified_gmt":"2023-08-26T07:14:25","slug":"que-contrato-matrimonial-elegir","status":"publish","type":"post","link":"https:\/\/gregorydamy.niceavocats.fr\/es\/que-contrato-matrimonial-elegir\/","title":{"rendered":"\u00bfQu\u00e9 contrato matrimonial elegir?"},"content":{"rendered":"<p>[et_pb_section fb_built=&#8221;1&#8243; admin_label=&#8221;section&#8221; _builder_version=&#8221;4.19.5&#8243; custom_margin=&#8221;||0px||false|false&#8221; custom_padding=&#8221;||0px||false|false&#8221; locked=&#8221;off&#8221; global_colors_info=&#8221;{}&#8221;][et_pb_row column_structure=&#8221;1_3,1_3,1_3&#8243; _builder_version=&#8221;4.19.5&#8243; _module_preset=&#8221;default&#8221; background_enable_mask_style=&#8221;on&#8221; background_mask_style=&#8221;wave&#8221; background_mask_color=&#8221;rgba(0,0,0,0.08)&#8221; custom_padding=&#8221;||6px|||&#8221; locked=&#8221;off&#8221; global_colors_info=&#8221;{}&#8221;][et_pb_column type=&#8221;1_3&#8243; _builder_version=&#8221;4.19.5&#8243; _module_preset=&#8221;default&#8221; global_colors_info=&#8221;{}&#8221;][\/et_pb_column][et_pb_column type=&#8221;1_3&#8243; _builder_version=&#8221;4.19.5&#8243; _module_preset=&#8221;default&#8221; global_colors_info=&#8221;{}&#8221;][\/et_pb_column][et_pb_column type=&#8221;1_3&#8243; _builder_version=&#8221;4.19.5&#8243; _module_preset=&#8221;default&#8221; global_colors_info=&#8221;{}&#8221;][et_pb_circle_counter title=&#8221;Tiempo estimado de lectura (en minutos)&#8221; number=&#8221;2&#8243; percent_sign=&#8221;off&#8221; _builder_version=&#8221;4.20.2&#8243; _module_preset=&#8221;default&#8221; title_font=&#8221;Amiri||||||||&#8221; max_width=&#8221;137px&#8221; global_colors_info=&#8221;{}&#8221;][\/et_pb_circle_counter][\/et_pb_column][\/et_pb_row][et_pb_row _builder_version=&#8221;4.19.5&#8243; _module_preset=&#8221;default&#8221; custom_margin=&#8221;||0px||false|false&#8221; custom_padding=&#8221;||0px||false|false&#8221; global_colors_info=&#8221;{}&#8221;][et_pb_column type=&#8221;4_4&#8243; _builder_version=&#8221;4.19.5&#8243; _module_preset=&#8221;default&#8221; global_colors_info=&#8221;{}&#8221;][et_pb_divider _builder_version=&#8221;4.19.5&#8243; _module_preset=&#8221;default&#8221; global_colors_info=&#8221;{}&#8221;][\/et_pb_divider][\/et_pb_column][\/et_pb_row][et_pb_row admin_label=&#8221;row&#8221; _builder_version=&#8221;4.16&#8243; background_size=&#8221;initial&#8221; background_position=&#8221;top_left&#8221; background_repeat=&#8221;repeat&#8221; global_colors_info=&#8221;{}&#8221;][et_pb_column type=&#8221;4_4&#8243; _builder_version=&#8221;4.16&#8243; custom_padding=&#8221;|||&#8221; global_colors_info=&#8221;{}&#8221; custom_padding__hover=&#8221;|||&#8221;][et_pb_image src=&#8221;https:\/\/gregorydamy.niceavocats.fr\/wp-content\/uploads\/2023\/08\/alliances-1619392_1280-2.jpg&#8221; title_text=&#8221;alliances-1619392_1280-2&#8243; _builder_version=&#8221;4.21.0&#8243; _module_preset=&#8221;default&#8221; hover_enabled=&#8221;0&#8243; global_colors_info=&#8221;{}&#8221; sticky_enabled=&#8221;0&#8243;][\/et_pb_image][et_pb_text admin_label=&#8221;Text&#8221; _builder_version=&#8221;4.21.0&#8243; text_font=&#8221;Amiri||||||||&#8221; header_2_font=&#8221;Amiri||||||||&#8221; header_3_font=&#8221;Amiri||||||||&#8221; background_size=&#8221;initial&#8221; background_position=&#8221;top_left&#8221; background_repeat=&#8221;repeat&#8221; hover_enabled=&#8221;0&#8243; global_colors_info=&#8221;{}&#8221; sticky_enabled=&#8221;0&#8243;]<\/p>\n<div class=\"entry-content\">\n<p><span><span class=\"\">El\u00a0<\/span><\/span><a href=\"https:\/\/www.service-public.fr\/particuliers\/vosdroits\/F948\"><span><span class=\"\">contrato matrimonial<\/span><\/span><\/a><span><span class=\"\">\u00a0tiene\u00a0 por objeto\u00a0<\/span><\/span><span><span class=\"\">organizar\u00a0<\/span><\/span><span><span class=\"\">\u00a0el marco econ\u00f3mico y patrimonial de cada uno de los c\u00f3nyuges.\u00a0<\/span>La elecci\u00f3n del tipo de contrato se realiza seg\u00fan la visi\u00f3n que tiene la pareja sobre la divisi\u00f3n de bienes: separar todo, compartir todo o un poco de ambos.\u00a0\u00bfCu\u00e1les son las ventajas y desventajas de cada contrato?<\/span><\/p>\n<h2><span>\u00bfPara qu\u00e9 sirve el contrato matrimonial?<\/span><\/h2>\n<p><span>Cuando una pareja se casa sin establecer un\u00a0\u00a0<\/span><span>contrato matrimonial\u00a0<\/span><span>\u00a0, se aplica el contrato legal.\u00a0Es decir la comunidad reducida a adquisiciones.\u00a0Este contrato puede no ser adecuado para los c\u00f3nyuges que podr\u00edan desear entonces otro r\u00e9gimen matrimonial.\u00a0Muy a menudo, el establecimiento de un contrato matrimonial se realiza cuando uno de los c\u00f3nyuges es mucho m\u00e1s rico que el otro, o cuando un c\u00f3nyuge quiere facilitar la transmisi\u00f3n de sus bienes a su c\u00f3nyuge en caso de fallecimiento de \u00e9ste.\u00a0-este.\u00a0.<\/span><\/p>\n<h2><span>Si queremos compartir todos los bienes<\/span><\/h2>\n<p><span>Si los c\u00f3nyuges quieren compartirlo todo, el contrato es el de comunidad universal.\u00a0Todos los bienes de cada uno de los c\u00f3nyuges adquiridos antes y despu\u00e9s del matrimonio o los bienes recibidos en herencia o donaci\u00f3n, pertenecen de facto a los c\u00f3nyuges.\u00a0Los c\u00f3nyuges tambi\u00e9n son responsables de todas las deudas que hayan contra\u00eddo conjunta o individualmente.<\/span><br \/><span>A menudo son las personas mayores las que optan por este contrato para evitar que se abra su sucesi\u00f3n tras el fallecimiento del primero de ellos.<\/span><\/p>\n<h2><span>Si queremos separar los bienes<\/span><\/h2>\n<p><span>Se trata entonces del r\u00e9gimen de separaci\u00f3n de bienes.\u00a0Cada c\u00f3nyuge conserva lo que le pertenec\u00eda antes del matrimonio y lo que adquirir\u00e1 durante el matrimonio.\u00a0<\/span><span class=\"VIpgJd-yAWNEb-VIpgJd-fmcmS-sn54Q\"><span>Se considerar\u00e1n comunes los bienes corrientes adquiridos durante el matrimonio y de los cuales ninguno de los c\u00f3nyuges pueda acreditar que es \u00fanico propietario.<\/span><\/span><br \/><span>En cuanto a las deudas, cada uno responder\u00e1 de las que le corresponden, sin que los acreedores puedan demandar a su c\u00f3nyuge sobre los bienes que s\u00f3lo le pertenecen.<\/span><\/p>\n<h2><span>Compartir pero tambi\u00e9n separar la propiedad<\/span><\/h2>\n<p><span>Es participaci\u00f3n en adquisiciones.\u00a0Operamos, durante el matrimonio, como en una situaci\u00f3n de separaci\u00f3n de bienes.\u00a0Pero en caso de disoluci\u00f3n del matrimonio, el fruto del enriquecimiento com\u00fan se reparte por igual.\u00a0Este tipo de contrato es poco utilizado porque es dif\u00edcil de implementar.<\/span><br \/><a href=\"https:\/\/gregorydamy.niceavocats.fr\/\"><span>Bufete de abogados DAMY<\/span><\/a><span>\u00a0, Niza, \u00bfQu\u00e9 contrato matrimonial elegir?\u00a02022<\/span><\/p>\n<\/div>\n<p>[\/et_pb_text][\/et_pb_column][\/et_pb_row][et_pb_row _builder_version=&#8221;4.19.5&#8243; _module_preset=&#8221;default&#8221; custom_margin=&#8221;||0px||false|false&#8221; custom_padding=&#8221;||0px||false|false&#8221; global_colors_info=&#8221;{}&#8221;][et_pb_column type=&#8221;4_4&#8243; _builder_version=&#8221;4.19.5&#8243; _module_preset=&#8221;default&#8221; global_colors_info=&#8221;{}&#8221;][et_pb_divider _builder_version=&#8221;4.19.5&#8243; _module_preset=&#8221;default&#8221; global_colors_info=&#8221;{}&#8221;][\/et_pb_divider][\/et_pb_column][\/et_pb_row][\/et_pb_section]<\/p>\n","protected":false},"excerpt":{"rendered":"<p>El\u00a0contrato matrimonial\u00a0tiene\u00a0 por objeto\u00a0organizar\u00a0\u00a0el marco econ\u00f3mico y patrimonial de cada uno de los c\u00f3nyuges.\u00a0La elecci\u00f3n del tipo de contrato se realiza seg\u00fan la visi\u00f3n que tiene la pareja sobre la divisi\u00f3n de bienes: separar todo, compartir todo o un poco de ambos.\u00a0\u00bfCu\u00e1les son las ventajas y desventajas de cada contrato? \u00bfPara qu\u00e9 sirve el contrato [&hellip;]<\/p>\n","protected":false},"author":2,"featured_media":0,"comment_status":"open","ping_status":"open","sticky":false,"template":"","format":"standard","meta":{"_et_pb_use_builder":"on","_et_pb_old_content":"","_et_gb_content_width":"","footnotes":""},"categories":[322],"tags":[],"class_list":["post-5067","post","type-post","status-publish","format-standard","hentry","category-derecho-contractual"],"yoast_head":"<!-- This site is optimized with the Yoast SEO plugin v26.8 - https:\/\/yoast.com\/product\/yoast-seo-wordpress\/ -->\n<title>\u00bfQu\u00e9 contrato matrimonial elegir? - Soci\u00e9t\u00e9 d&#039;avocats Damy<\/title>\n<meta name=\"description\" content=\"\u00bfQu\u00e9 contrato matrimonial elegir? El contrato matrimonial tiene por objeto organizar el marco econ\u00f3mico y patrimonial de cada\" \/>\n<meta name=\"robots\" content=\"index, follow, max-snippet:-1, max-image-preview:large, max-video-preview:-1\" \/>\n<link rel=\"canonical\" href=\"https:\/\/gregorydamy.niceavocats.fr\/es\/que-contrato-matrimonial-elegir\/\" \/>\n<meta property=\"og:locale\" content=\"es_ES\" \/>\n<meta property=\"og:type\" content=\"article\" \/>\n<meta property=\"og:title\" content=\"\u00bfQu\u00e9 contrato matrimonial elegir? - Soci\u00e9t\u00e9 d&#039;avocats Damy\" \/>\n<meta property=\"og:description\" content=\"\u00bfQu\u00e9 contrato matrimonial elegir? El contrato matrimonial tiene por objeto organizar el marco econ\u00f3mico y patrimonial de cada\" \/>\n<meta property=\"og:url\" content=\"https:\/\/gregorydamy.niceavocats.fr\/es\/que-contrato-matrimonial-elegir\/\" \/>\n<meta property=\"og:site_name\" content=\"Soci\u00e9t\u00e9 d&#039;avocats Damy\" \/>\n<meta property=\"article:publisher\" content=\"https:\/\/www.facebook.com\/niceavocats.fr\/\" \/>\n<meta property=\"article:published_time\" content=\"2012-05-04T10:18:43+00:00\" \/>\n<meta property=\"article:modified_time\" content=\"2023-08-26T07:14:25+00:00\" \/>\n<meta name=\"author\" content=\"Kevin\" \/>\n<meta name=\"twitter:card\" content=\"summary_large_image\" \/>\n<meta name=\"twitter:label1\" content=\"Escrito por\" \/>\n\t<meta name=\"twitter:data1\" content=\"Kevin\" \/>\n\t<meta name=\"twitter:label2\" content=\"Tiempo de lectura\" \/>\n\t<meta name=\"twitter:data2\" content=\"3 minutos\" \/>\n<script type=\"application\/ld+json\" class=\"yoast-schema-graph\">{\"@context\":\"https:\/\/schema.org\",\"@graph\":[{\"@type\":\"Article\",\"@id\":\"https:\/\/gregorydamy.niceavocats.fr\/es\/que-contrato-matrimonial-elegir\/#article\",\"isPartOf\":{\"@id\":\"https:\/\/gregorydamy.niceavocats.fr\/es\/que-contrato-matrimonial-elegir\/\"},\"author\":{\"name\":\"Kevin\",\"@id\":\"https:\/\/gregorydamy.niceavocats.fr\/es\/#\/schema\/person\/e040acb2856efaa1e114d0e7a92a3870\"},\"headline\":\"\u00bfQu\u00e9 contrato matrimonial elegir?\",\"datePublished\":\"2012-05-04T10:18:43+00:00\",\"dateModified\":\"2023-08-26T07:14:25+00:00\",\"mainEntityOfPage\":{\"@id\":\"https:\/\/gregorydamy.niceavocats.fr\/es\/que-contrato-matrimonial-elegir\/\"},\"wordCount\":775,\"commentCount\":0,\"publisher\":{\"@id\":\"https:\/\/gregorydamy.niceavocats.fr\/es\/#organization\"},\"articleSection\":[\"Derecho contractual\"],\"inLanguage\":\"es\",\"potentialAction\":[{\"@type\":\"CommentAction\",\"name\":\"Comment\",\"target\":[\"https:\/\/gregorydamy.niceavocats.fr\/es\/que-contrato-matrimonial-elegir\/#respond\"]}]},{\"@type\":\"WebPage\",\"@id\":\"https:\/\/gregorydamy.niceavocats.fr\/es\/que-contrato-matrimonial-elegir\/\",\"url\":\"https:\/\/gregorydamy.niceavocats.fr\/es\/que-contrato-matrimonial-elegir\/\",\"name\":\"\u00bfQu\u00e9 contrato matrimonial elegir? - Soci\u00e9t\u00e9 d&#039;avocats Damy\",\"isPartOf\":{\"@id\":\"https:\/\/gregorydamy.niceavocats.fr\/es\/#website\"},\"datePublished\":\"2012-05-04T10:18:43+00:00\",\"dateModified\":\"2023-08-26T07:14:25+00:00\",\"description\":\"\u00bfQu\u00e9 contrato matrimonial elegir? El contrato matrimonial tiene por objeto organizar el marco econ\u00f3mico y patrimonial de cada\",\"breadcrumb\":{\"@id\":\"https:\/\/gregorydamy.niceavocats.fr\/es\/que-contrato-matrimonial-elegir\/#breadcrumb\"},\"inLanguage\":\"es\",\"potentialAction\":[{\"@type\":\"ReadAction\",\"target\":[\"https:\/\/gregorydamy.niceavocats.fr\/es\/que-contrato-matrimonial-elegir\/\"]}]},{\"@type\":\"BreadcrumbList\",\"@id\":\"https:\/\/gregorydamy.niceavocats.fr\/es\/que-contrato-matrimonial-elegir\/#breadcrumb\",\"itemListElement\":[{\"@type\":\"ListItem\",\"position\":1,\"name\":\"Accueil\",\"item\":\"https:\/\/gregorydamy.niceavocats.fr\/es\/\"},{\"@type\":\"ListItem\",\"position\":2,\"name\":\"\u00bfQu\u00e9 contrato matrimonial elegir?\"}]},{\"@type\":\"WebSite\",\"@id\":\"https:\/\/gregorydamy.niceavocats.fr\/es\/#website\",\"url\":\"https:\/\/gregorydamy.niceavocats.fr\/es\/\",\"name\":\"Soci\u00e9t\u00e9 d&#039;avocats Damy\",\"description\":\"Justice - Confiance - Efficacit\u00e9\",\"publisher\":{\"@id\":\"https:\/\/gregorydamy.niceavocats.fr\/es\/#organization\"},\"potentialAction\":[{\"@type\":\"SearchAction\",\"target\":{\"@type\":\"EntryPoint\",\"urlTemplate\":\"https:\/\/gregorydamy.niceavocats.fr\/es\/?s={search_term_string}\"},\"query-input\":{\"@type\":\"PropertyValueSpecification\",\"valueRequired\":true,\"valueName\":\"search_term_string\"}}],\"inLanguage\":\"es\"},{\"@type\":\"Organization\",\"@id\":\"https:\/\/gregorydamy.niceavocats.fr\/es\/#organization\",\"name\":\"Soci\u00e9t\u00e9 d'Avocats DAMY\",\"alternateName\":\"Gr\u00e9gory DAMY\",\"url\":\"https:\/\/gregorydamy.niceavocats.fr\/es\/\",\"logo\":{\"@type\":\"ImageObject\",\"inLanguage\":\"es\",\"@id\":\"https:\/\/gregorydamy.niceavocats.fr\/es\/#\/schema\/logo\/image\/\",\"url\":\"https:\/\/gregorydamy.niceavocats.fr\/wp-content\/uploads\/2023\/04\/damylogo-1.png\",\"contentUrl\":\"https:\/\/gregorydamy.niceavocats.fr\/wp-content\/uploads\/2023\/04\/damylogo-1.png\",\"width\":1890,\"height\":1417,\"caption\":\"Soci\u00e9t\u00e9 d'Avocats DAMY\"},\"image\":{\"@id\":\"https:\/\/gregorydamy.niceavocats.fr\/es\/#\/schema\/logo\/image\/\"},\"sameAs\":[\"https:\/\/www.facebook.com\/niceavocats.fr\/\"]},{\"@type\":\"Person\",\"@id\":\"https:\/\/gregorydamy.niceavocats.fr\/es\/#\/schema\/person\/e040acb2856efaa1e114d0e7a92a3870\",\"name\":\"Kevin\",\"url\":\"https:\/\/gregorydamy.niceavocats.fr\/es\/author\/kevin\/\"}]}<\/script>\n<!-- \/ Yoast SEO plugin. -->","yoast_head_json":{"title":"\u00bfQu\u00e9 contrato matrimonial elegir? - Soci\u00e9t\u00e9 d&#039;avocats Damy","description":"\u00bfQu\u00e9 contrato matrimonial elegir? El contrato matrimonial tiene por objeto organizar el marco econ\u00f3mico y patrimonial de cada","robots":{"index":"index","follow":"follow","max-snippet":"max-snippet:-1","max-image-preview":"max-image-preview:large","max-video-preview":"max-video-preview:-1"},"canonical":"https:\/\/gregorydamy.niceavocats.fr\/es\/que-contrato-matrimonial-elegir\/","og_locale":"es_ES","og_type":"article","og_title":"\u00bfQu\u00e9 contrato matrimonial elegir? - Soci\u00e9t\u00e9 d&#039;avocats Damy","og_description":"\u00bfQu\u00e9 contrato matrimonial elegir? El contrato matrimonial tiene por objeto organizar el marco econ\u00f3mico y patrimonial de cada","og_url":"https:\/\/gregorydamy.niceavocats.fr\/es\/que-contrato-matrimonial-elegir\/","og_site_name":"Soci\u00e9t\u00e9 d&#039;avocats Damy","article_publisher":"https:\/\/www.facebook.com\/niceavocats.fr\/","article_published_time":"2012-05-04T10:18:43+00:00","article_modified_time":"2023-08-26T07:14:25+00:00","author":"Kevin","twitter_card":"summary_large_image","twitter_misc":{"Escrito por":"Kevin","Tiempo de lectura":"3 minutos"},"schema":{"@context":"https:\/\/schema.org","@graph":[{"@type":"Article","@id":"https:\/\/gregorydamy.niceavocats.fr\/es\/que-contrato-matrimonial-elegir\/#article","isPartOf":{"@id":"https:\/\/gregorydamy.niceavocats.fr\/es\/que-contrato-matrimonial-elegir\/"},"author":{"name":"Kevin","@id":"https:\/\/gregorydamy.niceavocats.fr\/es\/#\/schema\/person\/e040acb2856efaa1e114d0e7a92a3870"},"headline":"\u00bfQu\u00e9 contrato matrimonial elegir?","datePublished":"2012-05-04T10:18:43+00:00","dateModified":"2023-08-26T07:14:25+00:00","mainEntityOfPage":{"@id":"https:\/\/gregorydamy.niceavocats.fr\/es\/que-contrato-matrimonial-elegir\/"},"wordCount":775,"commentCount":0,"publisher":{"@id":"https:\/\/gregorydamy.niceavocats.fr\/es\/#organization"},"articleSection":["Derecho contractual"],"inLanguage":"es","potentialAction":[{"@type":"CommentAction","name":"Comment","target":["https:\/\/gregorydamy.niceavocats.fr\/es\/que-contrato-matrimonial-elegir\/#respond"]}]},{"@type":"WebPage","@id":"https:\/\/gregorydamy.niceavocats.fr\/es\/que-contrato-matrimonial-elegir\/","url":"https:\/\/gregorydamy.niceavocats.fr\/es\/que-contrato-matrimonial-elegir\/","name":"\u00bfQu\u00e9 contrato matrimonial elegir? - Soci\u00e9t\u00e9 d&#039;avocats Damy","isPartOf":{"@id":"https:\/\/gregorydamy.niceavocats.fr\/es\/#website"},"datePublished":"2012-05-04T10:18:43+00:00","dateModified":"2023-08-26T07:14:25+00:00","description":"\u00bfQu\u00e9 contrato matrimonial elegir? El contrato matrimonial tiene por objeto organizar el marco econ\u00f3mico y patrimonial de cada","breadcrumb":{"@id":"https:\/\/gregorydamy.niceavocats.fr\/es\/que-contrato-matrimonial-elegir\/#breadcrumb"},"inLanguage":"es","potentialAction":[{"@type":"ReadAction","target":["https:\/\/gregorydamy.niceavocats.fr\/es\/que-contrato-matrimonial-elegir\/"]}]},{"@type":"BreadcrumbList","@id":"https:\/\/gregorydamy.niceavocats.fr\/es\/que-contrato-matrimonial-elegir\/#breadcrumb","itemListElement":[{"@type":"ListItem","position":1,"name":"Accueil","item":"https:\/\/gregorydamy.niceavocats.fr\/es\/"},{"@type":"ListItem","position":2,"name":"\u00bfQu\u00e9 contrato matrimonial elegir?"}]},{"@type":"WebSite","@id":"https:\/\/gregorydamy.niceavocats.fr\/es\/#website","url":"https:\/\/gregorydamy.niceavocats.fr\/es\/","name":"Soci\u00e9t\u00e9 d&#039;avocats Damy","description":"Justice - Confiance - Efficacit\u00e9","publisher":{"@id":"https:\/\/gregorydamy.niceavocats.fr\/es\/#organization"},"potentialAction":[{"@type":"SearchAction","target":{"@type":"EntryPoint","urlTemplate":"https:\/\/gregorydamy.niceavocats.fr\/es\/?s={search_term_string}"},"query-input":{"@type":"PropertyValueSpecification","valueRequired":true,"valueName":"search_term_string"}}],"inLanguage":"es"},{"@type":"Organization","@id":"https:\/\/gregorydamy.niceavocats.fr\/es\/#organization","name":"Soci\u00e9t\u00e9 d'Avocats DAMY","alternateName":"Gr\u00e9gory DAMY","url":"https:\/\/gregorydamy.niceavocats.fr\/es\/","logo":{"@type":"ImageObject","inLanguage":"es","@id":"https:\/\/gregorydamy.niceavocats.fr\/es\/#\/schema\/logo\/image\/","url":"https:\/\/gregorydamy.niceavocats.fr\/wp-content\/uploads\/2023\/04\/damylogo-1.png","contentUrl":"https:\/\/gregorydamy.niceavocats.fr\/wp-content\/uploads\/2023\/04\/damylogo-1.png","width":1890,"height":1417,"caption":"Soci\u00e9t\u00e9 d'Avocats DAMY"},"image":{"@id":"https:\/\/gregorydamy.niceavocats.fr\/es\/#\/schema\/logo\/image\/"},"sameAs":["https:\/\/www.facebook.com\/niceavocats.fr\/"]},{"@type":"Person","@id":"https:\/\/gregorydamy.niceavocats.fr\/es\/#\/schema\/person\/e040acb2856efaa1e114d0e7a92a3870","name":"Kevin","url":"https:\/\/gregorydamy.niceavocats.fr\/es\/author\/kevin\/"}]}},"_links":{"self":[{"href":"https:\/\/gregorydamy.niceavocats.fr\/es\/wp-json\/wp\/v2\/posts\/5067","targetHints":{"allow":["GET"]}}],"collection":[{"href":"https:\/\/gregorydamy.niceavocats.fr\/es\/wp-json\/wp\/v2\/posts"}],"about":[{"href":"https:\/\/gregorydamy.niceavocats.fr\/es\/wp-json\/wp\/v2\/types\/post"}],"author":[{"embeddable":true,"href":"https:\/\/gregorydamy.niceavocats.fr\/es\/wp-json\/wp\/v2\/users\/2"}],"replies":[{"embeddable":true,"href":"https:\/\/gregorydamy.niceavocats.fr\/es\/wp-json\/wp\/v2\/comments?post=5067"}],"version-history":[{"count":0,"href":"https:\/\/gregorydamy.niceavocats.fr\/es\/wp-json\/wp\/v2\/posts\/5067\/revisions"}],"wp:attachment":[{"href":"https:\/\/gregorydamy.niceavocats.fr\/es\/wp-json\/wp\/v2\/media?parent=5067"}],"wp:term":[{"taxonomy":"category","embeddable":true,"href":"https:\/\/gregorydamy.niceavocats.fr\/es\/wp-json\/wp\/v2\/categories?post=5067"},{"taxonomy":"post_tag","embeddable":true,"href":"https:\/\/gregorydamy.niceavocats.fr\/es\/wp-json\/wp\/v2\/tags?post=5067"}],"curies":[{"name":"wp","href":"https:\/\/api.w.org\/{rel}","templated":true}]}}