{"id":5028,"date":"2012-05-11T07:56:55","date_gmt":"2012-05-11T07:56:55","guid":{"rendered":"https:\/\/gregorydamy.niceavocats.fr\/?p=5028"},"modified":"2023-08-25T12:14:45","modified_gmt":"2023-08-25T12:14:45","slug":"mi-tren-esta-cancelado-que-puedo-reclamar","status":"publish","type":"post","link":"https:\/\/gregorydamy.niceavocats.fr\/es\/mi-tren-esta-cancelado-que-puedo-reclamar\/","title":{"rendered":"Mi tren est\u00e1 cancelado: \u00bfqu\u00e9 puedo reclamar?"},"content":{"rendered":"<p>[et_pb_section fb_built=&#8221;1&#8243; admin_label=&#8221;section&#8221; _builder_version=&#8221;4.19.5&#8243; custom_margin=&#8221;||0px||false|false&#8221; custom_padding=&#8221;||0px||false|false&#8221; locked=&#8221;off&#8221; global_colors_info=&#8221;{}&#8221;][et_pb_row column_structure=&#8221;1_3,1_3,1_3&#8243; _builder_version=&#8221;4.19.5&#8243; _module_preset=&#8221;default&#8221; background_enable_mask_style=&#8221;on&#8221; background_mask_style=&#8221;wave&#8221; background_mask_color=&#8221;rgba(0,0,0,0.08)&#8221; custom_padding=&#8221;||6px|||&#8221; locked=&#8221;off&#8221; global_colors_info=&#8221;{}&#8221;][et_pb_column type=&#8221;1_3&#8243; _builder_version=&#8221;4.19.5&#8243; _module_preset=&#8221;default&#8221; global_colors_info=&#8221;{}&#8221;][\/et_pb_column][et_pb_column type=&#8221;1_3&#8243; _builder_version=&#8221;4.19.5&#8243; _module_preset=&#8221;default&#8221; global_colors_info=&#8221;{}&#8221;][\/et_pb_column][et_pb_column type=&#8221;1_3&#8243; _builder_version=&#8221;4.19.5&#8243; _module_preset=&#8221;default&#8221; global_colors_info=&#8221;{}&#8221;][et_pb_circle_counter title=&#8221;Tiempo estimado de lectura (en minutos)&#8221; number=&#8221;2&#8243; percent_sign=&#8221;off&#8221; _builder_version=&#8221;4.20.2&#8243; _module_preset=&#8221;default&#8221; title_font=&#8221;Amiri||||||||&#8221; max_width=&#8221;137px&#8221; global_colors_info=&#8221;{}&#8221;][\/et_pb_circle_counter][\/et_pb_column][\/et_pb_row][et_pb_row _builder_version=&#8221;4.19.5&#8243; _module_preset=&#8221;default&#8221; custom_margin=&#8221;||0px||false|false&#8221; custom_padding=&#8221;||0px||false|false&#8221; global_colors_info=&#8221;{}&#8221;][et_pb_column type=&#8221;4_4&#8243; _builder_version=&#8221;4.19.5&#8243; _module_preset=&#8221;default&#8221; global_colors_info=&#8221;{}&#8221;][et_pb_divider _builder_version=&#8221;4.19.5&#8243; _module_preset=&#8221;default&#8221; global_colors_info=&#8221;{}&#8221;][\/et_pb_divider][\/et_pb_column][\/et_pb_row][et_pb_row admin_label=&#8221;row&#8221; _builder_version=&#8221;4.16&#8243; background_size=&#8221;initial&#8221; background_position=&#8221;top_left&#8221; background_repeat=&#8221;repeat&#8221; global_colors_info=&#8221;{}&#8221;][et_pb_column type=&#8221;4_4&#8243; _builder_version=&#8221;4.16&#8243; custom_padding=&#8221;|||&#8221; global_colors_info=&#8221;{}&#8221; custom_padding__hover=&#8221;|||&#8221;][et_pb_image src=&#8221;https:\/\/gregorydamy.niceavocats.fr\/wp-content\/uploads\/2023\/08\/central-station-1527780_1280-2.jpg&#8221; title_text=&#8221;central-station-1527780_1280-2&#8243; _builder_version=&#8221;4.21.0&#8243; _module_preset=&#8221;default&#8221; hover_enabled=&#8221;0&#8243; global_colors_info=&#8221;{}&#8221; sticky_enabled=&#8221;0&#8243;][\/et_pb_image][et_pb_text admin_label=&#8221;Text&#8221; _builder_version=&#8221;4.21.0&#8243; text_font=&#8221;Amiri||||||||&#8221; header_2_font=&#8221;Amiri||||||||&#8221; header_3_font=&#8221;Amiri||||||||&#8221; background_size=&#8221;initial&#8221; background_position=&#8221;top_left&#8221; background_repeat=&#8221;repeat&#8221; hover_enabled=&#8221;0&#8243; global_colors_info=&#8221;{}&#8221; sticky_enabled=&#8221;0&#8243;]<\/p>\n<div class=\"entry-content\">\n<div class=\"entry-content\">\n<div class=\"et-l et-l--post\">\n<div class=\"et_builder_inner_content et_pb_gutters3\">\n<p><span class=\"\"><span>Cancelar\u00a0\u00a0<\/span><\/span><span><span class=\"\">\u00a0un tren a veces puede causar un da\u00f1o real, ya sea econ\u00f3mico o moral\u00a0\u00a0<\/span><\/span><span class=\"\"><span>.\u00a0<\/span><\/span><span>\u00bfQu\u00e9 se puede reclamar a la SNCF?\u00a0\u00bf En qu\u00e9 casos debe\u00a0\u00a0compensarte\u00a0\u00a0?<\/span><\/p>\n<h2><span>\u00bfQu\u00e9 deber\u00eda ofrecer la SNCF en la estaci\u00f3n?<\/span><\/h2>\n<p><span>En caso\u00a0<\/span><a href=\"http:\/\/www.qualitetransports.gouv.fr\/votre-train-est-annule-r172.html\"><span>de cancelaci\u00f3n de un tren<\/span><\/a><span>\u00a0, y por cualquier motivo, el viajero podr\u00e1 solicitar a la SNCF el reembolso de su billete.\u00a0Adem\u00e1s, debes saber que un retraso de al menos 60 minutos se asimila a una cancelaci\u00f3n de tren y por tanto tambi\u00e9n debe dar lugar a un reembolso.\u00a0Para obtener el reembolso de su billete, deber\u00e1 cumplimentar una hoja especial (disponible en taquilla o distribuida por un agente de la SNCF) y enviarla a la SNCF.<\/span><\/p>\n<h2><span>\u00bfEn qu\u00e9 casos debe compensarme la SNCF?<\/span><\/h2>\n<p><span>If the SNCF is responsible for the cancellation or del retraso del tren, deber\u00e1 indemnizar al viajero.\u00a0Se trata de indemnizaciones a tanto alzado previstas por la normativa europea de 2009. La solicitud debe realizarse denttro de los 2 meses siguientes a la cancellation.\u00a0If it is considered that the compensation is insufficient, you can contact the SNCF mediator to explain the reasons for the litigation.<\/span><\/p>\n<h2><span>\u00bfExisten exceptions to compensation?<\/span><\/h2>\n<p><span>If the han notified the cancellation 2 weeks before the salida del tren, the SNCF is not obliged to compensate.\u00a0Tampoco hay compensaci\u00f3n if the SNCF offers it una salida en otro tren a la misma hora.\u00a0Del mismo modo, no hay compensaci\u00f3n if the cancellation is due to a case of fuerza mayor: is the case of exceptional climatic disturbances.<\/span><\/p>\n<h2><span>En caso de desacuerdo sobre la compensaci\u00f3n.<\/span><\/h2>\n<p><span>En caso de desacuerdo sobre la indemnizaci\u00f3n y si no se ha llegado a un acuerdo con el mediador, se deber\u00e1 acudir al tribunal competente, que var\u00eda seg\u00fan la cuant\u00eda solicitada: juez local, tribunal de distrito o tribunal superior.<\/span><br \/><span>El viajero no podr\u00e1 aceptar compensaci\u00f3n si no se ha tenido en cuenta el da\u00f1o moral o econ\u00f3mico.\u00a0Siempre corresponde al viajero cuantificar el importe del da\u00f1o sufrido, ya sea moral o econ\u00f3mico, y este importe ser\u00e1 luego evaluado por el juez.<\/span><\/p>\n<h2><span>N\u00d3TESE BIEN<\/span><\/h2>\n<p><span>Retraso del tren, assistance, reclamaci\u00f3n, reembolso&#8230; In the event of a problem, the SNCF offers the &#8220;garant\u00eda de viaje&#8221;.<\/span><br \/><span>This cover applies to people subject to SNCF viajero tariffs that viajan por Francia aboard three TGV and Intercit\u00e9s.\u00a0It is also applied on board of three international trains operated by SNCF or con sus companies in Europe (TGV Lyria, Paris-Frankfurt and Paris-Stuttgart-Munich, TGV Italia).\u00a0Includes different types of guarantees:<\/span><br \/><span>\u2013 garant\u00eda de informaci\u00f3n (en la estaci\u00f3n, en los trenes y en el m\u00f3vil con la application SNCF Direct o por tel\u00e9fono al 36 35), \u2013<\/span><br \/><span>garant\u00eda de asiento (para a viaje de m\u00e1s de 1h30 en tren con reserve obligation),<\/span><br \/><span>\u2013 garant\u00eda de aplazamiento o reembolso (si su tren de salida se retrasa m\u00e1s de 1 hora o se cancela),<\/span><br \/><span>\u2013 garant\u00eda de asistencia (para su atenci\u00f3n y eventualmente su alojamiento en caso de un problema importante durante su viaje),<\/span><br \/><span>\u2013 garant\u00eda de puntualidad (en el en caso de retraso superior a 30 minutos en la llegada),<\/span><br \/><span>\u2013 la garant\u00eda de reclamaci\u00f3n (para una respuesta en un plazo m\u00e1ximo de 5 d\u00edas si dispone de billete electr\u00f3nico).<\/span><\/p>\n<p><a href=\"https:\/\/gregorydamy.niceavocats.fr\/\"><span>Bufete de abogados DAMY<\/span><\/a><span>\u00a0, Niza, Mi tren est\u00e1 cancelado: \u00bfqu\u00e9 puedo reclamar?, Actualizaci\u00f3n 2022<\/span><\/p>\n<\/div>\n<\/div>\n<\/div>\n<\/div>\n<p>[\/et_pb_text][\/et_pb_column][\/et_pb_row][et_pb_row _builder_version=&#8221;4.19.5&#8243; _module_preset=&#8221;default&#8221; custom_margin=&#8221;||0px||false|false&#8221; custom_padding=&#8221;||0px||false|false&#8221; global_colors_info=&#8221;{}&#8221;][et_pb_column type=&#8221;4_4&#8243; _builder_version=&#8221;4.19.5&#8243; _module_preset=&#8221;default&#8221; global_colors_info=&#8221;{}&#8221;][et_pb_divider _builder_version=&#8221;4.19.5&#8243; _module_preset=&#8221;default&#8221; global_colors_info=&#8221;{}&#8221;][\/et_pb_divider][\/et_pb_column][\/et_pb_row][\/et_pb_section]<\/p>\n","protected":false},"excerpt":{"rendered":"<p>Cancelar\u00a0\u00a0\u00a0un tren a veces puede causar un da\u00f1o real, ya sea econ\u00f3mico o moral\u00a0\u00a0.\u00a0\u00bfQu\u00e9 se puede reclamar a la SNCF?\u00a0\u00bf En qu\u00e9 casos debe\u00a0\u00a0compensarte\u00a0\u00a0? \u00bfQu\u00e9 deber\u00eda ofrecer la SNCF en la estaci\u00f3n? En caso\u00a0de cancelaci\u00f3n de un tren\u00a0, y por cualquier motivo, el viajero podr\u00e1 solicitar a la SNCF el reembolso de su billete.\u00a0Adem\u00e1s, debes [&hellip;]<\/p>\n","protected":false},"author":2,"featured_media":0,"comment_status":"open","ping_status":"open","sticky":false,"template":"","format":"standard","meta":{"_et_pb_use_builder":"on","_et_pb_old_content":"","_et_gb_content_width":"","footnotes":""},"categories":[322],"tags":[],"class_list":["post-5028","post","type-post","status-publish","format-standard","hentry","category-derecho-contractual"],"yoast_head":"<!-- This site is optimized with the Yoast SEO plugin v26.8 - https:\/\/yoast.com\/product\/yoast-seo-wordpress\/ -->\n<title>Mi tren est\u00e1 cancelado: \u00bfqu\u00e9 puedo reclamar? - Soci\u00e9t\u00e9 d&#039;avocats Damy<\/title>\n<meta name=\"description\" content=\"Mi tren est\u00e1 cancelado: \u00bfqu\u00e9 puedo reclamar? Cancelar un tren a veces puede causar un da\u00f1o real, ya sea econ\u00f3mico o moral .\" \/>\n<meta name=\"robots\" content=\"index, follow, max-snippet:-1, max-image-preview:large, max-video-preview:-1\" \/>\n<link rel=\"canonical\" href=\"https:\/\/gregorydamy.niceavocats.fr\/es\/mi-tren-esta-cancelado-que-puedo-reclamar\/\" \/>\n<meta property=\"og:locale\" content=\"es_ES\" \/>\n<meta property=\"og:type\" content=\"article\" \/>\n<meta property=\"og:title\" content=\"Mi tren est\u00e1 cancelado: \u00bfqu\u00e9 puedo reclamar? - Soci\u00e9t\u00e9 d&#039;avocats Damy\" \/>\n<meta property=\"og:description\" content=\"Mi tren est\u00e1 cancelado: \u00bfqu\u00e9 puedo reclamar? Cancelar un tren a veces puede causar un da\u00f1o real, ya sea econ\u00f3mico o moral .\" \/>\n<meta property=\"og:url\" content=\"https:\/\/gregorydamy.niceavocats.fr\/es\/mi-tren-esta-cancelado-que-puedo-reclamar\/\" \/>\n<meta property=\"og:site_name\" content=\"Soci\u00e9t\u00e9 d&#039;avocats Damy\" \/>\n<meta property=\"article:publisher\" content=\"https:\/\/www.facebook.com\/niceavocats.fr\/\" \/>\n<meta property=\"article:published_time\" content=\"2012-05-11T07:56:55+00:00\" \/>\n<meta property=\"article:modified_time\" content=\"2023-08-25T12:14:45+00:00\" \/>\n<meta name=\"author\" content=\"Kevin\" \/>\n<meta name=\"twitter:card\" content=\"summary_large_image\" \/>\n<meta name=\"twitter:label1\" content=\"Escrito por\" \/>\n\t<meta name=\"twitter:data1\" content=\"Kevin\" \/>\n\t<meta name=\"twitter:label2\" content=\"Tiempo de lectura\" \/>\n\t<meta name=\"twitter:data2\" content=\"4 minutos\" \/>\n<script type=\"application\/ld+json\" class=\"yoast-schema-graph\">{\"@context\":\"https:\/\/schema.org\",\"@graph\":[{\"@type\":\"Article\",\"@id\":\"https:\/\/gregorydamy.niceavocats.fr\/es\/mi-tren-esta-cancelado-que-puedo-reclamar\/#article\",\"isPartOf\":{\"@id\":\"https:\/\/gregorydamy.niceavocats.fr\/es\/mi-tren-esta-cancelado-que-puedo-reclamar\/\"},\"author\":{\"name\":\"Kevin\",\"@id\":\"https:\/\/gregorydamy.niceavocats.fr\/es\/#\/schema\/person\/e040acb2856efaa1e114d0e7a92a3870\"},\"headline\":\"Mi tren est\u00e1 cancelado: \u00bfqu\u00e9 puedo reclamar?\",\"datePublished\":\"2012-05-11T07:56:55+00:00\",\"dateModified\":\"2023-08-25T12:14:45+00:00\",\"mainEntityOfPage\":{\"@id\":\"https:\/\/gregorydamy.niceavocats.fr\/es\/mi-tren-esta-cancelado-que-puedo-reclamar\/\"},\"wordCount\":932,\"commentCount\":0,\"publisher\":{\"@id\":\"https:\/\/gregorydamy.niceavocats.fr\/es\/#organization\"},\"articleSection\":[\"Derecho contractual\"],\"inLanguage\":\"es\",\"potentialAction\":[{\"@type\":\"CommentAction\",\"name\":\"Comment\",\"target\":[\"https:\/\/gregorydamy.niceavocats.fr\/es\/mi-tren-esta-cancelado-que-puedo-reclamar\/#respond\"]}]},{\"@type\":\"WebPage\",\"@id\":\"https:\/\/gregorydamy.niceavocats.fr\/es\/mi-tren-esta-cancelado-que-puedo-reclamar\/\",\"url\":\"https:\/\/gregorydamy.niceavocats.fr\/es\/mi-tren-esta-cancelado-que-puedo-reclamar\/\",\"name\":\"Mi tren est\u00e1 cancelado: \u00bfqu\u00e9 puedo reclamar? - Soci\u00e9t\u00e9 d&#039;avocats Damy\",\"isPartOf\":{\"@id\":\"https:\/\/gregorydamy.niceavocats.fr\/es\/#website\"},\"datePublished\":\"2012-05-11T07:56:55+00:00\",\"dateModified\":\"2023-08-25T12:14:45+00:00\",\"description\":\"Mi tren est\u00e1 cancelado: \u00bfqu\u00e9 puedo reclamar? Cancelar un tren a veces puede causar un da\u00f1o real, ya sea econ\u00f3mico o moral .\",\"breadcrumb\":{\"@id\":\"https:\/\/gregorydamy.niceavocats.fr\/es\/mi-tren-esta-cancelado-que-puedo-reclamar\/#breadcrumb\"},\"inLanguage\":\"es\",\"potentialAction\":[{\"@type\":\"ReadAction\",\"target\":[\"https:\/\/gregorydamy.niceavocats.fr\/es\/mi-tren-esta-cancelado-que-puedo-reclamar\/\"]}]},{\"@type\":\"BreadcrumbList\",\"@id\":\"https:\/\/gregorydamy.niceavocats.fr\/es\/mi-tren-esta-cancelado-que-puedo-reclamar\/#breadcrumb\",\"itemListElement\":[{\"@type\":\"ListItem\",\"position\":1,\"name\":\"Accueil\",\"item\":\"https:\/\/gregorydamy.niceavocats.fr\/es\/\"},{\"@type\":\"ListItem\",\"position\":2,\"name\":\"Mi tren est\u00e1 cancelado: \u00bfqu\u00e9 puedo reclamar?\"}]},{\"@type\":\"WebSite\",\"@id\":\"https:\/\/gregorydamy.niceavocats.fr\/es\/#website\",\"url\":\"https:\/\/gregorydamy.niceavocats.fr\/es\/\",\"name\":\"Soci\u00e9t\u00e9 d&#039;avocats Damy\",\"description\":\"Justice - Confiance - Efficacit\u00e9\",\"publisher\":{\"@id\":\"https:\/\/gregorydamy.niceavocats.fr\/es\/#organization\"},\"potentialAction\":[{\"@type\":\"SearchAction\",\"target\":{\"@type\":\"EntryPoint\",\"urlTemplate\":\"https:\/\/gregorydamy.niceavocats.fr\/es\/?s={search_term_string}\"},\"query-input\":{\"@type\":\"PropertyValueSpecification\",\"valueRequired\":true,\"valueName\":\"search_term_string\"}}],\"inLanguage\":\"es\"},{\"@type\":\"Organization\",\"@id\":\"https:\/\/gregorydamy.niceavocats.fr\/es\/#organization\",\"name\":\"Soci\u00e9t\u00e9 d'Avocats DAMY\",\"alternateName\":\"Gr\u00e9gory DAMY\",\"url\":\"https:\/\/gregorydamy.niceavocats.fr\/es\/\",\"logo\":{\"@type\":\"ImageObject\",\"inLanguage\":\"es\",\"@id\":\"https:\/\/gregorydamy.niceavocats.fr\/es\/#\/schema\/logo\/image\/\",\"url\":\"https:\/\/gregorydamy.niceavocats.fr\/wp-content\/uploads\/2023\/04\/damylogo-1.png\",\"contentUrl\":\"https:\/\/gregorydamy.niceavocats.fr\/wp-content\/uploads\/2023\/04\/damylogo-1.png\",\"width\":1890,\"height\":1417,\"caption\":\"Soci\u00e9t\u00e9 d'Avocats DAMY\"},\"image\":{\"@id\":\"https:\/\/gregorydamy.niceavocats.fr\/es\/#\/schema\/logo\/image\/\"},\"sameAs\":[\"https:\/\/www.facebook.com\/niceavocats.fr\/\"]},{\"@type\":\"Person\",\"@id\":\"https:\/\/gregorydamy.niceavocats.fr\/es\/#\/schema\/person\/e040acb2856efaa1e114d0e7a92a3870\",\"name\":\"Kevin\",\"url\":\"https:\/\/gregorydamy.niceavocats.fr\/es\/author\/kevin\/\"}]}<\/script>\n<!-- \/ Yoast SEO plugin. -->","yoast_head_json":{"title":"Mi tren est\u00e1 cancelado: \u00bfqu\u00e9 puedo reclamar? - Soci\u00e9t\u00e9 d&#039;avocats Damy","description":"Mi tren est\u00e1 cancelado: \u00bfqu\u00e9 puedo reclamar? Cancelar un tren a veces puede causar un da\u00f1o real, ya sea econ\u00f3mico o moral .","robots":{"index":"index","follow":"follow","max-snippet":"max-snippet:-1","max-image-preview":"max-image-preview:large","max-video-preview":"max-video-preview:-1"},"canonical":"https:\/\/gregorydamy.niceavocats.fr\/es\/mi-tren-esta-cancelado-que-puedo-reclamar\/","og_locale":"es_ES","og_type":"article","og_title":"Mi tren est\u00e1 cancelado: \u00bfqu\u00e9 puedo reclamar? - Soci\u00e9t\u00e9 d&#039;avocats Damy","og_description":"Mi tren est\u00e1 cancelado: \u00bfqu\u00e9 puedo reclamar? Cancelar un tren a veces puede causar un da\u00f1o real, ya sea econ\u00f3mico o moral .","og_url":"https:\/\/gregorydamy.niceavocats.fr\/es\/mi-tren-esta-cancelado-que-puedo-reclamar\/","og_site_name":"Soci\u00e9t\u00e9 d&#039;avocats Damy","article_publisher":"https:\/\/www.facebook.com\/niceavocats.fr\/","article_published_time":"2012-05-11T07:56:55+00:00","article_modified_time":"2023-08-25T12:14:45+00:00","author":"Kevin","twitter_card":"summary_large_image","twitter_misc":{"Escrito por":"Kevin","Tiempo de lectura":"4 minutos"},"schema":{"@context":"https:\/\/schema.org","@graph":[{"@type":"Article","@id":"https:\/\/gregorydamy.niceavocats.fr\/es\/mi-tren-esta-cancelado-que-puedo-reclamar\/#article","isPartOf":{"@id":"https:\/\/gregorydamy.niceavocats.fr\/es\/mi-tren-esta-cancelado-que-puedo-reclamar\/"},"author":{"name":"Kevin","@id":"https:\/\/gregorydamy.niceavocats.fr\/es\/#\/schema\/person\/e040acb2856efaa1e114d0e7a92a3870"},"headline":"Mi tren est\u00e1 cancelado: \u00bfqu\u00e9 puedo reclamar?","datePublished":"2012-05-11T07:56:55+00:00","dateModified":"2023-08-25T12:14:45+00:00","mainEntityOfPage":{"@id":"https:\/\/gregorydamy.niceavocats.fr\/es\/mi-tren-esta-cancelado-que-puedo-reclamar\/"},"wordCount":932,"commentCount":0,"publisher":{"@id":"https:\/\/gregorydamy.niceavocats.fr\/es\/#organization"},"articleSection":["Derecho contractual"],"inLanguage":"es","potentialAction":[{"@type":"CommentAction","name":"Comment","target":["https:\/\/gregorydamy.niceavocats.fr\/es\/mi-tren-esta-cancelado-que-puedo-reclamar\/#respond"]}]},{"@type":"WebPage","@id":"https:\/\/gregorydamy.niceavocats.fr\/es\/mi-tren-esta-cancelado-que-puedo-reclamar\/","url":"https:\/\/gregorydamy.niceavocats.fr\/es\/mi-tren-esta-cancelado-que-puedo-reclamar\/","name":"Mi tren est\u00e1 cancelado: \u00bfqu\u00e9 puedo reclamar? - Soci\u00e9t\u00e9 d&#039;avocats Damy","isPartOf":{"@id":"https:\/\/gregorydamy.niceavocats.fr\/es\/#website"},"datePublished":"2012-05-11T07:56:55+00:00","dateModified":"2023-08-25T12:14:45+00:00","description":"Mi tren est\u00e1 cancelado: \u00bfqu\u00e9 puedo reclamar? Cancelar un tren a veces puede causar un da\u00f1o real, ya sea econ\u00f3mico o moral .","breadcrumb":{"@id":"https:\/\/gregorydamy.niceavocats.fr\/es\/mi-tren-esta-cancelado-que-puedo-reclamar\/#breadcrumb"},"inLanguage":"es","potentialAction":[{"@type":"ReadAction","target":["https:\/\/gregorydamy.niceavocats.fr\/es\/mi-tren-esta-cancelado-que-puedo-reclamar\/"]}]},{"@type":"BreadcrumbList","@id":"https:\/\/gregorydamy.niceavocats.fr\/es\/mi-tren-esta-cancelado-que-puedo-reclamar\/#breadcrumb","itemListElement":[{"@type":"ListItem","position":1,"name":"Accueil","item":"https:\/\/gregorydamy.niceavocats.fr\/es\/"},{"@type":"ListItem","position":2,"name":"Mi tren est\u00e1 cancelado: \u00bfqu\u00e9 puedo reclamar?"}]},{"@type":"WebSite","@id":"https:\/\/gregorydamy.niceavocats.fr\/es\/#website","url":"https:\/\/gregorydamy.niceavocats.fr\/es\/","name":"Soci\u00e9t\u00e9 d&#039;avocats Damy","description":"Justice - Confiance - Efficacit\u00e9","publisher":{"@id":"https:\/\/gregorydamy.niceavocats.fr\/es\/#organization"},"potentialAction":[{"@type":"SearchAction","target":{"@type":"EntryPoint","urlTemplate":"https:\/\/gregorydamy.niceavocats.fr\/es\/?s={search_term_string}"},"query-input":{"@type":"PropertyValueSpecification","valueRequired":true,"valueName":"search_term_string"}}],"inLanguage":"es"},{"@type":"Organization","@id":"https:\/\/gregorydamy.niceavocats.fr\/es\/#organization","name":"Soci\u00e9t\u00e9 d'Avocats DAMY","alternateName":"Gr\u00e9gory DAMY","url":"https:\/\/gregorydamy.niceavocats.fr\/es\/","logo":{"@type":"ImageObject","inLanguage":"es","@id":"https:\/\/gregorydamy.niceavocats.fr\/es\/#\/schema\/logo\/image\/","url":"https:\/\/gregorydamy.niceavocats.fr\/wp-content\/uploads\/2023\/04\/damylogo-1.png","contentUrl":"https:\/\/gregorydamy.niceavocats.fr\/wp-content\/uploads\/2023\/04\/damylogo-1.png","width":1890,"height":1417,"caption":"Soci\u00e9t\u00e9 d'Avocats DAMY"},"image":{"@id":"https:\/\/gregorydamy.niceavocats.fr\/es\/#\/schema\/logo\/image\/"},"sameAs":["https:\/\/www.facebook.com\/niceavocats.fr\/"]},{"@type":"Person","@id":"https:\/\/gregorydamy.niceavocats.fr\/es\/#\/schema\/person\/e040acb2856efaa1e114d0e7a92a3870","name":"Kevin","url":"https:\/\/gregorydamy.niceavocats.fr\/es\/author\/kevin\/"}]}},"_links":{"self":[{"href":"https:\/\/gregorydamy.niceavocats.fr\/es\/wp-json\/wp\/v2\/posts\/5028","targetHints":{"allow":["GET"]}}],"collection":[{"href":"https:\/\/gregorydamy.niceavocats.fr\/es\/wp-json\/wp\/v2\/posts"}],"about":[{"href":"https:\/\/gregorydamy.niceavocats.fr\/es\/wp-json\/wp\/v2\/types\/post"}],"author":[{"embeddable":true,"href":"https:\/\/gregorydamy.niceavocats.fr\/es\/wp-json\/wp\/v2\/users\/2"}],"replies":[{"embeddable":true,"href":"https:\/\/gregorydamy.niceavocats.fr\/es\/wp-json\/wp\/v2\/comments?post=5028"}],"version-history":[{"count":0,"href":"https:\/\/gregorydamy.niceavocats.fr\/es\/wp-json\/wp\/v2\/posts\/5028\/revisions"}],"wp:attachment":[{"href":"https:\/\/gregorydamy.niceavocats.fr\/es\/wp-json\/wp\/v2\/media?parent=5028"}],"wp:term":[{"taxonomy":"category","embeddable":true,"href":"https:\/\/gregorydamy.niceavocats.fr\/es\/wp-json\/wp\/v2\/categories?post=5028"},{"taxonomy":"post_tag","embeddable":true,"href":"https:\/\/gregorydamy.niceavocats.fr\/es\/wp-json\/wp\/v2\/tags?post=5028"}],"curies":[{"name":"wp","href":"https:\/\/api.w.org\/{rel}","templated":true}]}}