{"id":4570,"date":"2012-05-17T15:06:22","date_gmt":"2012-05-17T15:06:22","guid":{"rendered":"https:\/\/gregorydamy.niceavocats.fr\/?p=4570"},"modified":"2023-09-01T10:18:12","modified_gmt":"2023-09-01T10:18:12","slug":"sufri-un-despido-economico","status":"publish","type":"post","link":"https:\/\/gregorydamy.niceavocats.fr\/es\/sufri-un-despido-economico\/","title":{"rendered":"sufr\u00ed un despido econ\u00f3mico"},"content":{"rendered":"<p>[et_pb_section fb_built=&#8221;1&#8243; admin_label=&#8221;section&#8221; _builder_version=&#8221;4.19.5&#8243; custom_margin=&#8221;||0px||false|false&#8221; custom_padding=&#8221;||0px||false|false&#8221; locked=&#8221;off&#8221; global_colors_info=&#8221;{}&#8221;][et_pb_row column_structure=&#8221;1_3,1_3,1_3&#8243; _builder_version=&#8221;4.19.5&#8243; _module_preset=&#8221;default&#8221; background_enable_mask_style=&#8221;on&#8221; background_mask_style=&#8221;wave&#8221; background_mask_color=&#8221;rgba(0,0,0,0.08)&#8221; custom_padding=&#8221;||6px|||&#8221; locked=&#8221;off&#8221; global_colors_info=&#8221;{}&#8221;][et_pb_column type=&#8221;1_3&#8243; _builder_version=&#8221;4.19.5&#8243; _module_preset=&#8221;default&#8221; global_colors_info=&#8221;{}&#8221;][\/et_pb_column][et_pb_column type=&#8221;1_3&#8243; _builder_version=&#8221;4.19.5&#8243; _module_preset=&#8221;default&#8221; global_colors_info=&#8221;{}&#8221;][\/et_pb_column][et_pb_column type=&#8221;1_3&#8243; _builder_version=&#8221;4.19.5&#8243; _module_preset=&#8221;default&#8221; global_colors_info=&#8221;{}&#8221;][et_pb_circle_counter title=&#8221;Tiempo estimado de lectura (en minutos)&#8221; number=&#8221;2&#8243; percent_sign=&#8221;off&#8221; _builder_version=&#8221;4.20.2&#8243; _module_preset=&#8221;default&#8221; title_font=&#8221;Amiri||||||||&#8221; max_width=&#8221;137px&#8221; global_colors_info=&#8221;{}&#8221;][\/et_pb_circle_counter][\/et_pb_column][\/et_pb_row][et_pb_row _builder_version=&#8221;4.19.5&#8243; _module_preset=&#8221;default&#8221; custom_margin=&#8221;||0px||false|false&#8221; custom_padding=&#8221;||0px||false|false&#8221; global_colors_info=&#8221;{}&#8221;][et_pb_column type=&#8221;4_4&#8243; _builder_version=&#8221;4.19.5&#8243; _module_preset=&#8221;default&#8221; global_colors_info=&#8221;{}&#8221;][et_pb_divider _builder_version=&#8221;4.19.5&#8243; _module_preset=&#8221;default&#8221; global_colors_info=&#8221;{}&#8221;][\/et_pb_divider][\/et_pb_column][\/et_pb_row][et_pb_row admin_label=&#8221;row&#8221; _builder_version=&#8221;4.16&#8243; background_size=&#8221;initial&#8221; background_position=&#8221;top_left&#8221; background_repeat=&#8221;repeat&#8221; global_colors_info=&#8221;{}&#8221;][et_pb_column type=&#8221;4_4&#8243; _builder_version=&#8221;4.16&#8243; custom_padding=&#8221;|||&#8221; global_colors_info=&#8221;{}&#8221; custom_padding__hover=&#8221;|||&#8221;][et_pb_image _builder_version=&#8221;4.21.0&#8243; _module_preset=&#8221;default&#8221; title_text=&#8221;construction-worker-569126_1280-2&#8243; src=&#8221;https:\/\/gregorydamy.niceavocats.fr\/wp-content\/uploads\/2023\/08\/construction-worker-569126_1280-2.jpg&#8221; hover_enabled=&#8221;0&#8243; sticky_enabled=&#8221;0&#8243;][\/et_pb_image][et_pb_text admin_label=&#8221;Text&#8221; _builder_version=&#8221;4.21.0&#8243; text_font=&#8221;Amiri||||||||&#8221; header_2_font=&#8221;Amiri||||||||&#8221; header_3_font=&#8221;Amiri||||||||&#8221; background_size=&#8221;initial&#8221; background_position=&#8221;top_left&#8221; background_repeat=&#8221;repeat&#8221; hover_enabled=&#8221;0&#8243; global_colors_info=&#8221;{}&#8221; sticky_enabled=&#8221;0&#8243;]<\/p>\n<div class=\"entry-content\">\n<p><span>\u00bfA qu\u00e9 tengo derecho en caso de\u00a0<\/span><a href=\"https:\/\/www.service-public.fr\/particuliers\/vosdroits\/N481\"><span>despido<\/span><\/a><span>\u00a0?\u00a0\u00bfPuedo impugnar esta decisi\u00f3n?\u00a0Que tan pronto ?<\/span><\/p>\n<h2><span>OBLIGACIONES A RESPETAR PARA LA EMPRESA<\/span><\/h2>\n<p>&nbsp;<\/p>\n<p><span>The criterion of objectivity: we must not have other alternatives that eliminate possible work.\u00a0You will be sure that the company has fulfilled its training obligation and has considered all possibilities of relocation of interested parties.<\/span><\/p>\n<h2><span>VOLVERSE IN CONTRA DE SU EMPLEADOR<\/span><\/h2>\n<p>&nbsp;<\/p>\n<p><span>En el contexto de un despido colectivo, un trabajador puede acudir a los tribunales para completar la informaci\u00f3n facilitada por el representante del personal de la empresa al empresario.\u00a0El juez podr\u00e1 entonces suspender el procedimiento hasta que se complete la investigaci\u00f3n del caso.\u00a0Cuando se pronuncia el despido, el trabajador puede dirigirse al tribunal laboral para examinar la legalidad del procedimiento o el motivo invocado.<\/span><\/p>\n<h2><span>CONSULTA LA ACTIVIDAD ECON\u00d3MICA DE LA EMPRESA<\/span><\/h2>\n<p>&nbsp;<\/p>\n<p><span>In companies of 50 or more employees, personal representatives or the company committee must continually inform employees about the evolution of economic activity.\u00a0This information will only be likely if you find out that it is desired in small businesses.<\/span><\/p>\n<h2><span>IMPORTANT DOCUMENTS<\/span><\/h2>\n<p>&nbsp;<\/p>\n<p><span>Podemos preguntar al empleador los criterios de selecci\u00f3n en los que se bas\u00f3 el despido.\u00a0Al iniciar una acci\u00f3n prud&#8217;homale, podr\u00e1n presentarse en el registro los documentos relativos a la situaci\u00f3n econ\u00f3mica de la empresa, as\u00ed como los elementos del procedimiento: carta de citaci\u00f3n a la entrevista preliminar, documentos intercambiados con el empleador y carta de despido que establece los l\u00edmites de la disputa.<\/span><\/p>\n<h2><span>TIEMPO DE ACTUAR<\/span><\/h2>\n<p>&nbsp;<\/p>\n<p><span>Respetar un plazo m\u00e1ximo de 12 meses.<\/span><\/p>\n<h2><span>PAGO POR TERMINACI\u00d3N<\/span><\/h2>\n<p>&nbsp;<\/p>\n<p><span>Tiene derecho a ello cualquier trabajador con contrato indefinido y con una duraci\u00f3n superior a un a\u00f1o.\u00a0Su importe se calcula sobre la base de los \u00faltimos doce meses de salario o de los \u00faltimos tres meses seg\u00fan la situaci\u00f3n m\u00e1s ventajosa para el trabajador.\u00a0Durante los primeros diez a\u00f1os de antig\u00fcedad, la compensaci\u00f3n equivale a un m\u00ednimo de 2\/5 de un mes de salario por a\u00f1o de permanencia en la empresa.<\/span><br \/><span>Por ejemplo, 5 a\u00f1os de antig\u00fcedad te permitir\u00e1n obtener una compensaci\u00f3n salarial correspondiente a 2 meses de salario.<\/span><\/p>\n<p><a href=\"https:\/\/gregorydamy.niceavocats.fr\/\"><span>Bufete de abogados DAMY<\/span><\/a><span>\u00a0, Niza, Despido econ\u00f3mico, Actualizado 2022<\/span><\/p>\n<\/div>\n<p>[\/et_pb_text][\/et_pb_column][\/et_pb_row][et_pb_row _builder_version=&#8221;4.19.5&#8243; _module_preset=&#8221;default&#8221; custom_margin=&#8221;||0px||false|false&#8221; custom_padding=&#8221;||0px||false|false&#8221; global_colors_info=&#8221;{}&#8221;][et_pb_column type=&#8221;4_4&#8243; _builder_version=&#8221;4.19.5&#8243; _module_preset=&#8221;default&#8221; global_colors_info=&#8221;{}&#8221;][et_pb_divider _builder_version=&#8221;4.19.5&#8243; _module_preset=&#8221;default&#8221; global_colors_info=&#8221;{}&#8221;][\/et_pb_divider][\/et_pb_column][\/et_pb_row][\/et_pb_section]<\/p>\n","protected":false},"excerpt":{"rendered":"<p>\u00bfA qu\u00e9 tengo derecho en caso de\u00a0despido\u00a0?\u00a0\u00bfPuedo impugnar esta decisi\u00f3n?\u00a0Que tan pronto ? OBLIGACIONES A RESPETAR PARA LA EMPRESA &nbsp; The criterion of objectivity: we must not have other alternatives that eliminate possible work.\u00a0You will be sure that the company has fulfilled its training obligation and has considered all possibilities of relocation of interested parties. [&hellip;]<\/p>\n","protected":false},"author":2,"featured_media":0,"comment_status":"open","ping_status":"open","sticky":false,"template":"","format":"standard","meta":{"_et_pb_use_builder":"on","_et_pb_old_content":"","_et_gb_content_width":"","footnotes":""},"categories":[325],"tags":[],"class_list":["post-4570","post","type-post","status-publish","format-standard","hentry","category-derecho-laboral"],"yoast_head":"<!-- This site is optimized with the Yoast SEO plugin v26.8 - https:\/\/yoast.com\/product\/yoast-seo-wordpress\/ -->\n<title>sufr\u00ed un despido econ\u00f3mico - Soci\u00e9t\u00e9 d&#039;avocats Damy<\/title>\n<meta name=\"description\" content=\"sufr\u00ed un despido econ\u00f3mico \u00bfA qu\u00e9 tengo derecho en caso de despido ? \u00bfPuedo impugnar esta decisi\u00f3n? Que tan pronto ?\" \/>\n<meta name=\"robots\" content=\"index, follow, max-snippet:-1, max-image-preview:large, max-video-preview:-1\" \/>\n<link rel=\"canonical\" href=\"https:\/\/gregorydamy.niceavocats.fr\/es\/sufri-un-despido-economico\/\" \/>\n<meta property=\"og:locale\" content=\"es_ES\" \/>\n<meta property=\"og:type\" content=\"article\" \/>\n<meta property=\"og:title\" content=\"sufr\u00ed un despido econ\u00f3mico - Soci\u00e9t\u00e9 d&#039;avocats Damy\" \/>\n<meta property=\"og:description\" content=\"sufr\u00ed un despido econ\u00f3mico \u00bfA qu\u00e9 tengo derecho en caso de despido ? \u00bfPuedo impugnar esta decisi\u00f3n? Que tan pronto ?\" \/>\n<meta property=\"og:url\" content=\"https:\/\/gregorydamy.niceavocats.fr\/es\/sufri-un-despido-economico\/\" \/>\n<meta property=\"og:site_name\" content=\"Soci\u00e9t\u00e9 d&#039;avocats Damy\" \/>\n<meta property=\"article:publisher\" content=\"https:\/\/www.facebook.com\/niceavocats.fr\/\" \/>\n<meta property=\"article:published_time\" content=\"2012-05-17T15:06:22+00:00\" \/>\n<meta property=\"article:modified_time\" content=\"2023-09-01T10:18:12+00:00\" \/>\n<meta name=\"author\" content=\"Kevin\" \/>\n<meta name=\"twitter:card\" content=\"summary_large_image\" \/>\n<meta name=\"twitter:label1\" content=\"Escrito por\" \/>\n\t<meta name=\"twitter:data1\" content=\"Kevin\" \/>\n\t<meta name=\"twitter:label2\" content=\"Tiempo de lectura\" \/>\n\t<meta name=\"twitter:data2\" content=\"3 minutos\" \/>\n<script type=\"application\/ld+json\" class=\"yoast-schema-graph\">{\"@context\":\"https:\/\/schema.org\",\"@graph\":[{\"@type\":\"Article\",\"@id\":\"https:\/\/gregorydamy.niceavocats.fr\/es\/sufri-un-despido-economico\/#article\",\"isPartOf\":{\"@id\":\"https:\/\/gregorydamy.niceavocats.fr\/es\/sufri-un-despido-economico\/\"},\"author\":{\"name\":\"Kevin\",\"@id\":\"https:\/\/gregorydamy.niceavocats.fr\/es\/#\/schema\/person\/e040acb2856efaa1e114d0e7a92a3870\"},\"headline\":\"sufr\u00ed un despido econ\u00f3mico\",\"datePublished\":\"2012-05-17T15:06:22+00:00\",\"dateModified\":\"2023-09-01T10:18:12+00:00\",\"mainEntityOfPage\":{\"@id\":\"https:\/\/gregorydamy.niceavocats.fr\/es\/sufri-un-despido-economico\/\"},\"wordCount\":741,\"commentCount\":0,\"publisher\":{\"@id\":\"https:\/\/gregorydamy.niceavocats.fr\/es\/#organization\"},\"articleSection\":[\"Derecho laboral\"],\"inLanguage\":\"es\",\"potentialAction\":[{\"@type\":\"CommentAction\",\"name\":\"Comment\",\"target\":[\"https:\/\/gregorydamy.niceavocats.fr\/es\/sufri-un-despido-economico\/#respond\"]}]},{\"@type\":\"WebPage\",\"@id\":\"https:\/\/gregorydamy.niceavocats.fr\/es\/sufri-un-despido-economico\/\",\"url\":\"https:\/\/gregorydamy.niceavocats.fr\/es\/sufri-un-despido-economico\/\",\"name\":\"sufr\u00ed un despido econ\u00f3mico - Soci\u00e9t\u00e9 d&#039;avocats Damy\",\"isPartOf\":{\"@id\":\"https:\/\/gregorydamy.niceavocats.fr\/es\/#website\"},\"datePublished\":\"2012-05-17T15:06:22+00:00\",\"dateModified\":\"2023-09-01T10:18:12+00:00\",\"description\":\"sufr\u00ed un despido econ\u00f3mico \u00bfA qu\u00e9 tengo derecho en caso de despido ? \u00bfPuedo impugnar esta decisi\u00f3n? Que tan pronto ?\",\"breadcrumb\":{\"@id\":\"https:\/\/gregorydamy.niceavocats.fr\/es\/sufri-un-despido-economico\/#breadcrumb\"},\"inLanguage\":\"es\",\"potentialAction\":[{\"@type\":\"ReadAction\",\"target\":[\"https:\/\/gregorydamy.niceavocats.fr\/es\/sufri-un-despido-economico\/\"]}]},{\"@type\":\"BreadcrumbList\",\"@id\":\"https:\/\/gregorydamy.niceavocats.fr\/es\/sufri-un-despido-economico\/#breadcrumb\",\"itemListElement\":[{\"@type\":\"ListItem\",\"position\":1,\"name\":\"Accueil\",\"item\":\"https:\/\/gregorydamy.niceavocats.fr\/es\/\"},{\"@type\":\"ListItem\",\"position\":2,\"name\":\"sufr\u00ed un despido econ\u00f3mico\"}]},{\"@type\":\"WebSite\",\"@id\":\"https:\/\/gregorydamy.niceavocats.fr\/es\/#website\",\"url\":\"https:\/\/gregorydamy.niceavocats.fr\/es\/\",\"name\":\"Soci\u00e9t\u00e9 d&#039;avocats Damy\",\"description\":\"Justice - Confiance - Efficacit\u00e9\",\"publisher\":{\"@id\":\"https:\/\/gregorydamy.niceavocats.fr\/es\/#organization\"},\"potentialAction\":[{\"@type\":\"SearchAction\",\"target\":{\"@type\":\"EntryPoint\",\"urlTemplate\":\"https:\/\/gregorydamy.niceavocats.fr\/es\/?s={search_term_string}\"},\"query-input\":{\"@type\":\"PropertyValueSpecification\",\"valueRequired\":true,\"valueName\":\"search_term_string\"}}],\"inLanguage\":\"es\"},{\"@type\":\"Organization\",\"@id\":\"https:\/\/gregorydamy.niceavocats.fr\/es\/#organization\",\"name\":\"Soci\u00e9t\u00e9 d'Avocats DAMY\",\"alternateName\":\"Gr\u00e9gory DAMY\",\"url\":\"https:\/\/gregorydamy.niceavocats.fr\/es\/\",\"logo\":{\"@type\":\"ImageObject\",\"inLanguage\":\"es\",\"@id\":\"https:\/\/gregorydamy.niceavocats.fr\/es\/#\/schema\/logo\/image\/\",\"url\":\"https:\/\/gregorydamy.niceavocats.fr\/wp-content\/uploads\/2023\/04\/damylogo-1.png\",\"contentUrl\":\"https:\/\/gregorydamy.niceavocats.fr\/wp-content\/uploads\/2023\/04\/damylogo-1.png\",\"width\":1890,\"height\":1417,\"caption\":\"Soci\u00e9t\u00e9 d'Avocats DAMY\"},\"image\":{\"@id\":\"https:\/\/gregorydamy.niceavocats.fr\/es\/#\/schema\/logo\/image\/\"},\"sameAs\":[\"https:\/\/www.facebook.com\/niceavocats.fr\/\"]},{\"@type\":\"Person\",\"@id\":\"https:\/\/gregorydamy.niceavocats.fr\/es\/#\/schema\/person\/e040acb2856efaa1e114d0e7a92a3870\",\"name\":\"Kevin\",\"url\":\"https:\/\/gregorydamy.niceavocats.fr\/es\/author\/kevin\/\"}]}<\/script>\n<!-- \/ Yoast SEO plugin. -->","yoast_head_json":{"title":"sufr\u00ed un despido econ\u00f3mico - Soci\u00e9t\u00e9 d&#039;avocats Damy","description":"sufr\u00ed un despido econ\u00f3mico \u00bfA qu\u00e9 tengo derecho en caso de despido ? \u00bfPuedo impugnar esta decisi\u00f3n? Que tan pronto ?","robots":{"index":"index","follow":"follow","max-snippet":"max-snippet:-1","max-image-preview":"max-image-preview:large","max-video-preview":"max-video-preview:-1"},"canonical":"https:\/\/gregorydamy.niceavocats.fr\/es\/sufri-un-despido-economico\/","og_locale":"es_ES","og_type":"article","og_title":"sufr\u00ed un despido econ\u00f3mico - Soci\u00e9t\u00e9 d&#039;avocats Damy","og_description":"sufr\u00ed un despido econ\u00f3mico \u00bfA qu\u00e9 tengo derecho en caso de despido ? \u00bfPuedo impugnar esta decisi\u00f3n? Que tan pronto ?","og_url":"https:\/\/gregorydamy.niceavocats.fr\/es\/sufri-un-despido-economico\/","og_site_name":"Soci\u00e9t\u00e9 d&#039;avocats Damy","article_publisher":"https:\/\/www.facebook.com\/niceavocats.fr\/","article_published_time":"2012-05-17T15:06:22+00:00","article_modified_time":"2023-09-01T10:18:12+00:00","author":"Kevin","twitter_card":"summary_large_image","twitter_misc":{"Escrito por":"Kevin","Tiempo de lectura":"3 minutos"},"schema":{"@context":"https:\/\/schema.org","@graph":[{"@type":"Article","@id":"https:\/\/gregorydamy.niceavocats.fr\/es\/sufri-un-despido-economico\/#article","isPartOf":{"@id":"https:\/\/gregorydamy.niceavocats.fr\/es\/sufri-un-despido-economico\/"},"author":{"name":"Kevin","@id":"https:\/\/gregorydamy.niceavocats.fr\/es\/#\/schema\/person\/e040acb2856efaa1e114d0e7a92a3870"},"headline":"sufr\u00ed un despido econ\u00f3mico","datePublished":"2012-05-17T15:06:22+00:00","dateModified":"2023-09-01T10:18:12+00:00","mainEntityOfPage":{"@id":"https:\/\/gregorydamy.niceavocats.fr\/es\/sufri-un-despido-economico\/"},"wordCount":741,"commentCount":0,"publisher":{"@id":"https:\/\/gregorydamy.niceavocats.fr\/es\/#organization"},"articleSection":["Derecho laboral"],"inLanguage":"es","potentialAction":[{"@type":"CommentAction","name":"Comment","target":["https:\/\/gregorydamy.niceavocats.fr\/es\/sufri-un-despido-economico\/#respond"]}]},{"@type":"WebPage","@id":"https:\/\/gregorydamy.niceavocats.fr\/es\/sufri-un-despido-economico\/","url":"https:\/\/gregorydamy.niceavocats.fr\/es\/sufri-un-despido-economico\/","name":"sufr\u00ed un despido econ\u00f3mico - Soci\u00e9t\u00e9 d&#039;avocats Damy","isPartOf":{"@id":"https:\/\/gregorydamy.niceavocats.fr\/es\/#website"},"datePublished":"2012-05-17T15:06:22+00:00","dateModified":"2023-09-01T10:18:12+00:00","description":"sufr\u00ed un despido econ\u00f3mico \u00bfA qu\u00e9 tengo derecho en caso de despido ? \u00bfPuedo impugnar esta decisi\u00f3n? Que tan pronto ?","breadcrumb":{"@id":"https:\/\/gregorydamy.niceavocats.fr\/es\/sufri-un-despido-economico\/#breadcrumb"},"inLanguage":"es","potentialAction":[{"@type":"ReadAction","target":["https:\/\/gregorydamy.niceavocats.fr\/es\/sufri-un-despido-economico\/"]}]},{"@type":"BreadcrumbList","@id":"https:\/\/gregorydamy.niceavocats.fr\/es\/sufri-un-despido-economico\/#breadcrumb","itemListElement":[{"@type":"ListItem","position":1,"name":"Accueil","item":"https:\/\/gregorydamy.niceavocats.fr\/es\/"},{"@type":"ListItem","position":2,"name":"sufr\u00ed un despido econ\u00f3mico"}]},{"@type":"WebSite","@id":"https:\/\/gregorydamy.niceavocats.fr\/es\/#website","url":"https:\/\/gregorydamy.niceavocats.fr\/es\/","name":"Soci\u00e9t\u00e9 d&#039;avocats Damy","description":"Justice - Confiance - Efficacit\u00e9","publisher":{"@id":"https:\/\/gregorydamy.niceavocats.fr\/es\/#organization"},"potentialAction":[{"@type":"SearchAction","target":{"@type":"EntryPoint","urlTemplate":"https:\/\/gregorydamy.niceavocats.fr\/es\/?s={search_term_string}"},"query-input":{"@type":"PropertyValueSpecification","valueRequired":true,"valueName":"search_term_string"}}],"inLanguage":"es"},{"@type":"Organization","@id":"https:\/\/gregorydamy.niceavocats.fr\/es\/#organization","name":"Soci\u00e9t\u00e9 d'Avocats DAMY","alternateName":"Gr\u00e9gory DAMY","url":"https:\/\/gregorydamy.niceavocats.fr\/es\/","logo":{"@type":"ImageObject","inLanguage":"es","@id":"https:\/\/gregorydamy.niceavocats.fr\/es\/#\/schema\/logo\/image\/","url":"https:\/\/gregorydamy.niceavocats.fr\/wp-content\/uploads\/2023\/04\/damylogo-1.png","contentUrl":"https:\/\/gregorydamy.niceavocats.fr\/wp-content\/uploads\/2023\/04\/damylogo-1.png","width":1890,"height":1417,"caption":"Soci\u00e9t\u00e9 d'Avocats DAMY"},"image":{"@id":"https:\/\/gregorydamy.niceavocats.fr\/es\/#\/schema\/logo\/image\/"},"sameAs":["https:\/\/www.facebook.com\/niceavocats.fr\/"]},{"@type":"Person","@id":"https:\/\/gregorydamy.niceavocats.fr\/es\/#\/schema\/person\/e040acb2856efaa1e114d0e7a92a3870","name":"Kevin","url":"https:\/\/gregorydamy.niceavocats.fr\/es\/author\/kevin\/"}]}},"_links":{"self":[{"href":"https:\/\/gregorydamy.niceavocats.fr\/es\/wp-json\/wp\/v2\/posts\/4570","targetHints":{"allow":["GET"]}}],"collection":[{"href":"https:\/\/gregorydamy.niceavocats.fr\/es\/wp-json\/wp\/v2\/posts"}],"about":[{"href":"https:\/\/gregorydamy.niceavocats.fr\/es\/wp-json\/wp\/v2\/types\/post"}],"author":[{"embeddable":true,"href":"https:\/\/gregorydamy.niceavocats.fr\/es\/wp-json\/wp\/v2\/users\/2"}],"replies":[{"embeddable":true,"href":"https:\/\/gregorydamy.niceavocats.fr\/es\/wp-json\/wp\/v2\/comments?post=4570"}],"version-history":[{"count":0,"href":"https:\/\/gregorydamy.niceavocats.fr\/es\/wp-json\/wp\/v2\/posts\/4570\/revisions"}],"wp:attachment":[{"href":"https:\/\/gregorydamy.niceavocats.fr\/es\/wp-json\/wp\/v2\/media?parent=4570"}],"wp:term":[{"taxonomy":"category","embeddable":true,"href":"https:\/\/gregorydamy.niceavocats.fr\/es\/wp-json\/wp\/v2\/categories?post=4570"},{"taxonomy":"post_tag","embeddable":true,"href":"https:\/\/gregorydamy.niceavocats.fr\/es\/wp-json\/wp\/v2\/tags?post=4570"}],"curies":[{"name":"wp","href":"https:\/\/api.w.org\/{rel}","templated":true}]}}