{"id":4490,"date":"2012-05-22T07:47:50","date_gmt":"2012-05-22T07:47:50","guid":{"rendered":"https:\/\/gregorydamy.niceavocats.fr\/?p=4490"},"modified":"2023-08-02T09:06:24","modified_gmt":"2023-08-02T09:06:24","slug":"puede-una-empresa-contaminar-impunemente","status":"publish","type":"post","link":"https:\/\/gregorydamy.niceavocats.fr\/es\/puede-una-empresa-contaminar-impunemente\/","title":{"rendered":"\u00bfPuede una empresa contaminar impunemente?"},"content":{"rendered":"<p>[et_pb_section fb_built=&#8221;1&#8243; admin_label=&#8221;section&#8221; _builder_version=&#8221;4.19.5&#8243; custom_margin=&#8221;||0px||false|false&#8221; custom_padding=&#8221;||0px||false|false&#8221; locked=&#8221;off&#8221; global_colors_info=&#8221;{}&#8221;][et_pb_row column_structure=&#8221;1_3,1_3,1_3&#8243; _builder_version=&#8221;4.19.5&#8243; _module_preset=&#8221;default&#8221; background_enable_mask_style=&#8221;on&#8221; background_mask_style=&#8221;wave&#8221; background_mask_color=&#8221;rgba(0,0,0,0.08)&#8221; custom_padding=&#8221;||6px|||&#8221; locked=&#8221;off&#8221; global_colors_info=&#8221;{}&#8221;][et_pb_column type=&#8221;1_3&#8243; _builder_version=&#8221;4.19.5&#8243; _module_preset=&#8221;default&#8221; global_colors_info=&#8221;{}&#8221;][\/et_pb_column][et_pb_column type=&#8221;1_3&#8243; _builder_version=&#8221;4.19.5&#8243; _module_preset=&#8221;default&#8221; global_colors_info=&#8221;{}&#8221;][\/et_pb_column][et_pb_column type=&#8221;1_3&#8243; _builder_version=&#8221;4.19.5&#8243; _module_preset=&#8221;default&#8221; global_colors_info=&#8221;{}&#8221;][et_pb_circle_counter title=&#8221;Tiempo estimado de lectura (en minutos)&#8221; number=&#8221;2&#8243; percent_sign=&#8221;off&#8221; _builder_version=&#8221;4.20.2&#8243; _module_preset=&#8221;default&#8221; title_font=&#8221;Amiri||||||||&#8221; max_width=&#8221;137px&#8221; global_colors_info=&#8221;{}&#8221;][\/et_pb_circle_counter][\/et_pb_column][\/et_pb_row][et_pb_row _builder_version=&#8221;4.19.5&#8243; _module_preset=&#8221;default&#8221; custom_margin=&#8221;||0px||false|false&#8221; custom_padding=&#8221;||0px||false|false&#8221; global_colors_info=&#8221;{}&#8221;][et_pb_column type=&#8221;4_4&#8243; _builder_version=&#8221;4.19.5&#8243; _module_preset=&#8221;default&#8221; global_colors_info=&#8221;{}&#8221;][et_pb_divider _builder_version=&#8221;4.19.5&#8243; _module_preset=&#8221;default&#8221; global_colors_info=&#8221;{}&#8221;][\/et_pb_divider][\/et_pb_column][\/et_pb_row][et_pb_row admin_label=&#8221;row&#8221; _builder_version=&#8221;4.16&#8243; background_size=&#8221;initial&#8221; background_position=&#8221;top_left&#8221; background_repeat=&#8221;repeat&#8221; global_colors_info=&#8221;{}&#8221;][et_pb_column type=&#8221;4_4&#8243; _builder_version=&#8221;4.16&#8243; custom_padding=&#8221;|||&#8221; global_colors_info=&#8221;{}&#8221; custom_padding__hover=&#8221;|||&#8221;][et_pb_image _builder_version=&#8221;4.21.0&#8243; _module_preset=&#8221;default&#8221; title_text=&#8221;pollution-4796858_1280-2&#8243; src=&#8221;https:\/\/gregorydamy.niceavocats.fr\/wp-content\/uploads\/2023\/07\/pollution-4796858_1280-2.jpg&#8221; hover_enabled=&#8221;0&#8243; sticky_enabled=&#8221;0&#8243;][\/et_pb_image][et_pb_text admin_label=&#8221;Text&#8221; _builder_version=&#8221;4.21.0&#8243; text_font=&#8221;Amiri||||||||&#8221; header_2_font=&#8221;Amiri||||||||&#8221; header_3_font=&#8221;Amiri||||||||&#8221; background_size=&#8221;initial&#8221; background_position=&#8221;top_left&#8221; background_repeat=&#8221;repeat&#8221; hover_enabled=&#8221;0&#8243; global_colors_info=&#8221;{}&#8221; sticky_enabled=&#8221;0&#8243;]<\/p>\n<div class=\"entry-content\">\n<p><span>Los desastres provocados por el hombre van en aumento\u2026 y bajo la presi\u00f3n de la opini\u00f3n p\u00fablica, la ley y la justicia penalizan cada vez m\u00e1s y con severidad a las empresas que\u00a0<\/span><a href=\"https:\/\/www.service-public.fr\/particuliers\/vosdroits\/R2351\"><span>contaminan<\/span><\/a><span>\u00a0.<\/span><\/p>\n<h2><span>AGUA :<\/span><\/h2>\n<p><span>El juicio Erika hizo posible por primera vez ver indemnizaciones a particulares, autoridades locales y asociaciones de protecci\u00f3n de la naturaleza por la contaminaci\u00f3n por petr\u00f3leo.\u00a0En el caso de los nitratos, no hay compensaci\u00f3n pero se env\u00edan multas a las fincas cuyas lecturas indican que contaminan las aguas subterr\u00e1neas.<\/span><\/p>\n<h2><span>AIRE :<\/span><\/h2>\n<p><span>Hay muchos tipos de contaminaci\u00f3n del aire pero es dif\u00edcil obtener una indemnizaci\u00f3n porque el procedimiento es civil y no penal.\u00a0De hecho, durante el proceso civil, corresponde a la parte, es decir, a usted, probar la liberaci\u00f3n de gases t\u00f3xicos, el da\u00f1o sufrido y el nexo de causalidad entre ambos.\u00a0Por lo tanto, las condenas son raras.<\/span><\/p>\n<h2><span>\u00a0PISO :<\/span><\/h2>\n<p><span>La contaminaci\u00f3n de los suelos proviene de los productos fitosanitarios que se esparcen en los campos para tratarlos.\u00a0La normativa europea establece una lista de productos utilizables.\u00a0En caso de que un producto qu\u00edmico cause da\u00f1os al medio ambiente, la \u00fanica sanci\u00f3n posible es su retirada del mercado.\u00a0<\/span><strong><span>VIVOS:<\/span><\/strong><span>\u00a0Hay poca jurisprudencia que condene a un tercero por da\u00f1os causados \u200b\u200ba seres vivos.\u00a0En cuanto a las dem\u00e1s contaminaciones, el problema es el de la prueba de la causalidad.\u00a0El procedimiento exige probar que es la contaminaci\u00f3n causada por un tercero la \u00fanica responsable del da\u00f1o sufrido por el tercero.<\/span><\/p>\n<h2><span>N\u00d3TESE BIEN<\/span><\/h2>\n<p><span>Adem\u00e1s de los cuatro elements mencionados anteriormente, incluida nuestra personita, \u00bfqu\u00e9 pasa con la &#8220;contaminaci\u00f3n lum\u00ednica&#8221;?\u00a0cuando las luces artificiales son tan numerosas y ubicuas que restan valor a la oscuridad normal y deseable de la noche?\u00a0Aunque no es perjudicial para la salud, al caer la noche, innumerables fuentes de luz artificial (alumbrado urbano, r\u00f3tulos publicitarios, escaparates, oficinas permanently illuminated, etc.) toman el relevo del sol en los n\u00facleos urbanos hasta el m\u00e1s peque\u00f1o pueblo.<\/span><br \/><span>Asimismo, from el 1 de julio de 2012, los comerciantes deben apagar sus anuncios y letreros de ne\u00f3n entre la 1 y las 6 de la ma\u00f1ana, si su negocio est\u00e1 cerrado, una hora antes de abrir y dejarlo encendido hasta una hora despu\u00e9s del cierre (art. R581-59 of el c\u00f3digo de medio ambiente).<\/span><br \/><span>Whenever a los anuncios luminosos, quedan excluidos de la obligaci\u00f3n de extinci\u00f3n nocturna los aeropuertos y las localidades de m\u00e1s de 800,000 habitantes, para lo cual deber\u00e1n decider los municipios mediante la normativa local de publicidad.<\/span><br \/><span>Asimismo, no quedan afectados los anuncios y carteles digitales illuminados por proyecci\u00f3n o transparency, colocados en mobiliario urbano, siempre que sus im\u00e1genes sean fijas.<\/span><br \/><span>Adem\u00e1s, queda prohibida toda publicidad luminosa:<\/span><br \/><span>&#8211; in land vehicles,<\/span><br \/><span>&#8211; in localities of menos of 10.000 inhabitants, salvo that pertenezcan has an urban unity of m\u00e1s de 100.000 inhabitants,<\/span><br \/><span>&#8211; in valley or guardarra\u00edl of balcony.<\/span><\/p>\n<p>&nbsp;<\/p>\n<p><a href=\"https:\/\/gregorydamy.niceavocats.fr\/notre-equipe\/\"><span>Bufete de abogados DAMY<\/span><\/a><span>\u00a0, Niza, update 2022<\/span><\/p>\n<\/div>\n<p>[\/et_pb_text][\/et_pb_column][\/et_pb_row][et_pb_row _builder_version=&#8221;4.19.5&#8243; _module_preset=&#8221;default&#8221; custom_margin=&#8221;||0px||false|false&#8221; custom_padding=&#8221;||0px||false|false&#8221; global_colors_info=&#8221;{}&#8221;][et_pb_column type=&#8221;4_4&#8243; _builder_version=&#8221;4.19.5&#8243; _module_preset=&#8221;default&#8221; global_colors_info=&#8221;{}&#8221;][et_pb_divider _builder_version=&#8221;4.19.5&#8243; _module_preset=&#8221;default&#8221; global_colors_info=&#8221;{}&#8221;][\/et_pb_divider][\/et_pb_column][\/et_pb_row][\/et_pb_section]<\/p>\n","protected":false},"excerpt":{"rendered":"<p>Los desastres provocados por el hombre van en aumento\u2026 y bajo la presi\u00f3n de la opini\u00f3n p\u00fablica, la ley y la justicia penalizan cada vez m\u00e1s y con severidad a las empresas que\u00a0contaminan\u00a0. AGUA : El juicio Erika hizo posible por primera vez ver indemnizaciones a particulares, autoridades locales y asociaciones de protecci\u00f3n de la [&hellip;]<\/p>\n","protected":false},"author":2,"featured_media":0,"comment_status":"open","ping_status":"open","sticky":false,"template":"","format":"standard","meta":{"_et_pb_use_builder":"on","_et_pb_old_content":"","_et_gb_content_width":"","footnotes":""},"categories":[296,24],"tags":[],"class_list":["post-4490","post","type-post","status-publish","format-standard","hentry","category-derecho-mercantil-y-de-sociedades","category-droit-commercial-et-des-societes"],"yoast_head":"<!-- This site is optimized with the Yoast SEO plugin v26.8 - https:\/\/yoast.com\/product\/yoast-seo-wordpress\/ -->\n<title>\u00bfPuede una empresa contaminar impunemente? - Soci\u00e9t\u00e9 d&#039;avocats Damy<\/title>\n<meta name=\"robots\" content=\"index, follow, max-snippet:-1, max-image-preview:large, max-video-preview:-1\" \/>\n<link rel=\"canonical\" href=\"https:\/\/gregorydamy.niceavocats.fr\/es\/puede-una-empresa-contaminar-impunemente\/\" \/>\n<meta property=\"og:locale\" content=\"es_ES\" \/>\n<meta property=\"og:type\" content=\"article\" \/>\n<meta property=\"og:title\" content=\"\u00bfPuede una empresa contaminar impunemente? - Soci\u00e9t\u00e9 d&#039;avocats Damy\" \/>\n<meta property=\"og:description\" content=\"Los desastres provocados por el hombre van en aumento\u2026 y bajo la presi\u00f3n de la opini\u00f3n p\u00fablica, la ley y la justicia penalizan cada vez m\u00e1s y con severidad a las empresas que\u00a0contaminan\u00a0. AGUA : El juicio Erika hizo posible por primera vez ver indemnizaciones a particulares, autoridades locales y asociaciones de protecci\u00f3n de la [&hellip;]\" \/>\n<meta property=\"og:url\" content=\"https:\/\/gregorydamy.niceavocats.fr\/es\/puede-una-empresa-contaminar-impunemente\/\" \/>\n<meta property=\"og:site_name\" content=\"Soci\u00e9t\u00e9 d&#039;avocats Damy\" \/>\n<meta property=\"article:publisher\" content=\"https:\/\/www.facebook.com\/niceavocats.fr\/\" \/>\n<meta property=\"article:published_time\" content=\"2012-05-22T07:47:50+00:00\" \/>\n<meta property=\"article:modified_time\" content=\"2023-08-02T09:06:24+00:00\" \/>\n<meta name=\"author\" content=\"Kevin\" \/>\n<meta name=\"twitter:card\" content=\"summary_large_image\" \/>\n<meta name=\"twitter:label1\" content=\"Escrito por\" \/>\n\t<meta name=\"twitter:data1\" content=\"Kevin\" \/>\n\t<meta name=\"twitter:label2\" content=\"Tiempo de lectura\" \/>\n\t<meta name=\"twitter:data2\" content=\"4 minutos\" \/>\n<script type=\"application\/ld+json\" class=\"yoast-schema-graph\">{\"@context\":\"https:\/\/schema.org\",\"@graph\":[{\"@type\":\"Article\",\"@id\":\"https:\/\/gregorydamy.niceavocats.fr\/es\/puede-una-empresa-contaminar-impunemente\/#article\",\"isPartOf\":{\"@id\":\"https:\/\/gregorydamy.niceavocats.fr\/es\/puede-una-empresa-contaminar-impunemente\/\"},\"author\":{\"name\":\"Kevin\",\"@id\":\"https:\/\/gregorydamy.niceavocats.fr\/es\/#\/schema\/person\/e040acb2856efaa1e114d0e7a92a3870\"},\"headline\":\"\u00bfPuede una empresa contaminar impunemente?\",\"datePublished\":\"2012-05-22T07:47:50+00:00\",\"dateModified\":\"2023-08-02T09:06:24+00:00\",\"mainEntityOfPage\":{\"@id\":\"https:\/\/gregorydamy.niceavocats.fr\/es\/puede-una-empresa-contaminar-impunemente\/\"},\"wordCount\":878,\"commentCount\":0,\"publisher\":{\"@id\":\"https:\/\/gregorydamy.niceavocats.fr\/es\/#organization\"},\"articleSection\":[\"Derecho mercantil y de sociedades\",\"Droit commercial et des soci\u00e9t\u00e9s\"],\"inLanguage\":\"es\",\"potentialAction\":[{\"@type\":\"CommentAction\",\"name\":\"Comment\",\"target\":[\"https:\/\/gregorydamy.niceavocats.fr\/es\/puede-una-empresa-contaminar-impunemente\/#respond\"]}]},{\"@type\":\"WebPage\",\"@id\":\"https:\/\/gregorydamy.niceavocats.fr\/es\/puede-una-empresa-contaminar-impunemente\/\",\"url\":\"https:\/\/gregorydamy.niceavocats.fr\/es\/puede-una-empresa-contaminar-impunemente\/\",\"name\":\"\u00bfPuede una empresa contaminar impunemente? - Soci\u00e9t\u00e9 d&#039;avocats Damy\",\"isPartOf\":{\"@id\":\"https:\/\/gregorydamy.niceavocats.fr\/es\/#website\"},\"datePublished\":\"2012-05-22T07:47:50+00:00\",\"dateModified\":\"2023-08-02T09:06:24+00:00\",\"breadcrumb\":{\"@id\":\"https:\/\/gregorydamy.niceavocats.fr\/es\/puede-una-empresa-contaminar-impunemente\/#breadcrumb\"},\"inLanguage\":\"es\",\"potentialAction\":[{\"@type\":\"ReadAction\",\"target\":[\"https:\/\/gregorydamy.niceavocats.fr\/es\/puede-una-empresa-contaminar-impunemente\/\"]}]},{\"@type\":\"BreadcrumbList\",\"@id\":\"https:\/\/gregorydamy.niceavocats.fr\/es\/puede-una-empresa-contaminar-impunemente\/#breadcrumb\",\"itemListElement\":[{\"@type\":\"ListItem\",\"position\":1,\"name\":\"Accueil\",\"item\":\"https:\/\/gregorydamy.niceavocats.fr\/es\/\"},{\"@type\":\"ListItem\",\"position\":2,\"name\":\"\u00bfPuede una empresa contaminar impunemente?\"}]},{\"@type\":\"WebSite\",\"@id\":\"https:\/\/gregorydamy.niceavocats.fr\/es\/#website\",\"url\":\"https:\/\/gregorydamy.niceavocats.fr\/es\/\",\"name\":\"Soci\u00e9t\u00e9 d&#039;avocats Damy\",\"description\":\"Justice - Confiance - Efficacit\u00e9\",\"publisher\":{\"@id\":\"https:\/\/gregorydamy.niceavocats.fr\/es\/#organization\"},\"potentialAction\":[{\"@type\":\"SearchAction\",\"target\":{\"@type\":\"EntryPoint\",\"urlTemplate\":\"https:\/\/gregorydamy.niceavocats.fr\/es\/?s={search_term_string}\"},\"query-input\":{\"@type\":\"PropertyValueSpecification\",\"valueRequired\":true,\"valueName\":\"search_term_string\"}}],\"inLanguage\":\"es\"},{\"@type\":\"Organization\",\"@id\":\"https:\/\/gregorydamy.niceavocats.fr\/es\/#organization\",\"name\":\"Soci\u00e9t\u00e9 d'Avocats DAMY\",\"alternateName\":\"Gr\u00e9gory DAMY\",\"url\":\"https:\/\/gregorydamy.niceavocats.fr\/es\/\",\"logo\":{\"@type\":\"ImageObject\",\"inLanguage\":\"es\",\"@id\":\"https:\/\/gregorydamy.niceavocats.fr\/es\/#\/schema\/logo\/image\/\",\"url\":\"https:\/\/gregorydamy.niceavocats.fr\/wp-content\/uploads\/2023\/04\/damylogo-1.png\",\"contentUrl\":\"https:\/\/gregorydamy.niceavocats.fr\/wp-content\/uploads\/2023\/04\/damylogo-1.png\",\"width\":1890,\"height\":1417,\"caption\":\"Soci\u00e9t\u00e9 d'Avocats DAMY\"},\"image\":{\"@id\":\"https:\/\/gregorydamy.niceavocats.fr\/es\/#\/schema\/logo\/image\/\"},\"sameAs\":[\"https:\/\/www.facebook.com\/niceavocats.fr\/\"]},{\"@type\":\"Person\",\"@id\":\"https:\/\/gregorydamy.niceavocats.fr\/es\/#\/schema\/person\/e040acb2856efaa1e114d0e7a92a3870\",\"name\":\"Kevin\",\"url\":\"https:\/\/gregorydamy.niceavocats.fr\/es\/author\/kevin\/\"}]}<\/script>\n<!-- \/ Yoast SEO plugin. -->","yoast_head_json":{"title":"\u00bfPuede una empresa contaminar impunemente? - Soci\u00e9t\u00e9 d&#039;avocats Damy","robots":{"index":"index","follow":"follow","max-snippet":"max-snippet:-1","max-image-preview":"max-image-preview:large","max-video-preview":"max-video-preview:-1"},"canonical":"https:\/\/gregorydamy.niceavocats.fr\/es\/puede-una-empresa-contaminar-impunemente\/","og_locale":"es_ES","og_type":"article","og_title":"\u00bfPuede una empresa contaminar impunemente? - Soci\u00e9t\u00e9 d&#039;avocats Damy","og_description":"Los desastres provocados por el hombre van en aumento\u2026 y bajo la presi\u00f3n de la opini\u00f3n p\u00fablica, la ley y la justicia penalizan cada vez m\u00e1s y con severidad a las empresas que\u00a0contaminan\u00a0. AGUA : El juicio Erika hizo posible por primera vez ver indemnizaciones a particulares, autoridades locales y asociaciones de protecci\u00f3n de la [&hellip;]","og_url":"https:\/\/gregorydamy.niceavocats.fr\/es\/puede-una-empresa-contaminar-impunemente\/","og_site_name":"Soci\u00e9t\u00e9 d&#039;avocats Damy","article_publisher":"https:\/\/www.facebook.com\/niceavocats.fr\/","article_published_time":"2012-05-22T07:47:50+00:00","article_modified_time":"2023-08-02T09:06:24+00:00","author":"Kevin","twitter_card":"summary_large_image","twitter_misc":{"Escrito por":"Kevin","Tiempo de lectura":"4 minutos"},"schema":{"@context":"https:\/\/schema.org","@graph":[{"@type":"Article","@id":"https:\/\/gregorydamy.niceavocats.fr\/es\/puede-una-empresa-contaminar-impunemente\/#article","isPartOf":{"@id":"https:\/\/gregorydamy.niceavocats.fr\/es\/puede-una-empresa-contaminar-impunemente\/"},"author":{"name":"Kevin","@id":"https:\/\/gregorydamy.niceavocats.fr\/es\/#\/schema\/person\/e040acb2856efaa1e114d0e7a92a3870"},"headline":"\u00bfPuede una empresa contaminar impunemente?","datePublished":"2012-05-22T07:47:50+00:00","dateModified":"2023-08-02T09:06:24+00:00","mainEntityOfPage":{"@id":"https:\/\/gregorydamy.niceavocats.fr\/es\/puede-una-empresa-contaminar-impunemente\/"},"wordCount":878,"commentCount":0,"publisher":{"@id":"https:\/\/gregorydamy.niceavocats.fr\/es\/#organization"},"articleSection":["Derecho mercantil y de sociedades","Droit commercial et des soci\u00e9t\u00e9s"],"inLanguage":"es","potentialAction":[{"@type":"CommentAction","name":"Comment","target":["https:\/\/gregorydamy.niceavocats.fr\/es\/puede-una-empresa-contaminar-impunemente\/#respond"]}]},{"@type":"WebPage","@id":"https:\/\/gregorydamy.niceavocats.fr\/es\/puede-una-empresa-contaminar-impunemente\/","url":"https:\/\/gregorydamy.niceavocats.fr\/es\/puede-una-empresa-contaminar-impunemente\/","name":"\u00bfPuede una empresa contaminar impunemente? - Soci\u00e9t\u00e9 d&#039;avocats Damy","isPartOf":{"@id":"https:\/\/gregorydamy.niceavocats.fr\/es\/#website"},"datePublished":"2012-05-22T07:47:50+00:00","dateModified":"2023-08-02T09:06:24+00:00","breadcrumb":{"@id":"https:\/\/gregorydamy.niceavocats.fr\/es\/puede-una-empresa-contaminar-impunemente\/#breadcrumb"},"inLanguage":"es","potentialAction":[{"@type":"ReadAction","target":["https:\/\/gregorydamy.niceavocats.fr\/es\/puede-una-empresa-contaminar-impunemente\/"]}]},{"@type":"BreadcrumbList","@id":"https:\/\/gregorydamy.niceavocats.fr\/es\/puede-una-empresa-contaminar-impunemente\/#breadcrumb","itemListElement":[{"@type":"ListItem","position":1,"name":"Accueil","item":"https:\/\/gregorydamy.niceavocats.fr\/es\/"},{"@type":"ListItem","position":2,"name":"\u00bfPuede una empresa contaminar impunemente?"}]},{"@type":"WebSite","@id":"https:\/\/gregorydamy.niceavocats.fr\/es\/#website","url":"https:\/\/gregorydamy.niceavocats.fr\/es\/","name":"Soci\u00e9t\u00e9 d&#039;avocats Damy","description":"Justice - Confiance - Efficacit\u00e9","publisher":{"@id":"https:\/\/gregorydamy.niceavocats.fr\/es\/#organization"},"potentialAction":[{"@type":"SearchAction","target":{"@type":"EntryPoint","urlTemplate":"https:\/\/gregorydamy.niceavocats.fr\/es\/?s={search_term_string}"},"query-input":{"@type":"PropertyValueSpecification","valueRequired":true,"valueName":"search_term_string"}}],"inLanguage":"es"},{"@type":"Organization","@id":"https:\/\/gregorydamy.niceavocats.fr\/es\/#organization","name":"Soci\u00e9t\u00e9 d'Avocats DAMY","alternateName":"Gr\u00e9gory DAMY","url":"https:\/\/gregorydamy.niceavocats.fr\/es\/","logo":{"@type":"ImageObject","inLanguage":"es","@id":"https:\/\/gregorydamy.niceavocats.fr\/es\/#\/schema\/logo\/image\/","url":"https:\/\/gregorydamy.niceavocats.fr\/wp-content\/uploads\/2023\/04\/damylogo-1.png","contentUrl":"https:\/\/gregorydamy.niceavocats.fr\/wp-content\/uploads\/2023\/04\/damylogo-1.png","width":1890,"height":1417,"caption":"Soci\u00e9t\u00e9 d'Avocats DAMY"},"image":{"@id":"https:\/\/gregorydamy.niceavocats.fr\/es\/#\/schema\/logo\/image\/"},"sameAs":["https:\/\/www.facebook.com\/niceavocats.fr\/"]},{"@type":"Person","@id":"https:\/\/gregorydamy.niceavocats.fr\/es\/#\/schema\/person\/e040acb2856efaa1e114d0e7a92a3870","name":"Kevin","url":"https:\/\/gregorydamy.niceavocats.fr\/es\/author\/kevin\/"}]}},"_links":{"self":[{"href":"https:\/\/gregorydamy.niceavocats.fr\/es\/wp-json\/wp\/v2\/posts\/4490","targetHints":{"allow":["GET"]}}],"collection":[{"href":"https:\/\/gregorydamy.niceavocats.fr\/es\/wp-json\/wp\/v2\/posts"}],"about":[{"href":"https:\/\/gregorydamy.niceavocats.fr\/es\/wp-json\/wp\/v2\/types\/post"}],"author":[{"embeddable":true,"href":"https:\/\/gregorydamy.niceavocats.fr\/es\/wp-json\/wp\/v2\/users\/2"}],"replies":[{"embeddable":true,"href":"https:\/\/gregorydamy.niceavocats.fr\/es\/wp-json\/wp\/v2\/comments?post=4490"}],"version-history":[{"count":0,"href":"https:\/\/gregorydamy.niceavocats.fr\/es\/wp-json\/wp\/v2\/posts\/4490\/revisions"}],"wp:attachment":[{"href":"https:\/\/gregorydamy.niceavocats.fr\/es\/wp-json\/wp\/v2\/media?parent=4490"}],"wp:term":[{"taxonomy":"category","embeddable":true,"href":"https:\/\/gregorydamy.niceavocats.fr\/es\/wp-json\/wp\/v2\/categories?post=4490"},{"taxonomy":"post_tag","embeddable":true,"href":"https:\/\/gregorydamy.niceavocats.fr\/es\/wp-json\/wp\/v2\/tags?post=4490"}],"curies":[{"name":"wp","href":"https:\/\/api.w.org\/{rel}","templated":true}]}}