{"id":4456,"date":"2012-05-22T08:41:07","date_gmt":"2012-05-22T08:41:07","guid":{"rendered":"https:\/\/gregorydamy.niceavocats.fr\/?p=4456"},"modified":"2023-08-25T11:59:49","modified_gmt":"2023-08-25T11:59:49","slug":"como-romper-un-contrato","status":"publish","type":"post","link":"https:\/\/gregorydamy.niceavocats.fr\/es\/como-romper-un-contrato\/","title":{"rendered":"\u00bfC\u00f3mo romper un contrato?"},"content":{"rendered":"<p>[et_pb_section fb_built=&#8221;1&#8243; admin_label=&#8221;section&#8221; _builder_version=&#8221;4.19.5&#8243; custom_margin=&#8221;||0px||false|false&#8221; custom_padding=&#8221;||0px||false|false&#8221; locked=&#8221;off&#8221; global_colors_info=&#8221;{}&#8221;][et_pb_row column_structure=&#8221;1_3,1_3,1_3&#8243; _builder_version=&#8221;4.19.5&#8243; _module_preset=&#8221;default&#8221; background_enable_mask_style=&#8221;on&#8221; background_mask_style=&#8221;wave&#8221; background_mask_color=&#8221;rgba(0,0,0,0.08)&#8221; custom_padding=&#8221;||6px|||&#8221; locked=&#8221;off&#8221; global_colors_info=&#8221;{}&#8221;][et_pb_column type=&#8221;1_3&#8243; _builder_version=&#8221;4.19.5&#8243; _module_preset=&#8221;default&#8221; global_colors_info=&#8221;{}&#8221;][\/et_pb_column][et_pb_column type=&#8221;1_3&#8243; _builder_version=&#8221;4.19.5&#8243; _module_preset=&#8221;default&#8221; global_colors_info=&#8221;{}&#8221;][\/et_pb_column][et_pb_column type=&#8221;1_3&#8243; _builder_version=&#8221;4.19.5&#8243; _module_preset=&#8221;default&#8221; global_colors_info=&#8221;{}&#8221;][et_pb_circle_counter title=&#8221;Tiempo estimado de lectura (en minutos)&#8221; number=&#8221;2&#8243; percent_sign=&#8221;off&#8221; _builder_version=&#8221;4.20.2&#8243; _module_preset=&#8221;default&#8221; title_font=&#8221;Amiri||||||||&#8221; max_width=&#8221;137px&#8221; global_colors_info=&#8221;{}&#8221;][\/et_pb_circle_counter][\/et_pb_column][\/et_pb_row][et_pb_row _builder_version=&#8221;4.19.5&#8243; _module_preset=&#8221;default&#8221; custom_margin=&#8221;||0px||false|false&#8221; custom_padding=&#8221;||0px||false|false&#8221; global_colors_info=&#8221;{}&#8221;][et_pb_column type=&#8221;4_4&#8243; _builder_version=&#8221;4.19.5&#8243; _module_preset=&#8221;default&#8221; global_colors_info=&#8221;{}&#8221;][et_pb_divider _builder_version=&#8221;4.19.5&#8243; _module_preset=&#8221;default&#8221; global_colors_info=&#8221;{}&#8221;][\/et_pb_divider][\/et_pb_column][\/et_pb_row][et_pb_row admin_label=&#8221;row&#8221; _builder_version=&#8221;4.16&#8243; background_size=&#8221;initial&#8221; background_position=&#8221;top_left&#8221; background_repeat=&#8221;repeat&#8221; global_colors_info=&#8221;{}&#8221;][et_pb_column type=&#8221;4_4&#8243; _builder_version=&#8221;4.16&#8243; custom_padding=&#8221;|||&#8221; global_colors_info=&#8221;{}&#8221; custom_padding__hover=&#8221;|||&#8221;][et_pb_image src=&#8221;https:\/\/gregorydamy.niceavocats.fr\/wp-content\/uploads\/2023\/08\/contract-6945640_1280-2.png&#8221; title_text=&#8221;contract-6945640_1280-2&#8243; _builder_version=&#8221;4.21.0&#8243; _module_preset=&#8221;default&#8221; hover_enabled=&#8221;0&#8243; global_colors_info=&#8221;{}&#8221; sticky_enabled=&#8221;0&#8243;][\/et_pb_image][et_pb_text admin_label=&#8221;Text&#8221; _builder_version=&#8221;4.21.0&#8243; text_font=&#8221;Amiri||||||||&#8221; header_2_font=&#8221;Amiri||||||||&#8221; header_3_font=&#8221;Amiri||||||||&#8221; background_size=&#8221;initial&#8221; background_position=&#8221;top_left&#8221; background_repeat=&#8221;repeat&#8221; hover_enabled=&#8221;0&#8243; global_colors_info=&#8221;{}&#8221; sticky_enabled=&#8221;0&#8243;]<\/p>\n<div class=\"entry-content\">\n<p><span class=\"\"><span>\u00bfQuiere\u00a0<\/span><a href=\"https:\/\/www.service-public.fr\/particuliers\/vosdroits\/F33991#:~:text=La%20r%C3%A9siliation%20est%20possible%20%C3%A0,tout%20moment%20par%20lettre%20recommand%C3%A9e.\"><span>rescindir un contrato con un\u00a0\u00a0<\/span><\/a><\/span><a href=\"https:\/\/www.service-public.fr\/particuliers\/vosdroits\/F33991#:~:text=La%20r%C3%A9siliation%20est%20possible%20%C3%A0,tout%20moment%20par%20lettre%20recommand%C3%A9e.\"><span class=\"\"><span>cliente\u00a0<\/span><\/span><\/a><span class=\"\"><a href=\"https:\/\/www.service-public.fr\/particuliers\/vosdroits\/F33991#:~:text=La%20r%C3%A9siliation%20est%20possible%20%C3%A0,tout%20moment%20par%20lettre%20recommand%C3%A9e.\"><span>\u00a0o un proveedor<\/span><\/a><span>\u00a0?\u00a0<\/span><\/span><span class=\"\"><span>Ten en cuenta que este proceso no se puede improvisar y que var\u00eda dependiendo de si tienes un contrato escrito u oral, o con un\u00a0\u00a0<\/span><\/span><span class=\"\"><span>agente\u00a0\u00a0<\/span><\/span><span class=\"\"><span>comercial .<\/span><\/span><\/p>\n<h2><span>EL CONTRATO VERBAL<\/span><\/h2>\n<p><span>En materia mercantil siempre existe un contrato, ya sea escrito u oral (en esta materia no es obligatorio escribir).\u00a0En primer lugar, es necesario establecer la trazabilidad del contrato, mediante la recogida de pruebas: \u00f3rdenes de compra, albaranes, cartas, correos electr\u00f3nicos, informes t\u00e9cnicos o de visitas&#8230; Una vez demostrado que el contrato existi\u00f3 en el tiempo,<\/span><br \/><span>en En todos los casos deber\u00e1 respetarse un plazo de tres a seis meses antes de ponerle fin.<\/span><\/p>\n<h2><span>EL CONTRATO ESCRITO<\/span><\/h2>\n<p><span>En este caso se hace referencia a las cl\u00e1usulas de rescisi\u00f3n estipuladas en el contrato.\u00a0Por ejemplo, en el marco de un contrato tradicional de dos o tres a\u00f1os renovables, cuya ejecuci\u00f3n es normal pero cuyas partes quieren separarse, generalmente habr\u00e1 que respetar un plazo de preaviso de tres meses.<\/span><br \/><span>En caso de incumplimiento de las obligaciones contractuales, los contratos comerciales prev\u00e9n que el cocontratante solicite al cocontratante &#8220;infractor&#8221;, por carta certificada, que subsane el incumplimiento en el plazo de un mes.\u00a0Si no se respeta este plazo, se le podr\u00e1 enviar una segunda carta certificada.\u00a0Si sigue inactivo, el contrato podr\u00e1 rescindirse tras un preaviso de tres meses.<\/span><\/p>\n<h2><span>EL CONTRATO CON UN AGENTE COMERCIAL<\/span><\/h2>\n<p><span>El agente comercial est\u00e1 sujeto a normas espec\u00edficas.\u00a0En primer lugar, deber\u00e1 estar inscrito en un registro especial del tribunal de comercio de su domicilio, tr\u00e1mite que deber\u00e1 renovarse cada cinco a\u00f1os.\u00a0Luego, aunque no sea obligatorio, debe producirse un contrato comercial si una de las partes lo solicita.\u00a0Finalmente, en caso de incumplimiento, el agente comercial ser\u00e1 indemnizado por todo el trabajo realizado, durante y despu\u00e9s del contrato.<\/span><br \/><span>Respecto al aviso de resoluci\u00f3n del contrato, es de al menos un mes por a\u00f1o de ejercicio.\u00a0Adem\u00e1s, un agente comercial pierde sus derechos si no los hace valer transcurrido un a\u00f1o.<\/span><\/p>\n<p><a href=\"https:\/\/gregorydamy.niceavocats.fr\/\"><span>Bufete de abogados DAMY<\/span><\/a><span>\u00a0, Niza, \u00bfc\u00f3mo rescindir un contrato?\u00a0Actualizaci\u00f3n 2022<\/span><\/p>\n<\/div>\n<p>[\/et_pb_text][\/et_pb_column][\/et_pb_row][et_pb_row _builder_version=&#8221;4.19.5&#8243; _module_preset=&#8221;default&#8221; custom_margin=&#8221;||0px||false|false&#8221; custom_padding=&#8221;||0px||false|false&#8221; global_colors_info=&#8221;{}&#8221;][et_pb_column type=&#8221;4_4&#8243; _builder_version=&#8221;4.19.5&#8243; _module_preset=&#8221;default&#8221; global_colors_info=&#8221;{}&#8221;][et_pb_divider _builder_version=&#8221;4.19.5&#8243; _module_preset=&#8221;default&#8221; global_colors_info=&#8221;{}&#8221;][\/et_pb_divider][\/et_pb_column][\/et_pb_row][\/et_pb_section]<\/p>\n","protected":false},"excerpt":{"rendered":"<p>\u00bfQuiere\u00a0rescindir un contrato con un\u00a0\u00a0cliente\u00a0\u00a0o un proveedor\u00a0?\u00a0Ten en cuenta que este proceso no se puede improvisar y que var\u00eda dependiendo de si tienes un contrato escrito u oral, o con un\u00a0\u00a0agente\u00a0\u00a0comercial . EL CONTRATO VERBAL En materia mercantil siempre existe un contrato, ya sea escrito u oral (en esta materia no es obligatorio escribir).\u00a0En primer [&hellip;]<\/p>\n","protected":false},"author":2,"featured_media":0,"comment_status":"open","ping_status":"open","sticky":false,"template":"","format":"standard","meta":{"_et_pb_use_builder":"on","_et_pb_old_content":"","_et_gb_content_width":"","footnotes":""},"categories":[322],"tags":[],"class_list":["post-4456","post","type-post","status-publish","format-standard","hentry","category-derecho-contractual"],"yoast_head":"<!-- This site is optimized with the Yoast SEO plugin v26.8 - https:\/\/yoast.com\/product\/yoast-seo-wordpress\/ -->\n<title>\u00bfC\u00f3mo romper un contrato? - Soci\u00e9t\u00e9 d&#039;avocats Damy<\/title>\n<meta name=\"description\" content=\"\u00bfC\u00f3mo romper un contrato? Vous souhaitez rompre un contrat avec un client ou un fournisseur ? Sachez que cette d\u00e9marche ne s&#039;improvise\" \/>\n<meta name=\"robots\" content=\"index, follow, max-snippet:-1, max-image-preview:large, max-video-preview:-1\" \/>\n<link rel=\"canonical\" href=\"https:\/\/gregorydamy.niceavocats.fr\/es\/como-romper-un-contrato\/\" \/>\n<meta property=\"og:locale\" content=\"es_ES\" \/>\n<meta property=\"og:type\" content=\"article\" \/>\n<meta property=\"og:title\" content=\"\u00bfC\u00f3mo romper un contrato? - Soci\u00e9t\u00e9 d&#039;avocats Damy\" \/>\n<meta property=\"og:description\" content=\"\u00bfC\u00f3mo romper un contrato? Vous souhaitez rompre un contrat avec un client ou un fournisseur ? Sachez que cette d\u00e9marche ne s&#039;improvise\" \/>\n<meta property=\"og:url\" content=\"https:\/\/gregorydamy.niceavocats.fr\/es\/como-romper-un-contrato\/\" \/>\n<meta property=\"og:site_name\" content=\"Soci\u00e9t\u00e9 d&#039;avocats Damy\" \/>\n<meta property=\"article:publisher\" content=\"https:\/\/www.facebook.com\/niceavocats.fr\/\" \/>\n<meta property=\"article:published_time\" content=\"2012-05-22T08:41:07+00:00\" \/>\n<meta property=\"article:modified_time\" content=\"2023-08-25T11:59:49+00:00\" \/>\n<meta name=\"author\" content=\"Kevin\" \/>\n<meta name=\"twitter:card\" content=\"summary_large_image\" \/>\n<meta name=\"twitter:label1\" content=\"Escrito por\" \/>\n\t<meta name=\"twitter:data1\" content=\"Kevin\" \/>\n\t<meta name=\"twitter:label2\" content=\"Tiempo de lectura\" \/>\n\t<meta name=\"twitter:data2\" content=\"3 minutos\" \/>\n<script type=\"application\/ld+json\" class=\"yoast-schema-graph\">{\"@context\":\"https:\/\/schema.org\",\"@graph\":[{\"@type\":\"Article\",\"@id\":\"https:\/\/gregorydamy.niceavocats.fr\/es\/como-romper-un-contrato\/#article\",\"isPartOf\":{\"@id\":\"https:\/\/gregorydamy.niceavocats.fr\/es\/como-romper-un-contrato\/\"},\"author\":{\"name\":\"Kevin\",\"@id\":\"https:\/\/gregorydamy.niceavocats.fr\/es\/#\/schema\/person\/e040acb2856efaa1e114d0e7a92a3870\"},\"headline\":\"\u00bfC\u00f3mo romper un contrato?\",\"datePublished\":\"2012-05-22T08:41:07+00:00\",\"dateModified\":\"2023-08-25T11:59:49+00:00\",\"mainEntityOfPage\":{\"@id\":\"https:\/\/gregorydamy.niceavocats.fr\/es\/como-romper-un-contrato\/\"},\"wordCount\":722,\"commentCount\":0,\"publisher\":{\"@id\":\"https:\/\/gregorydamy.niceavocats.fr\/es\/#organization\"},\"articleSection\":[\"Derecho contractual\"],\"inLanguage\":\"es\",\"potentialAction\":[{\"@type\":\"CommentAction\",\"name\":\"Comment\",\"target\":[\"https:\/\/gregorydamy.niceavocats.fr\/es\/como-romper-un-contrato\/#respond\"]}]},{\"@type\":\"WebPage\",\"@id\":\"https:\/\/gregorydamy.niceavocats.fr\/es\/como-romper-un-contrato\/\",\"url\":\"https:\/\/gregorydamy.niceavocats.fr\/es\/como-romper-un-contrato\/\",\"name\":\"\u00bfC\u00f3mo romper un contrato? - Soci\u00e9t\u00e9 d&#039;avocats Damy\",\"isPartOf\":{\"@id\":\"https:\/\/gregorydamy.niceavocats.fr\/es\/#website\"},\"datePublished\":\"2012-05-22T08:41:07+00:00\",\"dateModified\":\"2023-08-25T11:59:49+00:00\",\"description\":\"\u00bfC\u00f3mo romper un contrato? Vous souhaitez rompre un contrat avec un client ou un fournisseur ? Sachez que cette d\u00e9marche ne s'improvise\",\"breadcrumb\":{\"@id\":\"https:\/\/gregorydamy.niceavocats.fr\/es\/como-romper-un-contrato\/#breadcrumb\"},\"inLanguage\":\"es\",\"potentialAction\":[{\"@type\":\"ReadAction\",\"target\":[\"https:\/\/gregorydamy.niceavocats.fr\/es\/como-romper-un-contrato\/\"]}]},{\"@type\":\"BreadcrumbList\",\"@id\":\"https:\/\/gregorydamy.niceavocats.fr\/es\/como-romper-un-contrato\/#breadcrumb\",\"itemListElement\":[{\"@type\":\"ListItem\",\"position\":1,\"name\":\"Accueil\",\"item\":\"https:\/\/gregorydamy.niceavocats.fr\/es\/\"},{\"@type\":\"ListItem\",\"position\":2,\"name\":\"\u00bfC\u00f3mo romper un contrato?\"}]},{\"@type\":\"WebSite\",\"@id\":\"https:\/\/gregorydamy.niceavocats.fr\/es\/#website\",\"url\":\"https:\/\/gregorydamy.niceavocats.fr\/es\/\",\"name\":\"Soci\u00e9t\u00e9 d&#039;avocats Damy\",\"description\":\"Justice - Confiance - Efficacit\u00e9\",\"publisher\":{\"@id\":\"https:\/\/gregorydamy.niceavocats.fr\/es\/#organization\"},\"potentialAction\":[{\"@type\":\"SearchAction\",\"target\":{\"@type\":\"EntryPoint\",\"urlTemplate\":\"https:\/\/gregorydamy.niceavocats.fr\/es\/?s={search_term_string}\"},\"query-input\":{\"@type\":\"PropertyValueSpecification\",\"valueRequired\":true,\"valueName\":\"search_term_string\"}}],\"inLanguage\":\"es\"},{\"@type\":\"Organization\",\"@id\":\"https:\/\/gregorydamy.niceavocats.fr\/es\/#organization\",\"name\":\"Soci\u00e9t\u00e9 d'Avocats DAMY\",\"alternateName\":\"Gr\u00e9gory DAMY\",\"url\":\"https:\/\/gregorydamy.niceavocats.fr\/es\/\",\"logo\":{\"@type\":\"ImageObject\",\"inLanguage\":\"es\",\"@id\":\"https:\/\/gregorydamy.niceavocats.fr\/es\/#\/schema\/logo\/image\/\",\"url\":\"https:\/\/gregorydamy.niceavocats.fr\/wp-content\/uploads\/2023\/04\/damylogo-1.png\",\"contentUrl\":\"https:\/\/gregorydamy.niceavocats.fr\/wp-content\/uploads\/2023\/04\/damylogo-1.png\",\"width\":1890,\"height\":1417,\"caption\":\"Soci\u00e9t\u00e9 d'Avocats DAMY\"},\"image\":{\"@id\":\"https:\/\/gregorydamy.niceavocats.fr\/es\/#\/schema\/logo\/image\/\"},\"sameAs\":[\"https:\/\/www.facebook.com\/niceavocats.fr\/\"]},{\"@type\":\"Person\",\"@id\":\"https:\/\/gregorydamy.niceavocats.fr\/es\/#\/schema\/person\/e040acb2856efaa1e114d0e7a92a3870\",\"name\":\"Kevin\",\"url\":\"https:\/\/gregorydamy.niceavocats.fr\/es\/author\/kevin\/\"}]}<\/script>\n<!-- \/ Yoast SEO plugin. -->","yoast_head_json":{"title":"\u00bfC\u00f3mo romper un contrato? - Soci\u00e9t\u00e9 d&#039;avocats Damy","description":"\u00bfC\u00f3mo romper un contrato? Vous souhaitez rompre un contrat avec un client ou un fournisseur ? Sachez que cette d\u00e9marche ne s'improvise","robots":{"index":"index","follow":"follow","max-snippet":"max-snippet:-1","max-image-preview":"max-image-preview:large","max-video-preview":"max-video-preview:-1"},"canonical":"https:\/\/gregorydamy.niceavocats.fr\/es\/como-romper-un-contrato\/","og_locale":"es_ES","og_type":"article","og_title":"\u00bfC\u00f3mo romper un contrato? - Soci\u00e9t\u00e9 d&#039;avocats Damy","og_description":"\u00bfC\u00f3mo romper un contrato? Vous souhaitez rompre un contrat avec un client ou un fournisseur ? Sachez que cette d\u00e9marche ne s'improvise","og_url":"https:\/\/gregorydamy.niceavocats.fr\/es\/como-romper-un-contrato\/","og_site_name":"Soci\u00e9t\u00e9 d&#039;avocats Damy","article_publisher":"https:\/\/www.facebook.com\/niceavocats.fr\/","article_published_time":"2012-05-22T08:41:07+00:00","article_modified_time":"2023-08-25T11:59:49+00:00","author":"Kevin","twitter_card":"summary_large_image","twitter_misc":{"Escrito por":"Kevin","Tiempo de lectura":"3 minutos"},"schema":{"@context":"https:\/\/schema.org","@graph":[{"@type":"Article","@id":"https:\/\/gregorydamy.niceavocats.fr\/es\/como-romper-un-contrato\/#article","isPartOf":{"@id":"https:\/\/gregorydamy.niceavocats.fr\/es\/como-romper-un-contrato\/"},"author":{"name":"Kevin","@id":"https:\/\/gregorydamy.niceavocats.fr\/es\/#\/schema\/person\/e040acb2856efaa1e114d0e7a92a3870"},"headline":"\u00bfC\u00f3mo romper un contrato?","datePublished":"2012-05-22T08:41:07+00:00","dateModified":"2023-08-25T11:59:49+00:00","mainEntityOfPage":{"@id":"https:\/\/gregorydamy.niceavocats.fr\/es\/como-romper-un-contrato\/"},"wordCount":722,"commentCount":0,"publisher":{"@id":"https:\/\/gregorydamy.niceavocats.fr\/es\/#organization"},"articleSection":["Derecho contractual"],"inLanguage":"es","potentialAction":[{"@type":"CommentAction","name":"Comment","target":["https:\/\/gregorydamy.niceavocats.fr\/es\/como-romper-un-contrato\/#respond"]}]},{"@type":"WebPage","@id":"https:\/\/gregorydamy.niceavocats.fr\/es\/como-romper-un-contrato\/","url":"https:\/\/gregorydamy.niceavocats.fr\/es\/como-romper-un-contrato\/","name":"\u00bfC\u00f3mo romper un contrato? - Soci\u00e9t\u00e9 d&#039;avocats Damy","isPartOf":{"@id":"https:\/\/gregorydamy.niceavocats.fr\/es\/#website"},"datePublished":"2012-05-22T08:41:07+00:00","dateModified":"2023-08-25T11:59:49+00:00","description":"\u00bfC\u00f3mo romper un contrato? Vous souhaitez rompre un contrat avec un client ou un fournisseur ? Sachez que cette d\u00e9marche ne s'improvise","breadcrumb":{"@id":"https:\/\/gregorydamy.niceavocats.fr\/es\/como-romper-un-contrato\/#breadcrumb"},"inLanguage":"es","potentialAction":[{"@type":"ReadAction","target":["https:\/\/gregorydamy.niceavocats.fr\/es\/como-romper-un-contrato\/"]}]},{"@type":"BreadcrumbList","@id":"https:\/\/gregorydamy.niceavocats.fr\/es\/como-romper-un-contrato\/#breadcrumb","itemListElement":[{"@type":"ListItem","position":1,"name":"Accueil","item":"https:\/\/gregorydamy.niceavocats.fr\/es\/"},{"@type":"ListItem","position":2,"name":"\u00bfC\u00f3mo romper un contrato?"}]},{"@type":"WebSite","@id":"https:\/\/gregorydamy.niceavocats.fr\/es\/#website","url":"https:\/\/gregorydamy.niceavocats.fr\/es\/","name":"Soci\u00e9t\u00e9 d&#039;avocats Damy","description":"Justice - Confiance - Efficacit\u00e9","publisher":{"@id":"https:\/\/gregorydamy.niceavocats.fr\/es\/#organization"},"potentialAction":[{"@type":"SearchAction","target":{"@type":"EntryPoint","urlTemplate":"https:\/\/gregorydamy.niceavocats.fr\/es\/?s={search_term_string}"},"query-input":{"@type":"PropertyValueSpecification","valueRequired":true,"valueName":"search_term_string"}}],"inLanguage":"es"},{"@type":"Organization","@id":"https:\/\/gregorydamy.niceavocats.fr\/es\/#organization","name":"Soci\u00e9t\u00e9 d'Avocats DAMY","alternateName":"Gr\u00e9gory DAMY","url":"https:\/\/gregorydamy.niceavocats.fr\/es\/","logo":{"@type":"ImageObject","inLanguage":"es","@id":"https:\/\/gregorydamy.niceavocats.fr\/es\/#\/schema\/logo\/image\/","url":"https:\/\/gregorydamy.niceavocats.fr\/wp-content\/uploads\/2023\/04\/damylogo-1.png","contentUrl":"https:\/\/gregorydamy.niceavocats.fr\/wp-content\/uploads\/2023\/04\/damylogo-1.png","width":1890,"height":1417,"caption":"Soci\u00e9t\u00e9 d'Avocats DAMY"},"image":{"@id":"https:\/\/gregorydamy.niceavocats.fr\/es\/#\/schema\/logo\/image\/"},"sameAs":["https:\/\/www.facebook.com\/niceavocats.fr\/"]},{"@type":"Person","@id":"https:\/\/gregorydamy.niceavocats.fr\/es\/#\/schema\/person\/e040acb2856efaa1e114d0e7a92a3870","name":"Kevin","url":"https:\/\/gregorydamy.niceavocats.fr\/es\/author\/kevin\/"}]}},"_links":{"self":[{"href":"https:\/\/gregorydamy.niceavocats.fr\/es\/wp-json\/wp\/v2\/posts\/4456","targetHints":{"allow":["GET"]}}],"collection":[{"href":"https:\/\/gregorydamy.niceavocats.fr\/es\/wp-json\/wp\/v2\/posts"}],"about":[{"href":"https:\/\/gregorydamy.niceavocats.fr\/es\/wp-json\/wp\/v2\/types\/post"}],"author":[{"embeddable":true,"href":"https:\/\/gregorydamy.niceavocats.fr\/es\/wp-json\/wp\/v2\/users\/2"}],"replies":[{"embeddable":true,"href":"https:\/\/gregorydamy.niceavocats.fr\/es\/wp-json\/wp\/v2\/comments?post=4456"}],"version-history":[{"count":0,"href":"https:\/\/gregorydamy.niceavocats.fr\/es\/wp-json\/wp\/v2\/posts\/4456\/revisions"}],"wp:attachment":[{"href":"https:\/\/gregorydamy.niceavocats.fr\/es\/wp-json\/wp\/v2\/media?parent=4456"}],"wp:term":[{"taxonomy":"category","embeddable":true,"href":"https:\/\/gregorydamy.niceavocats.fr\/es\/wp-json\/wp\/v2\/categories?post=4456"},{"taxonomy":"post_tag","embeddable":true,"href":"https:\/\/gregorydamy.niceavocats.fr\/es\/wp-json\/wp\/v2\/tags?post=4456"}],"curies":[{"name":"wp","href":"https:\/\/api.w.org\/{rel}","templated":true}]}}