{"id":4203,"date":"2012-07-12T08:43:55","date_gmt":"2012-07-12T08:43:55","guid":{"rendered":"https:\/\/gregorydamy.niceavocats.fr\/?p=4203"},"modified":"2023-08-09T11:36:03","modified_gmt":"2023-08-09T11:36:03","slug":"impuesto-a-los-residuos-domesticos","status":"publish","type":"post","link":"https:\/\/gregorydamy.niceavocats.fr\/es\/impuesto-a-los-residuos-domesticos\/","title":{"rendered":"El impuesto a los residuos dom\u00e9sticos en los arrendamientos comerciales"},"content":{"rendered":"<p>[et_pb_section fb_built=&#8221;1&#8243; admin_label=&#8221;section&#8221; _builder_version=&#8221;4.19.5&#8243; custom_margin=&#8221;||0px||false|false&#8221; custom_padding=&#8221;||0px||false|false&#8221; locked=&#8221;off&#8221; global_colors_info=&#8221;{}&#8221;][et_pb_row column_structure=&#8221;1_3,1_3,1_3&#8243; _builder_version=&#8221;4.19.5&#8243; _module_preset=&#8221;default&#8221; background_enable_mask_style=&#8221;on&#8221; background_mask_style=&#8221;wave&#8221; background_mask_color=&#8221;rgba(0,0,0,0.08)&#8221; custom_padding=&#8221;||6px|||&#8221; locked=&#8221;off&#8221; global_colors_info=&#8221;{}&#8221;][et_pb_column type=&#8221;1_3&#8243; _builder_version=&#8221;4.19.5&#8243; _module_preset=&#8221;default&#8221; global_colors_info=&#8221;{}&#8221;][\/et_pb_column][et_pb_column type=&#8221;1_3&#8243; _builder_version=&#8221;4.19.5&#8243; _module_preset=&#8221;default&#8221; global_colors_info=&#8221;{}&#8221;][\/et_pb_column][et_pb_column type=&#8221;1_3&#8243; _builder_version=&#8221;4.19.5&#8243; _module_preset=&#8221;default&#8221; global_colors_info=&#8221;{}&#8221;][et_pb_circle_counter title=&#8221;Tiempo estimado de lectura (en minutos)&#8221; number=&#8221;2&#8243; percent_sign=&#8221;off&#8221; _builder_version=&#8221;4.19.5&#8243; _module_preset=&#8221;default&#8221; title_font=&#8221;Amiri||||||||&#8221; max_width=&#8221;137px&#8221; global_colors_info=&#8221;{}&#8221;][\/et_pb_circle_counter][\/et_pb_column][\/et_pb_row][et_pb_row _builder_version=&#8221;4.19.5&#8243; _module_preset=&#8221;default&#8221; custom_margin=&#8221;||0px||false|false&#8221; custom_padding=&#8221;||0px||false|false&#8221; global_colors_info=&#8221;{}&#8221;][et_pb_column type=&#8221;4_4&#8243; _builder_version=&#8221;4.19.5&#8243; _module_preset=&#8221;default&#8221; global_colors_info=&#8221;{}&#8221;][et_pb_divider _builder_version=&#8221;4.19.5&#8243; _module_preset=&#8221;default&#8221; global_colors_info=&#8221;{}&#8221;][\/et_pb_divider][\/et_pb_column][\/et_pb_row][et_pb_row admin_label=&#8221;row&#8221; _builder_version=&#8221;4.16&#8243; background_size=&#8221;initial&#8221; background_position=&#8221;top_left&#8221; background_repeat=&#8221;repeat&#8221; global_colors_info=&#8221;{}&#8221;][et_pb_column type=&#8221;4_4&#8243; _builder_version=&#8221;4.16&#8243; custom_padding=&#8221;|||&#8221; global_colors_info=&#8221;{}&#8221; custom_padding__hover=&#8221;|||&#8221;][et_pb_image src=&#8221;https:\/\/gregorydamy.niceavocats.fr\/wp-content\/uploads\/2012\/07\/bisgodwinarticle.jpg&#8221; title_text=&#8221;bisgodwinarticle&#8221; _builder_version=&#8221;4.21.0&#8243; _module_preset=&#8221;default&#8221; global_colors_info=&#8221;{}&#8221;][\/et_pb_image][et_pb_text admin_label=&#8221;Text&#8221; _builder_version=&#8221;4.21.0&#8243; text_font=&#8221;Amiri||||||||&#8221; header_2_font=&#8221;Amiri||||||||&#8221; header_3_font=&#8221;Amiri||||||||&#8221; background_size=&#8221;initial&#8221; background_position=&#8221;top_left&#8221; background_repeat=&#8221;repeat&#8221; hover_enabled=&#8221;0&#8243; global_colors_info=&#8221;{}&#8221; sticky_enabled=&#8221;0&#8243;]<\/p>\n<div class=\"entry-content\">\n<h2><span>Obligaci\u00f3n tributaria por basura en arrendamientos comerciales<\/span><\/h2>\n<p><span class=\"\"><span>En cuanto al\u00a0<\/span><a href=\"https:\/\/www.economie.gouv.fr\/particuliers\/taxe-redevance-ordures-menageres#:~:text=La%20taxe%20d%27enl%C3%A8vement%20des%20ordures%20m%C3%A9nag%C3%A8res%20%28TEOM%29%20s%E2%80%99applique,en%20cas%20de%20location%20via%20les%20charges%20locatives.\"><span>impuesto por la recogida de\u00a0 residuos\u00a0<\/span><\/a><\/span><a href=\"https:\/\/www.economie.gouv.fr\/particuliers\/taxe-redevance-ordures-menageres#:~:text=La%20taxe%20d%27enl%C3%A8vement%20des%20ordures%20m%C3%A9nag%C3%A8res%20%28TEOM%29%20s%E2%80%99applique,en%20cas%20de%20location%20via%20les%20charges%20locatives.\"><span class=\"\"><span>dom\u00e9sticos<\/span><\/span><\/a><span class=\"\"><span>\u00a0en locales comerciales, la responsabilidad recae por defecto en el arrendador, salvo que se estipule lo contrario en el contrato de arrendamiento.\u00a0<\/span><\/span><span>En ausencia de tal disposici\u00f3n, el arrendatario no est\u00e1 obligado a reembolsar este impuesto y el arrendador no puede exigir el reembolso.<\/span><\/p>\n<p><span>En sentencia significativa de la 3\u00aa sala civil del Tribunal de Casaci\u00f3n de 13 de junio de 2012, se orden\u00f3 a un arrendatario de un contrato de arrendamiento comercial la devoluci\u00f3n del impuesto de recogida de residuos dom\u00e9sticos impuesto por el\u00a0\u00a0<\/span><span>propietario\u00a0<\/span><span>\u00a0.\u00a0A pesar de la objeci\u00f3n del arrendatario, el tribunal primero reconoci\u00f3 la naturaleza recuperable del impuesto sobre la base de la naturaleza no exhaustiva de la lista de cargos recuperables mencionados en el contrato de arrendamiento.\u00a0Sin embargo, el Tribunal de Casaci\u00f3n revoc\u00f3 esta decisi\u00f3n, destacando que la devoluci\u00f3n del impuesto sobre los residuos dom\u00e9sticos s\u00f3lo es aplicable si est\u00e1 expresamente previsto en el contrato de arrendamiento comercial.<\/span><\/p>\n<h2><span>Aclaraci\u00f3n del reembolso del impuesto a los residuos dom\u00e9sticos en los arrendamientos comerciales<\/span><\/h2>\n<p><span>En esta sentencia, el Tribunal de Casaci\u00f3n reafirm\u00f3 que la devoluci\u00f3n del impuesto por el retiro de residuos domiciliarios est\u00e1 sujeta a la presencia de una estipulaci\u00f3n expresa en el contrato de arrendamiento comercial.\u00a0A falta de tal disposici\u00f3n, el arrendador no puede exigir el reembolso del arrendatario.<\/span><\/p>\n<p><span>Esta aclaraci\u00f3n sirve para proteger a los inquilinos de cargas financieras imprevistas y establece un marco legal claro para la asignaci\u00f3n de responsabilidades en los arrendamientos comerciales.\u00a0\u00c9l enfatiza la importancia de una cuidadosa consideraci\u00f3n y redacci\u00f3n de contratos de alquiler para cumplir con las obligaciones espec\u00edficas de cada parte, incluido el reembolso de impuestos.<\/span><\/p>\n<p><span>Abogados, como Gr\u00e9gory Damy, abogado de derecho comercial con sede en Niza, reconocen la importancia de esta decisi\u00f3n para garantizar una distribuci\u00f3n justa de los costos entre propietarios e inquilinos.\u00a0Al enfatizar la necesidad de una cl\u00e1usula expresa en el contrato de arrendamiento, el Tribunal de Casaci\u00f3n protege a los inquilinos de solicitudes injustificadas de devoluci\u00f3n del impuesto sobre los residuos dom\u00e9sticos.<\/span><\/p>\n<p><span>Esta decisi\u00f3n recuerda a los propietarios e inquilinos que revisen y aclaren los t\u00e9rminos de sus contratos de arrendamiento comercial.\u00a0Enfatiza la importancia de la transparencia y el entendimiento mutuo al establecer las obligaciones financieras asociadas con la propiedad, incluidos los impuestos y tasas relacionados con la gesti\u00f3n de residuos.<\/span><\/p>\n<p><a href=\"https:\/\/gregorydamy.niceavocats.fr\/\"><span>Bufete de abogados DAMY<\/span><\/a><\/p>\n<\/div>\n<p>[\/et_pb_text][\/et_pb_column][\/et_pb_row][et_pb_row _builder_version=&#8221;4.19.5&#8243; _module_preset=&#8221;default&#8221; custom_margin=&#8221;||0px||false|false&#8221; custom_padding=&#8221;||0px||false|false&#8221; global_colors_info=&#8221;{}&#8221;][et_pb_column type=&#8221;4_4&#8243; _builder_version=&#8221;4.19.5&#8243; _module_preset=&#8221;default&#8221; global_colors_info=&#8221;{}&#8221;][et_pb_divider _builder_version=&#8221;4.19.5&#8243; _module_preset=&#8221;default&#8221; global_colors_info=&#8221;{}&#8221;][\/et_pb_divider][\/et_pb_column][\/et_pb_row][\/et_pb_section]<\/p>\n","protected":false},"excerpt":{"rendered":"<p>Obligaci\u00f3n tributaria por basura en arrendamientos comerciales En cuanto al\u00a0impuesto por la recogida de\u00a0 residuos\u00a0dom\u00e9sticos\u00a0en locales comerciales, la responsabilidad recae por defecto en el arrendador, salvo que se estipule lo contrario en el contrato de arrendamiento.\u00a0En ausencia de tal disposici\u00f3n, el arrendatario no est\u00e1 obligado a reembolsar este impuesto y el arrendador no puede exigir [&hellip;]<\/p>\n","protected":false},"author":2,"featured_media":0,"comment_status":"open","ping_status":"open","sticky":false,"template":"","format":"standard","meta":{"_et_pb_use_builder":"on","_et_pb_old_content":"","_et_gb_content_width":"","footnotes":""},"categories":[290],"tags":[],"class_list":["post-4203","post","type-post","status-publish","format-standard","hentry","category-otros"],"yoast_head":"<!-- This site is optimized with the Yoast SEO plugin v26.8 - https:\/\/yoast.com\/product\/yoast-seo-wordpress\/ -->\n<title>El impuesto a los residuos dom\u00e9sticos en los arrendamientos comerciales - Soci\u00e9t\u00e9 d&#039;avocats Damy<\/title>\n<meta name=\"description\" content=\"Impuesto a los Residuos Dom\u00e9sticos Cuando se trata del impuesto por la recogida de residuos dom\u00e9sticos en locales comerciales,\" \/>\n<meta name=\"robots\" content=\"index, follow, max-snippet:-1, max-image-preview:large, max-video-preview:-1\" \/>\n<link rel=\"canonical\" href=\"https:\/\/gregorydamy.niceavocats.fr\/es\/impuesto-a-los-residuos-domesticos\/\" \/>\n<meta property=\"og:locale\" content=\"es_ES\" \/>\n<meta property=\"og:type\" content=\"article\" \/>\n<meta property=\"og:title\" content=\"El impuesto a los residuos dom\u00e9sticos en los arrendamientos comerciales - Soci\u00e9t\u00e9 d&#039;avocats Damy\" \/>\n<meta property=\"og:description\" content=\"Impuesto a los Residuos Dom\u00e9sticos Cuando se trata del impuesto por la recogida de residuos dom\u00e9sticos en locales comerciales,\" \/>\n<meta property=\"og:url\" content=\"https:\/\/gregorydamy.niceavocats.fr\/es\/impuesto-a-los-residuos-domesticos\/\" \/>\n<meta property=\"og:site_name\" content=\"Soci\u00e9t\u00e9 d&#039;avocats Damy\" \/>\n<meta property=\"article:publisher\" content=\"https:\/\/www.facebook.com\/niceavocats.fr\/\" \/>\n<meta property=\"article:published_time\" content=\"2012-07-12T08:43:55+00:00\" \/>\n<meta property=\"article:modified_time\" content=\"2023-08-09T11:36:03+00:00\" \/>\n<meta name=\"author\" content=\"Kevin\" \/>\n<meta name=\"twitter:card\" content=\"summary_large_image\" \/>\n<meta name=\"twitter:label1\" content=\"Escrito por\" \/>\n\t<meta name=\"twitter:data1\" content=\"Kevin\" \/>\n\t<meta name=\"twitter:label2\" content=\"Tiempo de lectura\" \/>\n\t<meta name=\"twitter:data2\" content=\"3 minutos\" \/>\n<script type=\"application\/ld+json\" class=\"yoast-schema-graph\">{\"@context\":\"https:\/\/schema.org\",\"@graph\":[{\"@type\":\"Article\",\"@id\":\"https:\/\/gregorydamy.niceavocats.fr\/es\/impuesto-a-los-residuos-domesticos\/#article\",\"isPartOf\":{\"@id\":\"https:\/\/gregorydamy.niceavocats.fr\/es\/impuesto-a-los-residuos-domesticos\/\"},\"author\":{\"name\":\"Kevin\",\"@id\":\"https:\/\/gregorydamy.niceavocats.fr\/es\/#\/schema\/person\/e040acb2856efaa1e114d0e7a92a3870\"},\"headline\":\"El impuesto a los residuos dom\u00e9sticos en los arrendamientos comerciales\",\"datePublished\":\"2012-07-12T08:43:55+00:00\",\"dateModified\":\"2023-08-09T11:36:03+00:00\",\"mainEntityOfPage\":{\"@id\":\"https:\/\/gregorydamy.niceavocats.fr\/es\/impuesto-a-los-residuos-domesticos\/\"},\"wordCount\":794,\"commentCount\":0,\"publisher\":{\"@id\":\"https:\/\/gregorydamy.niceavocats.fr\/es\/#organization\"},\"articleSection\":[\"Otros\"],\"inLanguage\":\"es\",\"potentialAction\":[{\"@type\":\"CommentAction\",\"name\":\"Comment\",\"target\":[\"https:\/\/gregorydamy.niceavocats.fr\/es\/impuesto-a-los-residuos-domesticos\/#respond\"]}]},{\"@type\":\"WebPage\",\"@id\":\"https:\/\/gregorydamy.niceavocats.fr\/es\/impuesto-a-los-residuos-domesticos\/\",\"url\":\"https:\/\/gregorydamy.niceavocats.fr\/es\/impuesto-a-los-residuos-domesticos\/\",\"name\":\"El impuesto a los residuos dom\u00e9sticos en los arrendamientos comerciales - Soci\u00e9t\u00e9 d&#039;avocats Damy\",\"isPartOf\":{\"@id\":\"https:\/\/gregorydamy.niceavocats.fr\/es\/#website\"},\"datePublished\":\"2012-07-12T08:43:55+00:00\",\"dateModified\":\"2023-08-09T11:36:03+00:00\",\"description\":\"Impuesto a los Residuos Dom\u00e9sticos Cuando se trata del impuesto por la recogida de residuos dom\u00e9sticos en locales comerciales,\",\"breadcrumb\":{\"@id\":\"https:\/\/gregorydamy.niceavocats.fr\/es\/impuesto-a-los-residuos-domesticos\/#breadcrumb\"},\"inLanguage\":\"es\",\"potentialAction\":[{\"@type\":\"ReadAction\",\"target\":[\"https:\/\/gregorydamy.niceavocats.fr\/es\/impuesto-a-los-residuos-domesticos\/\"]}]},{\"@type\":\"BreadcrumbList\",\"@id\":\"https:\/\/gregorydamy.niceavocats.fr\/es\/impuesto-a-los-residuos-domesticos\/#breadcrumb\",\"itemListElement\":[{\"@type\":\"ListItem\",\"position\":1,\"name\":\"Accueil\",\"item\":\"https:\/\/gregorydamy.niceavocats.fr\/es\/\"},{\"@type\":\"ListItem\",\"position\":2,\"name\":\"El impuesto a los residuos dom\u00e9sticos en los arrendamientos comerciales\"}]},{\"@type\":\"WebSite\",\"@id\":\"https:\/\/gregorydamy.niceavocats.fr\/es\/#website\",\"url\":\"https:\/\/gregorydamy.niceavocats.fr\/es\/\",\"name\":\"Soci\u00e9t\u00e9 d&#039;avocats Damy\",\"description\":\"Justice - Confiance - Efficacit\u00e9\",\"publisher\":{\"@id\":\"https:\/\/gregorydamy.niceavocats.fr\/es\/#organization\"},\"potentialAction\":[{\"@type\":\"SearchAction\",\"target\":{\"@type\":\"EntryPoint\",\"urlTemplate\":\"https:\/\/gregorydamy.niceavocats.fr\/es\/?s={search_term_string}\"},\"query-input\":{\"@type\":\"PropertyValueSpecification\",\"valueRequired\":true,\"valueName\":\"search_term_string\"}}],\"inLanguage\":\"es\"},{\"@type\":\"Organization\",\"@id\":\"https:\/\/gregorydamy.niceavocats.fr\/es\/#organization\",\"name\":\"Soci\u00e9t\u00e9 d'Avocats DAMY\",\"alternateName\":\"Gr\u00e9gory DAMY\",\"url\":\"https:\/\/gregorydamy.niceavocats.fr\/es\/\",\"logo\":{\"@type\":\"ImageObject\",\"inLanguage\":\"es\",\"@id\":\"https:\/\/gregorydamy.niceavocats.fr\/es\/#\/schema\/logo\/image\/\",\"url\":\"https:\/\/gregorydamy.niceavocats.fr\/wp-content\/uploads\/2023\/04\/damylogo-1.png\",\"contentUrl\":\"https:\/\/gregorydamy.niceavocats.fr\/wp-content\/uploads\/2023\/04\/damylogo-1.png\",\"width\":1890,\"height\":1417,\"caption\":\"Soci\u00e9t\u00e9 d'Avocats DAMY\"},\"image\":{\"@id\":\"https:\/\/gregorydamy.niceavocats.fr\/es\/#\/schema\/logo\/image\/\"},\"sameAs\":[\"https:\/\/www.facebook.com\/niceavocats.fr\/\"]},{\"@type\":\"Person\",\"@id\":\"https:\/\/gregorydamy.niceavocats.fr\/es\/#\/schema\/person\/e040acb2856efaa1e114d0e7a92a3870\",\"name\":\"Kevin\",\"url\":\"https:\/\/gregorydamy.niceavocats.fr\/es\/author\/kevin\/\"}]}<\/script>\n<!-- \/ Yoast SEO plugin. -->","yoast_head_json":{"title":"El impuesto a los residuos dom\u00e9sticos en los arrendamientos comerciales - Soci\u00e9t\u00e9 d&#039;avocats Damy","description":"Impuesto a los Residuos Dom\u00e9sticos Cuando se trata del impuesto por la recogida de residuos dom\u00e9sticos en locales comerciales,","robots":{"index":"index","follow":"follow","max-snippet":"max-snippet:-1","max-image-preview":"max-image-preview:large","max-video-preview":"max-video-preview:-1"},"canonical":"https:\/\/gregorydamy.niceavocats.fr\/es\/impuesto-a-los-residuos-domesticos\/","og_locale":"es_ES","og_type":"article","og_title":"El impuesto a los residuos dom\u00e9sticos en los arrendamientos comerciales - Soci\u00e9t\u00e9 d&#039;avocats Damy","og_description":"Impuesto a los Residuos Dom\u00e9sticos Cuando se trata del impuesto por la recogida de residuos dom\u00e9sticos en locales comerciales,","og_url":"https:\/\/gregorydamy.niceavocats.fr\/es\/impuesto-a-los-residuos-domesticos\/","og_site_name":"Soci\u00e9t\u00e9 d&#039;avocats Damy","article_publisher":"https:\/\/www.facebook.com\/niceavocats.fr\/","article_published_time":"2012-07-12T08:43:55+00:00","article_modified_time":"2023-08-09T11:36:03+00:00","author":"Kevin","twitter_card":"summary_large_image","twitter_misc":{"Escrito por":"Kevin","Tiempo de lectura":"3 minutos"},"schema":{"@context":"https:\/\/schema.org","@graph":[{"@type":"Article","@id":"https:\/\/gregorydamy.niceavocats.fr\/es\/impuesto-a-los-residuos-domesticos\/#article","isPartOf":{"@id":"https:\/\/gregorydamy.niceavocats.fr\/es\/impuesto-a-los-residuos-domesticos\/"},"author":{"name":"Kevin","@id":"https:\/\/gregorydamy.niceavocats.fr\/es\/#\/schema\/person\/e040acb2856efaa1e114d0e7a92a3870"},"headline":"El impuesto a los residuos dom\u00e9sticos en los arrendamientos comerciales","datePublished":"2012-07-12T08:43:55+00:00","dateModified":"2023-08-09T11:36:03+00:00","mainEntityOfPage":{"@id":"https:\/\/gregorydamy.niceavocats.fr\/es\/impuesto-a-los-residuos-domesticos\/"},"wordCount":794,"commentCount":0,"publisher":{"@id":"https:\/\/gregorydamy.niceavocats.fr\/es\/#organization"},"articleSection":["Otros"],"inLanguage":"es","potentialAction":[{"@type":"CommentAction","name":"Comment","target":["https:\/\/gregorydamy.niceavocats.fr\/es\/impuesto-a-los-residuos-domesticos\/#respond"]}]},{"@type":"WebPage","@id":"https:\/\/gregorydamy.niceavocats.fr\/es\/impuesto-a-los-residuos-domesticos\/","url":"https:\/\/gregorydamy.niceavocats.fr\/es\/impuesto-a-los-residuos-domesticos\/","name":"El impuesto a los residuos dom\u00e9sticos en los arrendamientos comerciales - Soci\u00e9t\u00e9 d&#039;avocats Damy","isPartOf":{"@id":"https:\/\/gregorydamy.niceavocats.fr\/es\/#website"},"datePublished":"2012-07-12T08:43:55+00:00","dateModified":"2023-08-09T11:36:03+00:00","description":"Impuesto a los Residuos Dom\u00e9sticos Cuando se trata del impuesto por la recogida de residuos dom\u00e9sticos en locales comerciales,","breadcrumb":{"@id":"https:\/\/gregorydamy.niceavocats.fr\/es\/impuesto-a-los-residuos-domesticos\/#breadcrumb"},"inLanguage":"es","potentialAction":[{"@type":"ReadAction","target":["https:\/\/gregorydamy.niceavocats.fr\/es\/impuesto-a-los-residuos-domesticos\/"]}]},{"@type":"BreadcrumbList","@id":"https:\/\/gregorydamy.niceavocats.fr\/es\/impuesto-a-los-residuos-domesticos\/#breadcrumb","itemListElement":[{"@type":"ListItem","position":1,"name":"Accueil","item":"https:\/\/gregorydamy.niceavocats.fr\/es\/"},{"@type":"ListItem","position":2,"name":"El impuesto a los residuos dom\u00e9sticos en los arrendamientos comerciales"}]},{"@type":"WebSite","@id":"https:\/\/gregorydamy.niceavocats.fr\/es\/#website","url":"https:\/\/gregorydamy.niceavocats.fr\/es\/","name":"Soci\u00e9t\u00e9 d&#039;avocats Damy","description":"Justice - Confiance - Efficacit\u00e9","publisher":{"@id":"https:\/\/gregorydamy.niceavocats.fr\/es\/#organization"},"potentialAction":[{"@type":"SearchAction","target":{"@type":"EntryPoint","urlTemplate":"https:\/\/gregorydamy.niceavocats.fr\/es\/?s={search_term_string}"},"query-input":{"@type":"PropertyValueSpecification","valueRequired":true,"valueName":"search_term_string"}}],"inLanguage":"es"},{"@type":"Organization","@id":"https:\/\/gregorydamy.niceavocats.fr\/es\/#organization","name":"Soci\u00e9t\u00e9 d'Avocats DAMY","alternateName":"Gr\u00e9gory DAMY","url":"https:\/\/gregorydamy.niceavocats.fr\/es\/","logo":{"@type":"ImageObject","inLanguage":"es","@id":"https:\/\/gregorydamy.niceavocats.fr\/es\/#\/schema\/logo\/image\/","url":"https:\/\/gregorydamy.niceavocats.fr\/wp-content\/uploads\/2023\/04\/damylogo-1.png","contentUrl":"https:\/\/gregorydamy.niceavocats.fr\/wp-content\/uploads\/2023\/04\/damylogo-1.png","width":1890,"height":1417,"caption":"Soci\u00e9t\u00e9 d'Avocats DAMY"},"image":{"@id":"https:\/\/gregorydamy.niceavocats.fr\/es\/#\/schema\/logo\/image\/"},"sameAs":["https:\/\/www.facebook.com\/niceavocats.fr\/"]},{"@type":"Person","@id":"https:\/\/gregorydamy.niceavocats.fr\/es\/#\/schema\/person\/e040acb2856efaa1e114d0e7a92a3870","name":"Kevin","url":"https:\/\/gregorydamy.niceavocats.fr\/es\/author\/kevin\/"}]}},"_links":{"self":[{"href":"https:\/\/gregorydamy.niceavocats.fr\/es\/wp-json\/wp\/v2\/posts\/4203","targetHints":{"allow":["GET"]}}],"collection":[{"href":"https:\/\/gregorydamy.niceavocats.fr\/es\/wp-json\/wp\/v2\/posts"}],"about":[{"href":"https:\/\/gregorydamy.niceavocats.fr\/es\/wp-json\/wp\/v2\/types\/post"}],"author":[{"embeddable":true,"href":"https:\/\/gregorydamy.niceavocats.fr\/es\/wp-json\/wp\/v2\/users\/2"}],"replies":[{"embeddable":true,"href":"https:\/\/gregorydamy.niceavocats.fr\/es\/wp-json\/wp\/v2\/comments?post=4203"}],"version-history":[{"count":0,"href":"https:\/\/gregorydamy.niceavocats.fr\/es\/wp-json\/wp\/v2\/posts\/4203\/revisions"}],"wp:attachment":[{"href":"https:\/\/gregorydamy.niceavocats.fr\/es\/wp-json\/wp\/v2\/media?parent=4203"}],"wp:term":[{"taxonomy":"category","embeddable":true,"href":"https:\/\/gregorydamy.niceavocats.fr\/es\/wp-json\/wp\/v2\/categories?post=4203"},{"taxonomy":"post_tag","embeddable":true,"href":"https:\/\/gregorydamy.niceavocats.fr\/es\/wp-json\/wp\/v2\/tags?post=4203"}],"curies":[{"name":"wp","href":"https:\/\/api.w.org\/{rel}","templated":true}]}}