{"id":4139,"date":"2012-06-13T09:10:45","date_gmt":"2012-06-13T09:10:45","guid":{"rendered":"https:\/\/gregorydamy.niceavocats.fr\/?p=4139"},"modified":"2023-09-05T13:46:32","modified_gmt":"2023-09-05T13:46:32","slug":"fiscalidad-de-las-plusvalias-de-no-residentes","status":"publish","type":"post","link":"https:\/\/gregorydamy.niceavocats.fr\/es\/fiscalidad-de-las-plusvalias-de-no-residentes\/","title":{"rendered":"Fiscalidad de las plusval\u00edas de no residentes"},"content":{"rendered":"<p>[et_pb_section fb_built=&#8221;1&#8243; _builder_version=&#8221;4.20.2&#8243; _module_preset=&#8221;default&#8221; global_colors_info=&#8221;{}&#8221; custom_padding=&#8221;8px|||||&#8221;][et_pb_row column_structure=&#8221;1_3,1_3,1_3&#8243; _builder_version=&#8221;4.19.5&#8243; _module_preset=&#8221;default&#8221; background_enable_mask_style=&#8221;on&#8221; background_mask_style=&#8221;wave&#8221; background_mask_color=&#8221;rgba(0,0,0,0.08)&#8221; custom_padding=&#8221;||6px|||&#8221; locked=&#8221;off&#8221; global_colors_info=&#8221;{}&#8221;][et_pb_column type=&#8221;1_3&#8243; _builder_version=&#8221;4.19.5&#8243; _module_preset=&#8221;default&#8221; global_colors_info=&#8221;{}&#8221;][\/et_pb_column][et_pb_column type=&#8221;1_3&#8243; _builder_version=&#8221;4.19.5&#8243; _module_preset=&#8221;default&#8221; global_colors_info=&#8221;{}&#8221;][\/et_pb_column][et_pb_column type=&#8221;1_3&#8243; _builder_version=&#8221;4.19.5&#8243; _module_preset=&#8221;default&#8221; global_colors_info=&#8221;{}&#8221;][et_pb_circle_counter title=&#8221;Tiempo estimado de lectura (en minutos)&#8221; number=&#8221;1&#8243; percent_sign=&#8221;off&#8221; _builder_version=&#8221;4.19.5&#8243; _module_preset=&#8221;default&#8221; title_font=&#8221;Amiri||||||||&#8221; max_width=&#8221;137px&#8221; global_colors_info=&#8221;{}&#8221;][\/et_pb_circle_counter][\/et_pb_column][\/et_pb_row][et_pb_row _builder_version=&#8221;4.20.2&#8243; _module_preset=&#8221;default&#8221; global_colors_info=&#8221;{}&#8221; custom_padding=&#8221;||0px|||&#8221;][et_pb_column type=&#8221;4_4&#8243; _builder_version=&#8221;4.20.2&#8243; _module_preset=&#8221;default&#8221; global_colors_info=&#8221;{}&#8221;][et_pb_divider _builder_version=&#8221;4.20.2&#8243; _module_preset=&#8221;default&#8221; global_colors_info=&#8221;{}&#8221;][\/et_pb_divider][\/et_pb_column][\/et_pb_row][et_pb_row _builder_version=&#8221;4.20.2&#8243; _module_preset=&#8221;default&#8221; global_colors_info=&#8221;{}&#8221; custom_padding=&#8221;6px|||||&#8221;][et_pb_column type=&#8221;4_4&#8243; _builder_version=&#8221;4.20.2&#8243; _module_preset=&#8221;default&#8221; global_colors_info=&#8221;{}&#8221;][et_pb_image src=&#8221;https:\/\/gregorydamy.niceavocats.fr\/wp-content\/uploads\/2023\/08\/taxes-4326713_1280-2.jpg&#8221; title_text=&#8221;taxes-4326713_1280-2&#8243; _builder_version=&#8221;4.21.0&#8243; _module_preset=&#8221;default&#8221; hover_enabled=&#8221;0&#8243; global_colors_info=&#8221;{}&#8221; alt=&#8221;Publication de la deuxi\u00e8me loi de finances rectificative pour 2012  &#8221; sticky_enabled=&#8221;0&#8243;][\/et_pb_image][et_pb_text _builder_version=&#8221;4.21.0&#8243; _module_preset=&#8221;default&#8221; text_font=&#8221;Amiri||||||||&#8221; hover_enabled=&#8221;0&#8243; global_colors_info=&#8221;{}&#8221; sticky_enabled=&#8221;0&#8243;]<\/p>\n<h2><span>Fiscalidad de las Ganancias de Capital de No Residentes<\/span><\/h2>\n<p><span><span class=\"\">Decisiones recientes han arrojado luz sobre la tributaci\u00f3n de las ganancias de capital sobre bienes inmuebles propiedad de personas f\u00edsicas no residentes de la Uni\u00f3n Europea (UE) y el\u00a0<\/span><span class=\"\">Espacio\u00a0<\/span><\/span><span><span class=\"\">Econ\u00f3mico Europeo (EEE).\u00a0<\/span><\/span><\/a><span>La Administraci\u00f3n Tributaria se ha inclinado a imponer la tasa impositiva m\u00e1s alta de 33,1\/3% a dichas personas.\u00a0Sin embargo, muchos pa\u00edses han firmado tratados fiscales bilaterales con Francia, que incluyen cl\u00e1usulas de no discriminaci\u00f3n.\u00a0Estas cl\u00e1usulas permiten a los contribuyentes extranjeros que poseen bienes inmuebles en Francia tributar a un tipo m\u00e1s ventajoso del 19 %\u00a0<\/span><span>seg\u00fan<\/span><\/a><span>\u00a0la jurisprudencia.<\/span><\/p>\n<p><span>Explore las implicaciones y posibles resoluciones derivadas de los desarrollos recientes en la tributaci\u00f3n de las ganancias de capital de no residentes sobre bienes inmuebles.\u00a0Descubra c\u00f3mo la interpretaci\u00f3n de las cl\u00e1usulas de <a href=\"https:\/\/www.impots.gouv.fr\/les-conventions-internationales\">no discriminaci\u00f3n<\/a> en los tratados fiscales bilaterales podr\u00eda generar disputas y la b\u00fasqueda de tasas impositivas m\u00e1s favorables para los contribuyentes extranjeros.\u00a0Mant\u00e9ngase informado sobre la evoluci\u00f3n del panorama legal en torno a la tributaci\u00f3n de las ganancias de capital de no residentes.<\/span><\/p>\n<h2><span>Posibles disputas e implicaciones<\/span><\/h2>\n<p><span>La interpretaci\u00f3n de la cl\u00e1usula de no discriminaci\u00f3n puede extenderse m\u00e1s all\u00e1 de los nacionales de la UE y el EEE para incluir a personas de pa\u00edses fuera de estas regiones que no residen all\u00ed.\u00a0Esto podr\u00eda potencialmente dar lugar a numerosas disputas en el futuro con respecto al tratamiento fiscal de las ganancias de capital de no residentes.\u00a0A medida que los contribuyentes de varios pa\u00edses exploran sus derechos y cuestionan la tasa impositiva m\u00e1s alta, se espera que el problema est\u00e9 sujeto a un examen legal adicional y posibles resoluciones.<\/span><\/p>\n<h2><span>Conclusi\u00f3n:<\/span><\/h2>\n<p><span>Los desarrollos recientes en la tributaci\u00f3n de las ganancias de capital sobre bienes inmuebles propiedad de personas f\u00edsicas no residentes de la UE y el EEE han revelado la inclinaci\u00f3n de la Administraci\u00f3n Tributaria a imponer la tasa impositiva m\u00e1s alta.\u00a0Sin embargo, los tratados fiscales bilaterales y las cl\u00e1usulas de no discriminaci\u00f3n brindan una oportunidad para que los contribuyentes extranjeros paguen impuestos a una tasa m\u00e1s favorable.\u00a0Esta interpretaci\u00f3n de la cl\u00e1usula de no discriminaci\u00f3n podr\u00eda aplicarse potencialmente a personas de pa\u00edses fuera de la UE y del EEE, lo que dar\u00eda lugar a un aumento anticipado de disputas relacionadas con la tributaci\u00f3n de las ganancias de capital de no residentes.\u00a0A medida que se desarrollan estos problemas, es crucial monitorear los desarrollos legales adicionales y las posibles resoluciones en esta \u00e1rea.<\/span><\/p>\n<p><a href=\"https:\/\/gregorydamy.niceavocats.fr\/notre-equipe\/\">Bufete de abogados DAMY.<\/a>[\/et_pb_text][\/et_pb_column][\/et_pb_row][et_pb_row _builder_version=&#8221;4.20.2&#8243; _module_preset=&#8221;default&#8221; global_colors_info=&#8221;{}&#8221;][et_pb_column type=&#8221;4_4&#8243; _builder_version=&#8221;4.20.2&#8243; _module_preset=&#8221;default&#8221; global_colors_info=&#8221;{}&#8221;][et_pb_divider _builder_version=&#8221;4.20.2&#8243; _module_preset=&#8221;default&#8221; global_colors_info=&#8221;{}&#8221;][\/et_pb_divider][\/et_pb_column][\/et_pb_row][\/et_pb_section]<\/p>\n","protected":false},"excerpt":{"rendered":"<p>Fiscalidad de las Ganancias de Capital de No Residentes Decisiones recientes han arrojado luz sobre la tributaci\u00f3n de las ganancias de capital sobre bienes inmuebles propiedad de personas f\u00edsicas no residentes de la Uni\u00f3n Europea (UE) y el\u00a0Espacio\u00a0Econ\u00f3mico Europeo (EEE).\u00a0La Administraci\u00f3n Tributaria se ha inclinado a imponer la tasa impositiva m\u00e1s alta de 33,1\/3% a [&hellip;]<\/p>\n","protected":false},"author":2,"featured_media":0,"comment_status":"open","ping_status":"open","sticky":false,"template":"","format":"standard","meta":{"_et_pb_use_builder":"on","_et_pb_old_content":"","_et_gb_content_width":"","footnotes":""},"categories":[326,327],"tags":[],"class_list":["post-4139","post","type-post","status-publish","format-standard","hentry","category-derecho-fiscal","category-diritto-tributario"],"yoast_head":"<!-- This site is optimized with the Yoast SEO plugin v26.8 - https:\/\/yoast.com\/product\/yoast-seo-wordpress\/ -->\n<title>Fiscalidad de las plusval\u00edas de no residentes - Soci\u00e9t\u00e9 d&#039;avocats Damy<\/title>\n<meta name=\"description\" content=\"Fiscalidad de las plusval\u00edas de no residentes: sentencias recientes han aclarado la fiscalidad\" \/>\n<meta name=\"robots\" content=\"index, follow, max-snippet:-1, max-image-preview:large, max-video-preview:-1\" \/>\n<link rel=\"canonical\" href=\"https:\/\/gregorydamy.niceavocats.fr\/es\/fiscalidad-de-las-plusvalias-de-no-residentes\/\" \/>\n<meta property=\"og:locale\" content=\"es_ES\" \/>\n<meta property=\"og:type\" content=\"article\" \/>\n<meta property=\"og:title\" content=\"Fiscalidad de las plusval\u00edas de no residentes - Soci\u00e9t\u00e9 d&#039;avocats Damy\" \/>\n<meta property=\"og:description\" content=\"Fiscalidad de las plusval\u00edas de no residentes: sentencias recientes han aclarado la fiscalidad\" \/>\n<meta property=\"og:url\" content=\"https:\/\/gregorydamy.niceavocats.fr\/es\/fiscalidad-de-las-plusvalias-de-no-residentes\/\" \/>\n<meta property=\"og:site_name\" content=\"Soci\u00e9t\u00e9 d&#039;avocats Damy\" \/>\n<meta property=\"article:publisher\" content=\"https:\/\/www.facebook.com\/niceavocats.fr\/\" \/>\n<meta property=\"article:published_time\" content=\"2012-06-13T09:10:45+00:00\" \/>\n<meta property=\"article:modified_time\" content=\"2023-09-05T13:46:32+00:00\" \/>\n<meta name=\"author\" content=\"Kevin\" \/>\n<meta name=\"twitter:card\" content=\"summary_large_image\" \/>\n<meta name=\"twitter:label1\" content=\"Escrito por\" \/>\n\t<meta name=\"twitter:data1\" content=\"Kevin\" \/>\n\t<meta name=\"twitter:label2\" content=\"Tiempo de lectura\" \/>\n\t<meta name=\"twitter:data2\" content=\"3 minutos\" \/>\n<script type=\"application\/ld+json\" class=\"yoast-schema-graph\">{\"@context\":\"https:\/\/schema.org\",\"@graph\":[{\"@type\":\"Article\",\"@id\":\"https:\/\/gregorydamy.niceavocats.fr\/es\/fiscalidad-de-las-plusvalias-de-no-residentes\/#article\",\"isPartOf\":{\"@id\":\"https:\/\/gregorydamy.niceavocats.fr\/es\/fiscalidad-de-las-plusvalias-de-no-residentes\/\"},\"author\":{\"name\":\"Kevin\",\"@id\":\"https:\/\/gregorydamy.niceavocats.fr\/es\/#\/schema\/person\/e040acb2856efaa1e114d0e7a92a3870\"},\"headline\":\"Fiscalidad de las plusval\u00edas de no residentes\",\"datePublished\":\"2012-06-13T09:10:45+00:00\",\"dateModified\":\"2023-09-05T13:46:32+00:00\",\"mainEntityOfPage\":{\"@id\":\"https:\/\/gregorydamy.niceavocats.fr\/es\/fiscalidad-de-las-plusvalias-de-no-residentes\/\"},\"wordCount\":780,\"commentCount\":0,\"publisher\":{\"@id\":\"https:\/\/gregorydamy.niceavocats.fr\/es\/#organization\"},\"articleSection\":[\"Derecho fiscal\",\"Diritto tributario\"],\"inLanguage\":\"es\",\"potentialAction\":[{\"@type\":\"CommentAction\",\"name\":\"Comment\",\"target\":[\"https:\/\/gregorydamy.niceavocats.fr\/es\/fiscalidad-de-las-plusvalias-de-no-residentes\/#respond\"]}]},{\"@type\":\"WebPage\",\"@id\":\"https:\/\/gregorydamy.niceavocats.fr\/es\/fiscalidad-de-las-plusvalias-de-no-residentes\/\",\"url\":\"https:\/\/gregorydamy.niceavocats.fr\/es\/fiscalidad-de-las-plusvalias-de-no-residentes\/\",\"name\":\"Fiscalidad de las plusval\u00edas de no residentes - Soci\u00e9t\u00e9 d&#039;avocats Damy\",\"isPartOf\":{\"@id\":\"https:\/\/gregorydamy.niceavocats.fr\/es\/#website\"},\"datePublished\":\"2012-06-13T09:10:45+00:00\",\"dateModified\":\"2023-09-05T13:46:32+00:00\",\"description\":\"Fiscalidad de las plusval\u00edas de no residentes: sentencias recientes han aclarado la fiscalidad\",\"breadcrumb\":{\"@id\":\"https:\/\/gregorydamy.niceavocats.fr\/es\/fiscalidad-de-las-plusvalias-de-no-residentes\/#breadcrumb\"},\"inLanguage\":\"es\",\"potentialAction\":[{\"@type\":\"ReadAction\",\"target\":[\"https:\/\/gregorydamy.niceavocats.fr\/es\/fiscalidad-de-las-plusvalias-de-no-residentes\/\"]}]},{\"@type\":\"BreadcrumbList\",\"@id\":\"https:\/\/gregorydamy.niceavocats.fr\/es\/fiscalidad-de-las-plusvalias-de-no-residentes\/#breadcrumb\",\"itemListElement\":[{\"@type\":\"ListItem\",\"position\":1,\"name\":\"Accueil\",\"item\":\"https:\/\/gregorydamy.niceavocats.fr\/es\/\"},{\"@type\":\"ListItem\",\"position\":2,\"name\":\"Fiscalidad de las plusval\u00edas de no residentes\"}]},{\"@type\":\"WebSite\",\"@id\":\"https:\/\/gregorydamy.niceavocats.fr\/es\/#website\",\"url\":\"https:\/\/gregorydamy.niceavocats.fr\/es\/\",\"name\":\"Soci\u00e9t\u00e9 d&#039;avocats Damy\",\"description\":\"Justice - Confiance - Efficacit\u00e9\",\"publisher\":{\"@id\":\"https:\/\/gregorydamy.niceavocats.fr\/es\/#organization\"},\"potentialAction\":[{\"@type\":\"SearchAction\",\"target\":{\"@type\":\"EntryPoint\",\"urlTemplate\":\"https:\/\/gregorydamy.niceavocats.fr\/es\/?s={search_term_string}\"},\"query-input\":{\"@type\":\"PropertyValueSpecification\",\"valueRequired\":true,\"valueName\":\"search_term_string\"}}],\"inLanguage\":\"es\"},{\"@type\":\"Organization\",\"@id\":\"https:\/\/gregorydamy.niceavocats.fr\/es\/#organization\",\"name\":\"Soci\u00e9t\u00e9 d'Avocats DAMY\",\"alternateName\":\"Gr\u00e9gory DAMY\",\"url\":\"https:\/\/gregorydamy.niceavocats.fr\/es\/\",\"logo\":{\"@type\":\"ImageObject\",\"inLanguage\":\"es\",\"@id\":\"https:\/\/gregorydamy.niceavocats.fr\/es\/#\/schema\/logo\/image\/\",\"url\":\"https:\/\/gregorydamy.niceavocats.fr\/wp-content\/uploads\/2023\/04\/damylogo-1.png\",\"contentUrl\":\"https:\/\/gregorydamy.niceavocats.fr\/wp-content\/uploads\/2023\/04\/damylogo-1.png\",\"width\":1890,\"height\":1417,\"caption\":\"Soci\u00e9t\u00e9 d'Avocats DAMY\"},\"image\":{\"@id\":\"https:\/\/gregorydamy.niceavocats.fr\/es\/#\/schema\/logo\/image\/\"},\"sameAs\":[\"https:\/\/www.facebook.com\/niceavocats.fr\/\"]},{\"@type\":\"Person\",\"@id\":\"https:\/\/gregorydamy.niceavocats.fr\/es\/#\/schema\/person\/e040acb2856efaa1e114d0e7a92a3870\",\"name\":\"Kevin\",\"url\":\"https:\/\/gregorydamy.niceavocats.fr\/es\/author\/kevin\/\"}]}<\/script>\n<!-- \/ Yoast SEO plugin. -->","yoast_head_json":{"title":"Fiscalidad de las plusval\u00edas de no residentes - Soci\u00e9t\u00e9 d&#039;avocats Damy","description":"Fiscalidad de las plusval\u00edas de no residentes: sentencias recientes han aclarado la fiscalidad","robots":{"index":"index","follow":"follow","max-snippet":"max-snippet:-1","max-image-preview":"max-image-preview:large","max-video-preview":"max-video-preview:-1"},"canonical":"https:\/\/gregorydamy.niceavocats.fr\/es\/fiscalidad-de-las-plusvalias-de-no-residentes\/","og_locale":"es_ES","og_type":"article","og_title":"Fiscalidad de las plusval\u00edas de no residentes - Soci\u00e9t\u00e9 d&#039;avocats Damy","og_description":"Fiscalidad de las plusval\u00edas de no residentes: sentencias recientes han aclarado la fiscalidad","og_url":"https:\/\/gregorydamy.niceavocats.fr\/es\/fiscalidad-de-las-plusvalias-de-no-residentes\/","og_site_name":"Soci\u00e9t\u00e9 d&#039;avocats Damy","article_publisher":"https:\/\/www.facebook.com\/niceavocats.fr\/","article_published_time":"2012-06-13T09:10:45+00:00","article_modified_time":"2023-09-05T13:46:32+00:00","author":"Kevin","twitter_card":"summary_large_image","twitter_misc":{"Escrito por":"Kevin","Tiempo de lectura":"3 minutos"},"schema":{"@context":"https:\/\/schema.org","@graph":[{"@type":"Article","@id":"https:\/\/gregorydamy.niceavocats.fr\/es\/fiscalidad-de-las-plusvalias-de-no-residentes\/#article","isPartOf":{"@id":"https:\/\/gregorydamy.niceavocats.fr\/es\/fiscalidad-de-las-plusvalias-de-no-residentes\/"},"author":{"name":"Kevin","@id":"https:\/\/gregorydamy.niceavocats.fr\/es\/#\/schema\/person\/e040acb2856efaa1e114d0e7a92a3870"},"headline":"Fiscalidad de las plusval\u00edas de no residentes","datePublished":"2012-06-13T09:10:45+00:00","dateModified":"2023-09-05T13:46:32+00:00","mainEntityOfPage":{"@id":"https:\/\/gregorydamy.niceavocats.fr\/es\/fiscalidad-de-las-plusvalias-de-no-residentes\/"},"wordCount":780,"commentCount":0,"publisher":{"@id":"https:\/\/gregorydamy.niceavocats.fr\/es\/#organization"},"articleSection":["Derecho fiscal","Diritto tributario"],"inLanguage":"es","potentialAction":[{"@type":"CommentAction","name":"Comment","target":["https:\/\/gregorydamy.niceavocats.fr\/es\/fiscalidad-de-las-plusvalias-de-no-residentes\/#respond"]}]},{"@type":"WebPage","@id":"https:\/\/gregorydamy.niceavocats.fr\/es\/fiscalidad-de-las-plusvalias-de-no-residentes\/","url":"https:\/\/gregorydamy.niceavocats.fr\/es\/fiscalidad-de-las-plusvalias-de-no-residentes\/","name":"Fiscalidad de las plusval\u00edas de no residentes - Soci\u00e9t\u00e9 d&#039;avocats Damy","isPartOf":{"@id":"https:\/\/gregorydamy.niceavocats.fr\/es\/#website"},"datePublished":"2012-06-13T09:10:45+00:00","dateModified":"2023-09-05T13:46:32+00:00","description":"Fiscalidad de las plusval\u00edas de no residentes: sentencias recientes han aclarado la fiscalidad","breadcrumb":{"@id":"https:\/\/gregorydamy.niceavocats.fr\/es\/fiscalidad-de-las-plusvalias-de-no-residentes\/#breadcrumb"},"inLanguage":"es","potentialAction":[{"@type":"ReadAction","target":["https:\/\/gregorydamy.niceavocats.fr\/es\/fiscalidad-de-las-plusvalias-de-no-residentes\/"]}]},{"@type":"BreadcrumbList","@id":"https:\/\/gregorydamy.niceavocats.fr\/es\/fiscalidad-de-las-plusvalias-de-no-residentes\/#breadcrumb","itemListElement":[{"@type":"ListItem","position":1,"name":"Accueil","item":"https:\/\/gregorydamy.niceavocats.fr\/es\/"},{"@type":"ListItem","position":2,"name":"Fiscalidad de las plusval\u00edas de no residentes"}]},{"@type":"WebSite","@id":"https:\/\/gregorydamy.niceavocats.fr\/es\/#website","url":"https:\/\/gregorydamy.niceavocats.fr\/es\/","name":"Soci\u00e9t\u00e9 d&#039;avocats Damy","description":"Justice - Confiance - Efficacit\u00e9","publisher":{"@id":"https:\/\/gregorydamy.niceavocats.fr\/es\/#organization"},"potentialAction":[{"@type":"SearchAction","target":{"@type":"EntryPoint","urlTemplate":"https:\/\/gregorydamy.niceavocats.fr\/es\/?s={search_term_string}"},"query-input":{"@type":"PropertyValueSpecification","valueRequired":true,"valueName":"search_term_string"}}],"inLanguage":"es"},{"@type":"Organization","@id":"https:\/\/gregorydamy.niceavocats.fr\/es\/#organization","name":"Soci\u00e9t\u00e9 d'Avocats DAMY","alternateName":"Gr\u00e9gory DAMY","url":"https:\/\/gregorydamy.niceavocats.fr\/es\/","logo":{"@type":"ImageObject","inLanguage":"es","@id":"https:\/\/gregorydamy.niceavocats.fr\/es\/#\/schema\/logo\/image\/","url":"https:\/\/gregorydamy.niceavocats.fr\/wp-content\/uploads\/2023\/04\/damylogo-1.png","contentUrl":"https:\/\/gregorydamy.niceavocats.fr\/wp-content\/uploads\/2023\/04\/damylogo-1.png","width":1890,"height":1417,"caption":"Soci\u00e9t\u00e9 d'Avocats DAMY"},"image":{"@id":"https:\/\/gregorydamy.niceavocats.fr\/es\/#\/schema\/logo\/image\/"},"sameAs":["https:\/\/www.facebook.com\/niceavocats.fr\/"]},{"@type":"Person","@id":"https:\/\/gregorydamy.niceavocats.fr\/es\/#\/schema\/person\/e040acb2856efaa1e114d0e7a92a3870","name":"Kevin","url":"https:\/\/gregorydamy.niceavocats.fr\/es\/author\/kevin\/"}]}},"_links":{"self":[{"href":"https:\/\/gregorydamy.niceavocats.fr\/es\/wp-json\/wp\/v2\/posts\/4139","targetHints":{"allow":["GET"]}}],"collection":[{"href":"https:\/\/gregorydamy.niceavocats.fr\/es\/wp-json\/wp\/v2\/posts"}],"about":[{"href":"https:\/\/gregorydamy.niceavocats.fr\/es\/wp-json\/wp\/v2\/types\/post"}],"author":[{"embeddable":true,"href":"https:\/\/gregorydamy.niceavocats.fr\/es\/wp-json\/wp\/v2\/users\/2"}],"replies":[{"embeddable":true,"href":"https:\/\/gregorydamy.niceavocats.fr\/es\/wp-json\/wp\/v2\/comments?post=4139"}],"version-history":[{"count":0,"href":"https:\/\/gregorydamy.niceavocats.fr\/es\/wp-json\/wp\/v2\/posts\/4139\/revisions"}],"wp:attachment":[{"href":"https:\/\/gregorydamy.niceavocats.fr\/es\/wp-json\/wp\/v2\/media?parent=4139"}],"wp:term":[{"taxonomy":"category","embeddable":true,"href":"https:\/\/gregorydamy.niceavocats.fr\/es\/wp-json\/wp\/v2\/categories?post=4139"},{"taxonomy":"post_tag","embeddable":true,"href":"https:\/\/gregorydamy.niceavocats.fr\/es\/wp-json\/wp\/v2\/tags?post=4139"}],"curies":[{"name":"wp","href":"https:\/\/api.w.org\/{rel}","templated":true}]}}