{"id":4008,"date":"2012-07-16T13:29:27","date_gmt":"2012-07-16T13:29:27","guid":{"rendered":"https:\/\/gregorydamy.niceavocats.fr\/?p=4008"},"modified":"2023-08-09T11:10:13","modified_gmt":"2023-08-09T11:10:13","slug":"difamacion-confidencial","status":"publish","type":"post","link":"https:\/\/gregorydamy.niceavocats.fr\/es\/difamacion-confidencial\/","title":{"rendered":"Tratamiento de la difamaci\u00f3n contenida en una carta confidencial"},"content":{"rendered":"<p>[et_pb_section fb_built=&#8221;1&#8243; admin_label=&#8221;section&#8221; _builder_version=&#8221;4.19.5&#8243; custom_margin=&#8221;||0px||false|false&#8221; custom_padding=&#8221;||0px||false|false&#8221; locked=&#8221;off&#8221; global_colors_info=&#8221;{}&#8221;][et_pb_row column_structure=&#8221;1_3,1_3,1_3&#8243; _builder_version=&#8221;4.19.5&#8243; _module_preset=&#8221;default&#8221; background_enable_mask_style=&#8221;on&#8221; background_mask_style=&#8221;wave&#8221; background_mask_color=&#8221;rgba(0,0,0,0.08)&#8221; custom_padding=&#8221;||6px|||&#8221; locked=&#8221;off&#8221; global_colors_info=&#8221;{}&#8221;][et_pb_column type=&#8221;1_3&#8243; _builder_version=&#8221;4.19.5&#8243; _module_preset=&#8221;default&#8221; global_colors_info=&#8221;{}&#8221;][\/et_pb_column][et_pb_column type=&#8221;1_3&#8243; _builder_version=&#8221;4.19.5&#8243; _module_preset=&#8221;default&#8221; global_colors_info=&#8221;{}&#8221;][\/et_pb_column][et_pb_column type=&#8221;1_3&#8243; _builder_version=&#8221;4.19.5&#8243; _module_preset=&#8221;default&#8221; global_colors_info=&#8221;{}&#8221;][et_pb_circle_counter title=&#8221;Tiempo estimado de lectura (en minutos)&#8221; number=&#8221;2&#8243; percent_sign=&#8221;off&#8221; _builder_version=&#8221;4.19.5&#8243; _module_preset=&#8221;default&#8221; title_font=&#8221;Amiri||||||||&#8221; max_width=&#8221;137px&#8221; global_colors_info=&#8221;{}&#8221;][\/et_pb_circle_counter][\/et_pb_column][\/et_pb_row][et_pb_row _builder_version=&#8221;4.19.5&#8243; _module_preset=&#8221;default&#8221; custom_margin=&#8221;||0px||false|false&#8221; custom_padding=&#8221;||0px||false|false&#8221; global_colors_info=&#8221;{}&#8221;][et_pb_column type=&#8221;4_4&#8243; _builder_version=&#8221;4.19.5&#8243; _module_preset=&#8221;default&#8221; global_colors_info=&#8221;{}&#8221;][et_pb_divider _builder_version=&#8221;4.19.5&#8243; _module_preset=&#8221;default&#8221; global_colors_info=&#8221;{}&#8221;][\/et_pb_divider][\/et_pb_column][\/et_pb_row][et_pb_row admin_label=&#8221;row&#8221; _builder_version=&#8221;4.16&#8243; background_size=&#8221;initial&#8221; background_position=&#8221;top_left&#8221; background_repeat=&#8221;repeat&#8221; global_colors_info=&#8221;{}&#8221;][et_pb_column type=&#8221;4_4&#8243; _builder_version=&#8221;4.16&#8243; custom_padding=&#8221;|||&#8221; global_colors_info=&#8221;{}&#8221; custom_padding__hover=&#8221;|||&#8221;][et_pb_image src=&#8221;https:\/\/gregorydamy.niceavocats.fr\/wp-content\/uploads\/2012\/07\/download-1-3.jpg&#8221; title_text=&#8221;download (1)&#8221; _builder_version=&#8221;4.21.0&#8243; _module_preset=&#8221;default&#8221; hover_enabled=&#8221;0&#8243; global_colors_info=&#8221;{}&#8221; sticky_enabled=&#8221;0&#8243;][\/et_pb_image][et_pb_text admin_label=&#8221;Text&#8221; _builder_version=&#8221;4.21.0&#8243; text_font=&#8221;Amiri||||||||&#8221; header_2_font=&#8221;Amiri||||||||&#8221; header_3_font=&#8221;Amiri||||||||&#8221; background_size=&#8221;initial&#8221; background_position=&#8221;top_left&#8221; background_repeat=&#8221;repeat&#8221; hover_enabled=&#8221;0&#8243; global_colors_info=&#8221;{}&#8221; sticky_enabled=&#8221;0&#8243;]<\/p>\n<div class=\"entry-content\">\n<h2><span>Acusaciones difamatorias en correspondencia privada<\/span><\/h2>\n<p><span class=\"\"><span>Las acusaciones difamatorias realizadas en correspondencia personal y privada, dirigida exclusivamente al\u00a0\u00a0<\/span><\/span><span class=\"\"><span>destinatario\u00a0<\/span><\/span><span class=\"\"><span>\u00a0de la carta, est\u00e1n sujetas a sanciones penales s\u00f3lo si la carta se envi\u00f3 en condiciones de absoluta confidencialidad.\u00a0<\/span><\/span><span>Este delito, conocido como difamaci\u00f3n no p\u00fablica, est\u00e1 penado por\u00a0<\/span><a href=\"https:\/\/www.legifrance.gouv.fr\/codes\/article_lc\/LEGIARTI000006419488\/2001-12-31\"><span>el art\u00edculo R. 621-1 del c\u00f3digo penal<\/span><\/a><span>\u00a0.<\/span><\/p>\n<h2><span>La confidencialidad como obst\u00e1culo para el enjuiciamiento<\/span><\/h2>\n<p><span>En una importante decisi\u00f3n del 11 de abril de 2012, la sala penal reevalu\u00f3 los criterios para tipificar el delito de difamaci\u00f3n no p\u00fablica.\u00a0La divisi\u00f3n ha adoptado una soluci\u00f3n establecida que reconoce la importancia de la confidencialidad en\u00a0\u00a0<\/span><span>la determinaci\u00f3n\u00a0<\/span><span>\u00a0de la responsabilidad penal.<\/span><\/p>\n<p><span>Generalmente, una carta abusiva o difamatoria que cumple con los requisitos de la correspondencia privada se califica como difamaci\u00f3n no p\u00fablica, ya que carece de publicidad seg\u00fan el art\u00edculo 23 de la ley de 29 de julio de 1881 (interpretado por los tribunales).\u00a0Sin embargo, las acusaciones difamatorias en cuesti\u00f3n s\u00f3lo pueden ser sancionadas si la carta fue enviada en circunstancias exclusivas de absoluta confidencialidad.<\/span><\/p>\n<p><span>Este enfoque enfatiza la importancia de la confidencialidad en la determinaci\u00f3n de la criminalidad de la difamaci\u00f3n no p\u00fablica.\u00a0Los simples insultos o declaraciones difamatorias en la correspondencia privada pueden ser considerados delitos menos graves.\u00a0Sin embargo, cuando se viola la confidencialidad de la correspondencia, puede dar lugar a un mayor grado de responsabilidad legal.<\/span><\/p>\n<p><span>La decisi\u00f3n de la Sala Penal sienta un precedente importante al aclarar los par\u00e1metros de la difamaci\u00f3n no p\u00fablica.\u00a0Se\u00f1ala que la falta de publicidad, junto con la confidencialidad, juega un papel central en la determinaci\u00f3n de la gravedad de las consecuencias legales.<\/span><\/p>\n<p><span>Abogados y profesionales del derecho se remiten a esta decisi\u00f3n para establecer las condiciones necesarias para el delito de difamaci\u00f3n no p\u00fablica.\u00a0Garantiza que la correspondencia privada permanezca protegida y que las personas que participen en comunicaciones confidenciales no se expongan indebidamente a responsabilidad penal, excepto en circunstancias excepcionales.<\/span><\/p>\n<p><span><span class=\"\">En general, la decisi\u00f3n logra un equilibrio entre la libertad de expresi\u00f3n y la necesidad de proteger la confidencialidad e integridad de las comunicaciones personales.\u00a0<\/span>Reconociendo la importancia de la confidencialidad, aclara las consecuencias legales asociadas con las acusaciones difamatorias hechas en la correspondencia privada.<\/span><\/p>\n<p><a href=\"https:\/\/gregorydamy.niceavocats.fr\/\"><span>Bufete de abogados DAMY<\/span><\/a><\/p>\n<\/div>\n<p>[\/et_pb_text][\/et_pb_column][\/et_pb_row][et_pb_row _builder_version=&#8221;4.19.5&#8243; _module_preset=&#8221;default&#8221; custom_margin=&#8221;||0px||false|false&#8221; custom_padding=&#8221;||0px||false|false&#8221; global_colors_info=&#8221;{}&#8221;][et_pb_column type=&#8221;4_4&#8243; _builder_version=&#8221;4.19.5&#8243; _module_preset=&#8221;default&#8221; global_colors_info=&#8221;{}&#8221;][et_pb_divider _builder_version=&#8221;4.19.5&#8243; _module_preset=&#8221;default&#8221; global_colors_info=&#8221;{}&#8221;][\/et_pb_divider][\/et_pb_column][\/et_pb_row][\/et_pb_section]<\/p>\n","protected":false},"excerpt":{"rendered":"<p>Acusaciones difamatorias en correspondencia privada Las acusaciones difamatorias realizadas en correspondencia personal y privada, dirigida exclusivamente al\u00a0\u00a0destinatario\u00a0\u00a0de la carta, est\u00e1n sujetas a sanciones penales s\u00f3lo si la carta se envi\u00f3 en condiciones de absoluta confidencialidad.\u00a0Este delito, conocido como difamaci\u00f3n no p\u00fablica, est\u00e1 penado por\u00a0el art\u00edculo R. 621-1 del c\u00f3digo penal\u00a0. La confidencialidad como obst\u00e1culo para [&hellip;]<\/p>\n","protected":false},"author":2,"featured_media":0,"comment_status":"open","ping_status":"open","sticky":false,"template":"","format":"standard","meta":{"_et_pb_use_builder":"on","_et_pb_old_content":"","_et_gb_content_width":"","footnotes":""},"categories":[290],"tags":[],"class_list":["post-4008","post","type-post","status-publish","format-standard","hentry","category-otros"],"yoast_head":"<!-- This site is optimized with the Yoast SEO plugin v26.8 - https:\/\/yoast.com\/product\/yoast-seo-wordpress\/ -->\n<title>Tratamiento de la difamaci\u00f3n contenida en una carta confidencial - Soci\u00e9t\u00e9 d&#039;avocats Damy<\/title>\n<meta name=\"description\" content=\"Difamaci\u00f3n confidencial Las acusaciones difamatorias realizadas en correspondencia personal y privada, dirigida exclusivamente\" \/>\n<meta name=\"robots\" content=\"index, follow, max-snippet:-1, max-image-preview:large, max-video-preview:-1\" \/>\n<link rel=\"canonical\" href=\"https:\/\/gregorydamy.niceavocats.fr\/es\/difamacion-confidencial\/\" \/>\n<meta property=\"og:locale\" content=\"es_ES\" \/>\n<meta property=\"og:type\" content=\"article\" \/>\n<meta property=\"og:title\" content=\"Tratamiento de la difamaci\u00f3n contenida en una carta confidencial - Soci\u00e9t\u00e9 d&#039;avocats Damy\" \/>\n<meta property=\"og:description\" content=\"Difamaci\u00f3n confidencial Las acusaciones difamatorias realizadas en correspondencia personal y privada, dirigida exclusivamente\" \/>\n<meta property=\"og:url\" content=\"https:\/\/gregorydamy.niceavocats.fr\/es\/difamacion-confidencial\/\" \/>\n<meta property=\"og:site_name\" content=\"Soci\u00e9t\u00e9 d&#039;avocats Damy\" \/>\n<meta property=\"article:publisher\" content=\"https:\/\/www.facebook.com\/niceavocats.fr\/\" \/>\n<meta property=\"article:published_time\" content=\"2012-07-16T13:29:27+00:00\" \/>\n<meta property=\"article:modified_time\" content=\"2023-08-09T11:10:13+00:00\" \/>\n<meta name=\"author\" content=\"Kevin\" \/>\n<meta name=\"twitter:card\" content=\"summary_large_image\" \/>\n<meta name=\"twitter:label1\" content=\"Escrito por\" \/>\n\t<meta name=\"twitter:data1\" content=\"Kevin\" \/>\n\t<meta name=\"twitter:label2\" content=\"Tiempo de lectura\" \/>\n\t<meta name=\"twitter:data2\" content=\"3 minutos\" \/>\n<script type=\"application\/ld+json\" class=\"yoast-schema-graph\">{\"@context\":\"https:\/\/schema.org\",\"@graph\":[{\"@type\":\"Article\",\"@id\":\"https:\/\/gregorydamy.niceavocats.fr\/es\/difamacion-confidencial\/#article\",\"isPartOf\":{\"@id\":\"https:\/\/gregorydamy.niceavocats.fr\/es\/difamacion-confidencial\/\"},\"author\":{\"name\":\"Kevin\",\"@id\":\"https:\/\/gregorydamy.niceavocats.fr\/es\/#\/schema\/person\/e040acb2856efaa1e114d0e7a92a3870\"},\"headline\":\"Tratamiento de la difamaci\u00f3n contenida en una carta confidencial\",\"datePublished\":\"2012-07-16T13:29:27+00:00\",\"dateModified\":\"2023-08-09T11:10:13+00:00\",\"mainEntityOfPage\":{\"@id\":\"https:\/\/gregorydamy.niceavocats.fr\/es\/difamacion-confidencial\/\"},\"wordCount\":760,\"commentCount\":0,\"publisher\":{\"@id\":\"https:\/\/gregorydamy.niceavocats.fr\/es\/#organization\"},\"articleSection\":[\"Otros\"],\"inLanguage\":\"es\",\"potentialAction\":[{\"@type\":\"CommentAction\",\"name\":\"Comment\",\"target\":[\"https:\/\/gregorydamy.niceavocats.fr\/es\/difamacion-confidencial\/#respond\"]}]},{\"@type\":\"WebPage\",\"@id\":\"https:\/\/gregorydamy.niceavocats.fr\/es\/difamacion-confidencial\/\",\"url\":\"https:\/\/gregorydamy.niceavocats.fr\/es\/difamacion-confidencial\/\",\"name\":\"Tratamiento de la difamaci\u00f3n contenida en una carta confidencial - Soci\u00e9t\u00e9 d&#039;avocats Damy\",\"isPartOf\":{\"@id\":\"https:\/\/gregorydamy.niceavocats.fr\/es\/#website\"},\"datePublished\":\"2012-07-16T13:29:27+00:00\",\"dateModified\":\"2023-08-09T11:10:13+00:00\",\"description\":\"Difamaci\u00f3n confidencial Las acusaciones difamatorias realizadas en correspondencia personal y privada, dirigida exclusivamente\",\"breadcrumb\":{\"@id\":\"https:\/\/gregorydamy.niceavocats.fr\/es\/difamacion-confidencial\/#breadcrumb\"},\"inLanguage\":\"es\",\"potentialAction\":[{\"@type\":\"ReadAction\",\"target\":[\"https:\/\/gregorydamy.niceavocats.fr\/es\/difamacion-confidencial\/\"]}]},{\"@type\":\"BreadcrumbList\",\"@id\":\"https:\/\/gregorydamy.niceavocats.fr\/es\/difamacion-confidencial\/#breadcrumb\",\"itemListElement\":[{\"@type\":\"ListItem\",\"position\":1,\"name\":\"Accueil\",\"item\":\"https:\/\/gregorydamy.niceavocats.fr\/es\/\"},{\"@type\":\"ListItem\",\"position\":2,\"name\":\"Tratamiento de la difamaci\u00f3n contenida en una carta confidencial\"}]},{\"@type\":\"WebSite\",\"@id\":\"https:\/\/gregorydamy.niceavocats.fr\/es\/#website\",\"url\":\"https:\/\/gregorydamy.niceavocats.fr\/es\/\",\"name\":\"Soci\u00e9t\u00e9 d&#039;avocats Damy\",\"description\":\"Justice - Confiance - Efficacit\u00e9\",\"publisher\":{\"@id\":\"https:\/\/gregorydamy.niceavocats.fr\/es\/#organization\"},\"potentialAction\":[{\"@type\":\"SearchAction\",\"target\":{\"@type\":\"EntryPoint\",\"urlTemplate\":\"https:\/\/gregorydamy.niceavocats.fr\/es\/?s={search_term_string}\"},\"query-input\":{\"@type\":\"PropertyValueSpecification\",\"valueRequired\":true,\"valueName\":\"search_term_string\"}}],\"inLanguage\":\"es\"},{\"@type\":\"Organization\",\"@id\":\"https:\/\/gregorydamy.niceavocats.fr\/es\/#organization\",\"name\":\"Soci\u00e9t\u00e9 d'Avocats DAMY\",\"alternateName\":\"Gr\u00e9gory DAMY\",\"url\":\"https:\/\/gregorydamy.niceavocats.fr\/es\/\",\"logo\":{\"@type\":\"ImageObject\",\"inLanguage\":\"es\",\"@id\":\"https:\/\/gregorydamy.niceavocats.fr\/es\/#\/schema\/logo\/image\/\",\"url\":\"https:\/\/gregorydamy.niceavocats.fr\/wp-content\/uploads\/2023\/04\/damylogo-1.png\",\"contentUrl\":\"https:\/\/gregorydamy.niceavocats.fr\/wp-content\/uploads\/2023\/04\/damylogo-1.png\",\"width\":1890,\"height\":1417,\"caption\":\"Soci\u00e9t\u00e9 d'Avocats DAMY\"},\"image\":{\"@id\":\"https:\/\/gregorydamy.niceavocats.fr\/es\/#\/schema\/logo\/image\/\"},\"sameAs\":[\"https:\/\/www.facebook.com\/niceavocats.fr\/\"]},{\"@type\":\"Person\",\"@id\":\"https:\/\/gregorydamy.niceavocats.fr\/es\/#\/schema\/person\/e040acb2856efaa1e114d0e7a92a3870\",\"name\":\"Kevin\",\"url\":\"https:\/\/gregorydamy.niceavocats.fr\/es\/author\/kevin\/\"}]}<\/script>\n<!-- \/ Yoast SEO plugin. -->","yoast_head_json":{"title":"Tratamiento de la difamaci\u00f3n contenida en una carta confidencial - Soci\u00e9t\u00e9 d&#039;avocats Damy","description":"Difamaci\u00f3n confidencial Las acusaciones difamatorias realizadas en correspondencia personal y privada, dirigida exclusivamente","robots":{"index":"index","follow":"follow","max-snippet":"max-snippet:-1","max-image-preview":"max-image-preview:large","max-video-preview":"max-video-preview:-1"},"canonical":"https:\/\/gregorydamy.niceavocats.fr\/es\/difamacion-confidencial\/","og_locale":"es_ES","og_type":"article","og_title":"Tratamiento de la difamaci\u00f3n contenida en una carta confidencial - Soci\u00e9t\u00e9 d&#039;avocats Damy","og_description":"Difamaci\u00f3n confidencial Las acusaciones difamatorias realizadas en correspondencia personal y privada, dirigida exclusivamente","og_url":"https:\/\/gregorydamy.niceavocats.fr\/es\/difamacion-confidencial\/","og_site_name":"Soci\u00e9t\u00e9 d&#039;avocats Damy","article_publisher":"https:\/\/www.facebook.com\/niceavocats.fr\/","article_published_time":"2012-07-16T13:29:27+00:00","article_modified_time":"2023-08-09T11:10:13+00:00","author":"Kevin","twitter_card":"summary_large_image","twitter_misc":{"Escrito por":"Kevin","Tiempo de lectura":"3 minutos"},"schema":{"@context":"https:\/\/schema.org","@graph":[{"@type":"Article","@id":"https:\/\/gregorydamy.niceavocats.fr\/es\/difamacion-confidencial\/#article","isPartOf":{"@id":"https:\/\/gregorydamy.niceavocats.fr\/es\/difamacion-confidencial\/"},"author":{"name":"Kevin","@id":"https:\/\/gregorydamy.niceavocats.fr\/es\/#\/schema\/person\/e040acb2856efaa1e114d0e7a92a3870"},"headline":"Tratamiento de la difamaci\u00f3n contenida en una carta confidencial","datePublished":"2012-07-16T13:29:27+00:00","dateModified":"2023-08-09T11:10:13+00:00","mainEntityOfPage":{"@id":"https:\/\/gregorydamy.niceavocats.fr\/es\/difamacion-confidencial\/"},"wordCount":760,"commentCount":0,"publisher":{"@id":"https:\/\/gregorydamy.niceavocats.fr\/es\/#organization"},"articleSection":["Otros"],"inLanguage":"es","potentialAction":[{"@type":"CommentAction","name":"Comment","target":["https:\/\/gregorydamy.niceavocats.fr\/es\/difamacion-confidencial\/#respond"]}]},{"@type":"WebPage","@id":"https:\/\/gregorydamy.niceavocats.fr\/es\/difamacion-confidencial\/","url":"https:\/\/gregorydamy.niceavocats.fr\/es\/difamacion-confidencial\/","name":"Tratamiento de la difamaci\u00f3n contenida en una carta confidencial - Soci\u00e9t\u00e9 d&#039;avocats Damy","isPartOf":{"@id":"https:\/\/gregorydamy.niceavocats.fr\/es\/#website"},"datePublished":"2012-07-16T13:29:27+00:00","dateModified":"2023-08-09T11:10:13+00:00","description":"Difamaci\u00f3n confidencial Las acusaciones difamatorias realizadas en correspondencia personal y privada, dirigida exclusivamente","breadcrumb":{"@id":"https:\/\/gregorydamy.niceavocats.fr\/es\/difamacion-confidencial\/#breadcrumb"},"inLanguage":"es","potentialAction":[{"@type":"ReadAction","target":["https:\/\/gregorydamy.niceavocats.fr\/es\/difamacion-confidencial\/"]}]},{"@type":"BreadcrumbList","@id":"https:\/\/gregorydamy.niceavocats.fr\/es\/difamacion-confidencial\/#breadcrumb","itemListElement":[{"@type":"ListItem","position":1,"name":"Accueil","item":"https:\/\/gregorydamy.niceavocats.fr\/es\/"},{"@type":"ListItem","position":2,"name":"Tratamiento de la difamaci\u00f3n contenida en una carta confidencial"}]},{"@type":"WebSite","@id":"https:\/\/gregorydamy.niceavocats.fr\/es\/#website","url":"https:\/\/gregorydamy.niceavocats.fr\/es\/","name":"Soci\u00e9t\u00e9 d&#039;avocats Damy","description":"Justice - Confiance - Efficacit\u00e9","publisher":{"@id":"https:\/\/gregorydamy.niceavocats.fr\/es\/#organization"},"potentialAction":[{"@type":"SearchAction","target":{"@type":"EntryPoint","urlTemplate":"https:\/\/gregorydamy.niceavocats.fr\/es\/?s={search_term_string}"},"query-input":{"@type":"PropertyValueSpecification","valueRequired":true,"valueName":"search_term_string"}}],"inLanguage":"es"},{"@type":"Organization","@id":"https:\/\/gregorydamy.niceavocats.fr\/es\/#organization","name":"Soci\u00e9t\u00e9 d'Avocats DAMY","alternateName":"Gr\u00e9gory DAMY","url":"https:\/\/gregorydamy.niceavocats.fr\/es\/","logo":{"@type":"ImageObject","inLanguage":"es","@id":"https:\/\/gregorydamy.niceavocats.fr\/es\/#\/schema\/logo\/image\/","url":"https:\/\/gregorydamy.niceavocats.fr\/wp-content\/uploads\/2023\/04\/damylogo-1.png","contentUrl":"https:\/\/gregorydamy.niceavocats.fr\/wp-content\/uploads\/2023\/04\/damylogo-1.png","width":1890,"height":1417,"caption":"Soci\u00e9t\u00e9 d'Avocats DAMY"},"image":{"@id":"https:\/\/gregorydamy.niceavocats.fr\/es\/#\/schema\/logo\/image\/"},"sameAs":["https:\/\/www.facebook.com\/niceavocats.fr\/"]},{"@type":"Person","@id":"https:\/\/gregorydamy.niceavocats.fr\/es\/#\/schema\/person\/e040acb2856efaa1e114d0e7a92a3870","name":"Kevin","url":"https:\/\/gregorydamy.niceavocats.fr\/es\/author\/kevin\/"}]}},"_links":{"self":[{"href":"https:\/\/gregorydamy.niceavocats.fr\/es\/wp-json\/wp\/v2\/posts\/4008","targetHints":{"allow":["GET"]}}],"collection":[{"href":"https:\/\/gregorydamy.niceavocats.fr\/es\/wp-json\/wp\/v2\/posts"}],"about":[{"href":"https:\/\/gregorydamy.niceavocats.fr\/es\/wp-json\/wp\/v2\/types\/post"}],"author":[{"embeddable":true,"href":"https:\/\/gregorydamy.niceavocats.fr\/es\/wp-json\/wp\/v2\/users\/2"}],"replies":[{"embeddable":true,"href":"https:\/\/gregorydamy.niceavocats.fr\/es\/wp-json\/wp\/v2\/comments?post=4008"}],"version-history":[{"count":0,"href":"https:\/\/gregorydamy.niceavocats.fr\/es\/wp-json\/wp\/v2\/posts\/4008\/revisions"}],"wp:attachment":[{"href":"https:\/\/gregorydamy.niceavocats.fr\/es\/wp-json\/wp\/v2\/media?parent=4008"}],"wp:term":[{"taxonomy":"category","embeddable":true,"href":"https:\/\/gregorydamy.niceavocats.fr\/es\/wp-json\/wp\/v2\/categories?post=4008"},{"taxonomy":"post_tag","embeddable":true,"href":"https:\/\/gregorydamy.niceavocats.fr\/es\/wp-json\/wp\/v2\/tags?post=4008"}],"curies":[{"name":"wp","href":"https:\/\/api.w.org\/{rel}","templated":true}]}}