{"id":3896,"date":"2012-07-18T07:43:12","date_gmt":"2012-07-18T07:43:12","guid":{"rendered":"https:\/\/gregorydamy.niceavocats.fr\/?p=3896"},"modified":"2023-08-31T06:24:26","modified_gmt":"2023-08-31T06:24:26","slug":"vigilancia-ilicita-de-empleados-que-consecuencias","status":"publish","type":"post","link":"https:\/\/gregorydamy.niceavocats.fr\/es\/vigilancia-ilicita-de-empleados-que-consecuencias\/","title":{"rendered":"Vigilancia il\u00edcita de empleados: \u00bfqu\u00e9 consecuencias?"},"content":{"rendered":"<p>[et_pb_section fb_built=&#8221;1&#8243; admin_label=&#8221;section&#8221; _builder_version=&#8221;4.19.5&#8243; custom_margin=&#8221;||0px||false|false&#8221; custom_padding=&#8221;||0px||false|false&#8221; locked=&#8221;off&#8221; global_colors_info=&#8221;{}&#8221;][et_pb_row column_structure=&#8221;1_3,1_3,1_3&#8243; _builder_version=&#8221;4.19.5&#8243; _module_preset=&#8221;default&#8221; background_enable_mask_style=&#8221;on&#8221; background_mask_style=&#8221;wave&#8221; background_mask_color=&#8221;rgba(0,0,0,0.08)&#8221; custom_padding=&#8221;||6px|||&#8221; locked=&#8221;off&#8221; global_colors_info=&#8221;{}&#8221;][et_pb_column type=&#8221;1_3&#8243; _builder_version=&#8221;4.19.5&#8243; _module_preset=&#8221;default&#8221; global_colors_info=&#8221;{}&#8221;][\/et_pb_column][et_pb_column type=&#8221;1_3&#8243; _builder_version=&#8221;4.19.5&#8243; _module_preset=&#8221;default&#8221; global_colors_info=&#8221;{}&#8221;][\/et_pb_column][et_pb_column type=&#8221;1_3&#8243; _builder_version=&#8221;4.19.5&#8243; _module_preset=&#8221;default&#8221; global_colors_info=&#8221;{}&#8221;][et_pb_circle_counter title=&#8221;Tiempo estimado de lectura (en minutos)&#8221; number=&#8221;2&#8243; percent_sign=&#8221;off&#8221; _builder_version=&#8221;4.19.5&#8243; _module_preset=&#8221;default&#8221; title_font=&#8221;Amiri||||||||&#8221; max_width=&#8221;137px&#8221; global_colors_info=&#8221;{}&#8221;][\/et_pb_circle_counter][\/et_pb_column][\/et_pb_row][et_pb_row _builder_version=&#8221;4.19.5&#8243; _module_preset=&#8221;default&#8221; custom_margin=&#8221;||0px||false|false&#8221; custom_padding=&#8221;||0px||false|false&#8221; global_colors_info=&#8221;{}&#8221;][et_pb_column type=&#8221;4_4&#8243; _builder_version=&#8221;4.19.5&#8243; _module_preset=&#8221;default&#8221; global_colors_info=&#8221;{}&#8221;][et_pb_divider _builder_version=&#8221;4.19.5&#8243; _module_preset=&#8221;default&#8221; global_colors_info=&#8221;{}&#8221;][\/et_pb_divider][\/et_pb_column][\/et_pb_row][et_pb_row admin_label=&#8221;row&#8221; _builder_version=&#8221;4.16&#8243; background_size=&#8221;initial&#8221; background_position=&#8221;top_left&#8221; background_repeat=&#8221;repeat&#8221; global_colors_info=&#8221;{}&#8221;][et_pb_column type=&#8221;4_4&#8243; _builder_version=&#8221;4.16&#8243; custom_padding=&#8221;|||&#8221; global_colors_info=&#8221;{}&#8221; custom_padding__hover=&#8221;|||&#8221;][et_pb_image src=&#8221;https:\/\/gregorydamy.niceavocats.fr\/wp-content\/uploads\/2023\/08\/camera-1124585_1280-2.jpg&#8221; title_text=&#8221;camera-1124585_1280-2&#8243; _builder_version=&#8221;4.21.0&#8243; _module_preset=&#8221;default&#8221; hover_enabled=&#8221;0&#8243; global_colors_info=&#8221;{}&#8221; sticky_enabled=&#8221;0&#8243;][\/et_pb_image][et_pb_text admin_label=&#8221;Text&#8221; _builder_version=&#8221;4.21.0&#8243; text_font=&#8221;Amiri||||||||&#8221; header_2_font=&#8221;Amiri||||||||&#8221; header_3_font=&#8221;Amiri||||||||&#8221; background_size=&#8221;initial&#8221; background_position=&#8221;top_left&#8221; background_repeat=&#8221;repeat&#8221; hover_enabled=&#8221;0&#8243; global_colors_info=&#8221;{}&#8221; sticky_enabled=&#8221;0&#8243;]<\/p>\n<div class=\"entry-content\">\n<h2><span>M\u00e9todo de prueba il\u00edcito: sistema de control clandestino<\/span><\/h2>\n<p><span class=\"\"><span>El caso involucra a la Oficina de Correos que sospechaba que una\u00a0\u00a0<\/span><\/span><span class=\"\"><span>cartera\u00a0<\/span><\/span><span class=\"\"><span>\u00a0hab\u00eda abierto ciertos sobres y decidi\u00f3 probar esta sospecha haci\u00e9ndole manejar cartas bomba que conten\u00edan tinta azul, que se liberar\u00edan si se abrieran los sobres.\u00a0<\/span><\/span><span>Sin embargo, si bien los empleadores tienen derecho a controlar y vigilar a sus empleados durante las horas de trabajo, no pueden recurrir a sistemas de vigilancia clandestinos.\u00a0Estos m\u00e9todos se consideran injustos y, por tanto, ilegales como medio de prueba.<\/span><\/p>\n<p><span>Esta secci\u00f3n se refiere a la vigilancia abusiva de los empleados y los consiguientes despidos improcedentes.\u00a0Destaca el uso de m\u00e9todos ilegales por parte de los empleadores para controlar y monitorear a su personal, como el caso de La Poste que utiliz\u00f3 cartas bomba sin el conocimiento de los empleados.\u00a0Estos sistemas de control clandestino se consideran m\u00e9todos de prueba injustos e il\u00edcitos.<\/span><\/p>\n<p><span>In this context, we recognize the employee&#8217;s job description to control and monitor employees during working hours, but we are satisfied that we do not allow ourselves to be clandestine methods.\u00a0To ensure that it is legal, it is necessary to adequately communicate to employees with prior control and guidance.\u00a0Simple vigilance on the part of a supervisor in the workplace, including without prior notice, is generally not considered an illegal procedure, subject to jurisprudence.<\/span><\/p>\n<h2><span>Ilegitimacy of the law and unjustified despido<\/span><\/h2>\n<p><span>In this particular case, the use of bomb cartridges without the knowledge of the employees has all the characteristics of an easy-to-\u00a0<\/span><a href=\"https:\/\/www.lexbase.fr\/article-juridique\/6561638-jurisprudencepreuvedelemployeurcontrelesalariedelaloyauteavanttout\"><span>use<\/span><\/a><span>\u00a0method .\u00a0Therefore, the employer cannot use the connections on this system.\u00a0Consequently, the despido por\u00a0\u00a0<\/span><span>falta grave lacked\u00a0<\/span><span>\u00a0real and serious cause.<\/span><\/p>\n<p><span>It is a fundamental signal that because a control and monitoring system is considered a legal standard, employees must be informed in advance of its existence.\u00a0The simple observation and control of employees in their workplace, including without prior notice, does not constitute an illegal procedure subject to established jurisprudence.<\/span><\/p>\n<p><span>This decision reflects the importance of just and legal practices in the vigilance of employees.\u00a0Employees must follow appropriate procedures and inform employees of any control or monitoring system implemented.\u00a0The use of clandestine methods, like the use of bomb cards, is considered unfair and an infringement of the employees&#8217; derechos.\u00a0To establish the legitimacy of the claims obtained by these media, the court guarantees the protection of the employees&#8217; losses and defends the principle of impartiality.\u00a0<\/span><\/p>\n<p><a href=\"https:\/\/gregorydamy.niceavocats.fr\/\"><span>Bufete de abogados DAMY<\/span><\/a><span>\u00a0.\u00a0<\/span><\/p>\n<\/div>\n<p>[\/et_pb_text][\/et_pb_column][\/et_pb_row][et_pb_row _builder_version=&#8221;4.19.5&#8243; _module_preset=&#8221;default&#8221; custom_margin=&#8221;||0px||false|false&#8221; custom_padding=&#8221;||0px||false|false&#8221; global_colors_info=&#8221;{}&#8221;][et_pb_column type=&#8221;4_4&#8243; _builder_version=&#8221;4.19.5&#8243; _module_preset=&#8221;default&#8221; global_colors_info=&#8221;{}&#8221;][et_pb_divider _builder_version=&#8221;4.19.5&#8243; _module_preset=&#8221;default&#8221; global_colors_info=&#8221;{}&#8221;][\/et_pb_divider][\/et_pb_column][\/et_pb_row][\/et_pb_section]<\/p>\n","protected":false},"excerpt":{"rendered":"<p>M\u00e9todo de prueba il\u00edcito: sistema de control clandestino El caso involucra a la Oficina de Correos que sospechaba que una\u00a0\u00a0cartera\u00a0\u00a0hab\u00eda abierto ciertos sobres y decidi\u00f3 probar esta sospecha haci\u00e9ndole manejar cartas bomba que conten\u00edan tinta azul, que se liberar\u00edan si se abrieran los sobres.\u00a0Sin embargo, si bien los empleadores tienen derecho a controlar y vigilar [&hellip;]<\/p>\n","protected":false},"author":2,"featured_media":0,"comment_status":"open","ping_status":"open","sticky":false,"template":"","format":"standard","meta":{"_et_pb_use_builder":"on","_et_pb_old_content":"","_et_gb_content_width":"","footnotes":""},"categories":[325],"tags":[],"class_list":["post-3896","post","type-post","status-publish","format-standard","hentry","category-derecho-laboral"],"yoast_head":"<!-- This site is optimized with the Yoast SEO plugin v26.8 - https:\/\/yoast.com\/product\/yoast-seo-wordpress\/ -->\n<title>Vigilancia il\u00edcita de empleados: \u00bfqu\u00e9 consecuencias? - Soci\u00e9t\u00e9 d&#039;avocats Damy<\/title>\n<meta name=\"description\" content=\"Vigilancia il\u00edcita de empleados: \u00bfqu\u00e9 consecuencias? Este fallo destaca la importancia de las pr\u00e1cticas justas y legales en el control de\" \/>\n<meta name=\"robots\" content=\"index, follow, max-snippet:-1, max-image-preview:large, max-video-preview:-1\" \/>\n<link rel=\"canonical\" href=\"https:\/\/gregorydamy.niceavocats.fr\/es\/vigilancia-ilicita-de-empleados-que-consecuencias\/\" \/>\n<meta property=\"og:locale\" content=\"es_ES\" \/>\n<meta property=\"og:type\" content=\"article\" \/>\n<meta property=\"og:title\" content=\"Vigilancia il\u00edcita de empleados: \u00bfqu\u00e9 consecuencias? - Soci\u00e9t\u00e9 d&#039;avocats Damy\" \/>\n<meta property=\"og:description\" content=\"Vigilancia il\u00edcita de empleados: \u00bfqu\u00e9 consecuencias? Este fallo destaca la importancia de las pr\u00e1cticas justas y legales en el control de\" \/>\n<meta property=\"og:url\" content=\"https:\/\/gregorydamy.niceavocats.fr\/es\/vigilancia-ilicita-de-empleados-que-consecuencias\/\" \/>\n<meta property=\"og:site_name\" content=\"Soci\u00e9t\u00e9 d&#039;avocats Damy\" \/>\n<meta property=\"article:publisher\" content=\"https:\/\/www.facebook.com\/niceavocats.fr\/\" \/>\n<meta property=\"article:published_time\" content=\"2012-07-18T07:43:12+00:00\" \/>\n<meta property=\"article:modified_time\" content=\"2023-08-31T06:24:26+00:00\" \/>\n<meta name=\"author\" content=\"Kevin\" \/>\n<meta name=\"twitter:card\" content=\"summary_large_image\" \/>\n<meta name=\"twitter:label1\" content=\"Escrito por\" \/>\n\t<meta name=\"twitter:data1\" content=\"Kevin\" \/>\n\t<meta name=\"twitter:label2\" content=\"Tiempo de lectura\" \/>\n\t<meta name=\"twitter:data2\" content=\"3 minutos\" \/>\n<script type=\"application\/ld+json\" class=\"yoast-schema-graph\">{\"@context\":\"https:\/\/schema.org\",\"@graph\":[{\"@type\":\"Article\",\"@id\":\"https:\/\/gregorydamy.niceavocats.fr\/es\/vigilancia-ilicita-de-empleados-que-consecuencias\/#article\",\"isPartOf\":{\"@id\":\"https:\/\/gregorydamy.niceavocats.fr\/es\/vigilancia-ilicita-de-empleados-que-consecuencias\/\"},\"author\":{\"name\":\"Kevin\",\"@id\":\"https:\/\/gregorydamy.niceavocats.fr\/es\/#\/schema\/person\/e040acb2856efaa1e114d0e7a92a3870\"},\"headline\":\"Vigilancia il\u00edcita de empleados: \u00bfqu\u00e9 consecuencias?\",\"datePublished\":\"2012-07-18T07:43:12+00:00\",\"dateModified\":\"2023-08-31T06:24:26+00:00\",\"mainEntityOfPage\":{\"@id\":\"https:\/\/gregorydamy.niceavocats.fr\/es\/vigilancia-ilicita-de-empleados-que-consecuencias\/\"},\"wordCount\":783,\"commentCount\":0,\"publisher\":{\"@id\":\"https:\/\/gregorydamy.niceavocats.fr\/es\/#organization\"},\"articleSection\":[\"Derecho laboral\"],\"inLanguage\":\"es\",\"potentialAction\":[{\"@type\":\"CommentAction\",\"name\":\"Comment\",\"target\":[\"https:\/\/gregorydamy.niceavocats.fr\/es\/vigilancia-ilicita-de-empleados-que-consecuencias\/#respond\"]}]},{\"@type\":\"WebPage\",\"@id\":\"https:\/\/gregorydamy.niceavocats.fr\/es\/vigilancia-ilicita-de-empleados-que-consecuencias\/\",\"url\":\"https:\/\/gregorydamy.niceavocats.fr\/es\/vigilancia-ilicita-de-empleados-que-consecuencias\/\",\"name\":\"Vigilancia il\u00edcita de empleados: \u00bfqu\u00e9 consecuencias? - Soci\u00e9t\u00e9 d&#039;avocats Damy\",\"isPartOf\":{\"@id\":\"https:\/\/gregorydamy.niceavocats.fr\/es\/#website\"},\"datePublished\":\"2012-07-18T07:43:12+00:00\",\"dateModified\":\"2023-08-31T06:24:26+00:00\",\"description\":\"Vigilancia il\u00edcita de empleados: \u00bfqu\u00e9 consecuencias? Este fallo destaca la importancia de las pr\u00e1cticas justas y legales en el control de\",\"breadcrumb\":{\"@id\":\"https:\/\/gregorydamy.niceavocats.fr\/es\/vigilancia-ilicita-de-empleados-que-consecuencias\/#breadcrumb\"},\"inLanguage\":\"es\",\"potentialAction\":[{\"@type\":\"ReadAction\",\"target\":[\"https:\/\/gregorydamy.niceavocats.fr\/es\/vigilancia-ilicita-de-empleados-que-consecuencias\/\"]}]},{\"@type\":\"BreadcrumbList\",\"@id\":\"https:\/\/gregorydamy.niceavocats.fr\/es\/vigilancia-ilicita-de-empleados-que-consecuencias\/#breadcrumb\",\"itemListElement\":[{\"@type\":\"ListItem\",\"position\":1,\"name\":\"Accueil\",\"item\":\"https:\/\/gregorydamy.niceavocats.fr\/es\/\"},{\"@type\":\"ListItem\",\"position\":2,\"name\":\"Vigilancia il\u00edcita de empleados: \u00bfqu\u00e9 consecuencias?\"}]},{\"@type\":\"WebSite\",\"@id\":\"https:\/\/gregorydamy.niceavocats.fr\/es\/#website\",\"url\":\"https:\/\/gregorydamy.niceavocats.fr\/es\/\",\"name\":\"Soci\u00e9t\u00e9 d&#039;avocats Damy\",\"description\":\"Justice - Confiance - Efficacit\u00e9\",\"publisher\":{\"@id\":\"https:\/\/gregorydamy.niceavocats.fr\/es\/#organization\"},\"potentialAction\":[{\"@type\":\"SearchAction\",\"target\":{\"@type\":\"EntryPoint\",\"urlTemplate\":\"https:\/\/gregorydamy.niceavocats.fr\/es\/?s={search_term_string}\"},\"query-input\":{\"@type\":\"PropertyValueSpecification\",\"valueRequired\":true,\"valueName\":\"search_term_string\"}}],\"inLanguage\":\"es\"},{\"@type\":\"Organization\",\"@id\":\"https:\/\/gregorydamy.niceavocats.fr\/es\/#organization\",\"name\":\"Soci\u00e9t\u00e9 d'Avocats DAMY\",\"alternateName\":\"Gr\u00e9gory DAMY\",\"url\":\"https:\/\/gregorydamy.niceavocats.fr\/es\/\",\"logo\":{\"@type\":\"ImageObject\",\"inLanguage\":\"es\",\"@id\":\"https:\/\/gregorydamy.niceavocats.fr\/es\/#\/schema\/logo\/image\/\",\"url\":\"https:\/\/gregorydamy.niceavocats.fr\/wp-content\/uploads\/2023\/04\/damylogo-1.png\",\"contentUrl\":\"https:\/\/gregorydamy.niceavocats.fr\/wp-content\/uploads\/2023\/04\/damylogo-1.png\",\"width\":1890,\"height\":1417,\"caption\":\"Soci\u00e9t\u00e9 d'Avocats DAMY\"},\"image\":{\"@id\":\"https:\/\/gregorydamy.niceavocats.fr\/es\/#\/schema\/logo\/image\/\"},\"sameAs\":[\"https:\/\/www.facebook.com\/niceavocats.fr\/\"]},{\"@type\":\"Person\",\"@id\":\"https:\/\/gregorydamy.niceavocats.fr\/es\/#\/schema\/person\/e040acb2856efaa1e114d0e7a92a3870\",\"name\":\"Kevin\",\"url\":\"https:\/\/gregorydamy.niceavocats.fr\/es\/author\/kevin\/\"}]}<\/script>\n<!-- \/ Yoast SEO plugin. -->","yoast_head_json":{"title":"Vigilancia il\u00edcita de empleados: \u00bfqu\u00e9 consecuencias? - Soci\u00e9t\u00e9 d&#039;avocats Damy","description":"Vigilancia il\u00edcita de empleados: \u00bfqu\u00e9 consecuencias? Este fallo destaca la importancia de las pr\u00e1cticas justas y legales en el control de","robots":{"index":"index","follow":"follow","max-snippet":"max-snippet:-1","max-image-preview":"max-image-preview:large","max-video-preview":"max-video-preview:-1"},"canonical":"https:\/\/gregorydamy.niceavocats.fr\/es\/vigilancia-ilicita-de-empleados-que-consecuencias\/","og_locale":"es_ES","og_type":"article","og_title":"Vigilancia il\u00edcita de empleados: \u00bfqu\u00e9 consecuencias? - Soci\u00e9t\u00e9 d&#039;avocats Damy","og_description":"Vigilancia il\u00edcita de empleados: \u00bfqu\u00e9 consecuencias? Este fallo destaca la importancia de las pr\u00e1cticas justas y legales en el control de","og_url":"https:\/\/gregorydamy.niceavocats.fr\/es\/vigilancia-ilicita-de-empleados-que-consecuencias\/","og_site_name":"Soci\u00e9t\u00e9 d&#039;avocats Damy","article_publisher":"https:\/\/www.facebook.com\/niceavocats.fr\/","article_published_time":"2012-07-18T07:43:12+00:00","article_modified_time":"2023-08-31T06:24:26+00:00","author":"Kevin","twitter_card":"summary_large_image","twitter_misc":{"Escrito por":"Kevin","Tiempo de lectura":"3 minutos"},"schema":{"@context":"https:\/\/schema.org","@graph":[{"@type":"Article","@id":"https:\/\/gregorydamy.niceavocats.fr\/es\/vigilancia-ilicita-de-empleados-que-consecuencias\/#article","isPartOf":{"@id":"https:\/\/gregorydamy.niceavocats.fr\/es\/vigilancia-ilicita-de-empleados-que-consecuencias\/"},"author":{"name":"Kevin","@id":"https:\/\/gregorydamy.niceavocats.fr\/es\/#\/schema\/person\/e040acb2856efaa1e114d0e7a92a3870"},"headline":"Vigilancia il\u00edcita de empleados: \u00bfqu\u00e9 consecuencias?","datePublished":"2012-07-18T07:43:12+00:00","dateModified":"2023-08-31T06:24:26+00:00","mainEntityOfPage":{"@id":"https:\/\/gregorydamy.niceavocats.fr\/es\/vigilancia-ilicita-de-empleados-que-consecuencias\/"},"wordCount":783,"commentCount":0,"publisher":{"@id":"https:\/\/gregorydamy.niceavocats.fr\/es\/#organization"},"articleSection":["Derecho laboral"],"inLanguage":"es","potentialAction":[{"@type":"CommentAction","name":"Comment","target":["https:\/\/gregorydamy.niceavocats.fr\/es\/vigilancia-ilicita-de-empleados-que-consecuencias\/#respond"]}]},{"@type":"WebPage","@id":"https:\/\/gregorydamy.niceavocats.fr\/es\/vigilancia-ilicita-de-empleados-que-consecuencias\/","url":"https:\/\/gregorydamy.niceavocats.fr\/es\/vigilancia-ilicita-de-empleados-que-consecuencias\/","name":"Vigilancia il\u00edcita de empleados: \u00bfqu\u00e9 consecuencias? - Soci\u00e9t\u00e9 d&#039;avocats Damy","isPartOf":{"@id":"https:\/\/gregorydamy.niceavocats.fr\/es\/#website"},"datePublished":"2012-07-18T07:43:12+00:00","dateModified":"2023-08-31T06:24:26+00:00","description":"Vigilancia il\u00edcita de empleados: \u00bfqu\u00e9 consecuencias? Este fallo destaca la importancia de las pr\u00e1cticas justas y legales en el control de","breadcrumb":{"@id":"https:\/\/gregorydamy.niceavocats.fr\/es\/vigilancia-ilicita-de-empleados-que-consecuencias\/#breadcrumb"},"inLanguage":"es","potentialAction":[{"@type":"ReadAction","target":["https:\/\/gregorydamy.niceavocats.fr\/es\/vigilancia-ilicita-de-empleados-que-consecuencias\/"]}]},{"@type":"BreadcrumbList","@id":"https:\/\/gregorydamy.niceavocats.fr\/es\/vigilancia-ilicita-de-empleados-que-consecuencias\/#breadcrumb","itemListElement":[{"@type":"ListItem","position":1,"name":"Accueil","item":"https:\/\/gregorydamy.niceavocats.fr\/es\/"},{"@type":"ListItem","position":2,"name":"Vigilancia il\u00edcita de empleados: \u00bfqu\u00e9 consecuencias?"}]},{"@type":"WebSite","@id":"https:\/\/gregorydamy.niceavocats.fr\/es\/#website","url":"https:\/\/gregorydamy.niceavocats.fr\/es\/","name":"Soci\u00e9t\u00e9 d&#039;avocats Damy","description":"Justice - Confiance - Efficacit\u00e9","publisher":{"@id":"https:\/\/gregorydamy.niceavocats.fr\/es\/#organization"},"potentialAction":[{"@type":"SearchAction","target":{"@type":"EntryPoint","urlTemplate":"https:\/\/gregorydamy.niceavocats.fr\/es\/?s={search_term_string}"},"query-input":{"@type":"PropertyValueSpecification","valueRequired":true,"valueName":"search_term_string"}}],"inLanguage":"es"},{"@type":"Organization","@id":"https:\/\/gregorydamy.niceavocats.fr\/es\/#organization","name":"Soci\u00e9t\u00e9 d'Avocats DAMY","alternateName":"Gr\u00e9gory DAMY","url":"https:\/\/gregorydamy.niceavocats.fr\/es\/","logo":{"@type":"ImageObject","inLanguage":"es","@id":"https:\/\/gregorydamy.niceavocats.fr\/es\/#\/schema\/logo\/image\/","url":"https:\/\/gregorydamy.niceavocats.fr\/wp-content\/uploads\/2023\/04\/damylogo-1.png","contentUrl":"https:\/\/gregorydamy.niceavocats.fr\/wp-content\/uploads\/2023\/04\/damylogo-1.png","width":1890,"height":1417,"caption":"Soci\u00e9t\u00e9 d'Avocats DAMY"},"image":{"@id":"https:\/\/gregorydamy.niceavocats.fr\/es\/#\/schema\/logo\/image\/"},"sameAs":["https:\/\/www.facebook.com\/niceavocats.fr\/"]},{"@type":"Person","@id":"https:\/\/gregorydamy.niceavocats.fr\/es\/#\/schema\/person\/e040acb2856efaa1e114d0e7a92a3870","name":"Kevin","url":"https:\/\/gregorydamy.niceavocats.fr\/es\/author\/kevin\/"}]}},"_links":{"self":[{"href":"https:\/\/gregorydamy.niceavocats.fr\/es\/wp-json\/wp\/v2\/posts\/3896","targetHints":{"allow":["GET"]}}],"collection":[{"href":"https:\/\/gregorydamy.niceavocats.fr\/es\/wp-json\/wp\/v2\/posts"}],"about":[{"href":"https:\/\/gregorydamy.niceavocats.fr\/es\/wp-json\/wp\/v2\/types\/post"}],"author":[{"embeddable":true,"href":"https:\/\/gregorydamy.niceavocats.fr\/es\/wp-json\/wp\/v2\/users\/2"}],"replies":[{"embeddable":true,"href":"https:\/\/gregorydamy.niceavocats.fr\/es\/wp-json\/wp\/v2\/comments?post=3896"}],"version-history":[{"count":0,"href":"https:\/\/gregorydamy.niceavocats.fr\/es\/wp-json\/wp\/v2\/posts\/3896\/revisions"}],"wp:attachment":[{"href":"https:\/\/gregorydamy.niceavocats.fr\/es\/wp-json\/wp\/v2\/media?parent=3896"}],"wp:term":[{"taxonomy":"category","embeddable":true,"href":"https:\/\/gregorydamy.niceavocats.fr\/es\/wp-json\/wp\/v2\/categories?post=3896"},{"taxonomy":"post_tag","embeddable":true,"href":"https:\/\/gregorydamy.niceavocats.fr\/es\/wp-json\/wp\/v2\/tags?post=3896"}],"curies":[{"name":"wp","href":"https:\/\/api.w.org\/{rel}","templated":true}]}}