{"id":3861,"date":"2012-07-18T08:05:45","date_gmt":"2012-07-18T08:05:45","guid":{"rendered":"https:\/\/gregorydamy.niceavocats.fr\/?p=3861"},"modified":"2023-08-24T06:41:55","modified_gmt":"2023-08-24T06:41:55","slug":"transferibilidad-de-la-pension-alimenticia-a-los-herederos","status":"publish","type":"post","link":"https:\/\/gregorydamy.niceavocats.fr\/es\/transferibilidad-de-la-pension-alimenticia-a-los-herederos\/","title":{"rendered":"Transferibilidad de la pensi\u00f3n alimenticia a los herederos."},"content":{"rendered":"<p>[et_pb_section fb_built=&#8221;1&#8243; admin_label=&#8221;section&#8221; _builder_version=&#8221;4.19.5&#8243; custom_margin=&#8221;||0px||false|false&#8221; custom_padding=&#8221;||0px||false|false&#8221; locked=&#8221;off&#8221; global_colors_info=&#8221;{}&#8221;][et_pb_row column_structure=&#8221;1_3,1_3,1_3&#8243; _builder_version=&#8221;4.19.5&#8243; _module_preset=&#8221;default&#8221; background_enable_mask_style=&#8221;on&#8221; background_mask_style=&#8221;wave&#8221; background_mask_color=&#8221;rgba(0,0,0,0.08)&#8221; custom_padding=&#8221;||6px|||&#8221; locked=&#8221;off&#8221; global_colors_info=&#8221;{}&#8221;][et_pb_column type=&#8221;1_3&#8243; _builder_version=&#8221;4.19.5&#8243; _module_preset=&#8221;default&#8221; global_colors_info=&#8221;{}&#8221;][\/et_pb_column][et_pb_column type=&#8221;1_3&#8243; _builder_version=&#8221;4.19.5&#8243; _module_preset=&#8221;default&#8221; global_colors_info=&#8221;{}&#8221;][\/et_pb_column][et_pb_column type=&#8221;1_3&#8243; _builder_version=&#8221;4.19.5&#8243; _module_preset=&#8221;default&#8221; global_colors_info=&#8221;{}&#8221;][et_pb_circle_counter title=&#8221; Temps de lecture estim\u00e9 (en minutes)&#8221; number=&#8221;2&#8243; percent_sign=&#8221;off&#8221; _builder_version=&#8221;4.19.5&#8243; _module_preset=&#8221;default&#8221; title_font=&#8221;Amiri||||||||&#8221; max_width=&#8221;137px&#8221; global_colors_info=&#8221;{}&#8221;][\/et_pb_circle_counter][\/et_pb_column][\/et_pb_row][et_pb_row _builder_version=&#8221;4.19.5&#8243; _module_preset=&#8221;default&#8221; custom_margin=&#8221;||0px||false|false&#8221; custom_padding=&#8221;||0px||false|false&#8221; global_colors_info=&#8221;{}&#8221;][et_pb_column type=&#8221;4_4&#8243; _builder_version=&#8221;4.19.5&#8243; _module_preset=&#8221;default&#8221; global_colors_info=&#8221;{}&#8221;][et_pb_divider _builder_version=&#8221;4.19.5&#8243; _module_preset=&#8221;default&#8221; global_colors_info=&#8221;{}&#8221;][\/et_pb_divider][\/et_pb_column][\/et_pb_row][et_pb_row admin_label=&#8221;row&#8221; _builder_version=&#8221;4.16&#8243; background_size=&#8221;initial&#8221; background_position=&#8221;top_left&#8221; background_repeat=&#8221;repeat&#8221; global_colors_info=&#8221;{}&#8221;][et_pb_column type=&#8221;4_4&#8243; _builder_version=&#8221;4.16&#8243; custom_padding=&#8221;|||&#8221; global_colors_info=&#8221;{}&#8221; custom_padding__hover=&#8221;|||&#8221;][et_pb_image src=&#8221;https:\/\/gregorydamy.niceavocats.fr\/wp-content\/uploads\/2023\/08\/bully-3233568_1280-2.jpg&#8221; title_text=&#8221;bully-3233568_1280-2&#8243; _builder_version=&#8221;4.21.0&#8243; _module_preset=&#8221;default&#8221; hover_enabled=&#8221;0&#8243; global_colors_info=&#8221;{}&#8221; sticky_enabled=&#8221;0&#8243;][\/et_pb_image][et_pb_text admin_label=&#8221;Text&#8221; _builder_version=&#8221;4.21.0&#8243; text_font=&#8221;Amiri||||||||&#8221; header_2_font=&#8221;Amiri||||||||&#8221; header_3_font=&#8221;Amiri||||||||&#8221; background_size=&#8221;initial&#8221; background_position=&#8221;top_left&#8221; background_repeat=&#8221;repeat&#8221; hover_enabled=&#8221;0&#8243; global_colors_info=&#8221;{}&#8221; sticky_enabled=&#8221;0&#8243;]<\/p>\n<div class=\"entry-content\">\n<h2><span><span class=\"\">Transferibilidad de la pensi\u00f3n alimenticia a los herederos.<\/span><\/span><\/h2>\n<p><span>La cuesti\u00f3n de si\u00a0<\/span><a href=\"https:\/\/www.justice.fr\/themes\/pension-alimentaire\"><span>la pensi\u00f3n alimenticia<\/span><\/a><span>\u00a0, tal como\u00a0\u00a0<\/span><span>establec\u00eda\u00a0<\/span><span>\u00a0el art\u00edculo 301 del C\u00f3digo civil anterior a la ley de 11 de julio de 1975, es transferible a los herederos es abordada en una reciente sentencia de la primera sala civil.\u00a0Se trataba de una sentencia en apelaci\u00f3n que conclu\u00eda que la decisi\u00f3n de alimentos, que tambi\u00e9n conced\u00eda una indemnizaci\u00f3n a la esposa por culpa del marido, indicaba que los alimentos eran puramente alimentarios y personales, por lo que eran intransferibles en caso de fallecimiento.<\/span><\/p>\n<h2><span>La pensi\u00f3n alimenticia como deuda transferible<\/span><\/h2>\n<p><span>Contrary to the opinion of the lower court, the Tribunal Supremo holds a different opinion.\u00a0The food pension, in addition to its maintenance function, has a compensatory aspect, which allows it to be passed on to the herederos of the deudor fallecido.<\/span><\/p>\n<p><span>Los herederos universales o por t\u00edtulo universal\u00a0\u00a0<\/span><span>reemplazan autom\u00e1ticamente\u00a0<\/span><span>\u00a0al causante en la obligaci\u00f3n existente.\u00a0Mientras que las deudas alimentarias son generalmente intransferibles y se extinguen con la muerte del deudor, las deudas de car\u00e1cter indemnizatorio, como la pensi\u00f3n alimenticia, forman parte del pasivo del patrimonio, que luego se transmite a los herederos.<\/span><\/p>\n<p><span>En concreto, cuando una persona, tras un\u00a0<\/span><a href=\"https:\/\/gregorydamy.niceavocats.fr\/articles-droit-de-la-famille\/\"><span>divorcio<\/span><\/a><span>\u00a0, debe una pensi\u00f3n alimenticia no pagada a su exc\u00f3nyuge en el momento de su muerte, esta deuda se transmite mortis causa (en caso de muerte) a los herederos con derecho a las cargas de la sucesi\u00f3n .<\/span><\/p>\n<p><span class=\"\"><span>Esta sentencia aclara la transferibilidad de las deudas alimentarias a los herederos y establece que el car\u00e1cter compensatorio de las mismas permite su inclusi\u00f3n como parte del patrimonio del causante.\u00a0<\/span><\/span><span>Confirma que la pensi\u00f3n alimenticia, m\u00e1s all\u00e1 de su finalidad de sustentaci\u00f3n continua, tiene una base jur\u00eddica que justifica su transferencia a los herederos en caso de fallecimiento del deudor.<\/span><\/p>\n<\/div>\n<p>[\/et_pb_text][\/et_pb_column][\/et_pb_row][et_pb_row _builder_version=&#8221;4.19.5&#8243; _module_preset=&#8221;default&#8221; custom_margin=&#8221;||0px||false|false&#8221; custom_padding=&#8221;||0px||false|false&#8221; global_colors_info=&#8221;{}&#8221;][et_pb_column type=&#8221;4_4&#8243; _builder_version=&#8221;4.19.5&#8243; _module_preset=&#8221;default&#8221; global_colors_info=&#8221;{}&#8221;][et_pb_divider _builder_version=&#8221;4.19.5&#8243; _module_preset=&#8221;default&#8221; global_colors_info=&#8221;{}&#8221;][\/et_pb_divider][\/et_pb_column][\/et_pb_row][\/et_pb_section]<\/p>\n","protected":false},"excerpt":{"rendered":"<p>Transferibilidad de la pensi\u00f3n alimenticia a los herederos. La cuesti\u00f3n de si\u00a0la pensi\u00f3n alimenticia\u00a0, tal como\u00a0\u00a0establec\u00eda\u00a0\u00a0el art\u00edculo 301 del C\u00f3digo civil anterior a la ley de 11 de julio de 1975, es transferible a los herederos es abordada en una reciente sentencia de la primera sala civil.\u00a0Se trataba de una sentencia en apelaci\u00f3n que conclu\u00eda [&hellip;]<\/p>\n","protected":false},"author":2,"featured_media":0,"comment_status":"open","ping_status":"open","sticky":false,"template":"","format":"standard","meta":{"_et_pb_use_builder":"on","_et_pb_old_content":"","_et_gb_content_width":"","footnotes":""},"categories":[301],"tags":[],"class_list":["post-3861","post","type-post","status-publish","format-standard","hentry","category-derecho-de-familia"],"yoast_head":"<!-- This site is optimized with the Yoast SEO plugin v26.8 - https:\/\/yoast.com\/product\/yoast-seo-wordpress\/ -->\n<title>Transferibilidad de la pensi\u00f3n alimenticia a los herederos. - Soci\u00e9t\u00e9 d&#039;avocats Damy<\/title>\n<meta name=\"description\" content=\"Transferibilidad de la pensi\u00f3n alimenticia a los herederos. Esta sentencia aclara la transmisibilidad de las deudas alimentarias\" \/>\n<meta name=\"robots\" content=\"index, follow, max-snippet:-1, max-image-preview:large, max-video-preview:-1\" \/>\n<link rel=\"canonical\" href=\"https:\/\/gregorydamy.niceavocats.fr\/es\/transferibilidad-de-la-pension-alimenticia-a-los-herederos\/\" \/>\n<meta property=\"og:locale\" content=\"es_ES\" \/>\n<meta property=\"og:type\" content=\"article\" \/>\n<meta property=\"og:title\" content=\"Transferibilidad de la pensi\u00f3n alimenticia a los herederos. - Soci\u00e9t\u00e9 d&#039;avocats Damy\" \/>\n<meta property=\"og:description\" content=\"Transferibilidad de la pensi\u00f3n alimenticia a los herederos. Esta sentencia aclara la transmisibilidad de las deudas alimentarias\" \/>\n<meta property=\"og:url\" content=\"https:\/\/gregorydamy.niceavocats.fr\/es\/transferibilidad-de-la-pension-alimenticia-a-los-herederos\/\" \/>\n<meta property=\"og:site_name\" content=\"Soci\u00e9t\u00e9 d&#039;avocats Damy\" \/>\n<meta property=\"article:publisher\" content=\"https:\/\/www.facebook.com\/niceavocats.fr\/\" \/>\n<meta property=\"article:published_time\" content=\"2012-07-18T08:05:45+00:00\" \/>\n<meta property=\"article:modified_time\" content=\"2023-08-24T06:41:55+00:00\" \/>\n<meta name=\"author\" content=\"Kevin\" \/>\n<meta name=\"twitter:card\" content=\"summary_large_image\" \/>\n<meta name=\"twitter:label1\" content=\"Escrito por\" \/>\n\t<meta name=\"twitter:data1\" content=\"Kevin\" \/>\n\t<meta name=\"twitter:label2\" content=\"Tiempo de lectura\" \/>\n\t<meta name=\"twitter:data2\" content=\"3 minutos\" \/>\n<script type=\"application\/ld+json\" class=\"yoast-schema-graph\">{\"@context\":\"https:\/\/schema.org\",\"@graph\":[{\"@type\":\"Article\",\"@id\":\"https:\/\/gregorydamy.niceavocats.fr\/es\/transferibilidad-de-la-pension-alimenticia-a-los-herederos\/#article\",\"isPartOf\":{\"@id\":\"https:\/\/gregorydamy.niceavocats.fr\/es\/transferibilidad-de-la-pension-alimenticia-a-los-herederos\/\"},\"author\":{\"name\":\"Kevin\",\"@id\":\"https:\/\/gregorydamy.niceavocats.fr\/es\/#\/schema\/person\/e040acb2856efaa1e114d0e7a92a3870\"},\"headline\":\"Transferibilidad de la pensi\u00f3n alimenticia a los herederos.\",\"datePublished\":\"2012-07-18T08:05:45+00:00\",\"dateModified\":\"2023-08-24T06:41:55+00:00\",\"mainEntityOfPage\":{\"@id\":\"https:\/\/gregorydamy.niceavocats.fr\/es\/transferibilidad-de-la-pension-alimenticia-a-los-herederos\/\"},\"wordCount\":688,\"commentCount\":0,\"publisher\":{\"@id\":\"https:\/\/gregorydamy.niceavocats.fr\/es\/#organization\"},\"articleSection\":[\"Derecho de familia\"],\"inLanguage\":\"es\",\"potentialAction\":[{\"@type\":\"CommentAction\",\"name\":\"Comment\",\"target\":[\"https:\/\/gregorydamy.niceavocats.fr\/es\/transferibilidad-de-la-pension-alimenticia-a-los-herederos\/#respond\"]}]},{\"@type\":\"WebPage\",\"@id\":\"https:\/\/gregorydamy.niceavocats.fr\/es\/transferibilidad-de-la-pension-alimenticia-a-los-herederos\/\",\"url\":\"https:\/\/gregorydamy.niceavocats.fr\/es\/transferibilidad-de-la-pension-alimenticia-a-los-herederos\/\",\"name\":\"Transferibilidad de la pensi\u00f3n alimenticia a los herederos. - Soci\u00e9t\u00e9 d&#039;avocats Damy\",\"isPartOf\":{\"@id\":\"https:\/\/gregorydamy.niceavocats.fr\/es\/#website\"},\"datePublished\":\"2012-07-18T08:05:45+00:00\",\"dateModified\":\"2023-08-24T06:41:55+00:00\",\"description\":\"Transferibilidad de la pensi\u00f3n alimenticia a los herederos. Esta sentencia aclara la transmisibilidad de las deudas alimentarias\",\"breadcrumb\":{\"@id\":\"https:\/\/gregorydamy.niceavocats.fr\/es\/transferibilidad-de-la-pension-alimenticia-a-los-herederos\/#breadcrumb\"},\"inLanguage\":\"es\",\"potentialAction\":[{\"@type\":\"ReadAction\",\"target\":[\"https:\/\/gregorydamy.niceavocats.fr\/es\/transferibilidad-de-la-pension-alimenticia-a-los-herederos\/\"]}]},{\"@type\":\"BreadcrumbList\",\"@id\":\"https:\/\/gregorydamy.niceavocats.fr\/es\/transferibilidad-de-la-pension-alimenticia-a-los-herederos\/#breadcrumb\",\"itemListElement\":[{\"@type\":\"ListItem\",\"position\":1,\"name\":\"Accueil\",\"item\":\"https:\/\/gregorydamy.niceavocats.fr\/es\/\"},{\"@type\":\"ListItem\",\"position\":2,\"name\":\"Transferibilidad de la pensi\u00f3n alimenticia a los herederos.\"}]},{\"@type\":\"WebSite\",\"@id\":\"https:\/\/gregorydamy.niceavocats.fr\/es\/#website\",\"url\":\"https:\/\/gregorydamy.niceavocats.fr\/es\/\",\"name\":\"Soci\u00e9t\u00e9 d&#039;avocats Damy\",\"description\":\"Justice - Confiance - Efficacit\u00e9\",\"publisher\":{\"@id\":\"https:\/\/gregorydamy.niceavocats.fr\/es\/#organization\"},\"potentialAction\":[{\"@type\":\"SearchAction\",\"target\":{\"@type\":\"EntryPoint\",\"urlTemplate\":\"https:\/\/gregorydamy.niceavocats.fr\/es\/?s={search_term_string}\"},\"query-input\":{\"@type\":\"PropertyValueSpecification\",\"valueRequired\":true,\"valueName\":\"search_term_string\"}}],\"inLanguage\":\"es\"},{\"@type\":\"Organization\",\"@id\":\"https:\/\/gregorydamy.niceavocats.fr\/es\/#organization\",\"name\":\"Soci\u00e9t\u00e9 d'Avocats DAMY\",\"alternateName\":\"Gr\u00e9gory DAMY\",\"url\":\"https:\/\/gregorydamy.niceavocats.fr\/es\/\",\"logo\":{\"@type\":\"ImageObject\",\"inLanguage\":\"es\",\"@id\":\"https:\/\/gregorydamy.niceavocats.fr\/es\/#\/schema\/logo\/image\/\",\"url\":\"https:\/\/gregorydamy.niceavocats.fr\/wp-content\/uploads\/2023\/04\/damylogo-1.png\",\"contentUrl\":\"https:\/\/gregorydamy.niceavocats.fr\/wp-content\/uploads\/2023\/04\/damylogo-1.png\",\"width\":1890,\"height\":1417,\"caption\":\"Soci\u00e9t\u00e9 d'Avocats DAMY\"},\"image\":{\"@id\":\"https:\/\/gregorydamy.niceavocats.fr\/es\/#\/schema\/logo\/image\/\"},\"sameAs\":[\"https:\/\/www.facebook.com\/niceavocats.fr\/\"]},{\"@type\":\"Person\",\"@id\":\"https:\/\/gregorydamy.niceavocats.fr\/es\/#\/schema\/person\/e040acb2856efaa1e114d0e7a92a3870\",\"name\":\"Kevin\",\"url\":\"https:\/\/gregorydamy.niceavocats.fr\/es\/author\/kevin\/\"}]}<\/script>\n<!-- \/ Yoast SEO plugin. -->","yoast_head_json":{"title":"Transferibilidad de la pensi\u00f3n alimenticia a los herederos. - Soci\u00e9t\u00e9 d&#039;avocats Damy","description":"Transferibilidad de la pensi\u00f3n alimenticia a los herederos. Esta sentencia aclara la transmisibilidad de las deudas alimentarias","robots":{"index":"index","follow":"follow","max-snippet":"max-snippet:-1","max-image-preview":"max-image-preview:large","max-video-preview":"max-video-preview:-1"},"canonical":"https:\/\/gregorydamy.niceavocats.fr\/es\/transferibilidad-de-la-pension-alimenticia-a-los-herederos\/","og_locale":"es_ES","og_type":"article","og_title":"Transferibilidad de la pensi\u00f3n alimenticia a los herederos. - Soci\u00e9t\u00e9 d&#039;avocats Damy","og_description":"Transferibilidad de la pensi\u00f3n alimenticia a los herederos. Esta sentencia aclara la transmisibilidad de las deudas alimentarias","og_url":"https:\/\/gregorydamy.niceavocats.fr\/es\/transferibilidad-de-la-pension-alimenticia-a-los-herederos\/","og_site_name":"Soci\u00e9t\u00e9 d&#039;avocats Damy","article_publisher":"https:\/\/www.facebook.com\/niceavocats.fr\/","article_published_time":"2012-07-18T08:05:45+00:00","article_modified_time":"2023-08-24T06:41:55+00:00","author":"Kevin","twitter_card":"summary_large_image","twitter_misc":{"Escrito por":"Kevin","Tiempo de lectura":"3 minutos"},"schema":{"@context":"https:\/\/schema.org","@graph":[{"@type":"Article","@id":"https:\/\/gregorydamy.niceavocats.fr\/es\/transferibilidad-de-la-pension-alimenticia-a-los-herederos\/#article","isPartOf":{"@id":"https:\/\/gregorydamy.niceavocats.fr\/es\/transferibilidad-de-la-pension-alimenticia-a-los-herederos\/"},"author":{"name":"Kevin","@id":"https:\/\/gregorydamy.niceavocats.fr\/es\/#\/schema\/person\/e040acb2856efaa1e114d0e7a92a3870"},"headline":"Transferibilidad de la pensi\u00f3n alimenticia a los herederos.","datePublished":"2012-07-18T08:05:45+00:00","dateModified":"2023-08-24T06:41:55+00:00","mainEntityOfPage":{"@id":"https:\/\/gregorydamy.niceavocats.fr\/es\/transferibilidad-de-la-pension-alimenticia-a-los-herederos\/"},"wordCount":688,"commentCount":0,"publisher":{"@id":"https:\/\/gregorydamy.niceavocats.fr\/es\/#organization"},"articleSection":["Derecho de familia"],"inLanguage":"es","potentialAction":[{"@type":"CommentAction","name":"Comment","target":["https:\/\/gregorydamy.niceavocats.fr\/es\/transferibilidad-de-la-pension-alimenticia-a-los-herederos\/#respond"]}]},{"@type":"WebPage","@id":"https:\/\/gregorydamy.niceavocats.fr\/es\/transferibilidad-de-la-pension-alimenticia-a-los-herederos\/","url":"https:\/\/gregorydamy.niceavocats.fr\/es\/transferibilidad-de-la-pension-alimenticia-a-los-herederos\/","name":"Transferibilidad de la pensi\u00f3n alimenticia a los herederos. - Soci\u00e9t\u00e9 d&#039;avocats Damy","isPartOf":{"@id":"https:\/\/gregorydamy.niceavocats.fr\/es\/#website"},"datePublished":"2012-07-18T08:05:45+00:00","dateModified":"2023-08-24T06:41:55+00:00","description":"Transferibilidad de la pensi\u00f3n alimenticia a los herederos. Esta sentencia aclara la transmisibilidad de las deudas alimentarias","breadcrumb":{"@id":"https:\/\/gregorydamy.niceavocats.fr\/es\/transferibilidad-de-la-pension-alimenticia-a-los-herederos\/#breadcrumb"},"inLanguage":"es","potentialAction":[{"@type":"ReadAction","target":["https:\/\/gregorydamy.niceavocats.fr\/es\/transferibilidad-de-la-pension-alimenticia-a-los-herederos\/"]}]},{"@type":"BreadcrumbList","@id":"https:\/\/gregorydamy.niceavocats.fr\/es\/transferibilidad-de-la-pension-alimenticia-a-los-herederos\/#breadcrumb","itemListElement":[{"@type":"ListItem","position":1,"name":"Accueil","item":"https:\/\/gregorydamy.niceavocats.fr\/es\/"},{"@type":"ListItem","position":2,"name":"Transferibilidad de la pensi\u00f3n alimenticia a los herederos."}]},{"@type":"WebSite","@id":"https:\/\/gregorydamy.niceavocats.fr\/es\/#website","url":"https:\/\/gregorydamy.niceavocats.fr\/es\/","name":"Soci\u00e9t\u00e9 d&#039;avocats Damy","description":"Justice - Confiance - Efficacit\u00e9","publisher":{"@id":"https:\/\/gregorydamy.niceavocats.fr\/es\/#organization"},"potentialAction":[{"@type":"SearchAction","target":{"@type":"EntryPoint","urlTemplate":"https:\/\/gregorydamy.niceavocats.fr\/es\/?s={search_term_string}"},"query-input":{"@type":"PropertyValueSpecification","valueRequired":true,"valueName":"search_term_string"}}],"inLanguage":"es"},{"@type":"Organization","@id":"https:\/\/gregorydamy.niceavocats.fr\/es\/#organization","name":"Soci\u00e9t\u00e9 d'Avocats DAMY","alternateName":"Gr\u00e9gory DAMY","url":"https:\/\/gregorydamy.niceavocats.fr\/es\/","logo":{"@type":"ImageObject","inLanguage":"es","@id":"https:\/\/gregorydamy.niceavocats.fr\/es\/#\/schema\/logo\/image\/","url":"https:\/\/gregorydamy.niceavocats.fr\/wp-content\/uploads\/2023\/04\/damylogo-1.png","contentUrl":"https:\/\/gregorydamy.niceavocats.fr\/wp-content\/uploads\/2023\/04\/damylogo-1.png","width":1890,"height":1417,"caption":"Soci\u00e9t\u00e9 d'Avocats DAMY"},"image":{"@id":"https:\/\/gregorydamy.niceavocats.fr\/es\/#\/schema\/logo\/image\/"},"sameAs":["https:\/\/www.facebook.com\/niceavocats.fr\/"]},{"@type":"Person","@id":"https:\/\/gregorydamy.niceavocats.fr\/es\/#\/schema\/person\/e040acb2856efaa1e114d0e7a92a3870","name":"Kevin","url":"https:\/\/gregorydamy.niceavocats.fr\/es\/author\/kevin\/"}]}},"_links":{"self":[{"href":"https:\/\/gregorydamy.niceavocats.fr\/es\/wp-json\/wp\/v2\/posts\/3861","targetHints":{"allow":["GET"]}}],"collection":[{"href":"https:\/\/gregorydamy.niceavocats.fr\/es\/wp-json\/wp\/v2\/posts"}],"about":[{"href":"https:\/\/gregorydamy.niceavocats.fr\/es\/wp-json\/wp\/v2\/types\/post"}],"author":[{"embeddable":true,"href":"https:\/\/gregorydamy.niceavocats.fr\/es\/wp-json\/wp\/v2\/users\/2"}],"replies":[{"embeddable":true,"href":"https:\/\/gregorydamy.niceavocats.fr\/es\/wp-json\/wp\/v2\/comments?post=3861"}],"version-history":[{"count":0,"href":"https:\/\/gregorydamy.niceavocats.fr\/es\/wp-json\/wp\/v2\/posts\/3861\/revisions"}],"wp:attachment":[{"href":"https:\/\/gregorydamy.niceavocats.fr\/es\/wp-json\/wp\/v2\/media?parent=3861"}],"wp:term":[{"taxonomy":"category","embeddable":true,"href":"https:\/\/gregorydamy.niceavocats.fr\/es\/wp-json\/wp\/v2\/categories?post=3861"},{"taxonomy":"post_tag","embeddable":true,"href":"https:\/\/gregorydamy.niceavocats.fr\/es\/wp-json\/wp\/v2\/tags?post=3861"}],"curies":[{"name":"wp","href":"https:\/\/api.w.org\/{rel}","templated":true}]}}