{"id":38531,"date":"2024-04-24T08:58:04","date_gmt":"2024-04-24T08:58:04","guid":{"rendered":"https:\/\/gregorydamy.niceavocats.fr\/?p=38531"},"modified":"2024-04-24T09:06:36","modified_gmt":"2024-04-24T09:06:36","slug":"la-culpa-de-la-victima-exoneracion-parcial-o-total-del-autor-del-dano","status":"publish","type":"post","link":"https:\/\/gregorydamy.niceavocats.fr\/es\/la-culpa-de-la-victima-exoneracion-parcial-o-total-del-autor-del-dano\/","title":{"rendered":"La culpa de la v\u00edctima: exoneraci\u00f3n parcial o total del autor del da\u00f1o"},"content":{"rendered":"<p>[et_pb_section fb_built=&#8221;1&#8243; admin_label=&#8221;section&#8221; _builder_version=&#8221;4.16&#8243; global_colors_info=&#8221;{}&#8221;][et_pb_row admin_label=&#8221;row&#8221; _builder_version=&#8221;4.16&#8243; background_size=&#8221;initial&#8221; background_position=&#8221;top_left&#8221; background_repeat=&#8221;repeat&#8221; global_colors_info=&#8221;{}&#8221;][et_pb_column type=&#8221;4_4&#8243; _builder_version=&#8221;4.16&#8243; custom_padding=&#8221;|||&#8221; global_colors_info=&#8221;{}&#8221; custom_padding__hover=&#8221;|||&#8221;][et_pb_image src=&#8221;https:\/\/gregorydamy.niceavocats.fr\/wp-content\/uploads\/2023\/08\/wheelchair-749985_1280-2.jpg&#8221; alt=&#8221;Avocat Nice Accident&#8221; title_text=&#8221;wheelchair-749985_1280-2&#8243; align=&#8221;center&#8221; _builder_version=&#8221;4.24.2&#8243; _module_preset=&#8221;default&#8221; hover_enabled=&#8221;0&#8243; global_colors_info=&#8221;{}&#8221; sticky_enabled=&#8221;0&#8243;][\/et_pb_image][et_pb_text _builder_version=&#8221;4.24.2&#8243; _module_preset=&#8221;default&#8221; hover_enabled=&#8221;0&#8243; global_colors_info=&#8221;{}&#8221; sticky_enabled=&#8221;0&#8243;]<\/p>\n<h1 style=\"text-align: justify;\">La culpa de la v\u00edctima: exoneraci\u00f3n parcial o total del autor del da\u00f1o<\/h1>\n<p style=\"text-align: justify;\">El art\u00edculo 1240 del C\u00f3digo Civil establece el principio de reparaci\u00f3n \u00edntegra de los da\u00f1os.<\/p>\n<p style=\"text-align: justify;\">Sin embargo, el art\u00edculo 1241 del mismo C\u00f3digo establece que la culpa de la v\u00edctima es causa de exoneraci\u00f3n parcial o total del autor del da\u00f1o.<\/p>\n<p style=\"text-align: justify;\">As\u00ed pues, la combinaci\u00f3n de estos dos art\u00edculos puede dar lugar a la exoneraci\u00f3n parcial o total del autor del da\u00f1o cuando la v\u00edctima haya cometido una falta o actuado de forma negligente o imprudente.<\/p>\n<p style=\"text-align: justify;\">Existe abundante jurisprudencia al respecto.<\/p>\n<p style=\"text-align: justify;\">Ma\u00eetre DAMY, Abogado de V\u00edctimas en Niza, le explicar\u00e1 concretamente qu\u00e9 tipo de culpa, imprudencia o negligencia puede dar lugar a la exoneraci\u00f3n parcial o total de responsabilidad del autor del da\u00f1o.<\/p>\n<p style=\"text-align: justify;\">La jurisprudencia ofrece varios ejemplos.<\/p>\n<p style=\"text-align: justify;\">Por ejemplo, el Tribunal de Casaci\u00f3n ha sostenido que una v\u00edctima que es pasajera voluntaria en un veh\u00edculo y acepta ser transportada por un conductor en evidente estado de embriaguez es culpable (Cass. Ch. Mixte. 28 de enero de 1972, n\u00ba 70-90.072).<\/p>\n<p style=\"text-align: justify;\">En este caso concreto, los jueces dejaron que la v\u00edctima pagara una cuarta parte de la indemnizaci\u00f3n por su p\u00e9rdida.<\/p>\n<p style=\"text-align: justify;\">Tambi\u00e9n se consider\u00f3 culpable a la v\u00edctima cuando, en estado de embriaguez, salt\u00f3 a un r\u00edo y se lesion\u00f3 al golpearse contra el fondo, al no haber comprobado la profundidad del agua antes de zambullirse (Cass. Civ 2\u00e8me., 29 de marzo de 2018, n\u00ba 17-15.918).<\/p>\n<p style=\"text-align: justify;\">En este caso, la culpa de la v\u00edctima exonera plenamente al propietario de la parcela, incluido el banco.<\/p>\n<p style=\"text-align: justify;\">Tambi\u00e9n hay que tener en cuenta que existen tambi\u00e9n reg\u00edmenes especiales de responsabilidad, que se pretenden aplicar en determinadas situaciones.<\/p>\n<p style=\"text-align: justify;\">Es el caso, por ejemplo, de las v\u00edctimas de accidentes de tr\u00e1fico en los que est\u00e9 implicado al menos un veh\u00edculo terrestre a motor, en los que se aplica exclusivamente la denominada &#8220;Ley Badinter&#8221; de 5 de julio de 1985.<\/p>\n<p style=\"text-align: justify;\">M\u00e1s concretamente, la Ley Badinter distingue entre dos tipos de da\u00f1os que dan lugar a indemnizaci\u00f3n:<\/p>\n<p style=\"text-align: justify;\">&#8211; Da\u00f1os derivados de lesiones a la persona (A) ; <br \/>&#8211; Da\u00f1os materiales (B).<\/p>\n<p style=\"text-align: justify;\">A) Da\u00f1os personales<\/p>\n<p style=\"text-align: justify;\">La Ley Badinter distingue dos tipos de v\u00edctimas:<\/p>\n<p style=\"text-align: justify;\">&#8211; Las v\u00edctimas que no son conductores (1) ;<\/p>\n<p style=\"text-align: justify;\">&#8211; V\u00edctimas conductoras (2).<\/p>\n<p style=\"text-align: justify;\">1) V\u00edctimas que no son conductores<\/p>\n<p style=\"text-align: justify;\">El apartado 1 del art\u00edculo 3 de la Ley de 5 de julio de 1985 establece que una v\u00edctima que no sea conductor no puede ser considerada culpable, salvo en caso de culpa inexcusable.<\/p>\n<p style=\"text-align: justify;\">La culpa inexcusable se define como &#8220;una falta intencionada de car\u00e1cter excepcionalmente grave que expone a su autor, sin raz\u00f3n v\u00e1lida, a un peligro del que hubiera podido tener conocimiento&#8221; (Cass. Civ. 2\u00e8me, 20 de julio de 1987).<\/p>\n<p style=\"text-align: justify;\">En otras palabras, se trata de una falta especialmente grave.<\/p>\n<p style=\"text-align: justify;\">As\u00ed, por ejemplo, se apreci\u00f3 culpa inexcusable en el caso de un peat\u00f3n que caminaba de noche en estado de embriaguez por una v\u00eda principal sin iluminaci\u00f3n (Cass. Civ. 2\u00e8me., 29 de marzo de 2018, n\u00ba 17-14.087).<\/p>\n<p style=\"text-align: justify;\">Sin embargo, por otro lado, no se ha declarado la culpa inexcusable de un peat\u00f3n en estado de embriaguez que cruza de noche una v\u00eda sin alumbrado (Civ. 2\u00e8me., 10 de mayo de 1991).<\/p>\n<p style=\"text-align: justify;\">En realidad, la culpa del peat\u00f3n es muy rara en la jurisprudencia.<\/p>\n<p style=\"text-align: justify;\">Recientemente, la Cour de cassation confirm\u00f3 este principio bien establecido en la jurisprudencia<br \/>(Civ. 2\u00e8me, 21 de diciembre de 2023, n\u00ba 22-18.480).<\/p>\n<p style=\"text-align: justify;\">En este caso, un individuo circulaba en monopat\u00edn por un carril de tr\u00e1fico.<\/p>\n<p style=\"text-align: justify;\">Fue atropellado por un veh\u00edculo y falleci\u00f3 a consecuencia de sus lesiones.<\/p>\n<p style=\"text-align: justify;\">El conductor del veh\u00edculo intent\u00f3 demostrar que la v\u00edctima hab\u00eda cometido una falta inexcusable al saltar a la calzada sin respetar el sem\u00e1foro.<\/p>\n<p style=\"text-align: justify;\">Aunque los jueces de primera instancia y de apelaci\u00f3n hab\u00edan estimado la falta inexcusable del responsable de los da\u00f1os, la Cour de cassation no lo hizo.<\/p>\n<p style=\"text-align: justify;\">A diferencia de los tribunales inferiores, la Cour de cassation fue especialmente severa con el conductor.<\/p>\n<p style=\"text-align: justify;\">De esta observaci\u00f3n se deduce que, si bien las condiciones de mantenimiento de la culpa inexcusable parecen especialmente estrictas, los jueces de apelaci\u00f3n y el Tribunal de Casaci\u00f3n las interpretan a veces de forma diferente.<\/p>\n<p style=\"text-align: justify;\">Por tanto, como v\u00edctima, a veces es importante llegar hasta el Tribunal de Casaci\u00f3n para obtener justicia.<\/p>\n<p style=\"text-align: justify;\">Ma\u00eetre DAMY, abogado de las v\u00edctimas, le acompa\u00f1ar\u00e1 en todas las etapas del procedimiento para ayudarle a obtener la indemnizaci\u00f3n a la que tiene derecho.<\/p>\n<p style=\"text-align: justify;\">Adem\u00e1s, el apartado 2 del art\u00edculo 3 de la ley de 5 de julio de 1985 prev\u00e9, con car\u00e1cter excepcional, que determinadas v\u00edctimas deben ser indemnizadas en cualquier caso.<\/p>\n<p style=\"text-align: justify;\">Es el caso de<\/p>\n<p style=\"text-align: justify;\">&#8211; Las v\u00edctimas menores de 16 a\u00f1os o mayores de 70 a\u00f1os; <br \/>&#8211; Las v\u00edctimas cuya incapacidad permanente o invalidez sea igual o superior al 80% y dispongan de un certificado que lo reconozca.<\/p>\n<p style=\"text-align: justify;\">No obstante, el apartado 3 del mismo art\u00edculo prev\u00e9 una \u00faltima excepci\u00f3n para todas las v\u00edctimas que no conduzcan.<\/p>\n<p style=\"text-align: justify;\">Se trata de los casos en los que la v\u00edctima haya &#8220;buscado voluntariamente causar el da\u00f1o que ha sufrido&#8221;.<\/p>\n<p style=\"text-align: justify;\">Esto es similar a los casos de suicidio manifiesto.<\/p>\n<p style=\"text-align: justify;\">2) V\u00edctimas que no son conductores<\/p>\n<p style=\"text-align: justify;\">El tratamiento de las v\u00edctimas conductoras y no conductoras es completamente diferente.<\/p>\n<p style=\"text-align: justify;\">El art\u00edculo 4 de la Ley Badinter excluye o limita la indemnizaci\u00f3n de las v\u00edctimas que sean conductores cuando hayan cometido una falta que haya contribuido a su lesi\u00f3n.<\/p>\n<p style=\"text-align: justify;\">B) Da\u00f1os derivados de da\u00f1os materiales<\/p>\n<p style=\"text-align: justify;\">El art\u00edculo 5 de la Ley de 5 de julio de 1985 establece el principio de que la culpa de la v\u00edctima reduce o excluye la indemnizaci\u00f3n.<\/p>\n<p style=\"text-align: justify;\">En consecuencia, la Ley de 5 de julio de 1985 protege especialmente a las v\u00edctimas de accidentes de tr\u00e1fico que no son conductores.<\/p>\n<p style=\"text-align: justify;\">Por otra parte, a las v\u00edctimas que no son conductores se les aplica un r\u00e9gimen de responsabilidad m\u00e1s tradicional.<\/p>\n<p style=\"text-align: justify;\">En cualquier caso, y de manera m\u00e1s general, sigue siendo de derecho com\u00fan que la culpa de la v\u00edctima sea causa de exoneraci\u00f3n total o parcial del autor del da\u00f1o.<\/p>\n<p>[\/et_pb_text][\/et_pb_column][\/et_pb_row][\/et_pb_section]<\/p>\n","protected":false},"excerpt":{"rendered":"<p>La culpa de la v\u00edctima: exoneraci\u00f3n parcial o total del autor del da\u00f1o El art\u00edculo 1240 del C\u00f3digo Civil establece el principio de reparaci\u00f3n \u00edntegra de los da\u00f1os. Sin embargo, el art\u00edculo 1241 del mismo C\u00f3digo establece que la culpa de la v\u00edctima es causa de exoneraci\u00f3n parcial o total del autor del da\u00f1o. As\u00ed [&hellip;]<\/p>\n","protected":false},"author":1,"featured_media":0,"comment_status":"closed","ping_status":"open","sticky":false,"template":"","format":"standard","meta":{"_et_pb_use_builder":"on","_et_pb_old_content":"","_et_gb_content_width":"","footnotes":""},"categories":[],"tags":[],"class_list":["post-38531","post","type-post","status-publish","format-standard","hentry"],"yoast_head":"<!-- This site is optimized with the Yoast SEO plugin v26.8 - https:\/\/yoast.com\/product\/yoast-seo-wordpress\/ -->\n<title>La culpa de la v\u00edctima: exoneraci\u00f3n parcial o total del autor del da\u00f1o - Soci\u00e9t\u00e9 d&#039;avocats Damy<\/title>\n<meta name=\"robots\" content=\"index, follow, max-snippet:-1, max-image-preview:large, max-video-preview:-1\" \/>\n<link rel=\"canonical\" href=\"https:\/\/gregorydamy.niceavocats.fr\/es\/la-culpa-de-la-victima-exoneracion-parcial-o-total-del-autor-del-dano\/\" \/>\n<meta property=\"og:locale\" content=\"es_ES\" \/>\n<meta property=\"og:type\" content=\"article\" \/>\n<meta property=\"og:title\" content=\"La culpa de la v\u00edctima: exoneraci\u00f3n parcial o total del autor del da\u00f1o - Soci\u00e9t\u00e9 d&#039;avocats Damy\" \/>\n<meta property=\"og:description\" content=\"La culpa de la v\u00edctima: exoneraci\u00f3n parcial o total del autor del da\u00f1o El art\u00edculo 1240 del C\u00f3digo Civil establece el principio de reparaci\u00f3n \u00edntegra de los da\u00f1os. Sin embargo, el art\u00edculo 1241 del mismo C\u00f3digo establece que la culpa de la v\u00edctima es causa de exoneraci\u00f3n parcial o total del autor del da\u00f1o. As\u00ed [&hellip;]\" \/>\n<meta property=\"og:url\" content=\"https:\/\/gregorydamy.niceavocats.fr\/es\/la-culpa-de-la-victima-exoneracion-parcial-o-total-del-autor-del-dano\/\" \/>\n<meta property=\"og:site_name\" content=\"Soci\u00e9t\u00e9 d&#039;avocats Damy\" \/>\n<meta property=\"article:publisher\" content=\"https:\/\/www.facebook.com\/niceavocats.fr\/\" \/>\n<meta property=\"article:published_time\" content=\"2024-04-24T08:58:04+00:00\" \/>\n<meta property=\"article:modified_time\" content=\"2024-04-24T09:06:36+00:00\" \/>\n<meta name=\"author\" content=\"admin\" \/>\n<meta name=\"twitter:card\" content=\"summary_large_image\" \/>\n<meta name=\"twitter:label1\" content=\"Escrito por\" \/>\n\t<meta name=\"twitter:data1\" content=\"admin\" \/>\n\t<meta name=\"twitter:label2\" content=\"Tiempo de lectura\" \/>\n\t<meta name=\"twitter:data2\" content=\"2 minutos\" \/>\n<script type=\"application\/ld+json\" class=\"yoast-schema-graph\">{\"@context\":\"https:\/\/schema.org\",\"@graph\":[{\"@type\":\"Article\",\"@id\":\"https:\/\/gregorydamy.niceavocats.fr\/es\/la-culpa-de-la-victima-exoneracion-parcial-o-total-del-autor-del-dano\/#article\",\"isPartOf\":{\"@id\":\"https:\/\/gregorydamy.niceavocats.fr\/es\/la-culpa-de-la-victima-exoneracion-parcial-o-total-del-autor-del-dano\/\"},\"author\":{\"name\":\"admin\",\"@id\":\"https:\/\/gregorydamy.niceavocats.fr\/es\/#\/schema\/person\/64c9f9acb07431f6b55f72278b4a5d57\"},\"headline\":\"La culpa de la v\u00edctima: exoneraci\u00f3n parcial o total del autor del da\u00f1o\",\"datePublished\":\"2024-04-24T08:58:04+00:00\",\"dateModified\":\"2024-04-24T09:06:36+00:00\",\"mainEntityOfPage\":{\"@id\":\"https:\/\/gregorydamy.niceavocats.fr\/es\/la-culpa-de-la-victima-exoneracion-parcial-o-total-del-autor-del-dano\/\"},\"wordCount\":1196,\"publisher\":{\"@id\":\"https:\/\/gregorydamy.niceavocats.fr\/es\/#organization\"},\"inLanguage\":\"es\"},{\"@type\":\"WebPage\",\"@id\":\"https:\/\/gregorydamy.niceavocats.fr\/es\/la-culpa-de-la-victima-exoneracion-parcial-o-total-del-autor-del-dano\/\",\"url\":\"https:\/\/gregorydamy.niceavocats.fr\/es\/la-culpa-de-la-victima-exoneracion-parcial-o-total-del-autor-del-dano\/\",\"name\":\"La culpa de la v\u00edctima: exoneraci\u00f3n parcial o total del autor del da\u00f1o - Soci\u00e9t\u00e9 d&#039;avocats Damy\",\"isPartOf\":{\"@id\":\"https:\/\/gregorydamy.niceavocats.fr\/es\/#website\"},\"datePublished\":\"2024-04-24T08:58:04+00:00\",\"dateModified\":\"2024-04-24T09:06:36+00:00\",\"breadcrumb\":{\"@id\":\"https:\/\/gregorydamy.niceavocats.fr\/es\/la-culpa-de-la-victima-exoneracion-parcial-o-total-del-autor-del-dano\/#breadcrumb\"},\"inLanguage\":\"es\",\"potentialAction\":[{\"@type\":\"ReadAction\",\"target\":[\"https:\/\/gregorydamy.niceavocats.fr\/es\/la-culpa-de-la-victima-exoneracion-parcial-o-total-del-autor-del-dano\/\"]}]},{\"@type\":\"BreadcrumbList\",\"@id\":\"https:\/\/gregorydamy.niceavocats.fr\/es\/la-culpa-de-la-victima-exoneracion-parcial-o-total-del-autor-del-dano\/#breadcrumb\",\"itemListElement\":[{\"@type\":\"ListItem\",\"position\":1,\"name\":\"Accueil\",\"item\":\"https:\/\/gregorydamy.niceavocats.fr\/es\/\"},{\"@type\":\"ListItem\",\"position\":2,\"name\":\"La culpa de la v\u00edctima: exoneraci\u00f3n parcial o total del autor del da\u00f1o\"}]},{\"@type\":\"WebSite\",\"@id\":\"https:\/\/gregorydamy.niceavocats.fr\/es\/#website\",\"url\":\"https:\/\/gregorydamy.niceavocats.fr\/es\/\",\"name\":\"Soci\u00e9t\u00e9 d&#039;avocats Damy\",\"description\":\"Justice - Confiance - Efficacit\u00e9\",\"publisher\":{\"@id\":\"https:\/\/gregorydamy.niceavocats.fr\/es\/#organization\"},\"potentialAction\":[{\"@type\":\"SearchAction\",\"target\":{\"@type\":\"EntryPoint\",\"urlTemplate\":\"https:\/\/gregorydamy.niceavocats.fr\/es\/?s={search_term_string}\"},\"query-input\":{\"@type\":\"PropertyValueSpecification\",\"valueRequired\":true,\"valueName\":\"search_term_string\"}}],\"inLanguage\":\"es\"},{\"@type\":\"Organization\",\"@id\":\"https:\/\/gregorydamy.niceavocats.fr\/es\/#organization\",\"name\":\"Soci\u00e9t\u00e9 d'Avocats DAMY\",\"alternateName\":\"Gr\u00e9gory DAMY\",\"url\":\"https:\/\/gregorydamy.niceavocats.fr\/es\/\",\"logo\":{\"@type\":\"ImageObject\",\"inLanguage\":\"es\",\"@id\":\"https:\/\/gregorydamy.niceavocats.fr\/es\/#\/schema\/logo\/image\/\",\"url\":\"https:\/\/gregorydamy.niceavocats.fr\/wp-content\/uploads\/2023\/04\/damylogo-1.png\",\"contentUrl\":\"https:\/\/gregorydamy.niceavocats.fr\/wp-content\/uploads\/2023\/04\/damylogo-1.png\",\"width\":1890,\"height\":1417,\"caption\":\"Soci\u00e9t\u00e9 d'Avocats DAMY\"},\"image\":{\"@id\":\"https:\/\/gregorydamy.niceavocats.fr\/es\/#\/schema\/logo\/image\/\"},\"sameAs\":[\"https:\/\/www.facebook.com\/niceavocats.fr\/\"]},{\"@type\":\"Person\",\"@id\":\"https:\/\/gregorydamy.niceavocats.fr\/es\/#\/schema\/person\/64c9f9acb07431f6b55f72278b4a5d57\",\"name\":\"admin\",\"sameAs\":[\"https:\/\/gregorydamy.niceavocats.fr\"],\"url\":\"https:\/\/gregorydamy.niceavocats.fr\/es\/author\/admin_34\/\"}]}<\/script>\n<!-- \/ Yoast SEO plugin. -->","yoast_head_json":{"title":"La culpa de la v\u00edctima: exoneraci\u00f3n parcial o total del autor del da\u00f1o - Soci\u00e9t\u00e9 d&#039;avocats Damy","robots":{"index":"index","follow":"follow","max-snippet":"max-snippet:-1","max-image-preview":"max-image-preview:large","max-video-preview":"max-video-preview:-1"},"canonical":"https:\/\/gregorydamy.niceavocats.fr\/es\/la-culpa-de-la-victima-exoneracion-parcial-o-total-del-autor-del-dano\/","og_locale":"es_ES","og_type":"article","og_title":"La culpa de la v\u00edctima: exoneraci\u00f3n parcial o total del autor del da\u00f1o - Soci\u00e9t\u00e9 d&#039;avocats Damy","og_description":"La culpa de la v\u00edctima: exoneraci\u00f3n parcial o total del autor del da\u00f1o El art\u00edculo 1240 del C\u00f3digo Civil establece el principio de reparaci\u00f3n \u00edntegra de los da\u00f1os. Sin embargo, el art\u00edculo 1241 del mismo C\u00f3digo establece que la culpa de la v\u00edctima es causa de exoneraci\u00f3n parcial o total del autor del da\u00f1o. As\u00ed [&hellip;]","og_url":"https:\/\/gregorydamy.niceavocats.fr\/es\/la-culpa-de-la-victima-exoneracion-parcial-o-total-del-autor-del-dano\/","og_site_name":"Soci\u00e9t\u00e9 d&#039;avocats Damy","article_publisher":"https:\/\/www.facebook.com\/niceavocats.fr\/","article_published_time":"2024-04-24T08:58:04+00:00","article_modified_time":"2024-04-24T09:06:36+00:00","author":"admin","twitter_card":"summary_large_image","twitter_misc":{"Escrito por":"admin","Tiempo de lectura":"2 minutos"},"schema":{"@context":"https:\/\/schema.org","@graph":[{"@type":"Article","@id":"https:\/\/gregorydamy.niceavocats.fr\/es\/la-culpa-de-la-victima-exoneracion-parcial-o-total-del-autor-del-dano\/#article","isPartOf":{"@id":"https:\/\/gregorydamy.niceavocats.fr\/es\/la-culpa-de-la-victima-exoneracion-parcial-o-total-del-autor-del-dano\/"},"author":{"name":"admin","@id":"https:\/\/gregorydamy.niceavocats.fr\/es\/#\/schema\/person\/64c9f9acb07431f6b55f72278b4a5d57"},"headline":"La culpa de la v\u00edctima: exoneraci\u00f3n parcial o total del autor del da\u00f1o","datePublished":"2024-04-24T08:58:04+00:00","dateModified":"2024-04-24T09:06:36+00:00","mainEntityOfPage":{"@id":"https:\/\/gregorydamy.niceavocats.fr\/es\/la-culpa-de-la-victima-exoneracion-parcial-o-total-del-autor-del-dano\/"},"wordCount":1196,"publisher":{"@id":"https:\/\/gregorydamy.niceavocats.fr\/es\/#organization"},"inLanguage":"es"},{"@type":"WebPage","@id":"https:\/\/gregorydamy.niceavocats.fr\/es\/la-culpa-de-la-victima-exoneracion-parcial-o-total-del-autor-del-dano\/","url":"https:\/\/gregorydamy.niceavocats.fr\/es\/la-culpa-de-la-victima-exoneracion-parcial-o-total-del-autor-del-dano\/","name":"La culpa de la v\u00edctima: exoneraci\u00f3n parcial o total del autor del da\u00f1o - Soci\u00e9t\u00e9 d&#039;avocats Damy","isPartOf":{"@id":"https:\/\/gregorydamy.niceavocats.fr\/es\/#website"},"datePublished":"2024-04-24T08:58:04+00:00","dateModified":"2024-04-24T09:06:36+00:00","breadcrumb":{"@id":"https:\/\/gregorydamy.niceavocats.fr\/es\/la-culpa-de-la-victima-exoneracion-parcial-o-total-del-autor-del-dano\/#breadcrumb"},"inLanguage":"es","potentialAction":[{"@type":"ReadAction","target":["https:\/\/gregorydamy.niceavocats.fr\/es\/la-culpa-de-la-victima-exoneracion-parcial-o-total-del-autor-del-dano\/"]}]},{"@type":"BreadcrumbList","@id":"https:\/\/gregorydamy.niceavocats.fr\/es\/la-culpa-de-la-victima-exoneracion-parcial-o-total-del-autor-del-dano\/#breadcrumb","itemListElement":[{"@type":"ListItem","position":1,"name":"Accueil","item":"https:\/\/gregorydamy.niceavocats.fr\/es\/"},{"@type":"ListItem","position":2,"name":"La culpa de la v\u00edctima: exoneraci\u00f3n parcial o total del autor del da\u00f1o"}]},{"@type":"WebSite","@id":"https:\/\/gregorydamy.niceavocats.fr\/es\/#website","url":"https:\/\/gregorydamy.niceavocats.fr\/es\/","name":"Soci\u00e9t\u00e9 d&#039;avocats Damy","description":"Justice - Confiance - Efficacit\u00e9","publisher":{"@id":"https:\/\/gregorydamy.niceavocats.fr\/es\/#organization"},"potentialAction":[{"@type":"SearchAction","target":{"@type":"EntryPoint","urlTemplate":"https:\/\/gregorydamy.niceavocats.fr\/es\/?s={search_term_string}"},"query-input":{"@type":"PropertyValueSpecification","valueRequired":true,"valueName":"search_term_string"}}],"inLanguage":"es"},{"@type":"Organization","@id":"https:\/\/gregorydamy.niceavocats.fr\/es\/#organization","name":"Soci\u00e9t\u00e9 d'Avocats DAMY","alternateName":"Gr\u00e9gory DAMY","url":"https:\/\/gregorydamy.niceavocats.fr\/es\/","logo":{"@type":"ImageObject","inLanguage":"es","@id":"https:\/\/gregorydamy.niceavocats.fr\/es\/#\/schema\/logo\/image\/","url":"https:\/\/gregorydamy.niceavocats.fr\/wp-content\/uploads\/2023\/04\/damylogo-1.png","contentUrl":"https:\/\/gregorydamy.niceavocats.fr\/wp-content\/uploads\/2023\/04\/damylogo-1.png","width":1890,"height":1417,"caption":"Soci\u00e9t\u00e9 d'Avocats DAMY"},"image":{"@id":"https:\/\/gregorydamy.niceavocats.fr\/es\/#\/schema\/logo\/image\/"},"sameAs":["https:\/\/www.facebook.com\/niceavocats.fr\/"]},{"@type":"Person","@id":"https:\/\/gregorydamy.niceavocats.fr\/es\/#\/schema\/person\/64c9f9acb07431f6b55f72278b4a5d57","name":"admin","sameAs":["https:\/\/gregorydamy.niceavocats.fr"],"url":"https:\/\/gregorydamy.niceavocats.fr\/es\/author\/admin_34\/"}]}},"_links":{"self":[{"href":"https:\/\/gregorydamy.niceavocats.fr\/es\/wp-json\/wp\/v2\/posts\/38531","targetHints":{"allow":["GET"]}}],"collection":[{"href":"https:\/\/gregorydamy.niceavocats.fr\/es\/wp-json\/wp\/v2\/posts"}],"about":[{"href":"https:\/\/gregorydamy.niceavocats.fr\/es\/wp-json\/wp\/v2\/types\/post"}],"author":[{"embeddable":true,"href":"https:\/\/gregorydamy.niceavocats.fr\/es\/wp-json\/wp\/v2\/users\/1"}],"replies":[{"embeddable":true,"href":"https:\/\/gregorydamy.niceavocats.fr\/es\/wp-json\/wp\/v2\/comments?post=38531"}],"version-history":[{"count":0,"href":"https:\/\/gregorydamy.niceavocats.fr\/es\/wp-json\/wp\/v2\/posts\/38531\/revisions"}],"wp:attachment":[{"href":"https:\/\/gregorydamy.niceavocats.fr\/es\/wp-json\/wp\/v2\/media?parent=38531"}],"wp:term":[{"taxonomy":"category","embeddable":true,"href":"https:\/\/gregorydamy.niceavocats.fr\/es\/wp-json\/wp\/v2\/categories?post=38531"},{"taxonomy":"post_tag","embeddable":true,"href":"https:\/\/gregorydamy.niceavocats.fr\/es\/wp-json\/wp\/v2\/tags?post=38531"}],"curies":[{"name":"wp","href":"https:\/\/api.w.org\/{rel}","templated":true}]}}