{"id":37681,"date":"2023-09-29T14:31:41","date_gmt":"2023-09-29T14:31:41","guid":{"rendered":"https:\/\/gregorydamy.niceavocats.fr\/?p=37681"},"modified":"2023-09-29T16:51:21","modified_gmt":"2023-09-29T16:51:21","slug":"establecimiento-de-la-responsabilidad-del-medico-la-sentencia-mercier","status":"publish","type":"post","link":"https:\/\/gregorydamy.niceavocats.fr\/es\/establecimiento-de-la-responsabilidad-del-medico-la-sentencia-mercier\/","title":{"rendered":"Establecimiento de la responsabilidad del m\u00e9dico: la sentencia &#8220;Mercier&#8221;"},"content":{"rendered":"<p><strong>Establecimiento de la responsabilidad del m\u00e9dico: la sentencia &#8220;Mercier<\/strong><br \/>\nLa responsabilidad del m\u00e9dico se estableci\u00f3 en 1936 con la sentencia &#8220;Mercier&#8221;.<br \/>\nEsta sentencia sent\u00f3 las bases de la responsabilidad m\u00e9dica contractual.<br \/>\n&#8220;Se establece un verdadero contrato entre el m\u00e9dico y su cliente, que implica un compromiso por parte del facultativo [&#8230;] de prestar al cliente una asistencia [&#8230;] esmerada, atenta y, salvo circunstancias excepcionales, conforme a los \u00faltimos conocimientos cient\u00edficos; [&#8230;] el incumplimiento, incluso involuntario, de esta obligaci\u00f3n contractual se castiga con una responsabilidad de la misma naturaleza, tambi\u00e9n contractual&#8221;.<br \/>\nCass. civ. 1. 20 de mayo de 1936, Dr. N. contra \u00c9px Mercier<br \/>\nEsta sentencia da as\u00ed origen a la noci\u00f3n de contrato m\u00e9dico al reconocer el car\u00e1cter contractual de la relaci\u00f3n entre m\u00e9dico y paciente.<br \/>\nSeg\u00fan este principio, un verdadero contrato se forma cuando un paciente consulta a un m\u00e9dico, lo que crea entre ellos un acuerdo del que nacen obligaciones.<br \/>\nLa responsabilidad contractual m\u00e9dica significa que el m\u00e9dico debe al paciente una obligaci\u00f3n de medios.<br \/>\nAunque no se compromete a curar, debe prestar una asistencia &#8220;no arbitraria&#8221;, sino concienzuda, de acuerdo con los mejores conocimientos cient\u00edficos disponibles.<br \/>\nLa obligaci\u00f3n de medios obliga al deudor a emplear todos los medios razonables en el \u00e1mbito de su pr\u00e1ctica para alcanzar la finalidad de la prestaci\u00f3n, el objeto del contrato.<br \/>\nPor tanto, el m\u00e9dico puede ser considerado responsable si se demuestra que ha incumplido esta obligaci\u00f3n de utilizar medios razonables, por ejemplo demostrando negligencia.<br \/>\nLa carga de la prueba recae en el paciente que alega haber sido v\u00edctima de una negligencia m\u00e9dica.<br \/>\nEsta obligaci\u00f3n de medios excluye del \u00e1mbito de las obligaciones contractuales la indemnizaci\u00f3n por las consecuencias del riesgo y del peligro, salvo excepci\u00f3n.<br \/>\n&#8220;La indemnizaci\u00f3n de las consecuencias de un riesgo terap\u00e9utico no entra en el \u00e1mbito de las obligaciones contractuales del m\u00e9dico para con su paciente&#8221;.<br \/>\nCass. civ. 1, 8 de noviembre de 2000, n\u00ba 99-11.735<br \/>\n\u00bfEs usted v\u00edctima de una negligencia m\u00e9dica? El bufete DAMY, que se ocupa regularmente de este tipo de litigios, puede ayudarle.<br \/>\nNo dude en ponerse en contacto con nosotros para hablar de su situaci\u00f3n.<\/p>\n","protected":false},"excerpt":{"rendered":"<p>Establecimiento de la responsabilidad del m\u00e9dico: la sentencia &#8220;Mercier La responsabilidad del m\u00e9dico se estableci\u00f3 en 1936 con la sentencia &#8220;Mercier&#8221;. Esta sentencia sent\u00f3 las bases de la responsabilidad m\u00e9dica contractual. &#8220;Se establece un verdadero contrato entre el m\u00e9dico y su cliente, que implica un compromiso por parte del facultativo [&#8230;] de prestar al cliente [&hellip;]<\/p>\n","protected":false},"author":1,"featured_media":0,"comment_status":"closed","ping_status":"open","sticky":false,"template":"","format":"standard","meta":{"_et_pb_use_builder":"on","_et_pb_old_content":"<strong>Establecimiento de la responsabilidad del m\u00e9dico: la sentencia \"Mercier<\/strong>\r\nLa responsabilidad del m\u00e9dico se estableci\u00f3 en 1936 con la sentencia \"Mercier\".\r\nEsta sentencia sent\u00f3 las bases de la responsabilidad m\u00e9dica contractual.\r\n\"Se establece un verdadero contrato entre el m\u00e9dico y su cliente, que implica un compromiso por parte del facultativo [...] de prestar al cliente una asistencia [...] esmerada, atenta y, salvo circunstancias excepcionales, conforme a los \u00faltimos conocimientos cient\u00edficos; [...] el incumplimiento, incluso involuntario, de esta obligaci\u00f3n contractual se castiga con una responsabilidad de la misma naturaleza, tambi\u00e9n contractual\".\r\nCass. civ. 1. 20 de mayo de 1936, Dr. N. contra \u00c9px Mercier\r\nEsta sentencia da as\u00ed origen a la noci\u00f3n de contrato m\u00e9dico al reconocer el car\u00e1cter contractual de la relaci\u00f3n entre m\u00e9dico y paciente.\r\nSeg\u00fan este principio, un verdadero contrato se forma cuando un paciente consulta a un m\u00e9dico, lo que crea entre ellos un acuerdo del que nacen obligaciones.\r\nLa responsabilidad contractual m\u00e9dica significa que el m\u00e9dico debe al paciente una obligaci\u00f3n de medios.\r\nAunque no se compromete a curar, debe prestar una asistencia \"no arbitraria\", sino concienzuda, de acuerdo con los mejores conocimientos cient\u00edficos disponibles.\r\nLa obligaci\u00f3n de medios obliga al deudor a emplear todos los medios razonables en el \u00e1mbito de su pr\u00e1ctica para alcanzar la finalidad de la prestaci\u00f3n, el objeto del contrato.\r\nPor tanto, el m\u00e9dico puede ser considerado responsable si se demuestra que ha incumplido esta obligaci\u00f3n de utilizar medios razonables, por ejemplo demostrando negligencia.\r\nLa carga de la prueba recae en el paciente que alega haber sido v\u00edctima de una negligencia m\u00e9dica.\r\nEsta obligaci\u00f3n de medios excluye del \u00e1mbito de las obligaciones contractuales la indemnizaci\u00f3n por las consecuencias del riesgo y del peligro, salvo excepci\u00f3n.\r\n\"La indemnizaci\u00f3n de las consecuencias de un riesgo terap\u00e9utico no entra en el \u00e1mbito de las obligaciones contractuales del m\u00e9dico para con su paciente\".\r\nCass. civ. 1, 8 de noviembre de 2000, n\u00ba 99-11.735\r\n\u00bfEs usted v\u00edctima de una negligencia m\u00e9dica? El bufete DAMY, que se ocupa regularmente de este tipo de litigios, puede ayudarle.\r\nNo dude en ponerse en contacto con nosotros para hablar de su situaci\u00f3n.","_et_gb_content_width":"","footnotes":""},"categories":[],"tags":[],"class_list":["post-37681","post","type-post","status-publish","format-standard","hentry"],"yoast_head":"<!-- This site is optimized with the Yoast SEO plugin v26.8 - https:\/\/yoast.com\/product\/yoast-seo-wordpress\/ -->\n<title>- Soci\u00e9t\u00e9 d&#039;avocats Damy Establecimiento de la responsabilidad del m\u00e9dico<\/title>\n<meta name=\"description\" content=\"Esta sentencia sent\u00f3 las bases de la responsabilidad m\u00e9dica contractual.\" \/>\n<meta name=\"robots\" content=\"index, follow, max-snippet:-1, max-image-preview:large, max-video-preview:-1\" \/>\n<link rel=\"canonical\" href=\"https:\/\/gregorydamy.niceavocats.fr\/es\/establecimiento-de-la-responsabilidad-del-medico-la-sentencia-mercier\/\" \/>\n<meta property=\"og:locale\" content=\"es_ES\" \/>\n<meta property=\"og:type\" content=\"article\" \/>\n<meta property=\"og:title\" content=\"- Soci\u00e9t\u00e9 d&#039;avocats Damy Establecimiento de la responsabilidad del m\u00e9dico\" \/>\n<meta property=\"og:description\" content=\"Esta sentencia sent\u00f3 las bases de la responsabilidad m\u00e9dica contractual.\" \/>\n<meta property=\"og:url\" content=\"https:\/\/gregorydamy.niceavocats.fr\/es\/establecimiento-de-la-responsabilidad-del-medico-la-sentencia-mercier\/\" \/>\n<meta property=\"og:site_name\" content=\"Soci\u00e9t\u00e9 d&#039;avocats Damy\" \/>\n<meta property=\"article:publisher\" content=\"https:\/\/www.facebook.com\/niceavocats.fr\/\" \/>\n<meta property=\"article:published_time\" content=\"2023-09-29T14:31:41+00:00\" \/>\n<meta property=\"article:modified_time\" content=\"2023-09-29T16:51:21+00:00\" \/>\n<meta name=\"author\" content=\"admin\" \/>\n<meta name=\"twitter:card\" content=\"summary_large_image\" \/>\n<meta name=\"twitter:label1\" content=\"Escrito por\" \/>\n\t<meta name=\"twitter:data1\" content=\"admin\" \/>\n\t<meta name=\"twitter:label2\" content=\"Tiempo de lectura\" \/>\n\t<meta name=\"twitter:data2\" content=\"2 minutos\" \/>\n<script type=\"application\/ld+json\" class=\"yoast-schema-graph\">{\"@context\":\"https:\/\/schema.org\",\"@graph\":[{\"@type\":\"Article\",\"@id\":\"https:\/\/gregorydamy.niceavocats.fr\/es\/establecimiento-de-la-responsabilidad-del-medico-la-sentencia-mercier\/#article\",\"isPartOf\":{\"@id\":\"https:\/\/gregorydamy.niceavocats.fr\/es\/establecimiento-de-la-responsabilidad-del-medico-la-sentencia-mercier\/\"},\"author\":{\"name\":\"admin\",\"@id\":\"https:\/\/gregorydamy.niceavocats.fr\/es\/#\/schema\/person\/64c9f9acb07431f6b55f72278b4a5d57\"},\"headline\":\"Establecimiento de la responsabilidad del m\u00e9dico: la sentencia &#8220;Mercier&#8221;\",\"datePublished\":\"2023-09-29T14:31:41+00:00\",\"dateModified\":\"2023-09-29T16:51:21+00:00\",\"mainEntityOfPage\":{\"@id\":\"https:\/\/gregorydamy.niceavocats.fr\/es\/establecimiento-de-la-responsabilidad-del-medico-la-sentencia-mercier\/\"},\"wordCount\":386,\"publisher\":{\"@id\":\"https:\/\/gregorydamy.niceavocats.fr\/es\/#organization\"},\"inLanguage\":\"es\"},{\"@type\":\"WebPage\",\"@id\":\"https:\/\/gregorydamy.niceavocats.fr\/es\/establecimiento-de-la-responsabilidad-del-medico-la-sentencia-mercier\/\",\"url\":\"https:\/\/gregorydamy.niceavocats.fr\/es\/establecimiento-de-la-responsabilidad-del-medico-la-sentencia-mercier\/\",\"name\":\"- Soci\u00e9t\u00e9 d&#039;avocats Damy Establecimiento de la responsabilidad del m\u00e9dico\",\"isPartOf\":{\"@id\":\"https:\/\/gregorydamy.niceavocats.fr\/es\/#website\"},\"datePublished\":\"2023-09-29T14:31:41+00:00\",\"dateModified\":\"2023-09-29T16:51:21+00:00\",\"description\":\"Esta sentencia sent\u00f3 las bases de la responsabilidad m\u00e9dica contractual.\",\"breadcrumb\":{\"@id\":\"https:\/\/gregorydamy.niceavocats.fr\/es\/establecimiento-de-la-responsabilidad-del-medico-la-sentencia-mercier\/#breadcrumb\"},\"inLanguage\":\"es\",\"potentialAction\":[{\"@type\":\"ReadAction\",\"target\":[\"https:\/\/gregorydamy.niceavocats.fr\/es\/establecimiento-de-la-responsabilidad-del-medico-la-sentencia-mercier\/\"]}]},{\"@type\":\"BreadcrumbList\",\"@id\":\"https:\/\/gregorydamy.niceavocats.fr\/es\/establecimiento-de-la-responsabilidad-del-medico-la-sentencia-mercier\/#breadcrumb\",\"itemListElement\":[{\"@type\":\"ListItem\",\"position\":1,\"name\":\"Accueil\",\"item\":\"https:\/\/gregorydamy.niceavocats.fr\/es\/\"},{\"@type\":\"ListItem\",\"position\":2,\"name\":\"Establecimiento de la responsabilidad del m\u00e9dico: la sentencia \u00ab\u00a0Mercier\u00a0\u00bb\"}]},{\"@type\":\"WebSite\",\"@id\":\"https:\/\/gregorydamy.niceavocats.fr\/es\/#website\",\"url\":\"https:\/\/gregorydamy.niceavocats.fr\/es\/\",\"name\":\"Soci\u00e9t\u00e9 d&#039;avocats Damy\",\"description\":\"Justice - Confiance - Efficacit\u00e9\",\"publisher\":{\"@id\":\"https:\/\/gregorydamy.niceavocats.fr\/es\/#organization\"},\"potentialAction\":[{\"@type\":\"SearchAction\",\"target\":{\"@type\":\"EntryPoint\",\"urlTemplate\":\"https:\/\/gregorydamy.niceavocats.fr\/es\/?s={search_term_string}\"},\"query-input\":{\"@type\":\"PropertyValueSpecification\",\"valueRequired\":true,\"valueName\":\"search_term_string\"}}],\"inLanguage\":\"es\"},{\"@type\":\"Organization\",\"@id\":\"https:\/\/gregorydamy.niceavocats.fr\/es\/#organization\",\"name\":\"Soci\u00e9t\u00e9 d'Avocats DAMY\",\"alternateName\":\"Gr\u00e9gory DAMY\",\"url\":\"https:\/\/gregorydamy.niceavocats.fr\/es\/\",\"logo\":{\"@type\":\"ImageObject\",\"inLanguage\":\"es\",\"@id\":\"https:\/\/gregorydamy.niceavocats.fr\/es\/#\/schema\/logo\/image\/\",\"url\":\"https:\/\/gregorydamy.niceavocats.fr\/wp-content\/uploads\/2023\/04\/damylogo-1.png\",\"contentUrl\":\"https:\/\/gregorydamy.niceavocats.fr\/wp-content\/uploads\/2023\/04\/damylogo-1.png\",\"width\":1890,\"height\":1417,\"caption\":\"Soci\u00e9t\u00e9 d'Avocats DAMY\"},\"image\":{\"@id\":\"https:\/\/gregorydamy.niceavocats.fr\/es\/#\/schema\/logo\/image\/\"},\"sameAs\":[\"https:\/\/www.facebook.com\/niceavocats.fr\/\"]},{\"@type\":\"Person\",\"@id\":\"https:\/\/gregorydamy.niceavocats.fr\/es\/#\/schema\/person\/64c9f9acb07431f6b55f72278b4a5d57\",\"name\":\"admin\",\"sameAs\":[\"https:\/\/gregorydamy.niceavocats.fr\"],\"url\":\"https:\/\/gregorydamy.niceavocats.fr\/es\/author\/admin_34\/\"}]}<\/script>\n<!-- \/ Yoast SEO plugin. -->","yoast_head_json":{"title":"- Soci\u00e9t\u00e9 d&#039;avocats Damy Establecimiento de la responsabilidad del m\u00e9dico","description":"Esta sentencia sent\u00f3 las bases de la responsabilidad m\u00e9dica contractual.","robots":{"index":"index","follow":"follow","max-snippet":"max-snippet:-1","max-image-preview":"max-image-preview:large","max-video-preview":"max-video-preview:-1"},"canonical":"https:\/\/gregorydamy.niceavocats.fr\/es\/establecimiento-de-la-responsabilidad-del-medico-la-sentencia-mercier\/","og_locale":"es_ES","og_type":"article","og_title":"- Soci\u00e9t\u00e9 d&#039;avocats Damy Establecimiento de la responsabilidad del m\u00e9dico","og_description":"Esta sentencia sent\u00f3 las bases de la responsabilidad m\u00e9dica contractual.","og_url":"https:\/\/gregorydamy.niceavocats.fr\/es\/establecimiento-de-la-responsabilidad-del-medico-la-sentencia-mercier\/","og_site_name":"Soci\u00e9t\u00e9 d&#039;avocats Damy","article_publisher":"https:\/\/www.facebook.com\/niceavocats.fr\/","article_published_time":"2023-09-29T14:31:41+00:00","article_modified_time":"2023-09-29T16:51:21+00:00","author":"admin","twitter_card":"summary_large_image","twitter_misc":{"Escrito por":"admin","Tiempo de lectura":"2 minutos"},"schema":{"@context":"https:\/\/schema.org","@graph":[{"@type":"Article","@id":"https:\/\/gregorydamy.niceavocats.fr\/es\/establecimiento-de-la-responsabilidad-del-medico-la-sentencia-mercier\/#article","isPartOf":{"@id":"https:\/\/gregorydamy.niceavocats.fr\/es\/establecimiento-de-la-responsabilidad-del-medico-la-sentencia-mercier\/"},"author":{"name":"admin","@id":"https:\/\/gregorydamy.niceavocats.fr\/es\/#\/schema\/person\/64c9f9acb07431f6b55f72278b4a5d57"},"headline":"Establecimiento de la responsabilidad del m\u00e9dico: la sentencia &#8220;Mercier&#8221;","datePublished":"2023-09-29T14:31:41+00:00","dateModified":"2023-09-29T16:51:21+00:00","mainEntityOfPage":{"@id":"https:\/\/gregorydamy.niceavocats.fr\/es\/establecimiento-de-la-responsabilidad-del-medico-la-sentencia-mercier\/"},"wordCount":386,"publisher":{"@id":"https:\/\/gregorydamy.niceavocats.fr\/es\/#organization"},"inLanguage":"es"},{"@type":"WebPage","@id":"https:\/\/gregorydamy.niceavocats.fr\/es\/establecimiento-de-la-responsabilidad-del-medico-la-sentencia-mercier\/","url":"https:\/\/gregorydamy.niceavocats.fr\/es\/establecimiento-de-la-responsabilidad-del-medico-la-sentencia-mercier\/","name":"- Soci\u00e9t\u00e9 d&#039;avocats Damy Establecimiento de la responsabilidad del m\u00e9dico","isPartOf":{"@id":"https:\/\/gregorydamy.niceavocats.fr\/es\/#website"},"datePublished":"2023-09-29T14:31:41+00:00","dateModified":"2023-09-29T16:51:21+00:00","description":"Esta sentencia sent\u00f3 las bases de la responsabilidad m\u00e9dica contractual.","breadcrumb":{"@id":"https:\/\/gregorydamy.niceavocats.fr\/es\/establecimiento-de-la-responsabilidad-del-medico-la-sentencia-mercier\/#breadcrumb"},"inLanguage":"es","potentialAction":[{"@type":"ReadAction","target":["https:\/\/gregorydamy.niceavocats.fr\/es\/establecimiento-de-la-responsabilidad-del-medico-la-sentencia-mercier\/"]}]},{"@type":"BreadcrumbList","@id":"https:\/\/gregorydamy.niceavocats.fr\/es\/establecimiento-de-la-responsabilidad-del-medico-la-sentencia-mercier\/#breadcrumb","itemListElement":[{"@type":"ListItem","position":1,"name":"Accueil","item":"https:\/\/gregorydamy.niceavocats.fr\/es\/"},{"@type":"ListItem","position":2,"name":"Establecimiento de la responsabilidad del m\u00e9dico: la sentencia \u00ab\u00a0Mercier\u00a0\u00bb"}]},{"@type":"WebSite","@id":"https:\/\/gregorydamy.niceavocats.fr\/es\/#website","url":"https:\/\/gregorydamy.niceavocats.fr\/es\/","name":"Soci\u00e9t\u00e9 d&#039;avocats Damy","description":"Justice - Confiance - Efficacit\u00e9","publisher":{"@id":"https:\/\/gregorydamy.niceavocats.fr\/es\/#organization"},"potentialAction":[{"@type":"SearchAction","target":{"@type":"EntryPoint","urlTemplate":"https:\/\/gregorydamy.niceavocats.fr\/es\/?s={search_term_string}"},"query-input":{"@type":"PropertyValueSpecification","valueRequired":true,"valueName":"search_term_string"}}],"inLanguage":"es"},{"@type":"Organization","@id":"https:\/\/gregorydamy.niceavocats.fr\/es\/#organization","name":"Soci\u00e9t\u00e9 d'Avocats DAMY","alternateName":"Gr\u00e9gory DAMY","url":"https:\/\/gregorydamy.niceavocats.fr\/es\/","logo":{"@type":"ImageObject","inLanguage":"es","@id":"https:\/\/gregorydamy.niceavocats.fr\/es\/#\/schema\/logo\/image\/","url":"https:\/\/gregorydamy.niceavocats.fr\/wp-content\/uploads\/2023\/04\/damylogo-1.png","contentUrl":"https:\/\/gregorydamy.niceavocats.fr\/wp-content\/uploads\/2023\/04\/damylogo-1.png","width":1890,"height":1417,"caption":"Soci\u00e9t\u00e9 d'Avocats DAMY"},"image":{"@id":"https:\/\/gregorydamy.niceavocats.fr\/es\/#\/schema\/logo\/image\/"},"sameAs":["https:\/\/www.facebook.com\/niceavocats.fr\/"]},{"@type":"Person","@id":"https:\/\/gregorydamy.niceavocats.fr\/es\/#\/schema\/person\/64c9f9acb07431f6b55f72278b4a5d57","name":"admin","sameAs":["https:\/\/gregorydamy.niceavocats.fr"],"url":"https:\/\/gregorydamy.niceavocats.fr\/es\/author\/admin_34\/"}]}},"_links":{"self":[{"href":"https:\/\/gregorydamy.niceavocats.fr\/es\/wp-json\/wp\/v2\/posts\/37681","targetHints":{"allow":["GET"]}}],"collection":[{"href":"https:\/\/gregorydamy.niceavocats.fr\/es\/wp-json\/wp\/v2\/posts"}],"about":[{"href":"https:\/\/gregorydamy.niceavocats.fr\/es\/wp-json\/wp\/v2\/types\/post"}],"author":[{"embeddable":true,"href":"https:\/\/gregorydamy.niceavocats.fr\/es\/wp-json\/wp\/v2\/users\/1"}],"replies":[{"embeddable":true,"href":"https:\/\/gregorydamy.niceavocats.fr\/es\/wp-json\/wp\/v2\/comments?post=37681"}],"version-history":[{"count":0,"href":"https:\/\/gregorydamy.niceavocats.fr\/es\/wp-json\/wp\/v2\/posts\/37681\/revisions"}],"wp:attachment":[{"href":"https:\/\/gregorydamy.niceavocats.fr\/es\/wp-json\/wp\/v2\/media?parent=37681"}],"wp:term":[{"taxonomy":"category","embeddable":true,"href":"https:\/\/gregorydamy.niceavocats.fr\/es\/wp-json\/wp\/v2\/categories?post=37681"},{"taxonomy":"post_tag","embeddable":true,"href":"https:\/\/gregorydamy.niceavocats.fr\/es\/wp-json\/wp\/v2\/tags?post=37681"}],"curies":[{"name":"wp","href":"https:\/\/api.w.org\/{rel}","templated":true}]}}