{"id":37663,"date":"2023-09-29T15:23:14","date_gmt":"2023-09-29T15:23:14","guid":{"rendered":"https:\/\/gregorydamy.niceavocats.fr\/?p=37663"},"modified":"2023-09-29T16:42:48","modified_gmt":"2023-09-29T16:42:48","slug":"responsabilidad-extracontractual-de-los-centros-sanitarios-privados","status":"publish","type":"post","link":"https:\/\/gregorydamy.niceavocats.fr\/es\/responsabilidad-extracontractual-de-los-centros-sanitarios-privados\/","title":{"rendered":"Responsabilidad extracontractual de los centros sanitarios privados"},"content":{"rendered":"<p><strong>Responsabilidad extracontractual de los centros sanitarios privados<\/strong><br \/>\nAdem\u00e1s de la responsabilidad contractual de los centros sanitarios privados, tambi\u00e9n pueden ser considerados responsables extracontractuales.<br \/>\nEn particular, en caso de ca\u00edda, pueden ser responsables frente a terceros visitantes:<br \/>\n&#8220;Considerando que, seg\u00fan las declaraciones de la sentencia confirmatoria, F., al salir de la cl\u00ednica Geoffroy Saint-Hilaire, donde se encontraba de visita, se cay\u00f3 por la escalera y se lesion\u00f3; atribuy\u00f3 la ca\u00edda al estado anormal de la escalera, su forma de caracol, sus pelda\u00f1os irregulares y estrechos, su falta de iluminaci\u00f3n y su escaso mantenimiento, y demand\u00f3 a la cl\u00ednica y a la compa\u00f1\u00eda de seguros Concorde, sobre la base de los art\u00edculos 1382 y 1384, apartado 1, del C\u00f3digo Civil, para obtener la reparaci\u00f3n de su perjuicio; [&#8230; A la luz de estas declaraciones, el Tribunal de Apelaci\u00f3n, que [&#8230;] justific\u00f3 jur\u00eddicamente su decisi\u00f3n por estos motivos. &#8221;<br \/>\nCass. civ. 2, 3 de junio de 1970, n\u00ba 68-14.242<br \/>\nA menos que la v\u00edctima sea declarada culpable.<br \/>\nAdem\u00e1s, un establecimiento sanitario privado tambi\u00e9n ser\u00eda responsable de las faltas cometidas por sus empleados.<br \/>\nLas faltas cometidas en el establecimiento por su personal asalariado dan lugar a la responsabilidad civil extracontractual de dicho establecimiento sobre la base de lo dispuesto en el art\u00edculo 1242 del C\u00f3digo Civil.<br \/>\nPor lo tanto, el establecimiento hospitalario privado es responsable de sus propias faltas, de las de sus asalariados, pero tambi\u00e9n de las cosas que \u00e9stos utilizan.<br \/>\nPor ejemplo, incluso la culpa de un m\u00e9dico empleado dar\u00eda lugar a la responsabilidad extracontractual del establecimiento:<br \/>\n&#8220;Por lo tanto, si, a pesar de la independencia profesional inalienable de que goza un m\u00e9dico en el ejercicio de su arte, un establecimiento sanitario puede, sin perjuicio de su acci\u00f3n de repetici\u00f3n, ser declarado responsable de las faltas cometidas por un facultativo en el curso de actos m\u00e9dicos de investigaci\u00f3n o de cuidados practicados a un paciente, es a condici\u00f3n de que este m\u00e9dico sea su empleado&#8221;.<\/p>\n<p>Cass. civ. 1, 26 de mayo de 1999, n\u00ba 97-15.608<br \/>\nNo dude en ponerse en contacto con nuestro bufete para saber si ha sido v\u00edctima de una falta en este contexto.<\/p>\n","protected":false},"excerpt":{"rendered":"<p>Responsabilidad extracontractual de los centros sanitarios privados Adem\u00e1s de la responsabilidad contractual de los centros sanitarios privados, tambi\u00e9n pueden ser considerados responsables extracontractuales. En particular, en caso de ca\u00edda, pueden ser responsables frente a terceros visitantes: &#8220;Considerando que, seg\u00fan las declaraciones de la sentencia confirmatoria, F., al salir de la cl\u00ednica Geoffroy Saint-Hilaire, donde se [&hellip;]<\/p>\n","protected":false},"author":1,"featured_media":0,"comment_status":"closed","ping_status":"open","sticky":false,"template":"","format":"standard","meta":{"_et_pb_use_builder":"on","_et_pb_old_content":"<strong>Responsabilidad extracontractual de los centros sanitarios privados<\/strong>\r\nAdem\u00e1s de la responsabilidad contractual de los centros sanitarios privados, tambi\u00e9n pueden ser considerados responsables extracontractuales.\r\nEn particular, en caso de ca\u00edda, pueden ser responsables frente a terceros visitantes:\r\n\"Considerando que, seg\u00fan las declaraciones de la sentencia confirmatoria, F., al salir de la cl\u00ednica Geoffroy Saint-Hilaire, donde se encontraba de visita, se cay\u00f3 por la escalera y se lesion\u00f3; atribuy\u00f3 la ca\u00edda al estado anormal de la escalera, su forma de caracol, sus pelda\u00f1os irregulares y estrechos, su falta de iluminaci\u00f3n y su escaso mantenimiento, y demand\u00f3 a la cl\u00ednica y a la compa\u00f1\u00eda de seguros Concorde, sobre la base de los art\u00edculos 1382 y 1384, apartado 1, del C\u00f3digo Civil, para obtener la reparaci\u00f3n de su perjuicio; [... A la luz de estas declaraciones, el Tribunal de Apelaci\u00f3n, que [...] justific\u00f3 jur\u00eddicamente su decisi\u00f3n por estos motivos. \"\r\nCass. civ. 2, 3 de junio de 1970, n\u00ba 68-14.242\r\nA menos que la v\u00edctima sea declarada culpable.\r\nAdem\u00e1s, un establecimiento sanitario privado tambi\u00e9n ser\u00eda responsable de las faltas cometidas por sus empleados.\r\nLas faltas cometidas en el establecimiento por su personal asalariado dan lugar a la responsabilidad civil extracontractual de dicho establecimiento sobre la base de lo dispuesto en el art\u00edculo 1242 del C\u00f3digo Civil.\r\nPor lo tanto, el establecimiento hospitalario privado es responsable de sus propias faltas, de las de sus asalariados, pero tambi\u00e9n de las cosas que \u00e9stos utilizan.\r\nPor ejemplo, incluso la culpa de un m\u00e9dico empleado dar\u00eda lugar a la responsabilidad extracontractual del establecimiento:\r\n\"Por lo tanto, si, a pesar de la independencia profesional inalienable de que goza un m\u00e9dico en el ejercicio de su arte, un establecimiento sanitario puede, sin perjuicio de su acci\u00f3n de repetici\u00f3n, ser declarado responsable de las faltas cometidas por un facultativo en el curso de actos m\u00e9dicos de investigaci\u00f3n o de cuidados practicados a un paciente, es a condici\u00f3n de que este m\u00e9dico sea su empleado\".\r\n\r\nCass. civ. 1, 26 de mayo de 1999, n\u00ba 97-15.608\r\nNo dude en ponerse en contacto con nuestro bufete para saber si ha sido v\u00edctima de una falta en este contexto.","_et_gb_content_width":"","footnotes":""},"categories":[],"tags":[],"class_list":["post-37663","post","type-post","status-publish","format-standard","hentry"],"yoast_head":"<!-- This site is optimized with the Yoast SEO plugin v26.8 - https:\/\/yoast.com\/product\/yoast-seo-wordpress\/ -->\n<title>Responsabilidad extracontractual de los centros sanitarios privados - Soci\u00e9t\u00e9 d&#039;avocats Damy<\/title>\n<meta name=\"description\" content=\"Adem\u00e1s de la responsabilidad contractual de los centros sanitarios privados, tambi\u00e9n pueden ser considerados responsables extracontractuales.\" \/>\n<meta name=\"robots\" content=\"index, follow, max-snippet:-1, max-image-preview:large, max-video-preview:-1\" \/>\n<link rel=\"canonical\" href=\"https:\/\/gregorydamy.niceavocats.fr\/es\/responsabilidad-extracontractual-de-los-centros-sanitarios-privados\/\" \/>\n<meta property=\"og:locale\" content=\"es_ES\" \/>\n<meta property=\"og:type\" content=\"article\" \/>\n<meta property=\"og:title\" content=\"Responsabilidad extracontractual de los centros sanitarios privados - Soci\u00e9t\u00e9 d&#039;avocats Damy\" \/>\n<meta property=\"og:description\" content=\"Adem\u00e1s de la responsabilidad contractual de los centros sanitarios privados, tambi\u00e9n pueden ser considerados responsables extracontractuales.\" \/>\n<meta property=\"og:url\" content=\"https:\/\/gregorydamy.niceavocats.fr\/es\/responsabilidad-extracontractual-de-los-centros-sanitarios-privados\/\" \/>\n<meta property=\"og:site_name\" content=\"Soci\u00e9t\u00e9 d&#039;avocats Damy\" \/>\n<meta property=\"article:publisher\" content=\"https:\/\/www.facebook.com\/niceavocats.fr\/\" \/>\n<meta property=\"article:published_time\" content=\"2023-09-29T15:23:14+00:00\" \/>\n<meta property=\"article:modified_time\" content=\"2023-09-29T16:42:48+00:00\" \/>\n<meta name=\"author\" content=\"admin\" \/>\n<meta name=\"twitter:card\" content=\"summary_large_image\" \/>\n<meta name=\"twitter:label1\" content=\"Escrito por\" \/>\n\t<meta name=\"twitter:data1\" content=\"admin\" \/>\n\t<meta name=\"twitter:label2\" content=\"Tiempo de lectura\" \/>\n\t<meta name=\"twitter:data2\" content=\"2 minutos\" \/>\n<script type=\"application\/ld+json\" class=\"yoast-schema-graph\">{\"@context\":\"https:\/\/schema.org\",\"@graph\":[{\"@type\":\"Article\",\"@id\":\"https:\/\/gregorydamy.niceavocats.fr\/es\/responsabilidad-extracontractual-de-los-centros-sanitarios-privados\/#article\",\"isPartOf\":{\"@id\":\"https:\/\/gregorydamy.niceavocats.fr\/es\/responsabilidad-extracontractual-de-los-centros-sanitarios-privados\/\"},\"author\":{\"name\":\"admin\",\"@id\":\"https:\/\/gregorydamy.niceavocats.fr\/es\/#\/schema\/person\/64c9f9acb07431f6b55f72278b4a5d57\"},\"headline\":\"Responsabilidad extracontractual de los centros sanitarios privados\",\"datePublished\":\"2023-09-29T15:23:14+00:00\",\"dateModified\":\"2023-09-29T16:42:48+00:00\",\"mainEntityOfPage\":{\"@id\":\"https:\/\/gregorydamy.niceavocats.fr\/es\/responsabilidad-extracontractual-de-los-centros-sanitarios-privados\/\"},\"wordCount\":381,\"publisher\":{\"@id\":\"https:\/\/gregorydamy.niceavocats.fr\/es\/#organization\"},\"inLanguage\":\"es\"},{\"@type\":\"WebPage\",\"@id\":\"https:\/\/gregorydamy.niceavocats.fr\/es\/responsabilidad-extracontractual-de-los-centros-sanitarios-privados\/\",\"url\":\"https:\/\/gregorydamy.niceavocats.fr\/es\/responsabilidad-extracontractual-de-los-centros-sanitarios-privados\/\",\"name\":\"Responsabilidad extracontractual de los centros sanitarios privados - Soci\u00e9t\u00e9 d&#039;avocats Damy\",\"isPartOf\":{\"@id\":\"https:\/\/gregorydamy.niceavocats.fr\/es\/#website\"},\"datePublished\":\"2023-09-29T15:23:14+00:00\",\"dateModified\":\"2023-09-29T16:42:48+00:00\",\"description\":\"Adem\u00e1s de la responsabilidad contractual de los centros sanitarios privados, tambi\u00e9n pueden ser considerados responsables extracontractuales.\",\"breadcrumb\":{\"@id\":\"https:\/\/gregorydamy.niceavocats.fr\/es\/responsabilidad-extracontractual-de-los-centros-sanitarios-privados\/#breadcrumb\"},\"inLanguage\":\"es\",\"potentialAction\":[{\"@type\":\"ReadAction\",\"target\":[\"https:\/\/gregorydamy.niceavocats.fr\/es\/responsabilidad-extracontractual-de-los-centros-sanitarios-privados\/\"]}]},{\"@type\":\"BreadcrumbList\",\"@id\":\"https:\/\/gregorydamy.niceavocats.fr\/es\/responsabilidad-extracontractual-de-los-centros-sanitarios-privados\/#breadcrumb\",\"itemListElement\":[{\"@type\":\"ListItem\",\"position\":1,\"name\":\"Accueil\",\"item\":\"https:\/\/gregorydamy.niceavocats.fr\/es\/\"},{\"@type\":\"ListItem\",\"position\":2,\"name\":\"Responsabilidad extracontractual de los centros sanitarios privados\"}]},{\"@type\":\"WebSite\",\"@id\":\"https:\/\/gregorydamy.niceavocats.fr\/es\/#website\",\"url\":\"https:\/\/gregorydamy.niceavocats.fr\/es\/\",\"name\":\"Soci\u00e9t\u00e9 d&#039;avocats Damy\",\"description\":\"Justice - Confiance - Efficacit\u00e9\",\"publisher\":{\"@id\":\"https:\/\/gregorydamy.niceavocats.fr\/es\/#organization\"},\"potentialAction\":[{\"@type\":\"SearchAction\",\"target\":{\"@type\":\"EntryPoint\",\"urlTemplate\":\"https:\/\/gregorydamy.niceavocats.fr\/es\/?s={search_term_string}\"},\"query-input\":{\"@type\":\"PropertyValueSpecification\",\"valueRequired\":true,\"valueName\":\"search_term_string\"}}],\"inLanguage\":\"es\"},{\"@type\":\"Organization\",\"@id\":\"https:\/\/gregorydamy.niceavocats.fr\/es\/#organization\",\"name\":\"Soci\u00e9t\u00e9 d'Avocats DAMY\",\"alternateName\":\"Gr\u00e9gory DAMY\",\"url\":\"https:\/\/gregorydamy.niceavocats.fr\/es\/\",\"logo\":{\"@type\":\"ImageObject\",\"inLanguage\":\"es\",\"@id\":\"https:\/\/gregorydamy.niceavocats.fr\/es\/#\/schema\/logo\/image\/\",\"url\":\"https:\/\/gregorydamy.niceavocats.fr\/wp-content\/uploads\/2023\/04\/damylogo-1.png\",\"contentUrl\":\"https:\/\/gregorydamy.niceavocats.fr\/wp-content\/uploads\/2023\/04\/damylogo-1.png\",\"width\":1890,\"height\":1417,\"caption\":\"Soci\u00e9t\u00e9 d'Avocats DAMY\"},\"image\":{\"@id\":\"https:\/\/gregorydamy.niceavocats.fr\/es\/#\/schema\/logo\/image\/\"},\"sameAs\":[\"https:\/\/www.facebook.com\/niceavocats.fr\/\"]},{\"@type\":\"Person\",\"@id\":\"https:\/\/gregorydamy.niceavocats.fr\/es\/#\/schema\/person\/64c9f9acb07431f6b55f72278b4a5d57\",\"name\":\"admin\",\"sameAs\":[\"https:\/\/gregorydamy.niceavocats.fr\"],\"url\":\"https:\/\/gregorydamy.niceavocats.fr\/es\/author\/admin_34\/\"}]}<\/script>\n<!-- \/ Yoast SEO plugin. -->","yoast_head_json":{"title":"Responsabilidad extracontractual de los centros sanitarios privados - Soci\u00e9t\u00e9 d&#039;avocats Damy","description":"Adem\u00e1s de la responsabilidad contractual de los centros sanitarios privados, tambi\u00e9n pueden ser considerados responsables extracontractuales.","robots":{"index":"index","follow":"follow","max-snippet":"max-snippet:-1","max-image-preview":"max-image-preview:large","max-video-preview":"max-video-preview:-1"},"canonical":"https:\/\/gregorydamy.niceavocats.fr\/es\/responsabilidad-extracontractual-de-los-centros-sanitarios-privados\/","og_locale":"es_ES","og_type":"article","og_title":"Responsabilidad extracontractual de los centros sanitarios privados - Soci\u00e9t\u00e9 d&#039;avocats Damy","og_description":"Adem\u00e1s de la responsabilidad contractual de los centros sanitarios privados, tambi\u00e9n pueden ser considerados responsables extracontractuales.","og_url":"https:\/\/gregorydamy.niceavocats.fr\/es\/responsabilidad-extracontractual-de-los-centros-sanitarios-privados\/","og_site_name":"Soci\u00e9t\u00e9 d&#039;avocats Damy","article_publisher":"https:\/\/www.facebook.com\/niceavocats.fr\/","article_published_time":"2023-09-29T15:23:14+00:00","article_modified_time":"2023-09-29T16:42:48+00:00","author":"admin","twitter_card":"summary_large_image","twitter_misc":{"Escrito por":"admin","Tiempo de lectura":"2 minutos"},"schema":{"@context":"https:\/\/schema.org","@graph":[{"@type":"Article","@id":"https:\/\/gregorydamy.niceavocats.fr\/es\/responsabilidad-extracontractual-de-los-centros-sanitarios-privados\/#article","isPartOf":{"@id":"https:\/\/gregorydamy.niceavocats.fr\/es\/responsabilidad-extracontractual-de-los-centros-sanitarios-privados\/"},"author":{"name":"admin","@id":"https:\/\/gregorydamy.niceavocats.fr\/es\/#\/schema\/person\/64c9f9acb07431f6b55f72278b4a5d57"},"headline":"Responsabilidad extracontractual de los centros sanitarios privados","datePublished":"2023-09-29T15:23:14+00:00","dateModified":"2023-09-29T16:42:48+00:00","mainEntityOfPage":{"@id":"https:\/\/gregorydamy.niceavocats.fr\/es\/responsabilidad-extracontractual-de-los-centros-sanitarios-privados\/"},"wordCount":381,"publisher":{"@id":"https:\/\/gregorydamy.niceavocats.fr\/es\/#organization"},"inLanguage":"es"},{"@type":"WebPage","@id":"https:\/\/gregorydamy.niceavocats.fr\/es\/responsabilidad-extracontractual-de-los-centros-sanitarios-privados\/","url":"https:\/\/gregorydamy.niceavocats.fr\/es\/responsabilidad-extracontractual-de-los-centros-sanitarios-privados\/","name":"Responsabilidad extracontractual de los centros sanitarios privados - Soci\u00e9t\u00e9 d&#039;avocats Damy","isPartOf":{"@id":"https:\/\/gregorydamy.niceavocats.fr\/es\/#website"},"datePublished":"2023-09-29T15:23:14+00:00","dateModified":"2023-09-29T16:42:48+00:00","description":"Adem\u00e1s de la responsabilidad contractual de los centros sanitarios privados, tambi\u00e9n pueden ser considerados responsables extracontractuales.","breadcrumb":{"@id":"https:\/\/gregorydamy.niceavocats.fr\/es\/responsabilidad-extracontractual-de-los-centros-sanitarios-privados\/#breadcrumb"},"inLanguage":"es","potentialAction":[{"@type":"ReadAction","target":["https:\/\/gregorydamy.niceavocats.fr\/es\/responsabilidad-extracontractual-de-los-centros-sanitarios-privados\/"]}]},{"@type":"BreadcrumbList","@id":"https:\/\/gregorydamy.niceavocats.fr\/es\/responsabilidad-extracontractual-de-los-centros-sanitarios-privados\/#breadcrumb","itemListElement":[{"@type":"ListItem","position":1,"name":"Accueil","item":"https:\/\/gregorydamy.niceavocats.fr\/es\/"},{"@type":"ListItem","position":2,"name":"Responsabilidad extracontractual de los centros sanitarios privados"}]},{"@type":"WebSite","@id":"https:\/\/gregorydamy.niceavocats.fr\/es\/#website","url":"https:\/\/gregorydamy.niceavocats.fr\/es\/","name":"Soci\u00e9t\u00e9 d&#039;avocats Damy","description":"Justice - Confiance - Efficacit\u00e9","publisher":{"@id":"https:\/\/gregorydamy.niceavocats.fr\/es\/#organization"},"potentialAction":[{"@type":"SearchAction","target":{"@type":"EntryPoint","urlTemplate":"https:\/\/gregorydamy.niceavocats.fr\/es\/?s={search_term_string}"},"query-input":{"@type":"PropertyValueSpecification","valueRequired":true,"valueName":"search_term_string"}}],"inLanguage":"es"},{"@type":"Organization","@id":"https:\/\/gregorydamy.niceavocats.fr\/es\/#organization","name":"Soci\u00e9t\u00e9 d'Avocats DAMY","alternateName":"Gr\u00e9gory DAMY","url":"https:\/\/gregorydamy.niceavocats.fr\/es\/","logo":{"@type":"ImageObject","inLanguage":"es","@id":"https:\/\/gregorydamy.niceavocats.fr\/es\/#\/schema\/logo\/image\/","url":"https:\/\/gregorydamy.niceavocats.fr\/wp-content\/uploads\/2023\/04\/damylogo-1.png","contentUrl":"https:\/\/gregorydamy.niceavocats.fr\/wp-content\/uploads\/2023\/04\/damylogo-1.png","width":1890,"height":1417,"caption":"Soci\u00e9t\u00e9 d'Avocats DAMY"},"image":{"@id":"https:\/\/gregorydamy.niceavocats.fr\/es\/#\/schema\/logo\/image\/"},"sameAs":["https:\/\/www.facebook.com\/niceavocats.fr\/"]},{"@type":"Person","@id":"https:\/\/gregorydamy.niceavocats.fr\/es\/#\/schema\/person\/64c9f9acb07431f6b55f72278b4a5d57","name":"admin","sameAs":["https:\/\/gregorydamy.niceavocats.fr"],"url":"https:\/\/gregorydamy.niceavocats.fr\/es\/author\/admin_34\/"}]}},"_links":{"self":[{"href":"https:\/\/gregorydamy.niceavocats.fr\/es\/wp-json\/wp\/v2\/posts\/37663","targetHints":{"allow":["GET"]}}],"collection":[{"href":"https:\/\/gregorydamy.niceavocats.fr\/es\/wp-json\/wp\/v2\/posts"}],"about":[{"href":"https:\/\/gregorydamy.niceavocats.fr\/es\/wp-json\/wp\/v2\/types\/post"}],"author":[{"embeddable":true,"href":"https:\/\/gregorydamy.niceavocats.fr\/es\/wp-json\/wp\/v2\/users\/1"}],"replies":[{"embeddable":true,"href":"https:\/\/gregorydamy.niceavocats.fr\/es\/wp-json\/wp\/v2\/comments?post=37663"}],"version-history":[{"count":0,"href":"https:\/\/gregorydamy.niceavocats.fr\/es\/wp-json\/wp\/v2\/posts\/37663\/revisions"}],"wp:attachment":[{"href":"https:\/\/gregorydamy.niceavocats.fr\/es\/wp-json\/wp\/v2\/media?parent=37663"}],"wp:term":[{"taxonomy":"category","embeddable":true,"href":"https:\/\/gregorydamy.niceavocats.fr\/es\/wp-json\/wp\/v2\/categories?post=37663"},{"taxonomy":"post_tag","embeddable":true,"href":"https:\/\/gregorydamy.niceavocats.fr\/es\/wp-json\/wp\/v2\/tags?post=37663"}],"curies":[{"name":"wp","href":"https:\/\/api.w.org\/{rel}","templated":true}]}}