{"id":37651,"date":"2023-09-29T15:50:33","date_gmt":"2023-09-29T15:50:33","guid":{"rendered":"https:\/\/gregorydamy.niceavocats.fr\/?p=37651"},"modified":"2023-09-29T16:35:59","modified_gmt":"2023-09-29T16:35:59","slug":"el-principio-jurisprudencial-de-la-indemnizacion-integra-y-su-evolucion","status":"publish","type":"post","link":"https:\/\/gregorydamy.niceavocats.fr\/es\/el-principio-jurisprudencial-de-la-indemnizacion-integra-y-su-evolucion\/","title":{"rendered":"El principio jurisprudencial de la indemnizaci\u00f3n \u00edntegra y su evoluci\u00f3n"},"content":{"rendered":"<p><strong>El principio jurisprudencial de la indemnizaci\u00f3n \u00edntegra y su evoluci\u00f3n<\/strong><br \/>\nEn Francia, el principio aplicable a las v\u00edctimas es la reparaci\u00f3n \u00edntegra de su perjuicio.<br \/>\nSin embargo, este principio se ha ido construyendo gradualmente por la jurisprudencia.<br \/>\nCass. civ. 2, 28 de octubre de 1954, JCP, 1955<br \/>\nCass. civ. 2, 16 de diciembre de 1970, n\u00b0 69-12.617<br \/>\nCass. civ. 2, 10 de diciembre de 2015, n\u00fam. 14-27.209<br \/>\nCass. civ. 2, 16 de julio de 2020, n\u00ba 19-14.982<br \/>\nCass. civ. 2, 9 de mayo de 1972, n\u00ba 70-14.150<br \/>\nCass. civ. 2, 28 de abril de 1975, n\u00ba 74-10.448<br \/>\nEl &#8220;criterio exclusivo para determinar la reclamaci\u00f3n de indemnizaci\u00f3n reside en la magnitud del da\u00f1o sufrido por la v\u00edctima&#8221;.<br \/>\nEn otras palabras, debe indemnizarse todo el perjuicio sufrido por la v\u00edctima como consecuencia del hecho da\u00f1oso.<br \/>\nPor tanto, una acci\u00f3n de da\u00f1os y perjuicios da la ilusi\u00f3n de que su finalidad es devolver a la v\u00edctima al estado en que se encontraba antes de que se produjera el da\u00f1o.<br \/>\nDesgraciadamente, esto es una ficci\u00f3n, ya que la reparaci\u00f3n en especie no siempre consigue este resultado.<br \/>\nSi una persona pierde un miembro en un accidente de tr\u00e1fico, la acci\u00f3n legal no se lo devolver\u00e1.<br \/>\nS\u00f3lo recibir\u00e1 una indemnizaci\u00f3n destinada a permitirle llevar una vida lo m\u00e1s parecida posible a la que ten\u00eda antes.<br \/>\nEn la pr\u00e1ctica, tambi\u00e9n hay que tener en cuenta que los importes concedidos, a pesar de los baremos indicativos, se dejan en gran medida a la discreci\u00f3n del juez.<br \/>\nPor lo tanto, es esencial contar con la asistencia de un abogado competente en materia de indemnizaci\u00f3n y reparaci\u00f3n del da\u00f1o corporal, ya que es \u00e9l quien podr\u00e1 desarrollar una argumentaci\u00f3n que garantice que se tienen en cuenta todos los \u00e1mbitos del da\u00f1o.<br \/>\nEsto es tanto m\u00e1s importante cuanto que el sector de los seguros est\u00e1 presionando para que se introduzcan cambios en la legislaci\u00f3n sobre responsabilidad civil que obliguen a la v\u00edctima a tomar medidas para evitar nuevas lesiones.<br \/>\nPor el momento, el legislador se ha negado a aceptar este principio en materia de da\u00f1os corporales, y se sigue considerando a la v\u00edctima en toda su magnitud y agravamiento, pero no es imposible que se introduzcan cambios en el principio de indemnizaci\u00f3n \u00edntegra por lesiones.<br \/>\nDAMY permanece a su lado para hacer valer su derecho a una indemnizaci\u00f3n \u00edntegra.<\/p>\n","protected":false},"excerpt":{"rendered":"<p>El principio jurisprudencial de la indemnizaci\u00f3n \u00edntegra y su evoluci\u00f3n En Francia, el principio aplicable a las v\u00edctimas es la reparaci\u00f3n \u00edntegra de su perjuicio. Sin embargo, este principio se ha ido construyendo gradualmente por la jurisprudencia. Cass. civ. 2, 28 de octubre de 1954, JCP, 1955 Cass. civ. 2, 16 de diciembre de 1970, [&hellip;]<\/p>\n","protected":false},"author":1,"featured_media":0,"comment_status":"closed","ping_status":"open","sticky":false,"template":"","format":"standard","meta":{"_et_pb_use_builder":"on","_et_pb_old_content":"<strong>El principio jurisprudencial de la indemnizaci\u00f3n \u00edntegra y su evoluci\u00f3n<\/strong>\r\nEn Francia, el principio aplicable a las v\u00edctimas es la reparaci\u00f3n \u00edntegra de su perjuicio.\r\nSin embargo, este principio se ha ido construyendo gradualmente por la jurisprudencia.\r\nCass. civ. 2, 28 de octubre de 1954, JCP, 1955\r\nCass. civ. 2, 16 de diciembre de 1970, n\u00b0 69-12.617\r\nCass. civ. 2, 10 de diciembre de 2015, n\u00fam. 14-27.209\r\nCass. civ. 2, 16 de julio de 2020, n\u00ba 19-14.982\r\nCass. civ. 2, 9 de mayo de 1972, n\u00ba 70-14.150\r\nCass. civ. 2, 28 de abril de 1975, n\u00ba 74-10.448\r\nEl \"criterio exclusivo para determinar la reclamaci\u00f3n de indemnizaci\u00f3n reside en la magnitud del da\u00f1o sufrido por la v\u00edctima\".\r\nEn otras palabras, debe indemnizarse todo el perjuicio sufrido por la v\u00edctima como consecuencia del hecho da\u00f1oso.\r\nPor tanto, una acci\u00f3n de da\u00f1os y perjuicios da la ilusi\u00f3n de que su finalidad es devolver a la v\u00edctima al estado en que se encontraba antes de que se produjera el da\u00f1o.\r\nDesgraciadamente, esto es una ficci\u00f3n, ya que la reparaci\u00f3n en especie no siempre consigue este resultado.\r\nSi una persona pierde un miembro en un accidente de tr\u00e1fico, la acci\u00f3n legal no se lo devolver\u00e1.\r\nS\u00f3lo recibir\u00e1 una indemnizaci\u00f3n destinada a permitirle llevar una vida lo m\u00e1s parecida posible a la que ten\u00eda antes.\r\nEn la pr\u00e1ctica, tambi\u00e9n hay que tener en cuenta que los importes concedidos, a pesar de los baremos indicativos, se dejan en gran medida a la discreci\u00f3n del juez.\r\nPor lo tanto, es esencial contar con la asistencia de un abogado competente en materia de indemnizaci\u00f3n y reparaci\u00f3n del da\u00f1o corporal, ya que es \u00e9l quien podr\u00e1 desarrollar una argumentaci\u00f3n que garantice que se tienen en cuenta todos los \u00e1mbitos del da\u00f1o.\r\nEsto es tanto m\u00e1s importante cuanto que el sector de los seguros est\u00e1 presionando para que se introduzcan cambios en la legislaci\u00f3n sobre responsabilidad civil que obliguen a la v\u00edctima a tomar medidas para evitar nuevas lesiones.\r\nPor el momento, el legislador se ha negado a aceptar este principio en materia de da\u00f1os corporales, y se sigue considerando a la v\u00edctima en toda su magnitud y agravamiento, pero no es imposible que se introduzcan cambios en el principio de indemnizaci\u00f3n \u00edntegra por lesiones.\r\nDAMY permanece a su lado para hacer valer su derecho a una indemnizaci\u00f3n \u00edntegra.","_et_gb_content_width":"","footnotes":""},"categories":[],"tags":[],"class_list":["post-37651","post","type-post","status-publish","format-standard","hentry"],"yoast_head":"<!-- This site is optimized with the Yoast SEO plugin v26.8 - https:\/\/yoast.com\/product\/yoast-seo-wordpress\/ -->\n<title>- Soci\u00e9t\u00e9 d&#039;avocats Damy la indemnizaci\u00f3n \u00edntegra y su evoluci\u00f3n<\/title>\n<meta name=\"description\" content=\"En Francia, el principio aplicable a las v\u00edctimas es la reparaci\u00f3n \u00edntegra de su perjuicio.\" \/>\n<meta name=\"robots\" content=\"index, follow, max-snippet:-1, max-image-preview:large, max-video-preview:-1\" \/>\n<link rel=\"canonical\" href=\"https:\/\/gregorydamy.niceavocats.fr\/es\/el-principio-jurisprudencial-de-la-indemnizacion-integra-y-su-evolucion\/\" \/>\n<meta property=\"og:locale\" content=\"es_ES\" \/>\n<meta property=\"og:type\" content=\"article\" \/>\n<meta property=\"og:title\" content=\"- Soci\u00e9t\u00e9 d&#039;avocats Damy la indemnizaci\u00f3n \u00edntegra y su evoluci\u00f3n\" \/>\n<meta property=\"og:description\" content=\"En Francia, el principio aplicable a las v\u00edctimas es la reparaci\u00f3n \u00edntegra de su perjuicio.\" \/>\n<meta property=\"og:url\" content=\"https:\/\/gregorydamy.niceavocats.fr\/es\/el-principio-jurisprudencial-de-la-indemnizacion-integra-y-su-evolucion\/\" \/>\n<meta property=\"og:site_name\" content=\"Soci\u00e9t\u00e9 d&#039;avocats Damy\" \/>\n<meta property=\"article:publisher\" content=\"https:\/\/www.facebook.com\/niceavocats.fr\/\" \/>\n<meta property=\"article:published_time\" content=\"2023-09-29T15:50:33+00:00\" \/>\n<meta property=\"article:modified_time\" content=\"2023-09-29T16:35:59+00:00\" \/>\n<meta name=\"author\" content=\"admin\" \/>\n<meta name=\"twitter:card\" content=\"summary_large_image\" \/>\n<meta name=\"twitter:label1\" content=\"Escrito por\" \/>\n\t<meta name=\"twitter:data1\" content=\"admin\" \/>\n\t<meta name=\"twitter:label2\" content=\"Tiempo de lectura\" \/>\n\t<meta name=\"twitter:data2\" content=\"2 minutos\" \/>\n<script type=\"application\/ld+json\" class=\"yoast-schema-graph\">{\"@context\":\"https:\/\/schema.org\",\"@graph\":[{\"@type\":\"Article\",\"@id\":\"https:\/\/gregorydamy.niceavocats.fr\/es\/el-principio-jurisprudencial-de-la-indemnizacion-integra-y-su-evolucion\/#article\",\"isPartOf\":{\"@id\":\"https:\/\/gregorydamy.niceavocats.fr\/es\/el-principio-jurisprudencial-de-la-indemnizacion-integra-y-su-evolucion\/\"},\"author\":{\"name\":\"admin\",\"@id\":\"https:\/\/gregorydamy.niceavocats.fr\/es\/#\/schema\/person\/64c9f9acb07431f6b55f72278b4a5d57\"},\"headline\":\"El principio jurisprudencial de la indemnizaci\u00f3n \u00edntegra y su evoluci\u00f3n\",\"datePublished\":\"2023-09-29T15:50:33+00:00\",\"dateModified\":\"2023-09-29T16:35:59+00:00\",\"mainEntityOfPage\":{\"@id\":\"https:\/\/gregorydamy.niceavocats.fr\/es\/el-principio-jurisprudencial-de-la-indemnizacion-integra-y-su-evolucion\/\"},\"wordCount\":420,\"publisher\":{\"@id\":\"https:\/\/gregorydamy.niceavocats.fr\/es\/#organization\"},\"inLanguage\":\"es\"},{\"@type\":\"WebPage\",\"@id\":\"https:\/\/gregorydamy.niceavocats.fr\/es\/el-principio-jurisprudencial-de-la-indemnizacion-integra-y-su-evolucion\/\",\"url\":\"https:\/\/gregorydamy.niceavocats.fr\/es\/el-principio-jurisprudencial-de-la-indemnizacion-integra-y-su-evolucion\/\",\"name\":\"- Soci\u00e9t\u00e9 d&#039;avocats Damy la indemnizaci\u00f3n \u00edntegra y su evoluci\u00f3n\",\"isPartOf\":{\"@id\":\"https:\/\/gregorydamy.niceavocats.fr\/es\/#website\"},\"datePublished\":\"2023-09-29T15:50:33+00:00\",\"dateModified\":\"2023-09-29T16:35:59+00:00\",\"description\":\"En Francia, el principio aplicable a las v\u00edctimas es la reparaci\u00f3n \u00edntegra de su perjuicio.\",\"breadcrumb\":{\"@id\":\"https:\/\/gregorydamy.niceavocats.fr\/es\/el-principio-jurisprudencial-de-la-indemnizacion-integra-y-su-evolucion\/#breadcrumb\"},\"inLanguage\":\"es\",\"potentialAction\":[{\"@type\":\"ReadAction\",\"target\":[\"https:\/\/gregorydamy.niceavocats.fr\/es\/el-principio-jurisprudencial-de-la-indemnizacion-integra-y-su-evolucion\/\"]}]},{\"@type\":\"BreadcrumbList\",\"@id\":\"https:\/\/gregorydamy.niceavocats.fr\/es\/el-principio-jurisprudencial-de-la-indemnizacion-integra-y-su-evolucion\/#breadcrumb\",\"itemListElement\":[{\"@type\":\"ListItem\",\"position\":1,\"name\":\"Accueil\",\"item\":\"https:\/\/gregorydamy.niceavocats.fr\/es\/\"},{\"@type\":\"ListItem\",\"position\":2,\"name\":\"El principio jurisprudencial de la indemnizaci\u00f3n \u00edntegra y su evoluci\u00f3n\"}]},{\"@type\":\"WebSite\",\"@id\":\"https:\/\/gregorydamy.niceavocats.fr\/es\/#website\",\"url\":\"https:\/\/gregorydamy.niceavocats.fr\/es\/\",\"name\":\"Soci\u00e9t\u00e9 d&#039;avocats Damy\",\"description\":\"Justice - Confiance - Efficacit\u00e9\",\"publisher\":{\"@id\":\"https:\/\/gregorydamy.niceavocats.fr\/es\/#organization\"},\"potentialAction\":[{\"@type\":\"SearchAction\",\"target\":{\"@type\":\"EntryPoint\",\"urlTemplate\":\"https:\/\/gregorydamy.niceavocats.fr\/es\/?s={search_term_string}\"},\"query-input\":{\"@type\":\"PropertyValueSpecification\",\"valueRequired\":true,\"valueName\":\"search_term_string\"}}],\"inLanguage\":\"es\"},{\"@type\":\"Organization\",\"@id\":\"https:\/\/gregorydamy.niceavocats.fr\/es\/#organization\",\"name\":\"Soci\u00e9t\u00e9 d'Avocats DAMY\",\"alternateName\":\"Gr\u00e9gory DAMY\",\"url\":\"https:\/\/gregorydamy.niceavocats.fr\/es\/\",\"logo\":{\"@type\":\"ImageObject\",\"inLanguage\":\"es\",\"@id\":\"https:\/\/gregorydamy.niceavocats.fr\/es\/#\/schema\/logo\/image\/\",\"url\":\"https:\/\/gregorydamy.niceavocats.fr\/wp-content\/uploads\/2023\/04\/damylogo-1.png\",\"contentUrl\":\"https:\/\/gregorydamy.niceavocats.fr\/wp-content\/uploads\/2023\/04\/damylogo-1.png\",\"width\":1890,\"height\":1417,\"caption\":\"Soci\u00e9t\u00e9 d'Avocats DAMY\"},\"image\":{\"@id\":\"https:\/\/gregorydamy.niceavocats.fr\/es\/#\/schema\/logo\/image\/\"},\"sameAs\":[\"https:\/\/www.facebook.com\/niceavocats.fr\/\"]},{\"@type\":\"Person\",\"@id\":\"https:\/\/gregorydamy.niceavocats.fr\/es\/#\/schema\/person\/64c9f9acb07431f6b55f72278b4a5d57\",\"name\":\"admin\",\"sameAs\":[\"https:\/\/gregorydamy.niceavocats.fr\"],\"url\":\"https:\/\/gregorydamy.niceavocats.fr\/es\/author\/admin_34\/\"}]}<\/script>\n<!-- \/ Yoast SEO plugin. -->","yoast_head_json":{"title":"- Soci\u00e9t\u00e9 d&#039;avocats Damy la indemnizaci\u00f3n \u00edntegra y su evoluci\u00f3n","description":"En Francia, el principio aplicable a las v\u00edctimas es la reparaci\u00f3n \u00edntegra de su perjuicio.","robots":{"index":"index","follow":"follow","max-snippet":"max-snippet:-1","max-image-preview":"max-image-preview:large","max-video-preview":"max-video-preview:-1"},"canonical":"https:\/\/gregorydamy.niceavocats.fr\/es\/el-principio-jurisprudencial-de-la-indemnizacion-integra-y-su-evolucion\/","og_locale":"es_ES","og_type":"article","og_title":"- Soci\u00e9t\u00e9 d&#039;avocats Damy la indemnizaci\u00f3n \u00edntegra y su evoluci\u00f3n","og_description":"En Francia, el principio aplicable a las v\u00edctimas es la reparaci\u00f3n \u00edntegra de su perjuicio.","og_url":"https:\/\/gregorydamy.niceavocats.fr\/es\/el-principio-jurisprudencial-de-la-indemnizacion-integra-y-su-evolucion\/","og_site_name":"Soci\u00e9t\u00e9 d&#039;avocats Damy","article_publisher":"https:\/\/www.facebook.com\/niceavocats.fr\/","article_published_time":"2023-09-29T15:50:33+00:00","article_modified_time":"2023-09-29T16:35:59+00:00","author":"admin","twitter_card":"summary_large_image","twitter_misc":{"Escrito por":"admin","Tiempo de lectura":"2 minutos"},"schema":{"@context":"https:\/\/schema.org","@graph":[{"@type":"Article","@id":"https:\/\/gregorydamy.niceavocats.fr\/es\/el-principio-jurisprudencial-de-la-indemnizacion-integra-y-su-evolucion\/#article","isPartOf":{"@id":"https:\/\/gregorydamy.niceavocats.fr\/es\/el-principio-jurisprudencial-de-la-indemnizacion-integra-y-su-evolucion\/"},"author":{"name":"admin","@id":"https:\/\/gregorydamy.niceavocats.fr\/es\/#\/schema\/person\/64c9f9acb07431f6b55f72278b4a5d57"},"headline":"El principio jurisprudencial de la indemnizaci\u00f3n \u00edntegra y su evoluci\u00f3n","datePublished":"2023-09-29T15:50:33+00:00","dateModified":"2023-09-29T16:35:59+00:00","mainEntityOfPage":{"@id":"https:\/\/gregorydamy.niceavocats.fr\/es\/el-principio-jurisprudencial-de-la-indemnizacion-integra-y-su-evolucion\/"},"wordCount":420,"publisher":{"@id":"https:\/\/gregorydamy.niceavocats.fr\/es\/#organization"},"inLanguage":"es"},{"@type":"WebPage","@id":"https:\/\/gregorydamy.niceavocats.fr\/es\/el-principio-jurisprudencial-de-la-indemnizacion-integra-y-su-evolucion\/","url":"https:\/\/gregorydamy.niceavocats.fr\/es\/el-principio-jurisprudencial-de-la-indemnizacion-integra-y-su-evolucion\/","name":"- Soci\u00e9t\u00e9 d&#039;avocats Damy la indemnizaci\u00f3n \u00edntegra y su evoluci\u00f3n","isPartOf":{"@id":"https:\/\/gregorydamy.niceavocats.fr\/es\/#website"},"datePublished":"2023-09-29T15:50:33+00:00","dateModified":"2023-09-29T16:35:59+00:00","description":"En Francia, el principio aplicable a las v\u00edctimas es la reparaci\u00f3n \u00edntegra de su perjuicio.","breadcrumb":{"@id":"https:\/\/gregorydamy.niceavocats.fr\/es\/el-principio-jurisprudencial-de-la-indemnizacion-integra-y-su-evolucion\/#breadcrumb"},"inLanguage":"es","potentialAction":[{"@type":"ReadAction","target":["https:\/\/gregorydamy.niceavocats.fr\/es\/el-principio-jurisprudencial-de-la-indemnizacion-integra-y-su-evolucion\/"]}]},{"@type":"BreadcrumbList","@id":"https:\/\/gregorydamy.niceavocats.fr\/es\/el-principio-jurisprudencial-de-la-indemnizacion-integra-y-su-evolucion\/#breadcrumb","itemListElement":[{"@type":"ListItem","position":1,"name":"Accueil","item":"https:\/\/gregorydamy.niceavocats.fr\/es\/"},{"@type":"ListItem","position":2,"name":"El principio jurisprudencial de la indemnizaci\u00f3n \u00edntegra y su evoluci\u00f3n"}]},{"@type":"WebSite","@id":"https:\/\/gregorydamy.niceavocats.fr\/es\/#website","url":"https:\/\/gregorydamy.niceavocats.fr\/es\/","name":"Soci\u00e9t\u00e9 d&#039;avocats Damy","description":"Justice - Confiance - Efficacit\u00e9","publisher":{"@id":"https:\/\/gregorydamy.niceavocats.fr\/es\/#organization"},"potentialAction":[{"@type":"SearchAction","target":{"@type":"EntryPoint","urlTemplate":"https:\/\/gregorydamy.niceavocats.fr\/es\/?s={search_term_string}"},"query-input":{"@type":"PropertyValueSpecification","valueRequired":true,"valueName":"search_term_string"}}],"inLanguage":"es"},{"@type":"Organization","@id":"https:\/\/gregorydamy.niceavocats.fr\/es\/#organization","name":"Soci\u00e9t\u00e9 d'Avocats DAMY","alternateName":"Gr\u00e9gory DAMY","url":"https:\/\/gregorydamy.niceavocats.fr\/es\/","logo":{"@type":"ImageObject","inLanguage":"es","@id":"https:\/\/gregorydamy.niceavocats.fr\/es\/#\/schema\/logo\/image\/","url":"https:\/\/gregorydamy.niceavocats.fr\/wp-content\/uploads\/2023\/04\/damylogo-1.png","contentUrl":"https:\/\/gregorydamy.niceavocats.fr\/wp-content\/uploads\/2023\/04\/damylogo-1.png","width":1890,"height":1417,"caption":"Soci\u00e9t\u00e9 d'Avocats DAMY"},"image":{"@id":"https:\/\/gregorydamy.niceavocats.fr\/es\/#\/schema\/logo\/image\/"},"sameAs":["https:\/\/www.facebook.com\/niceavocats.fr\/"]},{"@type":"Person","@id":"https:\/\/gregorydamy.niceavocats.fr\/es\/#\/schema\/person\/64c9f9acb07431f6b55f72278b4a5d57","name":"admin","sameAs":["https:\/\/gregorydamy.niceavocats.fr"],"url":"https:\/\/gregorydamy.niceavocats.fr\/es\/author\/admin_34\/"}]}},"_links":{"self":[{"href":"https:\/\/gregorydamy.niceavocats.fr\/es\/wp-json\/wp\/v2\/posts\/37651","targetHints":{"allow":["GET"]}}],"collection":[{"href":"https:\/\/gregorydamy.niceavocats.fr\/es\/wp-json\/wp\/v2\/posts"}],"about":[{"href":"https:\/\/gregorydamy.niceavocats.fr\/es\/wp-json\/wp\/v2\/types\/post"}],"author":[{"embeddable":true,"href":"https:\/\/gregorydamy.niceavocats.fr\/es\/wp-json\/wp\/v2\/users\/1"}],"replies":[{"embeddable":true,"href":"https:\/\/gregorydamy.niceavocats.fr\/es\/wp-json\/wp\/v2\/comments?post=37651"}],"version-history":[{"count":0,"href":"https:\/\/gregorydamy.niceavocats.fr\/es\/wp-json\/wp\/v2\/posts\/37651\/revisions"}],"wp:attachment":[{"href":"https:\/\/gregorydamy.niceavocats.fr\/es\/wp-json\/wp\/v2\/media?parent=37651"}],"wp:term":[{"taxonomy":"category","embeddable":true,"href":"https:\/\/gregorydamy.niceavocats.fr\/es\/wp-json\/wp\/v2\/categories?post=37651"},{"taxonomy":"post_tag","embeddable":true,"href":"https:\/\/gregorydamy.niceavocats.fr\/es\/wp-json\/wp\/v2\/tags?post=37651"}],"curies":[{"name":"wp","href":"https:\/\/api.w.org\/{rel}","templated":true}]}}