{"id":37633,"date":"2023-09-29T16:00:24","date_gmt":"2023-09-29T16:00:24","guid":{"rendered":"https:\/\/gregorydamy.niceavocats.fr\/?p=37633"},"modified":"2023-09-29T16:27:15","modified_gmt":"2023-09-29T16:27:15","slug":"actualizacion-de-la-jurisprudencia-sobre-acciones-civiles-relativas-a-actos-de-terrorismo","status":"publish","type":"post","link":"https:\/\/gregorydamy.niceavocats.fr\/es\/actualizacion-de-la-jurisprudencia-sobre-acciones-civiles-relativas-a-actos-de-terrorismo\/","title":{"rendered":"Actualizaci\u00f3n de la jurisprudencia sobre acciones civiles relativas a actos de terrorismo"},"content":{"rendered":"<p><strong>Actualizaci\u00f3n de la jurisprudencia sobre acciones civiles relativas a actos de terrorismo<\/strong><br \/>\nEn cuatro sentencias, la Sala de lo Penal ha aclarado su jurisprudencia sobre las acciones civiles relativas al terrorismo.<br \/>\nCass. crim., 15 de febrero de 2022, 4 sentencias, n\u00ba 21-80.264 \/\/ n\u00ba 21-80.265 \/\/ n\u00ba 21-80.670 \/\/ n\u00ba 19-82.651<br \/>\nEstas sentencias permiten determinar que las lesiones sufridas por personas que han actuado &#8220;para interrumpir la comisi\u00f3n o evitar la reiteraci\u00f3n de delitos dolosos graves de lesiones personales&#8221; o que han sido lesionadas &#8220;al intentar huir del lugar de un acto criminal destinado a matar indiscriminadamente a un gran n\u00famero de personas, al que, por su proximidad, pod\u00edan creer leg\u00edtimamente que estaban expuestas&#8221; est\u00e1n directamente relacionadas con los delitos.<br \/>\nPor lo tanto, ahora basta con que &#8220;las circunstancias en las que se basa [la demanda de la parte civil] permitan al juez [&#8230;] aceptar como posible la existencia del da\u00f1o alegado y la relaci\u00f3n directa entre el da\u00f1o y el delito&#8221;.<br \/>\nActualmente tambi\u00e9n est\u00e1 perfectamente establecido que existe un tipo espec\u00edfico de perjuicio debido a la angustia, que consiste en vivir &#8220;con el temor de ser golpeado de nuevo [&#8230;] por terroristas o de enfrentarse a ellos&#8221;.<br \/>\nEsta p\u00e9rdida espec\u00edfica de angustia se a\u00f1ade, pues, a la p\u00e9rdida de angustia por muerte inminente que se siente durante un atentado terrorista y completa la atenci\u00f3n necesaria a las v\u00edctimas de estas tragedias.<br \/>\nAs\u00ed pues, cabe se\u00f1alar que la jurisprudencia ha creado un complejo sistema para las v\u00edctimas de actos de terrorismo, que persigue los objetivos opuestos de proporcionar el mejor tratamiento posible y m\u00e1s amplio a cualquier persona afectada por los hechos, al tiempo que restringe el acceso a los fondos p\u00fablicos de indemnizaci\u00f3n a las personas malintencionadas.<br \/>\nDe hecho, se ha visto que los fondos de garant\u00eda empiezan a mostrar desconfianza tras las numerosas reclamaciones falsas recibidas a ra\u00edz de los atentados de Niza.<br \/>\nEl bufete DAMY luchar\u00e1 a su lado para que se reconozcan sus derechos como v\u00edctima.<br \/>\nNo dude en ponerse en contacto con nosotros.<\/p>\n","protected":false},"excerpt":{"rendered":"<p>Actualizaci\u00f3n de la jurisprudencia sobre acciones civiles relativas a actos de terrorismo En cuatro sentencias, la Sala de lo Penal ha aclarado su jurisprudencia sobre las acciones civiles relativas al terrorismo. Cass. crim., 15 de febrero de 2022, 4 sentencias, n\u00ba 21-80.264 \/\/ n\u00ba 21-80.265 \/\/ n\u00ba 21-80.670 \/\/ n\u00ba 19-82.651 Estas sentencias permiten determinar [&hellip;]<\/p>\n","protected":false},"author":1,"featured_media":0,"comment_status":"closed","ping_status":"open","sticky":false,"template":"","format":"standard","meta":{"_et_pb_use_builder":"on","_et_pb_old_content":"<strong>Actualizaci\u00f3n de la jurisprudencia sobre acciones civiles relativas a actos de terrorismo<\/strong>\r\nEn cuatro sentencias, la Sala de lo Penal ha aclarado su jurisprudencia sobre las acciones civiles relativas al terrorismo.\r\nCass. crim., 15 de febrero de 2022, 4 sentencias, n\u00ba 21-80.264 \/\/ n\u00ba 21-80.265 \/\/ n\u00ba 21-80.670 \/\/ n\u00ba 19-82.651\r\nEstas sentencias permiten determinar que las lesiones sufridas por personas que han actuado \"para interrumpir la comisi\u00f3n o evitar la reiteraci\u00f3n de delitos dolosos graves de lesiones personales\" o que han sido lesionadas \"al intentar huir del lugar de un acto criminal destinado a matar indiscriminadamente a un gran n\u00famero de personas, al que, por su proximidad, pod\u00edan creer leg\u00edtimamente que estaban expuestas\" est\u00e1n directamente relacionadas con los delitos.\r\nPor lo tanto, ahora basta con que \"las circunstancias en las que se basa [la demanda de la parte civil] permitan al juez [...] aceptar como posible la existencia del da\u00f1o alegado y la relaci\u00f3n directa entre el da\u00f1o y el delito\".\r\nActualmente tambi\u00e9n est\u00e1 perfectamente establecido que existe un tipo espec\u00edfico de perjuicio debido a la angustia, que consiste en vivir \"con el temor de ser golpeado de nuevo [...] por terroristas o de enfrentarse a ellos\".\r\nEsta p\u00e9rdida espec\u00edfica de angustia se a\u00f1ade, pues, a la p\u00e9rdida de angustia por muerte inminente que se siente durante un atentado terrorista y completa la atenci\u00f3n necesaria a las v\u00edctimas de estas tragedias.\r\nAs\u00ed pues, cabe se\u00f1alar que la jurisprudencia ha creado un complejo sistema para las v\u00edctimas de actos de terrorismo, que persigue los objetivos opuestos de proporcionar el mejor tratamiento posible y m\u00e1s amplio a cualquier persona afectada por los hechos, al tiempo que restringe el acceso a los fondos p\u00fablicos de indemnizaci\u00f3n a las personas malintencionadas.\r\nDe hecho, se ha visto que los fondos de garant\u00eda empiezan a mostrar desconfianza tras las numerosas reclamaciones falsas recibidas a ra\u00edz de los atentados de Niza.\r\nEl bufete DAMY luchar\u00e1 a su lado para que se reconozcan sus derechos como v\u00edctima.\r\nNo dude en ponerse en contacto con nosotros.","_et_gb_content_width":"","footnotes":""},"categories":[],"tags":[],"class_list":["post-37633","post","type-post","status-publish","format-standard","hentry"],"yoast_head":"<!-- This site is optimized with the Yoast SEO plugin v26.8 - https:\/\/yoast.com\/product\/yoast-seo-wordpress\/ -->\n<title>- Soci\u00e9t\u00e9 d&#039;avocats Damy Acciones civiles relativas a actos de terrorismo<\/title>\n<meta name=\"description\" content=\"En cuatro sentencias, la Sala de lo Penal ha aclarado su jurisprudencia sobre las acciones civiles relativas al terrorismo.\" \/>\n<meta name=\"robots\" content=\"index, follow, max-snippet:-1, max-image-preview:large, max-video-preview:-1\" \/>\n<link rel=\"canonical\" href=\"https:\/\/gregorydamy.niceavocats.fr\/es\/actualizacion-de-la-jurisprudencia-sobre-acciones-civiles-relativas-a-actos-de-terrorismo\/\" \/>\n<meta property=\"og:locale\" content=\"es_ES\" \/>\n<meta property=\"og:type\" content=\"article\" \/>\n<meta property=\"og:title\" content=\"- Soci\u00e9t\u00e9 d&#039;avocats Damy Acciones civiles relativas a actos de terrorismo\" \/>\n<meta property=\"og:description\" content=\"En cuatro sentencias, la Sala de lo Penal ha aclarado su jurisprudencia sobre las acciones civiles relativas al terrorismo.\" \/>\n<meta property=\"og:url\" content=\"https:\/\/gregorydamy.niceavocats.fr\/es\/actualizacion-de-la-jurisprudencia-sobre-acciones-civiles-relativas-a-actos-de-terrorismo\/\" \/>\n<meta property=\"og:site_name\" content=\"Soci\u00e9t\u00e9 d&#039;avocats Damy\" \/>\n<meta property=\"article:publisher\" content=\"https:\/\/www.facebook.com\/niceavocats.fr\/\" \/>\n<meta property=\"article:published_time\" content=\"2023-09-29T16:00:24+00:00\" \/>\n<meta property=\"article:modified_time\" content=\"2023-09-29T16:27:15+00:00\" \/>\n<meta name=\"author\" content=\"admin\" \/>\n<meta name=\"twitter:card\" content=\"summary_large_image\" \/>\n<meta name=\"twitter:label1\" content=\"Escrito por\" \/>\n\t<meta name=\"twitter:data1\" content=\"admin\" \/>\n\t<meta name=\"twitter:label2\" content=\"Tiempo de lectura\" \/>\n\t<meta name=\"twitter:data2\" content=\"2 minutos\" \/>\n<script type=\"application\/ld+json\" class=\"yoast-schema-graph\">{\"@context\":\"https:\/\/schema.org\",\"@graph\":[{\"@type\":\"Article\",\"@id\":\"https:\/\/gregorydamy.niceavocats.fr\/es\/actualizacion-de-la-jurisprudencia-sobre-acciones-civiles-relativas-a-actos-de-terrorismo\/#article\",\"isPartOf\":{\"@id\":\"https:\/\/gregorydamy.niceavocats.fr\/es\/actualizacion-de-la-jurisprudencia-sobre-acciones-civiles-relativas-a-actos-de-terrorismo\/\"},\"author\":{\"name\":\"admin\",\"@id\":\"https:\/\/gregorydamy.niceavocats.fr\/es\/#\/schema\/person\/64c9f9acb07431f6b55f72278b4a5d57\"},\"headline\":\"Actualizaci\u00f3n de la jurisprudencia sobre acciones civiles relativas a actos de terrorismo\",\"datePublished\":\"2023-09-29T16:00:24+00:00\",\"dateModified\":\"2023-09-29T16:27:15+00:00\",\"mainEntityOfPage\":{\"@id\":\"https:\/\/gregorydamy.niceavocats.fr\/es\/actualizacion-de-la-jurisprudencia-sobre-acciones-civiles-relativas-a-actos-de-terrorismo\/\"},\"wordCount\":369,\"publisher\":{\"@id\":\"https:\/\/gregorydamy.niceavocats.fr\/es\/#organization\"},\"inLanguage\":\"es\"},{\"@type\":\"WebPage\",\"@id\":\"https:\/\/gregorydamy.niceavocats.fr\/es\/actualizacion-de-la-jurisprudencia-sobre-acciones-civiles-relativas-a-actos-de-terrorismo\/\",\"url\":\"https:\/\/gregorydamy.niceavocats.fr\/es\/actualizacion-de-la-jurisprudencia-sobre-acciones-civiles-relativas-a-actos-de-terrorismo\/\",\"name\":\"- Soci\u00e9t\u00e9 d&#039;avocats Damy Acciones civiles relativas a actos de terrorismo\",\"isPartOf\":{\"@id\":\"https:\/\/gregorydamy.niceavocats.fr\/es\/#website\"},\"datePublished\":\"2023-09-29T16:00:24+00:00\",\"dateModified\":\"2023-09-29T16:27:15+00:00\",\"description\":\"En cuatro sentencias, la Sala de lo Penal ha aclarado su jurisprudencia sobre las acciones civiles relativas al terrorismo.\",\"breadcrumb\":{\"@id\":\"https:\/\/gregorydamy.niceavocats.fr\/es\/actualizacion-de-la-jurisprudencia-sobre-acciones-civiles-relativas-a-actos-de-terrorismo\/#breadcrumb\"},\"inLanguage\":\"es\",\"potentialAction\":[{\"@type\":\"ReadAction\",\"target\":[\"https:\/\/gregorydamy.niceavocats.fr\/es\/actualizacion-de-la-jurisprudencia-sobre-acciones-civiles-relativas-a-actos-de-terrorismo\/\"]}]},{\"@type\":\"BreadcrumbList\",\"@id\":\"https:\/\/gregorydamy.niceavocats.fr\/es\/actualizacion-de-la-jurisprudencia-sobre-acciones-civiles-relativas-a-actos-de-terrorismo\/#breadcrumb\",\"itemListElement\":[{\"@type\":\"ListItem\",\"position\":1,\"name\":\"Accueil\",\"item\":\"https:\/\/gregorydamy.niceavocats.fr\/es\/\"},{\"@type\":\"ListItem\",\"position\":2,\"name\":\"Actualizaci\u00f3n de la jurisprudencia sobre acciones civiles relativas a actos de terrorismo\"}]},{\"@type\":\"WebSite\",\"@id\":\"https:\/\/gregorydamy.niceavocats.fr\/es\/#website\",\"url\":\"https:\/\/gregorydamy.niceavocats.fr\/es\/\",\"name\":\"Soci\u00e9t\u00e9 d&#039;avocats Damy\",\"description\":\"Justice - Confiance - Efficacit\u00e9\",\"publisher\":{\"@id\":\"https:\/\/gregorydamy.niceavocats.fr\/es\/#organization\"},\"potentialAction\":[{\"@type\":\"SearchAction\",\"target\":{\"@type\":\"EntryPoint\",\"urlTemplate\":\"https:\/\/gregorydamy.niceavocats.fr\/es\/?s={search_term_string}\"},\"query-input\":{\"@type\":\"PropertyValueSpecification\",\"valueRequired\":true,\"valueName\":\"search_term_string\"}}],\"inLanguage\":\"es\"},{\"@type\":\"Organization\",\"@id\":\"https:\/\/gregorydamy.niceavocats.fr\/es\/#organization\",\"name\":\"Soci\u00e9t\u00e9 d'Avocats DAMY\",\"alternateName\":\"Gr\u00e9gory DAMY\",\"url\":\"https:\/\/gregorydamy.niceavocats.fr\/es\/\",\"logo\":{\"@type\":\"ImageObject\",\"inLanguage\":\"es\",\"@id\":\"https:\/\/gregorydamy.niceavocats.fr\/es\/#\/schema\/logo\/image\/\",\"url\":\"https:\/\/gregorydamy.niceavocats.fr\/wp-content\/uploads\/2023\/04\/damylogo-1.png\",\"contentUrl\":\"https:\/\/gregorydamy.niceavocats.fr\/wp-content\/uploads\/2023\/04\/damylogo-1.png\",\"width\":1890,\"height\":1417,\"caption\":\"Soci\u00e9t\u00e9 d'Avocats DAMY\"},\"image\":{\"@id\":\"https:\/\/gregorydamy.niceavocats.fr\/es\/#\/schema\/logo\/image\/\"},\"sameAs\":[\"https:\/\/www.facebook.com\/niceavocats.fr\/\"]},{\"@type\":\"Person\",\"@id\":\"https:\/\/gregorydamy.niceavocats.fr\/es\/#\/schema\/person\/64c9f9acb07431f6b55f72278b4a5d57\",\"name\":\"admin\",\"sameAs\":[\"https:\/\/gregorydamy.niceavocats.fr\"],\"url\":\"https:\/\/gregorydamy.niceavocats.fr\/es\/author\/admin_34\/\"}]}<\/script>\n<!-- \/ Yoast SEO plugin. -->","yoast_head_json":{"title":"- Soci\u00e9t\u00e9 d&#039;avocats Damy Acciones civiles relativas a actos de terrorismo","description":"En cuatro sentencias, la Sala de lo Penal ha aclarado su jurisprudencia sobre las acciones civiles relativas al terrorismo.","robots":{"index":"index","follow":"follow","max-snippet":"max-snippet:-1","max-image-preview":"max-image-preview:large","max-video-preview":"max-video-preview:-1"},"canonical":"https:\/\/gregorydamy.niceavocats.fr\/es\/actualizacion-de-la-jurisprudencia-sobre-acciones-civiles-relativas-a-actos-de-terrorismo\/","og_locale":"es_ES","og_type":"article","og_title":"- Soci\u00e9t\u00e9 d&#039;avocats Damy Acciones civiles relativas a actos de terrorismo","og_description":"En cuatro sentencias, la Sala de lo Penal ha aclarado su jurisprudencia sobre las acciones civiles relativas al terrorismo.","og_url":"https:\/\/gregorydamy.niceavocats.fr\/es\/actualizacion-de-la-jurisprudencia-sobre-acciones-civiles-relativas-a-actos-de-terrorismo\/","og_site_name":"Soci\u00e9t\u00e9 d&#039;avocats Damy","article_publisher":"https:\/\/www.facebook.com\/niceavocats.fr\/","article_published_time":"2023-09-29T16:00:24+00:00","article_modified_time":"2023-09-29T16:27:15+00:00","author":"admin","twitter_card":"summary_large_image","twitter_misc":{"Escrito por":"admin","Tiempo de lectura":"2 minutos"},"schema":{"@context":"https:\/\/schema.org","@graph":[{"@type":"Article","@id":"https:\/\/gregorydamy.niceavocats.fr\/es\/actualizacion-de-la-jurisprudencia-sobre-acciones-civiles-relativas-a-actos-de-terrorismo\/#article","isPartOf":{"@id":"https:\/\/gregorydamy.niceavocats.fr\/es\/actualizacion-de-la-jurisprudencia-sobre-acciones-civiles-relativas-a-actos-de-terrorismo\/"},"author":{"name":"admin","@id":"https:\/\/gregorydamy.niceavocats.fr\/es\/#\/schema\/person\/64c9f9acb07431f6b55f72278b4a5d57"},"headline":"Actualizaci\u00f3n de la jurisprudencia sobre acciones civiles relativas a actos de terrorismo","datePublished":"2023-09-29T16:00:24+00:00","dateModified":"2023-09-29T16:27:15+00:00","mainEntityOfPage":{"@id":"https:\/\/gregorydamy.niceavocats.fr\/es\/actualizacion-de-la-jurisprudencia-sobre-acciones-civiles-relativas-a-actos-de-terrorismo\/"},"wordCount":369,"publisher":{"@id":"https:\/\/gregorydamy.niceavocats.fr\/es\/#organization"},"inLanguage":"es"},{"@type":"WebPage","@id":"https:\/\/gregorydamy.niceavocats.fr\/es\/actualizacion-de-la-jurisprudencia-sobre-acciones-civiles-relativas-a-actos-de-terrorismo\/","url":"https:\/\/gregorydamy.niceavocats.fr\/es\/actualizacion-de-la-jurisprudencia-sobre-acciones-civiles-relativas-a-actos-de-terrorismo\/","name":"- Soci\u00e9t\u00e9 d&#039;avocats Damy Acciones civiles relativas a actos de terrorismo","isPartOf":{"@id":"https:\/\/gregorydamy.niceavocats.fr\/es\/#website"},"datePublished":"2023-09-29T16:00:24+00:00","dateModified":"2023-09-29T16:27:15+00:00","description":"En cuatro sentencias, la Sala de lo Penal ha aclarado su jurisprudencia sobre las acciones civiles relativas al terrorismo.","breadcrumb":{"@id":"https:\/\/gregorydamy.niceavocats.fr\/es\/actualizacion-de-la-jurisprudencia-sobre-acciones-civiles-relativas-a-actos-de-terrorismo\/#breadcrumb"},"inLanguage":"es","potentialAction":[{"@type":"ReadAction","target":["https:\/\/gregorydamy.niceavocats.fr\/es\/actualizacion-de-la-jurisprudencia-sobre-acciones-civiles-relativas-a-actos-de-terrorismo\/"]}]},{"@type":"BreadcrumbList","@id":"https:\/\/gregorydamy.niceavocats.fr\/es\/actualizacion-de-la-jurisprudencia-sobre-acciones-civiles-relativas-a-actos-de-terrorismo\/#breadcrumb","itemListElement":[{"@type":"ListItem","position":1,"name":"Accueil","item":"https:\/\/gregorydamy.niceavocats.fr\/es\/"},{"@type":"ListItem","position":2,"name":"Actualizaci\u00f3n de la jurisprudencia sobre acciones civiles relativas a actos de terrorismo"}]},{"@type":"WebSite","@id":"https:\/\/gregorydamy.niceavocats.fr\/es\/#website","url":"https:\/\/gregorydamy.niceavocats.fr\/es\/","name":"Soci\u00e9t\u00e9 d&#039;avocats Damy","description":"Justice - Confiance - Efficacit\u00e9","publisher":{"@id":"https:\/\/gregorydamy.niceavocats.fr\/es\/#organization"},"potentialAction":[{"@type":"SearchAction","target":{"@type":"EntryPoint","urlTemplate":"https:\/\/gregorydamy.niceavocats.fr\/es\/?s={search_term_string}"},"query-input":{"@type":"PropertyValueSpecification","valueRequired":true,"valueName":"search_term_string"}}],"inLanguage":"es"},{"@type":"Organization","@id":"https:\/\/gregorydamy.niceavocats.fr\/es\/#organization","name":"Soci\u00e9t\u00e9 d'Avocats DAMY","alternateName":"Gr\u00e9gory DAMY","url":"https:\/\/gregorydamy.niceavocats.fr\/es\/","logo":{"@type":"ImageObject","inLanguage":"es","@id":"https:\/\/gregorydamy.niceavocats.fr\/es\/#\/schema\/logo\/image\/","url":"https:\/\/gregorydamy.niceavocats.fr\/wp-content\/uploads\/2023\/04\/damylogo-1.png","contentUrl":"https:\/\/gregorydamy.niceavocats.fr\/wp-content\/uploads\/2023\/04\/damylogo-1.png","width":1890,"height":1417,"caption":"Soci\u00e9t\u00e9 d'Avocats DAMY"},"image":{"@id":"https:\/\/gregorydamy.niceavocats.fr\/es\/#\/schema\/logo\/image\/"},"sameAs":["https:\/\/www.facebook.com\/niceavocats.fr\/"]},{"@type":"Person","@id":"https:\/\/gregorydamy.niceavocats.fr\/es\/#\/schema\/person\/64c9f9acb07431f6b55f72278b4a5d57","name":"admin","sameAs":["https:\/\/gregorydamy.niceavocats.fr"],"url":"https:\/\/gregorydamy.niceavocats.fr\/es\/author\/admin_34\/"}]}},"_links":{"self":[{"href":"https:\/\/gregorydamy.niceavocats.fr\/es\/wp-json\/wp\/v2\/posts\/37633","targetHints":{"allow":["GET"]}}],"collection":[{"href":"https:\/\/gregorydamy.niceavocats.fr\/es\/wp-json\/wp\/v2\/posts"}],"about":[{"href":"https:\/\/gregorydamy.niceavocats.fr\/es\/wp-json\/wp\/v2\/types\/post"}],"author":[{"embeddable":true,"href":"https:\/\/gregorydamy.niceavocats.fr\/es\/wp-json\/wp\/v2\/users\/1"}],"replies":[{"embeddable":true,"href":"https:\/\/gregorydamy.niceavocats.fr\/es\/wp-json\/wp\/v2\/comments?post=37633"}],"version-history":[{"count":0,"href":"https:\/\/gregorydamy.niceavocats.fr\/es\/wp-json\/wp\/v2\/posts\/37633\/revisions"}],"wp:attachment":[{"href":"https:\/\/gregorydamy.niceavocats.fr\/es\/wp-json\/wp\/v2\/media?parent=37633"}],"wp:term":[{"taxonomy":"category","embeddable":true,"href":"https:\/\/gregorydamy.niceavocats.fr\/es\/wp-json\/wp\/v2\/categories?post=37633"},{"taxonomy":"post_tag","embeddable":true,"href":"https:\/\/gregorydamy.niceavocats.fr\/es\/wp-json\/wp\/v2\/tags?post=37633"}],"curies":[{"name":"wp","href":"https:\/\/api.w.org\/{rel}","templated":true}]}}