{"id":3728,"date":"2012-08-10T08:13:09","date_gmt":"2012-08-10T08:13:09","guid":{"rendered":"https:\/\/gregorydamy.niceavocats.fr\/?p=3728"},"modified":"2023-08-01T11:06:01","modified_gmt":"2023-08-01T11:06:01","slug":"cuidado-con-el-estatus-de-administrador-falso","status":"publish","type":"post","link":"https:\/\/gregorydamy.niceavocats.fr\/es\/cuidado-con-el-estatus-de-administrador-falso\/","title":{"rendered":"\u00a1Cuidado con el estatus de administrador falso!"},"content":{"rendered":"<p>[et_pb_section fb_built=&#8221;1&#8243; admin_label=&#8221;section&#8221; _builder_version=&#8221;4.19.5&#8243; custom_margin=&#8221;||0px||false|false&#8221; custom_padding=&#8221;||0px||false|false&#8221; locked=&#8221;off&#8221; global_colors_info=&#8221;{}&#8221;][et_pb_row column_structure=&#8221;1_3,1_3,1_3&#8243; _builder_version=&#8221;4.19.5&#8243; _module_preset=&#8221;default&#8221; background_enable_mask_style=&#8221;on&#8221; background_mask_style=&#8221;wave&#8221; background_mask_color=&#8221;rgba(0,0,0,0.08)&#8221; custom_padding=&#8221;||6px|||&#8221; locked=&#8221;off&#8221; global_colors_info=&#8221;{}&#8221;][et_pb_column type=&#8221;1_3&#8243; _builder_version=&#8221;4.19.5&#8243; _module_preset=&#8221;default&#8221; global_colors_info=&#8221;{}&#8221;][\/et_pb_column][et_pb_column type=&#8221;1_3&#8243; _builder_version=&#8221;4.19.5&#8243; _module_preset=&#8221;default&#8221; global_colors_info=&#8221;{}&#8221;][\/et_pb_column][et_pb_column type=&#8221;1_3&#8243; _builder_version=&#8221;4.19.5&#8243; _module_preset=&#8221;default&#8221; global_colors_info=&#8221;{}&#8221;][et_pb_circle_counter title=&#8221;Tiempo estimado de lectura (en minutos)&#8221; number=&#8221;2&#8243; percent_sign=&#8221;off&#8221; _builder_version=&#8221;4.19.5&#8243; _module_preset=&#8221;default&#8221; title_font=&#8221;Amiri||||||||&#8221; max_width=&#8221;137px&#8221; global_colors_info=&#8221;{}&#8221;][\/et_pb_circle_counter][\/et_pb_column][\/et_pb_row][et_pb_row _builder_version=&#8221;4.19.5&#8243; _module_preset=&#8221;default&#8221; custom_margin=&#8221;||0px||false|false&#8221; custom_padding=&#8221;||0px||false|false&#8221; global_colors_info=&#8221;{}&#8221;][et_pb_column type=&#8221;4_4&#8243; _builder_version=&#8221;4.19.5&#8243; _module_preset=&#8221;default&#8221; global_colors_info=&#8221;{}&#8221;][et_pb_divider _builder_version=&#8221;4.19.5&#8243; _module_preset=&#8221;default&#8221; global_colors_info=&#8221;{}&#8221;][\/et_pb_divider][\/et_pb_column][\/et_pb_row][et_pb_row admin_label=&#8221;row&#8221; _builder_version=&#8221;4.16&#8243; background_size=&#8221;initial&#8221; background_position=&#8221;top_left&#8221; background_repeat=&#8221;repeat&#8221; global_colors_info=&#8221;{}&#8221;][et_pb_column type=&#8221;4_4&#8243; _builder_version=&#8221;4.16&#8243; custom_padding=&#8221;|||&#8221; global_colors_info=&#8221;{}&#8221; custom_padding__hover=&#8221;|||&#8221;][et_pb_image _builder_version=&#8221;4.21.0&#8243; _module_preset=&#8221;default&#8221; title_text=&#8221;telephone-586266_1280-2&#8243; src=&#8221;https:\/\/gregorydamy.niceavocats.fr\/wp-content\/uploads\/2023\/07\/telephone-586266_1280-2.jpg&#8221; hover_enabled=&#8221;0&#8243; sticky_enabled=&#8221;0&#8243;][\/et_pb_image][et_pb_text admin_label=&#8221;Text&#8221; _builder_version=&#8221;4.21.0&#8243; text_font=&#8221;Amiri||||||||&#8221; header_2_font=&#8221;Amiri||||||||&#8221; header_3_font=&#8221;Amiri||||||||&#8221; background_size=&#8221;initial&#8221; background_position=&#8221;top_left&#8221; background_repeat=&#8221;repeat&#8221; hover_enabled=&#8221;0&#8243; global_colors_info=&#8221;{}&#8221; sticky_enabled=&#8221;0&#8243;]<\/p>\n<div class=\"entry-content\">\n<div class=\"et_pb_row et_pb_row_3\">\n<div class=\"et_pb_column et_pb_column_4_4 et_pb_column_5  et_pb_css_mix_blend_mode_passthrough et-last-child\">\n<div class=\"et_pb_module et_pb_text et_pb_text_0  et_pb_text_align_left et_pb_bg_layout_light\">\n<div class=\"et_pb_text_inner\">\n<p><span>Su contenido va aqu\u00ed.\u00a0Edite o elimine este texto en l\u00ednea o en la configuraci\u00f3n de contenido del m\u00f3dulo.\u00a0Tambi\u00e9n puede dise\u00f1ar cada aspecto de este contenido en la configuraci\u00f3n de dise\u00f1o del m\u00f3dulo e incluso aplicar CSS personalizado a este texto en la configuraci\u00f3n avanzada del m\u00f3dulo.<\/span><\/p>\n<\/div>\n<\/div>\n<\/div>\n<\/div>\n<div class=\"et_pb_row et_pb_row_4\">\n<div class=\"et_pb_column et_pb_column_4_4 et_pb_column_6  et_pb_css_mix_blend_mode_passthrough et-last-child\">\n<div class=\"et_pb_module et_pb_text et_pb_text_1  et_pb_text_align_left et_pb_bg_layout_light\">\n<div class=\"et_pb_text_inner\">\n<div class=\"entry-content\">\n<h3><span>Recientemente, se han llevado ante el tribunal laboral varios casos de gerentes falsos.\u00a0Estos gerentes ten\u00edan, de hecho, la condici\u00f3n de empleados.\u00a0\u00bfCu\u00e1les son las caracter\u00edsticas espec\u00edficas del puesto de gerente?\u00a0\u00bfC\u00f3mo marcar la diferencia con el estatus de empleado?<\/span><\/h3>\n<p>&nbsp;<\/p>\n<h2><span>\u00bfQu\u00e9 implica el puesto de gerente?<\/span><\/h2>\n<p><span>El\u00a0<\/span><a href=\"https:\/\/www.urssaf.fr\/portail\/home\/employeur\/creer\/choisir-une-forme-juridique\/le-statut-du-dirigeant\/les-dirigeants-assimiles-salarie.html\"><span>gerente<\/span><\/a><span>\u00a0es el encargado de un punto de venta, es decir una sucursal con clientela propia, como por ejemplo un minimarket.\u00a0En el c\u00f3digo del trabajo se prev\u00e9n dos estatus: el estatus de gerente asalariado y el estatus de gerente no asalariado de sucursales en el sector de la alimentaci\u00f3n.\u00a0En estos dos casos, no gozan de la plena protecci\u00f3n de la legislaci\u00f3n laboral.<\/span><br \/><span>Las gestoras suelen operar en el marco de una dependencia econ\u00f3mica frente a los grandes grupos de distribuci\u00f3n.\u00a0La diferencia esencial con un empleado ordinario es que puede ser responsable de un d\u00e9ficit de inventario, o incluso de un d\u00e9ficit de gesti\u00f3n, seg\u00fan su estatus.\u00a0Como esta situaci\u00f3n puede resultar ventajosa para las empresas, algunas de ellas crean estatus de &#8220;falso gestor&#8221; para poder combinar las ventajas de la responsabilidad econ\u00f3mica del gestor y, al mismo tiempo, un control de la actividad, propio de la<\/span><\/p>\n<h2><span>salario\u00a0\u00bfQu\u00e9 implica la responsabilidad del gerente?<\/span><\/h2>\n<p><span>La responsabilidad por el d\u00e9ficit de gesti\u00f3n y el d\u00e9ficit de inventario es financiera e impacta en la remuneraci\u00f3n del gerente.\u00a0La empresa puede eventualmente solicitar el reembolso de este d\u00e9ficit de gesti\u00f3n o inventario.<\/span><br \/><span>La diferencia entre la condici\u00f3n de gerente asalariado y no asalariado es importante ya que la responsabilidad financiera del gerente asalariado es limitada, y esta responsabilidad no puede afectar su remuneraci\u00f3n por debajo del salario m\u00ednimo, a diferencia del gerente no asalariado que no se beneficiar\u00e1 de este l\u00edmite. .\u00a0El gerente no asalariado tambi\u00e9n debe ser remunerado \u00fanicamente en forma de descuentos proporcionales al monto de las ventas.\u00a0Adem\u00e1s, los gerentes asalariados est\u00e1n sujetos a m\u00e1s controles sobre las condiciones de trabajo que los gerentes no asalariados.<\/span><\/p>\n<h2><span>\u00bfSe puede recalificar como empleado?<\/span><\/h2>\n<p><span>El tribunal de trabajo ha sido demandado en varias ocasiones por solicitudes de recalificaci\u00f3n del contrato de gesti\u00f3n como contrato de trabajo ordinario cuando determinados directivos se dieron cuenta de que estaban combinando las desventajas de la responsabilidad econ\u00f3mica del director y las condiciones de trabajo que eran las de un trabajador por cuenta ajena.<\/span><br \/><span>Para que su contrato de gesti\u00f3n sea reclasificado como contrato de trabajo, el administrador deber\u00e1 acreditar la existencia de una relaci\u00f3n de subordinaci\u00f3n frente a la empresa.\u00a0Este v\u00ednculo ser\u00e1 establecido por un conjunto de pistas que caracterizan el trabajo asalariado: as\u00ed es si recibe directivas de la empresa o si \u00e9sta realiza controles o impone restricciones de jornada.Es sobre la base de estas limitaciones impuestas por la empresa al gerente que los jueces del tribunal laboral se basan para aceptar o rechazar la recalificaci\u00f3n del contrato de gesti\u00f3n en un contrato de trabajo por cuenta ajena cl\u00e1sico.<\/span><\/p>\n<h2><span>\u00bfC\u00f3mo preparar correctamente su expediente?<\/span><\/h2>\n<p><span>Debes preparar bien tu expediente y reunir las pruebas necesarias.\u00a0Se recomienda conservar y recopilar los documentos de trabajo que permitan acreditar la realidad de la relaci\u00f3n de subordinaci\u00f3n.\u00a0<span class=\"VIpgJd-yAWNEb-VIpgJd-fmcmS-sn54Q\">Esto puede ser, por ejemplo, correos electr\u00f3nicos que prueben las pautas, cartas o memorandos.\u00a0<\/span>Tambi\u00e9n se recomiendan testimonios para probar, por ejemplo, las limitaciones de tiempo.\u00a0Deben redactarse integrando la informaci\u00f3n obligatoria prevista por el c\u00f3digo de procedimiento civil.\u00a0Tienen fuerza probatoria, especialmente si son precisas y detalladas.<\/span><\/p>\n<p><a href=\"https:\/\/gregorydamy.niceavocats.fr\/notre-equipe\/\"><span>Bufete de abogados DAMY<\/span><\/a><span>\u00a0, Niza, actualizaci\u00f3n 2022<\/span><\/p>\n<p><span>{jcomentarios sobre<\/span><\/p>\n<\/div>\n<\/div>\n<\/div>\n<\/div>\n<\/div>\n<\/div>\n<p>[\/et_pb_text][\/et_pb_column][\/et_pb_row][et_pb_row _builder_version=&#8221;4.19.5&#8243; _module_preset=&#8221;default&#8221; custom_margin=&#8221;||0px||false|false&#8221; custom_padding=&#8221;||0px||false|false&#8221; global_colors_info=&#8221;{}&#8221;][et_pb_column type=&#8221;4_4&#8243; _builder_version=&#8221;4.19.5&#8243; _module_preset=&#8221;default&#8221; global_colors_info=&#8221;{}&#8221;][et_pb_divider _builder_version=&#8221;4.19.5&#8243; _module_preset=&#8221;default&#8221; global_colors_info=&#8221;{}&#8221;][\/et_pb_divider][\/et_pb_column][\/et_pb_row][\/et_pb_section]<\/p>\n","protected":false},"excerpt":{"rendered":"<p>Su contenido va aqu\u00ed.\u00a0Edite o elimine este texto en l\u00ednea o en la configuraci\u00f3n de contenido del m\u00f3dulo.\u00a0Tambi\u00e9n puede dise\u00f1ar cada aspecto de este contenido en la configuraci\u00f3n de dise\u00f1o del m\u00f3dulo e incluso aplicar CSS personalizado a este texto en la configuraci\u00f3n avanzada del m\u00f3dulo. Recientemente, se han llevado ante el tribunal laboral varios [&hellip;]<\/p>\n","protected":false},"author":2,"featured_media":0,"comment_status":"open","ping_status":"open","sticky":false,"template":"","format":"standard","meta":{"_et_pb_use_builder":"on","_et_pb_old_content":"","_et_gb_content_width":"","footnotes":""},"categories":[296],"tags":[],"class_list":["post-3728","post","type-post","status-publish","format-standard","hentry","category-derecho-mercantil-y-de-sociedades"],"yoast_head":"<!-- This site is optimized with the Yoast SEO plugin v26.8 - https:\/\/yoast.com\/product\/yoast-seo-wordpress\/ -->\n<title>\u00a1Cuidado con el estatus de administrador falso! - Soci\u00e9t\u00e9 d&#039;avocats Damy<\/title>\n<meta name=\"description\" content=\"\u00a1Cuidado con el estatus de administrador falso! Su contenido va aqu\u00ed. Edite o elimine este texto en l\u00ednea o en la configuraci\u00f3n\" \/>\n<meta name=\"robots\" content=\"index, follow, max-snippet:-1, max-image-preview:large, max-video-preview:-1\" \/>\n<link rel=\"canonical\" href=\"https:\/\/gregorydamy.niceavocats.fr\/es\/cuidado-con-el-estatus-de-administrador-falso\/\" \/>\n<meta property=\"og:locale\" content=\"es_ES\" \/>\n<meta property=\"og:type\" content=\"article\" \/>\n<meta property=\"og:title\" content=\"\u00a1Cuidado con el estatus de administrador falso! - Soci\u00e9t\u00e9 d&#039;avocats Damy\" \/>\n<meta property=\"og:description\" content=\"\u00a1Cuidado con el estatus de administrador falso! Su contenido va aqu\u00ed. Edite o elimine este texto en l\u00ednea o en la configuraci\u00f3n\" \/>\n<meta property=\"og:url\" content=\"https:\/\/gregorydamy.niceavocats.fr\/es\/cuidado-con-el-estatus-de-administrador-falso\/\" \/>\n<meta property=\"og:site_name\" content=\"Soci\u00e9t\u00e9 d&#039;avocats Damy\" \/>\n<meta property=\"article:publisher\" content=\"https:\/\/www.facebook.com\/niceavocats.fr\/\" \/>\n<meta property=\"article:published_time\" content=\"2012-08-10T08:13:09+00:00\" \/>\n<meta property=\"article:modified_time\" content=\"2023-08-01T11:06:01+00:00\" \/>\n<meta name=\"author\" content=\"Kevin\" \/>\n<meta name=\"twitter:card\" content=\"summary_large_image\" \/>\n<meta name=\"twitter:label1\" content=\"Escrito por\" \/>\n\t<meta name=\"twitter:data1\" content=\"Kevin\" \/>\n\t<meta name=\"twitter:label2\" content=\"Tiempo de lectura\" \/>\n\t<meta name=\"twitter:data2\" content=\"4 minutos\" \/>\n<script type=\"application\/ld+json\" class=\"yoast-schema-graph\">{\"@context\":\"https:\/\/schema.org\",\"@graph\":[{\"@type\":\"Article\",\"@id\":\"https:\/\/gregorydamy.niceavocats.fr\/es\/cuidado-con-el-estatus-de-administrador-falso\/#article\",\"isPartOf\":{\"@id\":\"https:\/\/gregorydamy.niceavocats.fr\/es\/cuidado-con-el-estatus-de-administrador-falso\/\"},\"author\":{\"name\":\"Kevin\",\"@id\":\"https:\/\/gregorydamy.niceavocats.fr\/es\/#\/schema\/person\/e040acb2856efaa1e114d0e7a92a3870\"},\"headline\":\"\u00a1Cuidado con el estatus de administrador falso!\",\"datePublished\":\"2012-08-10T08:13:09+00:00\",\"dateModified\":\"2023-08-01T11:06:01+00:00\",\"mainEntityOfPage\":{\"@id\":\"https:\/\/gregorydamy.niceavocats.fr\/es\/cuidado-con-el-estatus-de-administrador-falso\/\"},\"wordCount\":1044,\"commentCount\":0,\"publisher\":{\"@id\":\"https:\/\/gregorydamy.niceavocats.fr\/es\/#organization\"},\"articleSection\":[\"Derecho mercantil y de sociedades\"],\"inLanguage\":\"es\",\"potentialAction\":[{\"@type\":\"CommentAction\",\"name\":\"Comment\",\"target\":[\"https:\/\/gregorydamy.niceavocats.fr\/es\/cuidado-con-el-estatus-de-administrador-falso\/#respond\"]}]},{\"@type\":\"WebPage\",\"@id\":\"https:\/\/gregorydamy.niceavocats.fr\/es\/cuidado-con-el-estatus-de-administrador-falso\/\",\"url\":\"https:\/\/gregorydamy.niceavocats.fr\/es\/cuidado-con-el-estatus-de-administrador-falso\/\",\"name\":\"\u00a1Cuidado con el estatus de administrador falso! - Soci\u00e9t\u00e9 d&#039;avocats Damy\",\"isPartOf\":{\"@id\":\"https:\/\/gregorydamy.niceavocats.fr\/es\/#website\"},\"datePublished\":\"2012-08-10T08:13:09+00:00\",\"dateModified\":\"2023-08-01T11:06:01+00:00\",\"description\":\"\u00a1Cuidado con el estatus de administrador falso! Su contenido va aqu\u00ed. Edite o elimine este texto en l\u00ednea o en la configuraci\u00f3n\",\"breadcrumb\":{\"@id\":\"https:\/\/gregorydamy.niceavocats.fr\/es\/cuidado-con-el-estatus-de-administrador-falso\/#breadcrumb\"},\"inLanguage\":\"es\",\"potentialAction\":[{\"@type\":\"ReadAction\",\"target\":[\"https:\/\/gregorydamy.niceavocats.fr\/es\/cuidado-con-el-estatus-de-administrador-falso\/\"]}]},{\"@type\":\"BreadcrumbList\",\"@id\":\"https:\/\/gregorydamy.niceavocats.fr\/es\/cuidado-con-el-estatus-de-administrador-falso\/#breadcrumb\",\"itemListElement\":[{\"@type\":\"ListItem\",\"position\":1,\"name\":\"Accueil\",\"item\":\"https:\/\/gregorydamy.niceavocats.fr\/es\/\"},{\"@type\":\"ListItem\",\"position\":2,\"name\":\"\u00a1Cuidado con el estatus de administrador falso!\"}]},{\"@type\":\"WebSite\",\"@id\":\"https:\/\/gregorydamy.niceavocats.fr\/es\/#website\",\"url\":\"https:\/\/gregorydamy.niceavocats.fr\/es\/\",\"name\":\"Soci\u00e9t\u00e9 d&#039;avocats Damy\",\"description\":\"Justice - Confiance - Efficacit\u00e9\",\"publisher\":{\"@id\":\"https:\/\/gregorydamy.niceavocats.fr\/es\/#organization\"},\"potentialAction\":[{\"@type\":\"SearchAction\",\"target\":{\"@type\":\"EntryPoint\",\"urlTemplate\":\"https:\/\/gregorydamy.niceavocats.fr\/es\/?s={search_term_string}\"},\"query-input\":{\"@type\":\"PropertyValueSpecification\",\"valueRequired\":true,\"valueName\":\"search_term_string\"}}],\"inLanguage\":\"es\"},{\"@type\":\"Organization\",\"@id\":\"https:\/\/gregorydamy.niceavocats.fr\/es\/#organization\",\"name\":\"Soci\u00e9t\u00e9 d'Avocats DAMY\",\"alternateName\":\"Gr\u00e9gory DAMY\",\"url\":\"https:\/\/gregorydamy.niceavocats.fr\/es\/\",\"logo\":{\"@type\":\"ImageObject\",\"inLanguage\":\"es\",\"@id\":\"https:\/\/gregorydamy.niceavocats.fr\/es\/#\/schema\/logo\/image\/\",\"url\":\"https:\/\/gregorydamy.niceavocats.fr\/wp-content\/uploads\/2023\/04\/damylogo-1.png\",\"contentUrl\":\"https:\/\/gregorydamy.niceavocats.fr\/wp-content\/uploads\/2023\/04\/damylogo-1.png\",\"width\":1890,\"height\":1417,\"caption\":\"Soci\u00e9t\u00e9 d'Avocats DAMY\"},\"image\":{\"@id\":\"https:\/\/gregorydamy.niceavocats.fr\/es\/#\/schema\/logo\/image\/\"},\"sameAs\":[\"https:\/\/www.facebook.com\/niceavocats.fr\/\"]},{\"@type\":\"Person\",\"@id\":\"https:\/\/gregorydamy.niceavocats.fr\/es\/#\/schema\/person\/e040acb2856efaa1e114d0e7a92a3870\",\"name\":\"Kevin\",\"url\":\"https:\/\/gregorydamy.niceavocats.fr\/es\/author\/kevin\/\"}]}<\/script>\n<!-- \/ Yoast SEO plugin. -->","yoast_head_json":{"title":"\u00a1Cuidado con el estatus de administrador falso! - Soci\u00e9t\u00e9 d&#039;avocats Damy","description":"\u00a1Cuidado con el estatus de administrador falso! Su contenido va aqu\u00ed. Edite o elimine este texto en l\u00ednea o en la configuraci\u00f3n","robots":{"index":"index","follow":"follow","max-snippet":"max-snippet:-1","max-image-preview":"max-image-preview:large","max-video-preview":"max-video-preview:-1"},"canonical":"https:\/\/gregorydamy.niceavocats.fr\/es\/cuidado-con-el-estatus-de-administrador-falso\/","og_locale":"es_ES","og_type":"article","og_title":"\u00a1Cuidado con el estatus de administrador falso! - Soci\u00e9t\u00e9 d&#039;avocats Damy","og_description":"\u00a1Cuidado con el estatus de administrador falso! Su contenido va aqu\u00ed. Edite o elimine este texto en l\u00ednea o en la configuraci\u00f3n","og_url":"https:\/\/gregorydamy.niceavocats.fr\/es\/cuidado-con-el-estatus-de-administrador-falso\/","og_site_name":"Soci\u00e9t\u00e9 d&#039;avocats Damy","article_publisher":"https:\/\/www.facebook.com\/niceavocats.fr\/","article_published_time":"2012-08-10T08:13:09+00:00","article_modified_time":"2023-08-01T11:06:01+00:00","author":"Kevin","twitter_card":"summary_large_image","twitter_misc":{"Escrito por":"Kevin","Tiempo de lectura":"4 minutos"},"schema":{"@context":"https:\/\/schema.org","@graph":[{"@type":"Article","@id":"https:\/\/gregorydamy.niceavocats.fr\/es\/cuidado-con-el-estatus-de-administrador-falso\/#article","isPartOf":{"@id":"https:\/\/gregorydamy.niceavocats.fr\/es\/cuidado-con-el-estatus-de-administrador-falso\/"},"author":{"name":"Kevin","@id":"https:\/\/gregorydamy.niceavocats.fr\/es\/#\/schema\/person\/e040acb2856efaa1e114d0e7a92a3870"},"headline":"\u00a1Cuidado con el estatus de administrador falso!","datePublished":"2012-08-10T08:13:09+00:00","dateModified":"2023-08-01T11:06:01+00:00","mainEntityOfPage":{"@id":"https:\/\/gregorydamy.niceavocats.fr\/es\/cuidado-con-el-estatus-de-administrador-falso\/"},"wordCount":1044,"commentCount":0,"publisher":{"@id":"https:\/\/gregorydamy.niceavocats.fr\/es\/#organization"},"articleSection":["Derecho mercantil y de sociedades"],"inLanguage":"es","potentialAction":[{"@type":"CommentAction","name":"Comment","target":["https:\/\/gregorydamy.niceavocats.fr\/es\/cuidado-con-el-estatus-de-administrador-falso\/#respond"]}]},{"@type":"WebPage","@id":"https:\/\/gregorydamy.niceavocats.fr\/es\/cuidado-con-el-estatus-de-administrador-falso\/","url":"https:\/\/gregorydamy.niceavocats.fr\/es\/cuidado-con-el-estatus-de-administrador-falso\/","name":"\u00a1Cuidado con el estatus de administrador falso! - Soci\u00e9t\u00e9 d&#039;avocats Damy","isPartOf":{"@id":"https:\/\/gregorydamy.niceavocats.fr\/es\/#website"},"datePublished":"2012-08-10T08:13:09+00:00","dateModified":"2023-08-01T11:06:01+00:00","description":"\u00a1Cuidado con el estatus de administrador falso! Su contenido va aqu\u00ed. Edite o elimine este texto en l\u00ednea o en la configuraci\u00f3n","breadcrumb":{"@id":"https:\/\/gregorydamy.niceavocats.fr\/es\/cuidado-con-el-estatus-de-administrador-falso\/#breadcrumb"},"inLanguage":"es","potentialAction":[{"@type":"ReadAction","target":["https:\/\/gregorydamy.niceavocats.fr\/es\/cuidado-con-el-estatus-de-administrador-falso\/"]}]},{"@type":"BreadcrumbList","@id":"https:\/\/gregorydamy.niceavocats.fr\/es\/cuidado-con-el-estatus-de-administrador-falso\/#breadcrumb","itemListElement":[{"@type":"ListItem","position":1,"name":"Accueil","item":"https:\/\/gregorydamy.niceavocats.fr\/es\/"},{"@type":"ListItem","position":2,"name":"\u00a1Cuidado con el estatus de administrador falso!"}]},{"@type":"WebSite","@id":"https:\/\/gregorydamy.niceavocats.fr\/es\/#website","url":"https:\/\/gregorydamy.niceavocats.fr\/es\/","name":"Soci\u00e9t\u00e9 d&#039;avocats Damy","description":"Justice - Confiance - Efficacit\u00e9","publisher":{"@id":"https:\/\/gregorydamy.niceavocats.fr\/es\/#organization"},"potentialAction":[{"@type":"SearchAction","target":{"@type":"EntryPoint","urlTemplate":"https:\/\/gregorydamy.niceavocats.fr\/es\/?s={search_term_string}"},"query-input":{"@type":"PropertyValueSpecification","valueRequired":true,"valueName":"search_term_string"}}],"inLanguage":"es"},{"@type":"Organization","@id":"https:\/\/gregorydamy.niceavocats.fr\/es\/#organization","name":"Soci\u00e9t\u00e9 d'Avocats DAMY","alternateName":"Gr\u00e9gory DAMY","url":"https:\/\/gregorydamy.niceavocats.fr\/es\/","logo":{"@type":"ImageObject","inLanguage":"es","@id":"https:\/\/gregorydamy.niceavocats.fr\/es\/#\/schema\/logo\/image\/","url":"https:\/\/gregorydamy.niceavocats.fr\/wp-content\/uploads\/2023\/04\/damylogo-1.png","contentUrl":"https:\/\/gregorydamy.niceavocats.fr\/wp-content\/uploads\/2023\/04\/damylogo-1.png","width":1890,"height":1417,"caption":"Soci\u00e9t\u00e9 d'Avocats DAMY"},"image":{"@id":"https:\/\/gregorydamy.niceavocats.fr\/es\/#\/schema\/logo\/image\/"},"sameAs":["https:\/\/www.facebook.com\/niceavocats.fr\/"]},{"@type":"Person","@id":"https:\/\/gregorydamy.niceavocats.fr\/es\/#\/schema\/person\/e040acb2856efaa1e114d0e7a92a3870","name":"Kevin","url":"https:\/\/gregorydamy.niceavocats.fr\/es\/author\/kevin\/"}]}},"_links":{"self":[{"href":"https:\/\/gregorydamy.niceavocats.fr\/es\/wp-json\/wp\/v2\/posts\/3728","targetHints":{"allow":["GET"]}}],"collection":[{"href":"https:\/\/gregorydamy.niceavocats.fr\/es\/wp-json\/wp\/v2\/posts"}],"about":[{"href":"https:\/\/gregorydamy.niceavocats.fr\/es\/wp-json\/wp\/v2\/types\/post"}],"author":[{"embeddable":true,"href":"https:\/\/gregorydamy.niceavocats.fr\/es\/wp-json\/wp\/v2\/users\/2"}],"replies":[{"embeddable":true,"href":"https:\/\/gregorydamy.niceavocats.fr\/es\/wp-json\/wp\/v2\/comments?post=3728"}],"version-history":[{"count":0,"href":"https:\/\/gregorydamy.niceavocats.fr\/es\/wp-json\/wp\/v2\/posts\/3728\/revisions"}],"wp:attachment":[{"href":"https:\/\/gregorydamy.niceavocats.fr\/es\/wp-json\/wp\/v2\/media?parent=3728"}],"wp:term":[{"taxonomy":"category","embeddable":true,"href":"https:\/\/gregorydamy.niceavocats.fr\/es\/wp-json\/wp\/v2\/categories?post=3728"},{"taxonomy":"post_tag","embeddable":true,"href":"https:\/\/gregorydamy.niceavocats.fr\/es\/wp-json\/wp\/v2\/tags?post=3728"}],"curies":[{"name":"wp","href":"https:\/\/api.w.org\/{rel}","templated":true}]}}