{"id":3434,"date":"2012-07-30T09:41:17","date_gmt":"2012-07-30T09:41:17","guid":{"rendered":"https:\/\/gregorydamy.niceavocats.fr\/?p=3434"},"modified":"2023-08-29T05:38:45","modified_gmt":"2023-08-29T05:38:45","slug":"inseguridad-de-los-docentes-un-tribunal-administrativo-condena-al-estado","status":"publish","type":"post","link":"https:\/\/gregorydamy.niceavocats.fr\/es\/inseguridad-de-los-docentes-un-tribunal-administrativo-condena-al-estado\/","title":{"rendered":"Inseguridad de los docentes: un tribunal administrativo condena al Estado"},"content":{"rendered":"<p>[et_pb_section fb_built=&#8221;1&#8243; admin_label=&#8221;section&#8221; _builder_version=&#8221;4.19.5&#8243; custom_margin=&#8221;||0px||false|false&#8221; custom_padding=&#8221;||0px||false|false&#8221; locked=&#8221;off&#8221; global_colors_info=&#8221;{}&#8221;][et_pb_row column_structure=&#8221;1_3,1_3,1_3&#8243; _builder_version=&#8221;4.19.5&#8243; _module_preset=&#8221;default&#8221; background_enable_mask_style=&#8221;on&#8221; background_mask_style=&#8221;wave&#8221; background_mask_color=&#8221;rgba(0,0,0,0.08)&#8221; custom_padding=&#8221;||6px|||&#8221; locked=&#8221;off&#8221; global_colors_info=&#8221;{}&#8221;][et_pb_column type=&#8221;1_3&#8243; _builder_version=&#8221;4.19.5&#8243; _module_preset=&#8221;default&#8221; global_colors_info=&#8221;{}&#8221;][\/et_pb_column][et_pb_column type=&#8221;1_3&#8243; _builder_version=&#8221;4.19.5&#8243; _module_preset=&#8221;default&#8221; global_colors_info=&#8221;{}&#8221;][\/et_pb_column][et_pb_column type=&#8221;1_3&#8243; _builder_version=&#8221;4.19.5&#8243; _module_preset=&#8221;default&#8221; global_colors_info=&#8221;{}&#8221;][et_pb_circle_counter title=&#8221;Tiempo estimado de lectura (en minutos)&#8221; number=&#8221;2&#8243; percent_sign=&#8221;off&#8221; _builder_version=&#8221;4.19.5&#8243; _module_preset=&#8221;default&#8221; title_font=&#8221;Amiri||||||||&#8221; max_width=&#8221;137px&#8221; global_colors_info=&#8221;{}&#8221;][\/et_pb_circle_counter][\/et_pb_column][\/et_pb_row][et_pb_row _builder_version=&#8221;4.19.5&#8243; _module_preset=&#8221;default&#8221; custom_margin=&#8221;||0px||false|false&#8221; custom_padding=&#8221;||0px||false|false&#8221; global_colors_info=&#8221;{}&#8221;][et_pb_column type=&#8221;4_4&#8243; _builder_version=&#8221;4.19.5&#8243; _module_preset=&#8221;default&#8221; global_colors_info=&#8221;{}&#8221;][et_pb_divider _builder_version=&#8221;4.19.5&#8243; _module_preset=&#8221;default&#8221; global_colors_info=&#8221;{}&#8221;][\/et_pb_divider][\/et_pb_column][\/et_pb_row][et_pb_row admin_label=&#8221;row&#8221; _builder_version=&#8221;4.16&#8243; background_size=&#8221;initial&#8221; background_position=&#8221;top_left&#8221; background_repeat=&#8221;repeat&#8221; global_colors_info=&#8221;{}&#8221;][et_pb_column type=&#8221;4_4&#8243; _builder_version=&#8221;4.16&#8243; custom_padding=&#8221;|||&#8221; global_colors_info=&#8221;{}&#8221; custom_padding__hover=&#8221;|||&#8221;][et_pb_image src=&#8221;https:\/\/gregorydamy.niceavocats.fr\/wp-content\/uploads\/2012\/07\/teacher-4784916_1280.jpg&#8221; title_text=&#8221;teacher-4784916_1280&#8243; _builder_version=&#8221;4.21.0&#8243; _module_preset=&#8221;default&#8221; hover_enabled=&#8221;0&#8243; global_colors_info=&#8221;{}&#8221; sticky_enabled=&#8221;0&#8243;][\/et_pb_image][et_pb_text admin_label=&#8221;Text&#8221; _builder_version=&#8221;4.21.0&#8243; text_font=&#8221;Amiri||||||||&#8221; header_2_font=&#8221;Amiri||||||||&#8221; header_3_font=&#8221;Amiri||||||||&#8221; background_size=&#8221;initial&#8221; background_position=&#8221;top_left&#8221; background_repeat=&#8221;repeat&#8221; hover_enabled=&#8221;0&#8243; global_colors_info=&#8221;{}&#8221; sticky_enabled=&#8221;0&#8243;]<\/p>\n<div class=\"entry-content\">\n<div class=\"et_pb_row et_pb_row_2\">\n<div class=\"et_pb_column et_pb_column_4_4 et_pb_column_4  et_pb_css_mix_blend_mode_passthrough et-last-child\">\n<div class=\"et_pb_module et_pb_text et_pb_text_0  et_pb_text_align_left et_pb_bg_layout_light\">\n<div class=\"et_pb_text_inner\">\n<div class=\"entry-content\">\n<h2><span>Un tribunal administrativo condena al Estado a indemnizar a los docentes por da\u00f1o moral<\/span><\/h2>\n<p><span class=\"\"><span>En una serie de sentencias del 13 de julio de 2012, el\u00a0\u00a0<\/span><\/span><span class=\"\"><span>Tribunal Administrativo\u00a0<\/span><\/span><span class=\"\"><span>\u00a0de Melun dict\u00f3 una importante sentencia, responsabilizando al Estado de indemnizar a varios docentes por el\u00a0<\/span><a href=\"https:\/\/www.service-public.fr\/particuliers\/vosdroits\/F1422\"><span>da\u00f1o moral<\/span><\/a><span>\u00a0causado por la inseguridad dentro de su escuela.\u00a0.\u00a0<\/span><\/span><span>El tribunal estim\u00f3 la demanda de indemnizaci\u00f3n por el da\u00f1o moral sufrido por los profesores y se\u00f1al\u00f3 la incapacidad de la administraci\u00f3n para implementar las medidas adecuadas para garantizar la protecci\u00f3n del personal docente.<\/span><\/p>\n<p><span>El tribunal acept\u00f3 que las preocupaciones del demandante estaban justificadas al afirmar que la administraci\u00f3n no hab\u00eda tomado medidas suficientes para garantizar la seguridad del personal docente, en particular en la escuela particular mencionada en el caso.\u00a0Consider\u00f3 esta falta de aplicaci\u00f3n de medidas de seguridad adecuadas como una violaci\u00f3n manifiesta de la responsabilidad del Estado hacia la Sra. L, una de las profesoras afectadas, y consider\u00f3 que ten\u00eda derecho a una\u00a0\u00a0<\/span><span>indemnizaci\u00f3n\u00a0<\/span><span>\u00a0.<\/span><\/p>\n<h2><span>Fallo destaca medidas inadecuadas y\u00a0<\/span><a href=\"https:\/\/gregorydamy.niceavocats.fr\/\"><span>compensaci\u00f3n<\/span><\/a><span>\u00a0por da\u00f1o moral<\/span><\/h2>\n<p><span>El tribunal reconoce expl\u00edcitamente la existencia de un perjuicio moral causado por la inseguridad reinante en el trabajo de la Sra. L.\u00a0Este reconocimiento fue importante porque subray\u00f3 el impacto nocivo del entorno peligroso en el bienestar y la salud mental de los docentes.\u00a0El fallo judicial aclar\u00f3 que la existencia de tales da\u00f1os no fue cuestionada por ninguna de las partes involucradas en el caso.<\/span><\/p>\n<p><span>En consecuencia, el tribunal declara responsable al Estado y condena a la se\u00f1ora L a pagar la suma de 500 euros en concepto de indemnizaci\u00f3n por el da\u00f1o moral sufrido.\u00a0<\/span><span class=\"\"><span>Esta sentencia ilustra el compromiso de la Corte con la protecci\u00f3n de los derechos y el bienestar de los educadores y refuerza la importancia de implementar medidas de seguridad adecuadas en las instituciones educativas.<\/span><\/span><\/p>\n<p><span>La sentencia destac\u00f3 la insuficiencia de las medidas adoptadas por la administraci\u00f3n para proteger a los profesores de la escuela mencionada, subrayando el incumplimiento por parte de la administraci\u00f3n de su deber.\u00a0Al enfatizar la necesidad de compensaci\u00f3n, el tribunal reconoci\u00f3 la importancia de remediar el da\u00f1o moral causado por la inseguridad laboral, sentando as\u00ed un precedente para casos futuros.<\/span><\/p>\n<p><span class=\"\"><span>En definitiva, la serie de sentencias dictadas por el Tribunal Administrativo de Melun el 13 de julio de 2012 tuvieron implicaciones considerables.\u00a0<\/span><\/span><span class=\"\"><span>Conden\u00f3 al Estado por su negligencia en la implementaci\u00f3n de las medidas de seguridad apropiadas, hizo lugar al reclamo de indemnizaci\u00f3n por el da\u00f1o moral sufrido por los docentes y subray\u00f3 la importancia de salvaguardar el bienestar de los educadores.\u00a0<\/span><\/span><span>Esta decisi\u00f3n reiter\u00f3 la responsabilidad del Estado de garantizar un ambiente seguro para maestros y estudiantes, fomentando una atm\u00f3sfera propicia para el aprendizaje y el crecimiento personal.<\/span><\/p>\n<\/div>\n<\/div>\n<\/div>\n<\/div>\n<\/div>\n<div class=\"et_pb_row et_pb_row_3\">\n<div class=\"et_pb_column et_pb_column_4_4 et_pb_column_5  et_pb_css_mix_blend_mode_passthrough et-last-child\">\u00a0<\/div>\n<\/div>\n<\/div>\n<p>[\/et_pb_text][\/et_pb_column][\/et_pb_row][et_pb_row _builder_version=&#8221;4.19.5&#8243; _module_preset=&#8221;default&#8221; custom_margin=&#8221;||0px||false|false&#8221; custom_padding=&#8221;||0px||false|false&#8221; global_colors_info=&#8221;{}&#8221;][et_pb_column type=&#8221;4_4&#8243; _builder_version=&#8221;4.19.5&#8243; _module_preset=&#8221;default&#8221; global_colors_info=&#8221;{}&#8221;][et_pb_divider _builder_version=&#8221;4.19.5&#8243; _module_preset=&#8221;default&#8221; global_colors_info=&#8221;{}&#8221;][\/et_pb_divider][\/et_pb_column][\/et_pb_row][\/et_pb_section]<\/p>\n","protected":false},"excerpt":{"rendered":"<p>Un tribunal administrativo condena al Estado a indemnizar a los docentes por da\u00f1o moral En una serie de sentencias del 13 de julio de 2012, el\u00a0\u00a0Tribunal Administrativo\u00a0\u00a0de Melun dict\u00f3 una importante sentencia, responsabilizando al Estado de indemnizar a varios docentes por el\u00a0da\u00f1o moral\u00a0causado por la inseguridad dentro de su escuela.\u00a0.\u00a0El tribunal estim\u00f3 la demanda de [&hellip;]<\/p>\n","protected":false},"author":2,"featured_media":35045,"comment_status":"open","ping_status":"open","sticky":false,"template":"","format":"standard","meta":{"_et_pb_use_builder":"on","_et_pb_old_content":"","_et_gb_content_width":"","footnotes":""},"categories":[323],"tags":[],"class_list":["post-3434","post","type-post","status-publish","format-standard","has-post-thumbnail","hentry","category-derecho-de-danos"],"yoast_head":"<!-- This site is optimized with the Yoast SEO plugin v26.8 - https:\/\/yoast.com\/product\/yoast-seo-wordpress\/ -->\n<title>Inseguridad de los docentes: un tribunal administrativo condena al Estado - Soci\u00e9t\u00e9 d&#039;avocats Damy<\/title>\n<meta name=\"description\" content=\"Inseguridad de los docentes: un tribunal administrativo condena al Estado En general, la serie de sentencias dictadas por el tribunal\" \/>\n<meta name=\"robots\" content=\"index, follow, max-snippet:-1, max-image-preview:large, max-video-preview:-1\" \/>\n<link rel=\"canonical\" href=\"https:\/\/gregorydamy.niceavocats.fr\/es\/inseguridad-de-los-docentes-un-tribunal-administrativo-condena-al-estado\/\" \/>\n<meta property=\"og:locale\" content=\"es_ES\" \/>\n<meta property=\"og:type\" content=\"article\" \/>\n<meta property=\"og:title\" content=\"Inseguridad de los docentes: un tribunal administrativo condena al Estado - Soci\u00e9t\u00e9 d&#039;avocats Damy\" \/>\n<meta property=\"og:description\" content=\"Inseguridad de los docentes: un tribunal administrativo condena al Estado En general, la serie de sentencias dictadas por el tribunal\" \/>\n<meta property=\"og:url\" content=\"https:\/\/gregorydamy.niceavocats.fr\/es\/inseguridad-de-los-docentes-un-tribunal-administrativo-condena-al-estado\/\" \/>\n<meta property=\"og:site_name\" content=\"Soci\u00e9t\u00e9 d&#039;avocats Damy\" \/>\n<meta property=\"article:publisher\" content=\"https:\/\/www.facebook.com\/niceavocats.fr\/\" \/>\n<meta property=\"article:published_time\" content=\"2012-07-30T09:41:17+00:00\" \/>\n<meta property=\"article:modified_time\" content=\"2023-08-29T05:38:45+00:00\" \/>\n<meta property=\"og:image\" content=\"https:\/\/gregorydamy.niceavocats.fr\/wp-content\/uploads\/2012\/07\/teacher-4784916_1280.jpg\" \/>\n\t<meta property=\"og:image:width\" content=\"1280\" \/>\n\t<meta property=\"og:image:height\" content=\"853\" \/>\n\t<meta property=\"og:image:type\" content=\"image\/jpeg\" \/>\n<meta name=\"author\" content=\"Kevin\" \/>\n<meta name=\"twitter:card\" content=\"summary_large_image\" \/>\n<meta name=\"twitter:label1\" content=\"Escrito por\" \/>\n\t<meta name=\"twitter:data1\" content=\"Kevin\" \/>\n\t<meta name=\"twitter:label2\" content=\"Tiempo de lectura\" \/>\n\t<meta name=\"twitter:data2\" content=\"3 minutos\" \/>\n<script type=\"application\/ld+json\" class=\"yoast-schema-graph\">{\"@context\":\"https:\/\/schema.org\",\"@graph\":[{\"@type\":\"Article\",\"@id\":\"https:\/\/gregorydamy.niceavocats.fr\/es\/inseguridad-de-los-docentes-un-tribunal-administrativo-condena-al-estado\/#article\",\"isPartOf\":{\"@id\":\"https:\/\/gregorydamy.niceavocats.fr\/es\/inseguridad-de-los-docentes-un-tribunal-administrativo-condena-al-estado\/\"},\"author\":{\"name\":\"Kevin\",\"@id\":\"https:\/\/gregorydamy.niceavocats.fr\/es\/#\/schema\/person\/e040acb2856efaa1e114d0e7a92a3870\"},\"headline\":\"Inseguridad de los docentes: un tribunal administrativo condena al Estado\",\"datePublished\":\"2012-07-30T09:41:17+00:00\",\"dateModified\":\"2023-08-29T05:38:45+00:00\",\"mainEntityOfPage\":{\"@id\":\"https:\/\/gregorydamy.niceavocats.fr\/es\/inseguridad-de-los-docentes-un-tribunal-administrativo-condena-al-estado\/\"},\"wordCount\":838,\"commentCount\":0,\"publisher\":{\"@id\":\"https:\/\/gregorydamy.niceavocats.fr\/es\/#organization\"},\"image\":{\"@id\":\"https:\/\/gregorydamy.niceavocats.fr\/es\/inseguridad-de-los-docentes-un-tribunal-administrativo-condena-al-estado\/#primaryimage\"},\"thumbnailUrl\":\"https:\/\/gregorydamy.niceavocats.fr\/wp-content\/uploads\/2012\/07\/teacher-4784916_1280.jpg\",\"articleSection\":[\"Derecho de da\u00f1os\"],\"inLanguage\":\"es\",\"potentialAction\":[{\"@type\":\"CommentAction\",\"name\":\"Comment\",\"target\":[\"https:\/\/gregorydamy.niceavocats.fr\/es\/inseguridad-de-los-docentes-un-tribunal-administrativo-condena-al-estado\/#respond\"]}]},{\"@type\":\"WebPage\",\"@id\":\"https:\/\/gregorydamy.niceavocats.fr\/es\/inseguridad-de-los-docentes-un-tribunal-administrativo-condena-al-estado\/\",\"url\":\"https:\/\/gregorydamy.niceavocats.fr\/es\/inseguridad-de-los-docentes-un-tribunal-administrativo-condena-al-estado\/\",\"name\":\"Inseguridad de los docentes: un tribunal administrativo condena al Estado - Soci\u00e9t\u00e9 d&#039;avocats Damy\",\"isPartOf\":{\"@id\":\"https:\/\/gregorydamy.niceavocats.fr\/es\/#website\"},\"primaryImageOfPage\":{\"@id\":\"https:\/\/gregorydamy.niceavocats.fr\/es\/inseguridad-de-los-docentes-un-tribunal-administrativo-condena-al-estado\/#primaryimage\"},\"image\":{\"@id\":\"https:\/\/gregorydamy.niceavocats.fr\/es\/inseguridad-de-los-docentes-un-tribunal-administrativo-condena-al-estado\/#primaryimage\"},\"thumbnailUrl\":\"https:\/\/gregorydamy.niceavocats.fr\/wp-content\/uploads\/2012\/07\/teacher-4784916_1280.jpg\",\"datePublished\":\"2012-07-30T09:41:17+00:00\",\"dateModified\":\"2023-08-29T05:38:45+00:00\",\"description\":\"Inseguridad de los docentes: un tribunal administrativo condena al Estado En general, la serie de sentencias dictadas por el tribunal\",\"breadcrumb\":{\"@id\":\"https:\/\/gregorydamy.niceavocats.fr\/es\/inseguridad-de-los-docentes-un-tribunal-administrativo-condena-al-estado\/#breadcrumb\"},\"inLanguage\":\"es\",\"potentialAction\":[{\"@type\":\"ReadAction\",\"target\":[\"https:\/\/gregorydamy.niceavocats.fr\/es\/inseguridad-de-los-docentes-un-tribunal-administrativo-condena-al-estado\/\"]}]},{\"@type\":\"ImageObject\",\"inLanguage\":\"es\",\"@id\":\"https:\/\/gregorydamy.niceavocats.fr\/es\/inseguridad-de-los-docentes-un-tribunal-administrativo-condena-al-estado\/#primaryimage\",\"url\":\"https:\/\/gregorydamy.niceavocats.fr\/wp-content\/uploads\/2012\/07\/teacher-4784916_1280.jpg\",\"contentUrl\":\"https:\/\/gregorydamy.niceavocats.fr\/wp-content\/uploads\/2012\/07\/teacher-4784916_1280.jpg\",\"width\":1280,\"height\":853},{\"@type\":\"BreadcrumbList\",\"@id\":\"https:\/\/gregorydamy.niceavocats.fr\/es\/inseguridad-de-los-docentes-un-tribunal-administrativo-condena-al-estado\/#breadcrumb\",\"itemListElement\":[{\"@type\":\"ListItem\",\"position\":1,\"name\":\"Accueil\",\"item\":\"https:\/\/gregorydamy.niceavocats.fr\/es\/\"},{\"@type\":\"ListItem\",\"position\":2,\"name\":\"Inseguridad de los docentes: un tribunal administrativo condena al Estado\"}]},{\"@type\":\"WebSite\",\"@id\":\"https:\/\/gregorydamy.niceavocats.fr\/es\/#website\",\"url\":\"https:\/\/gregorydamy.niceavocats.fr\/es\/\",\"name\":\"Soci\u00e9t\u00e9 d&#039;avocats Damy\",\"description\":\"Justice - Confiance - Efficacit\u00e9\",\"publisher\":{\"@id\":\"https:\/\/gregorydamy.niceavocats.fr\/es\/#organization\"},\"potentialAction\":[{\"@type\":\"SearchAction\",\"target\":{\"@type\":\"EntryPoint\",\"urlTemplate\":\"https:\/\/gregorydamy.niceavocats.fr\/es\/?s={search_term_string}\"},\"query-input\":{\"@type\":\"PropertyValueSpecification\",\"valueRequired\":true,\"valueName\":\"search_term_string\"}}],\"inLanguage\":\"es\"},{\"@type\":\"Organization\",\"@id\":\"https:\/\/gregorydamy.niceavocats.fr\/es\/#organization\",\"name\":\"Soci\u00e9t\u00e9 d'Avocats DAMY\",\"alternateName\":\"Gr\u00e9gory DAMY\",\"url\":\"https:\/\/gregorydamy.niceavocats.fr\/es\/\",\"logo\":{\"@type\":\"ImageObject\",\"inLanguage\":\"es\",\"@id\":\"https:\/\/gregorydamy.niceavocats.fr\/es\/#\/schema\/logo\/image\/\",\"url\":\"https:\/\/gregorydamy.niceavocats.fr\/wp-content\/uploads\/2023\/04\/damylogo-1.png\",\"contentUrl\":\"https:\/\/gregorydamy.niceavocats.fr\/wp-content\/uploads\/2023\/04\/damylogo-1.png\",\"width\":1890,\"height\":1417,\"caption\":\"Soci\u00e9t\u00e9 d'Avocats DAMY\"},\"image\":{\"@id\":\"https:\/\/gregorydamy.niceavocats.fr\/es\/#\/schema\/logo\/image\/\"},\"sameAs\":[\"https:\/\/www.facebook.com\/niceavocats.fr\/\"]},{\"@type\":\"Person\",\"@id\":\"https:\/\/gregorydamy.niceavocats.fr\/es\/#\/schema\/person\/e040acb2856efaa1e114d0e7a92a3870\",\"name\":\"Kevin\",\"url\":\"https:\/\/gregorydamy.niceavocats.fr\/es\/author\/kevin\/\"}]}<\/script>\n<!-- \/ Yoast SEO plugin. -->","yoast_head_json":{"title":"Inseguridad de los docentes: un tribunal administrativo condena al Estado - Soci\u00e9t\u00e9 d&#039;avocats Damy","description":"Inseguridad de los docentes: un tribunal administrativo condena al Estado En general, la serie de sentencias dictadas por el tribunal","robots":{"index":"index","follow":"follow","max-snippet":"max-snippet:-1","max-image-preview":"max-image-preview:large","max-video-preview":"max-video-preview:-1"},"canonical":"https:\/\/gregorydamy.niceavocats.fr\/es\/inseguridad-de-los-docentes-un-tribunal-administrativo-condena-al-estado\/","og_locale":"es_ES","og_type":"article","og_title":"Inseguridad de los docentes: un tribunal administrativo condena al Estado - Soci\u00e9t\u00e9 d&#039;avocats Damy","og_description":"Inseguridad de los docentes: un tribunal administrativo condena al Estado En general, la serie de sentencias dictadas por el tribunal","og_url":"https:\/\/gregorydamy.niceavocats.fr\/es\/inseguridad-de-los-docentes-un-tribunal-administrativo-condena-al-estado\/","og_site_name":"Soci\u00e9t\u00e9 d&#039;avocats Damy","article_publisher":"https:\/\/www.facebook.com\/niceavocats.fr\/","article_published_time":"2012-07-30T09:41:17+00:00","article_modified_time":"2023-08-29T05:38:45+00:00","og_image":[{"width":1280,"height":853,"url":"https:\/\/gregorydamy.niceavocats.fr\/wp-content\/uploads\/2012\/07\/teacher-4784916_1280.jpg","type":"image\/jpeg"}],"author":"Kevin","twitter_card":"summary_large_image","twitter_misc":{"Escrito por":"Kevin","Tiempo de lectura":"3 minutos"},"schema":{"@context":"https:\/\/schema.org","@graph":[{"@type":"Article","@id":"https:\/\/gregorydamy.niceavocats.fr\/es\/inseguridad-de-los-docentes-un-tribunal-administrativo-condena-al-estado\/#article","isPartOf":{"@id":"https:\/\/gregorydamy.niceavocats.fr\/es\/inseguridad-de-los-docentes-un-tribunal-administrativo-condena-al-estado\/"},"author":{"name":"Kevin","@id":"https:\/\/gregorydamy.niceavocats.fr\/es\/#\/schema\/person\/e040acb2856efaa1e114d0e7a92a3870"},"headline":"Inseguridad de los docentes: un tribunal administrativo condena al Estado","datePublished":"2012-07-30T09:41:17+00:00","dateModified":"2023-08-29T05:38:45+00:00","mainEntityOfPage":{"@id":"https:\/\/gregorydamy.niceavocats.fr\/es\/inseguridad-de-los-docentes-un-tribunal-administrativo-condena-al-estado\/"},"wordCount":838,"commentCount":0,"publisher":{"@id":"https:\/\/gregorydamy.niceavocats.fr\/es\/#organization"},"image":{"@id":"https:\/\/gregorydamy.niceavocats.fr\/es\/inseguridad-de-los-docentes-un-tribunal-administrativo-condena-al-estado\/#primaryimage"},"thumbnailUrl":"https:\/\/gregorydamy.niceavocats.fr\/wp-content\/uploads\/2012\/07\/teacher-4784916_1280.jpg","articleSection":["Derecho de da\u00f1os"],"inLanguage":"es","potentialAction":[{"@type":"CommentAction","name":"Comment","target":["https:\/\/gregorydamy.niceavocats.fr\/es\/inseguridad-de-los-docentes-un-tribunal-administrativo-condena-al-estado\/#respond"]}]},{"@type":"WebPage","@id":"https:\/\/gregorydamy.niceavocats.fr\/es\/inseguridad-de-los-docentes-un-tribunal-administrativo-condena-al-estado\/","url":"https:\/\/gregorydamy.niceavocats.fr\/es\/inseguridad-de-los-docentes-un-tribunal-administrativo-condena-al-estado\/","name":"Inseguridad de los docentes: un tribunal administrativo condena al Estado - Soci\u00e9t\u00e9 d&#039;avocats Damy","isPartOf":{"@id":"https:\/\/gregorydamy.niceavocats.fr\/es\/#website"},"primaryImageOfPage":{"@id":"https:\/\/gregorydamy.niceavocats.fr\/es\/inseguridad-de-los-docentes-un-tribunal-administrativo-condena-al-estado\/#primaryimage"},"image":{"@id":"https:\/\/gregorydamy.niceavocats.fr\/es\/inseguridad-de-los-docentes-un-tribunal-administrativo-condena-al-estado\/#primaryimage"},"thumbnailUrl":"https:\/\/gregorydamy.niceavocats.fr\/wp-content\/uploads\/2012\/07\/teacher-4784916_1280.jpg","datePublished":"2012-07-30T09:41:17+00:00","dateModified":"2023-08-29T05:38:45+00:00","description":"Inseguridad de los docentes: un tribunal administrativo condena al Estado En general, la serie de sentencias dictadas por el tribunal","breadcrumb":{"@id":"https:\/\/gregorydamy.niceavocats.fr\/es\/inseguridad-de-los-docentes-un-tribunal-administrativo-condena-al-estado\/#breadcrumb"},"inLanguage":"es","potentialAction":[{"@type":"ReadAction","target":["https:\/\/gregorydamy.niceavocats.fr\/es\/inseguridad-de-los-docentes-un-tribunal-administrativo-condena-al-estado\/"]}]},{"@type":"ImageObject","inLanguage":"es","@id":"https:\/\/gregorydamy.niceavocats.fr\/es\/inseguridad-de-los-docentes-un-tribunal-administrativo-condena-al-estado\/#primaryimage","url":"https:\/\/gregorydamy.niceavocats.fr\/wp-content\/uploads\/2012\/07\/teacher-4784916_1280.jpg","contentUrl":"https:\/\/gregorydamy.niceavocats.fr\/wp-content\/uploads\/2012\/07\/teacher-4784916_1280.jpg","width":1280,"height":853},{"@type":"BreadcrumbList","@id":"https:\/\/gregorydamy.niceavocats.fr\/es\/inseguridad-de-los-docentes-un-tribunal-administrativo-condena-al-estado\/#breadcrumb","itemListElement":[{"@type":"ListItem","position":1,"name":"Accueil","item":"https:\/\/gregorydamy.niceavocats.fr\/es\/"},{"@type":"ListItem","position":2,"name":"Inseguridad de los docentes: un tribunal administrativo condena al Estado"}]},{"@type":"WebSite","@id":"https:\/\/gregorydamy.niceavocats.fr\/es\/#website","url":"https:\/\/gregorydamy.niceavocats.fr\/es\/","name":"Soci\u00e9t\u00e9 d&#039;avocats Damy","description":"Justice - Confiance - Efficacit\u00e9","publisher":{"@id":"https:\/\/gregorydamy.niceavocats.fr\/es\/#organization"},"potentialAction":[{"@type":"SearchAction","target":{"@type":"EntryPoint","urlTemplate":"https:\/\/gregorydamy.niceavocats.fr\/es\/?s={search_term_string}"},"query-input":{"@type":"PropertyValueSpecification","valueRequired":true,"valueName":"search_term_string"}}],"inLanguage":"es"},{"@type":"Organization","@id":"https:\/\/gregorydamy.niceavocats.fr\/es\/#organization","name":"Soci\u00e9t\u00e9 d'Avocats DAMY","alternateName":"Gr\u00e9gory DAMY","url":"https:\/\/gregorydamy.niceavocats.fr\/es\/","logo":{"@type":"ImageObject","inLanguage":"es","@id":"https:\/\/gregorydamy.niceavocats.fr\/es\/#\/schema\/logo\/image\/","url":"https:\/\/gregorydamy.niceavocats.fr\/wp-content\/uploads\/2023\/04\/damylogo-1.png","contentUrl":"https:\/\/gregorydamy.niceavocats.fr\/wp-content\/uploads\/2023\/04\/damylogo-1.png","width":1890,"height":1417,"caption":"Soci\u00e9t\u00e9 d'Avocats DAMY"},"image":{"@id":"https:\/\/gregorydamy.niceavocats.fr\/es\/#\/schema\/logo\/image\/"},"sameAs":["https:\/\/www.facebook.com\/niceavocats.fr\/"]},{"@type":"Person","@id":"https:\/\/gregorydamy.niceavocats.fr\/es\/#\/schema\/person\/e040acb2856efaa1e114d0e7a92a3870","name":"Kevin","url":"https:\/\/gregorydamy.niceavocats.fr\/es\/author\/kevin\/"}]}},"_links":{"self":[{"href":"https:\/\/gregorydamy.niceavocats.fr\/es\/wp-json\/wp\/v2\/posts\/3434","targetHints":{"allow":["GET"]}}],"collection":[{"href":"https:\/\/gregorydamy.niceavocats.fr\/es\/wp-json\/wp\/v2\/posts"}],"about":[{"href":"https:\/\/gregorydamy.niceavocats.fr\/es\/wp-json\/wp\/v2\/types\/post"}],"author":[{"embeddable":true,"href":"https:\/\/gregorydamy.niceavocats.fr\/es\/wp-json\/wp\/v2\/users\/2"}],"replies":[{"embeddable":true,"href":"https:\/\/gregorydamy.niceavocats.fr\/es\/wp-json\/wp\/v2\/comments?post=3434"}],"version-history":[{"count":0,"href":"https:\/\/gregorydamy.niceavocats.fr\/es\/wp-json\/wp\/v2\/posts\/3434\/revisions"}],"wp:featuredmedia":[{"embeddable":true,"href":"https:\/\/gregorydamy.niceavocats.fr\/es\/wp-json\/wp\/v2\/media\/35045"}],"wp:attachment":[{"href":"https:\/\/gregorydamy.niceavocats.fr\/es\/wp-json\/wp\/v2\/media?parent=3434"}],"wp:term":[{"taxonomy":"category","embeddable":true,"href":"https:\/\/gregorydamy.niceavocats.fr\/es\/wp-json\/wp\/v2\/categories?post=3434"},{"taxonomy":"post_tag","embeddable":true,"href":"https:\/\/gregorydamy.niceavocats.fr\/es\/wp-json\/wp\/v2\/tags?post=3434"}],"curies":[{"name":"wp","href":"https:\/\/api.w.org\/{rel}","templated":true}]}}