{"id":3289,"date":"2012-08-08T07:17:13","date_gmt":"2012-08-08T07:17:13","guid":{"rendered":"https:\/\/gregorydamy.niceavocats.fr\/?p=3289"},"modified":"2023-08-30T11:39:29","modified_gmt":"2023-08-30T11:39:29","slug":"trabajadores-protegidos-limites-del-poder-disciplinario-del-empleador","status":"publish","type":"post","link":"https:\/\/gregorydamy.niceavocats.fr\/es\/trabajadores-protegidos-limites-del-poder-disciplinario-del-empleador\/","title":{"rendered":"Trabajadores protegidos: l\u00edmites del poder disciplinario del empleador"},"content":{"rendered":"<p>[et_pb_section fb_built=&#8221;1&#8243; admin_label=&#8221;section&#8221; _builder_version=&#8221;4.19.5&#8243; custom_margin=&#8221;||0px||false|false&#8221; custom_padding=&#8221;||0px||false|false&#8221; locked=&#8221;off&#8221; global_colors_info=&#8221;{}&#8221;][et_pb_row column_structure=&#8221;1_3,1_3,1_3&#8243; _builder_version=&#8221;4.19.5&#8243; _module_preset=&#8221;default&#8221; background_enable_mask_style=&#8221;on&#8221; background_mask_style=&#8221;wave&#8221; background_mask_color=&#8221;rgba(0,0,0,0.08)&#8221; custom_padding=&#8221;||6px|||&#8221; locked=&#8221;off&#8221; global_colors_info=&#8221;{}&#8221;][et_pb_column type=&#8221;1_3&#8243; _builder_version=&#8221;4.19.5&#8243; _module_preset=&#8221;default&#8221; global_colors_info=&#8221;{}&#8221;][\/et_pb_column][et_pb_column type=&#8221;1_3&#8243; _builder_version=&#8221;4.19.5&#8243; _module_preset=&#8221;default&#8221; global_colors_info=&#8221;{}&#8221;][\/et_pb_column][et_pb_column type=&#8221;1_3&#8243; _builder_version=&#8221;4.19.5&#8243; _module_preset=&#8221;default&#8221; global_colors_info=&#8221;{}&#8221;][et_pb_circle_counter title=&#8221;Tiempo estimado de lectura (en minutos)&#8221; number=&#8221;2&#8243; percent_sign=&#8221;off&#8221; _builder_version=&#8221;4.19.5&#8243; _module_preset=&#8221;default&#8221; title_font=&#8221;Amiri||||||||&#8221; max_width=&#8221;137px&#8221; global_colors_info=&#8221;{}&#8221;][\/et_pb_circle_counter][\/et_pb_column][\/et_pb_row][et_pb_row _builder_version=&#8221;4.19.5&#8243; _module_preset=&#8221;default&#8221; custom_margin=&#8221;||0px||false|false&#8221; custom_padding=&#8221;||0px||false|false&#8221; global_colors_info=&#8221;{}&#8221;][et_pb_column type=&#8221;4_4&#8243; _builder_version=&#8221;4.19.5&#8243; _module_preset=&#8221;default&#8221; global_colors_info=&#8221;{}&#8221;][et_pb_divider _builder_version=&#8221;4.19.5&#8243; _module_preset=&#8221;default&#8221; global_colors_info=&#8221;{}&#8221;][\/et_pb_divider][\/et_pb_column][\/et_pb_row][et_pb_row admin_label=&#8221;row&#8221; _builder_version=&#8221;4.16&#8243; background_size=&#8221;initial&#8221; background_position=&#8221;top_left&#8221; background_repeat=&#8221;repeat&#8221; global_colors_info=&#8221;{}&#8221;][et_pb_column type=&#8221;4_4&#8243; _builder_version=&#8221;4.16&#8243; custom_padding=&#8221;|||&#8221; global_colors_info=&#8221;{}&#8221; custom_padding__hover=&#8221;|||&#8221;][et_pb_image src=&#8221;https:\/\/gregorydamy.niceavocats.fr\/wp-content\/uploads\/2023\/08\/people-4498458_1280-2.png&#8221; title_text=&#8221;people-4498458_1280-2&#8243; _builder_version=&#8221;4.21.0&#8243; _module_preset=&#8221;default&#8221; hover_enabled=&#8221;0&#8243; global_colors_info=&#8221;{}&#8221; sticky_enabled=&#8221;0&#8243;][\/et_pb_image][et_pb_text admin_label=&#8221;Text&#8221; _builder_version=&#8221;4.21.0&#8243; text_font=&#8221;Amiri||||||||&#8221; header_2_font=&#8221;Amiri||||||||&#8221; header_3_font=&#8221;Amiri||||||||&#8221; background_size=&#8221;initial&#8221; background_position=&#8221;top_left&#8221; background_repeat=&#8221;repeat&#8221; hover_enabled=&#8221;0&#8243; global_colors_info=&#8221;{}&#8221; sticky_enabled=&#8221;0&#8243;]<\/p>\n<div class=\"entry-content\">\n<div class=\"et_pb_row et_pb_row_2\">\n<div class=\"et_pb_column et_pb_column_4_4 et_pb_column_4  et_pb_css_mix_blend_mode_passthrough et-last-child\">\n<div class=\"et_pb_module et_pb_text et_pb_text_0  et_pb_text_align_left et_pb_bg_layout_light\">\n<div class=\"et_pb_text_inner\">\n<div class=\"entry-content\">\n<h2><span>Sanciones disciplinarias y delegados sindicales: sentencia del Tribunal de Casaci\u00f3n<\/span><\/h2>\n<p><span>El Tribunal de Casaci\u00f3n critic\u00f3 la decisi\u00f3n de un tribunal de apelaci\u00f3n que confirm\u00f3 una advertencia dirigida a un delegado sindical por haber fomentado un conflicto con otro empleado.\u00a0Esta decisi\u00f3n plantea importantes consideraciones sobre el poder disciplinario de los empleadores respecto de\u00a0\u00a0<\/span><span>los empleados protegidos\u00a0<\/span><span>\u00a0.<\/span><\/p>\n<p><span>Desde una sentencia del 30 de junio de 2010, el Tribunal de Casaci\u00f3n ha limitado el\u00a0<\/span><span>poder\u00a0 disciplinario\u00a0<\/span><span>\u00a0de los empresarios a los casos en los que los empleados incumplen sus obligaciones profesionales (\u00a0<\/span><a href=\"https:\/\/www.legifrance.gouv.fr\/juri\/id\/JURITEXT000022427330\/\"><span>Cass. soc., 30 de junio de 2010<\/span><\/a><span>\u00a0).\u00a0El Tribunal Superior ofrece un nuevo ejemplo de este principio al anular la decisi\u00f3n de un tribunal de apelaci\u00f3n que hab\u00eda validado la advertencia dirigida a un representante sindical (llamado DS) por haber provocado un conflicto con otro empleado.\u00a0<\/span><span class=\"\"><span>El Tribunal de Casaci\u00f3n determin\u00f3 que el empleado s\u00f3lo hab\u00eda afirmado tard\u00edamente que sus acciones fueron realizadas en su calidad de delegado sindical.<\/span><\/span><\/p>\n<h2><span>Trabajadores protegidos: l\u00edmites del poder disciplinario del empleador<\/span><\/h2>\n<p><span>Seg\u00fan el Tribunal de Casaci\u00f3n, si la intervenci\u00f3n del empleado formaba parte de su mandato de representaci\u00f3n, no podr\u00eda ser objeto de sanciones.\u00a0<\/span><span class=\"\"><span>Sin embargo, es importante se\u00f1alar que el Tribunal deja abierta la posibilidad de un resultado diferente si los jueces establecieran abuso en el comportamiento del representante del personal, lo que no fue el caso en este caso.<\/span><\/span><\/p>\n<p><span>Esta decisi\u00f3n pone de relieve los l\u00edmites impuestos a los empleadores a la hora de disciplinar a los empleados protegidos, como los representantes sindicales.\u00a0El Tribunal de Casaci\u00f3n subraya que s\u00f3lo pueden adoptarse medidas disciplinarias en caso de clara violaci\u00f3n de las obligaciones profesionales por parte del empleado.\u00a0<\/span><span class=\"VIpgJd-yAWNEb-VIpgJd-fmcmS-sn54Q\"><span>La decisi\u00f3n del Tribunal protege los derechos y actividades de los representantes sindicales, reconociendo su papel en la defensa de los intereses de los empleados y la promoci\u00f3n de la negociaci\u00f3n colectiva.<\/span><\/span><\/p>\n<p><span class=\"\"><span>Es esencial que los empleadores conozcan el marco legal espec\u00edfico que se aplica a los empleados protegidos y garanticen que cualquier acci\u00f3n disciplinaria se base en motivos leg\u00edtimos y no entre en conflicto con sus mandatos representativos.\u00a0<\/span><\/span><span>Esta decisi\u00f3n recuerda que el poder disciplinario debe ejercerse de manera justa y proporcionada, respetando los derechos y responsabilidades de los empleados protegidos en el marco de las relaciones laborales.\u00a0<\/span><\/p>\n<p><a href=\"https:\/\/gregorydamy.niceavocats.fr\/\"><span>Bufete\u00a0de abogados DAMY<\/span><\/a>\u00a0<\/p>\n<\/div>\n<\/div>\n<\/div>\n<\/div>\n<\/div>\n<div class=\"et_pb_row et_pb_row_3\">\n<div class=\"et_pb_column et_pb_column_4_4 et_pb_column_5  et_pb_css_mix_blend_mode_passthrough et-last-child\">\u00a0<\/div>\n<\/div>\n<\/div>\n<p>[\/et_pb_text][\/et_pb_column][\/et_pb_row][et_pb_row _builder_version=&#8221;4.19.5&#8243; _module_preset=&#8221;default&#8221; custom_margin=&#8221;||0px||false|false&#8221; custom_padding=&#8221;||0px||false|false&#8221; global_colors_info=&#8221;{}&#8221;][et_pb_column type=&#8221;4_4&#8243; _builder_version=&#8221;4.19.5&#8243; _module_preset=&#8221;default&#8221; global_colors_info=&#8221;{}&#8221;][et_pb_divider _builder_version=&#8221;4.19.5&#8243; _module_preset=&#8221;default&#8221; global_colors_info=&#8221;{}&#8221;][\/et_pb_divider][\/et_pb_column][\/et_pb_row][\/et_pb_section]<\/p>\n","protected":false},"excerpt":{"rendered":"<p>Sanciones disciplinarias y delegados sindicales: sentencia del Tribunal de Casaci\u00f3n El Tribunal de Casaci\u00f3n critic\u00f3 la decisi\u00f3n de un tribunal de apelaci\u00f3n que confirm\u00f3 una advertencia dirigida a un delegado sindical por haber fomentado un conflicto con otro empleado.\u00a0Esta decisi\u00f3n plantea importantes consideraciones sobre el poder disciplinario de los empleadores respecto de\u00a0\u00a0los empleados protegidos\u00a0\u00a0. Desde [&hellip;]<\/p>\n","protected":false},"author":2,"featured_media":0,"comment_status":"open","ping_status":"open","sticky":false,"template":"","format":"standard","meta":{"_et_pb_use_builder":"on","_et_pb_old_content":"","_et_gb_content_width":"","footnotes":""},"categories":[325],"tags":[],"class_list":["post-3289","post","type-post","status-publish","format-standard","hentry","category-derecho-laboral"],"yoast_head":"<!-- This site is optimized with the Yoast SEO plugin v26.8 - https:\/\/yoast.com\/product\/yoast-seo-wordpress\/ -->\n<title>Trabajadores protegidos: l\u00edmites del poder disciplinario del empleador - Soci\u00e9t\u00e9 d&#039;avocats Damy<\/title>\n<meta name=\"description\" content=\"Trabajadores protegidos: l\u00edmites del poder disciplinario del empleador El Tribunal de Casaci\u00f3n ha criticado la decisi\u00f3n de un tribunal\" \/>\n<meta name=\"robots\" content=\"index, follow, max-snippet:-1, max-image-preview:large, max-video-preview:-1\" \/>\n<link rel=\"canonical\" href=\"https:\/\/gregorydamy.niceavocats.fr\/es\/trabajadores-protegidos-limites-del-poder-disciplinario-del-empleador\/\" \/>\n<meta property=\"og:locale\" content=\"es_ES\" \/>\n<meta property=\"og:type\" content=\"article\" \/>\n<meta property=\"og:title\" content=\"Trabajadores protegidos: l\u00edmites del poder disciplinario del empleador - Soci\u00e9t\u00e9 d&#039;avocats Damy\" \/>\n<meta property=\"og:description\" content=\"Trabajadores protegidos: l\u00edmites del poder disciplinario del empleador El Tribunal de Casaci\u00f3n ha criticado la decisi\u00f3n de un tribunal\" \/>\n<meta property=\"og:url\" content=\"https:\/\/gregorydamy.niceavocats.fr\/es\/trabajadores-protegidos-limites-del-poder-disciplinario-del-empleador\/\" \/>\n<meta property=\"og:site_name\" content=\"Soci\u00e9t\u00e9 d&#039;avocats Damy\" \/>\n<meta property=\"article:publisher\" content=\"https:\/\/www.facebook.com\/niceavocats.fr\/\" \/>\n<meta property=\"article:published_time\" content=\"2012-08-08T07:17:13+00:00\" \/>\n<meta property=\"article:modified_time\" content=\"2023-08-30T11:39:29+00:00\" \/>\n<meta name=\"author\" content=\"Kevin\" \/>\n<meta name=\"twitter:card\" content=\"summary_large_image\" \/>\n<meta name=\"twitter:label1\" content=\"Escrito por\" \/>\n\t<meta name=\"twitter:data1\" content=\"Kevin\" \/>\n\t<meta name=\"twitter:label2\" content=\"Tiempo de lectura\" \/>\n\t<meta name=\"twitter:data2\" content=\"3 minutos\" \/>\n<script type=\"application\/ld+json\" class=\"yoast-schema-graph\">{\"@context\":\"https:\/\/schema.org\",\"@graph\":[{\"@type\":\"Article\",\"@id\":\"https:\/\/gregorydamy.niceavocats.fr\/es\/trabajadores-protegidos-limites-del-poder-disciplinario-del-empleador\/#article\",\"isPartOf\":{\"@id\":\"https:\/\/gregorydamy.niceavocats.fr\/es\/trabajadores-protegidos-limites-del-poder-disciplinario-del-empleador\/\"},\"author\":{\"name\":\"Kevin\",\"@id\":\"https:\/\/gregorydamy.niceavocats.fr\/es\/#\/schema\/person\/e040acb2856efaa1e114d0e7a92a3870\"},\"headline\":\"Trabajadores protegidos: l\u00edmites del poder disciplinario del empleador\",\"datePublished\":\"2012-08-08T07:17:13+00:00\",\"dateModified\":\"2023-08-30T11:39:29+00:00\",\"mainEntityOfPage\":{\"@id\":\"https:\/\/gregorydamy.niceavocats.fr\/es\/trabajadores-protegidos-limites-del-poder-disciplinario-del-empleador\/\"},\"wordCount\":770,\"commentCount\":0,\"publisher\":{\"@id\":\"https:\/\/gregorydamy.niceavocats.fr\/es\/#organization\"},\"articleSection\":[\"Derecho laboral\"],\"inLanguage\":\"es\",\"potentialAction\":[{\"@type\":\"CommentAction\",\"name\":\"Comment\",\"target\":[\"https:\/\/gregorydamy.niceavocats.fr\/es\/trabajadores-protegidos-limites-del-poder-disciplinario-del-empleador\/#respond\"]}]},{\"@type\":\"WebPage\",\"@id\":\"https:\/\/gregorydamy.niceavocats.fr\/es\/trabajadores-protegidos-limites-del-poder-disciplinario-del-empleador\/\",\"url\":\"https:\/\/gregorydamy.niceavocats.fr\/es\/trabajadores-protegidos-limites-del-poder-disciplinario-del-empleador\/\",\"name\":\"Trabajadores protegidos: l\u00edmites del poder disciplinario del empleador - Soci\u00e9t\u00e9 d&#039;avocats Damy\",\"isPartOf\":{\"@id\":\"https:\/\/gregorydamy.niceavocats.fr\/es\/#website\"},\"datePublished\":\"2012-08-08T07:17:13+00:00\",\"dateModified\":\"2023-08-30T11:39:29+00:00\",\"description\":\"Trabajadores protegidos: l\u00edmites del poder disciplinario del empleador El Tribunal de Casaci\u00f3n ha criticado la decisi\u00f3n de un tribunal\",\"breadcrumb\":{\"@id\":\"https:\/\/gregorydamy.niceavocats.fr\/es\/trabajadores-protegidos-limites-del-poder-disciplinario-del-empleador\/#breadcrumb\"},\"inLanguage\":\"es\",\"potentialAction\":[{\"@type\":\"ReadAction\",\"target\":[\"https:\/\/gregorydamy.niceavocats.fr\/es\/trabajadores-protegidos-limites-del-poder-disciplinario-del-empleador\/\"]}]},{\"@type\":\"BreadcrumbList\",\"@id\":\"https:\/\/gregorydamy.niceavocats.fr\/es\/trabajadores-protegidos-limites-del-poder-disciplinario-del-empleador\/#breadcrumb\",\"itemListElement\":[{\"@type\":\"ListItem\",\"position\":1,\"name\":\"Accueil\",\"item\":\"https:\/\/gregorydamy.niceavocats.fr\/es\/\"},{\"@type\":\"ListItem\",\"position\":2,\"name\":\"Trabajadores protegidos: l\u00edmites del poder disciplinario del empleador\"}]},{\"@type\":\"WebSite\",\"@id\":\"https:\/\/gregorydamy.niceavocats.fr\/es\/#website\",\"url\":\"https:\/\/gregorydamy.niceavocats.fr\/es\/\",\"name\":\"Soci\u00e9t\u00e9 d&#039;avocats Damy\",\"description\":\"Justice - Confiance - Efficacit\u00e9\",\"publisher\":{\"@id\":\"https:\/\/gregorydamy.niceavocats.fr\/es\/#organization\"},\"potentialAction\":[{\"@type\":\"SearchAction\",\"target\":{\"@type\":\"EntryPoint\",\"urlTemplate\":\"https:\/\/gregorydamy.niceavocats.fr\/es\/?s={search_term_string}\"},\"query-input\":{\"@type\":\"PropertyValueSpecification\",\"valueRequired\":true,\"valueName\":\"search_term_string\"}}],\"inLanguage\":\"es\"},{\"@type\":\"Organization\",\"@id\":\"https:\/\/gregorydamy.niceavocats.fr\/es\/#organization\",\"name\":\"Soci\u00e9t\u00e9 d'Avocats DAMY\",\"alternateName\":\"Gr\u00e9gory DAMY\",\"url\":\"https:\/\/gregorydamy.niceavocats.fr\/es\/\",\"logo\":{\"@type\":\"ImageObject\",\"inLanguage\":\"es\",\"@id\":\"https:\/\/gregorydamy.niceavocats.fr\/es\/#\/schema\/logo\/image\/\",\"url\":\"https:\/\/gregorydamy.niceavocats.fr\/wp-content\/uploads\/2023\/04\/damylogo-1.png\",\"contentUrl\":\"https:\/\/gregorydamy.niceavocats.fr\/wp-content\/uploads\/2023\/04\/damylogo-1.png\",\"width\":1890,\"height\":1417,\"caption\":\"Soci\u00e9t\u00e9 d'Avocats DAMY\"},\"image\":{\"@id\":\"https:\/\/gregorydamy.niceavocats.fr\/es\/#\/schema\/logo\/image\/\"},\"sameAs\":[\"https:\/\/www.facebook.com\/niceavocats.fr\/\"]},{\"@type\":\"Person\",\"@id\":\"https:\/\/gregorydamy.niceavocats.fr\/es\/#\/schema\/person\/e040acb2856efaa1e114d0e7a92a3870\",\"name\":\"Kevin\",\"url\":\"https:\/\/gregorydamy.niceavocats.fr\/es\/author\/kevin\/\"}]}<\/script>\n<!-- \/ Yoast SEO plugin. -->","yoast_head_json":{"title":"Trabajadores protegidos: l\u00edmites del poder disciplinario del empleador - Soci\u00e9t\u00e9 d&#039;avocats Damy","description":"Trabajadores protegidos: l\u00edmites del poder disciplinario del empleador El Tribunal de Casaci\u00f3n ha criticado la decisi\u00f3n de un tribunal","robots":{"index":"index","follow":"follow","max-snippet":"max-snippet:-1","max-image-preview":"max-image-preview:large","max-video-preview":"max-video-preview:-1"},"canonical":"https:\/\/gregorydamy.niceavocats.fr\/es\/trabajadores-protegidos-limites-del-poder-disciplinario-del-empleador\/","og_locale":"es_ES","og_type":"article","og_title":"Trabajadores protegidos: l\u00edmites del poder disciplinario del empleador - Soci\u00e9t\u00e9 d&#039;avocats Damy","og_description":"Trabajadores protegidos: l\u00edmites del poder disciplinario del empleador El Tribunal de Casaci\u00f3n ha criticado la decisi\u00f3n de un tribunal","og_url":"https:\/\/gregorydamy.niceavocats.fr\/es\/trabajadores-protegidos-limites-del-poder-disciplinario-del-empleador\/","og_site_name":"Soci\u00e9t\u00e9 d&#039;avocats Damy","article_publisher":"https:\/\/www.facebook.com\/niceavocats.fr\/","article_published_time":"2012-08-08T07:17:13+00:00","article_modified_time":"2023-08-30T11:39:29+00:00","author":"Kevin","twitter_card":"summary_large_image","twitter_misc":{"Escrito por":"Kevin","Tiempo de lectura":"3 minutos"},"schema":{"@context":"https:\/\/schema.org","@graph":[{"@type":"Article","@id":"https:\/\/gregorydamy.niceavocats.fr\/es\/trabajadores-protegidos-limites-del-poder-disciplinario-del-empleador\/#article","isPartOf":{"@id":"https:\/\/gregorydamy.niceavocats.fr\/es\/trabajadores-protegidos-limites-del-poder-disciplinario-del-empleador\/"},"author":{"name":"Kevin","@id":"https:\/\/gregorydamy.niceavocats.fr\/es\/#\/schema\/person\/e040acb2856efaa1e114d0e7a92a3870"},"headline":"Trabajadores protegidos: l\u00edmites del poder disciplinario del empleador","datePublished":"2012-08-08T07:17:13+00:00","dateModified":"2023-08-30T11:39:29+00:00","mainEntityOfPage":{"@id":"https:\/\/gregorydamy.niceavocats.fr\/es\/trabajadores-protegidos-limites-del-poder-disciplinario-del-empleador\/"},"wordCount":770,"commentCount":0,"publisher":{"@id":"https:\/\/gregorydamy.niceavocats.fr\/es\/#organization"},"articleSection":["Derecho laboral"],"inLanguage":"es","potentialAction":[{"@type":"CommentAction","name":"Comment","target":["https:\/\/gregorydamy.niceavocats.fr\/es\/trabajadores-protegidos-limites-del-poder-disciplinario-del-empleador\/#respond"]}]},{"@type":"WebPage","@id":"https:\/\/gregorydamy.niceavocats.fr\/es\/trabajadores-protegidos-limites-del-poder-disciplinario-del-empleador\/","url":"https:\/\/gregorydamy.niceavocats.fr\/es\/trabajadores-protegidos-limites-del-poder-disciplinario-del-empleador\/","name":"Trabajadores protegidos: l\u00edmites del poder disciplinario del empleador - Soci\u00e9t\u00e9 d&#039;avocats Damy","isPartOf":{"@id":"https:\/\/gregorydamy.niceavocats.fr\/es\/#website"},"datePublished":"2012-08-08T07:17:13+00:00","dateModified":"2023-08-30T11:39:29+00:00","description":"Trabajadores protegidos: l\u00edmites del poder disciplinario del empleador El Tribunal de Casaci\u00f3n ha criticado la decisi\u00f3n de un tribunal","breadcrumb":{"@id":"https:\/\/gregorydamy.niceavocats.fr\/es\/trabajadores-protegidos-limites-del-poder-disciplinario-del-empleador\/#breadcrumb"},"inLanguage":"es","potentialAction":[{"@type":"ReadAction","target":["https:\/\/gregorydamy.niceavocats.fr\/es\/trabajadores-protegidos-limites-del-poder-disciplinario-del-empleador\/"]}]},{"@type":"BreadcrumbList","@id":"https:\/\/gregorydamy.niceavocats.fr\/es\/trabajadores-protegidos-limites-del-poder-disciplinario-del-empleador\/#breadcrumb","itemListElement":[{"@type":"ListItem","position":1,"name":"Accueil","item":"https:\/\/gregorydamy.niceavocats.fr\/es\/"},{"@type":"ListItem","position":2,"name":"Trabajadores protegidos: l\u00edmites del poder disciplinario del empleador"}]},{"@type":"WebSite","@id":"https:\/\/gregorydamy.niceavocats.fr\/es\/#website","url":"https:\/\/gregorydamy.niceavocats.fr\/es\/","name":"Soci\u00e9t\u00e9 d&#039;avocats Damy","description":"Justice - Confiance - Efficacit\u00e9","publisher":{"@id":"https:\/\/gregorydamy.niceavocats.fr\/es\/#organization"},"potentialAction":[{"@type":"SearchAction","target":{"@type":"EntryPoint","urlTemplate":"https:\/\/gregorydamy.niceavocats.fr\/es\/?s={search_term_string}"},"query-input":{"@type":"PropertyValueSpecification","valueRequired":true,"valueName":"search_term_string"}}],"inLanguage":"es"},{"@type":"Organization","@id":"https:\/\/gregorydamy.niceavocats.fr\/es\/#organization","name":"Soci\u00e9t\u00e9 d'Avocats DAMY","alternateName":"Gr\u00e9gory DAMY","url":"https:\/\/gregorydamy.niceavocats.fr\/es\/","logo":{"@type":"ImageObject","inLanguage":"es","@id":"https:\/\/gregorydamy.niceavocats.fr\/es\/#\/schema\/logo\/image\/","url":"https:\/\/gregorydamy.niceavocats.fr\/wp-content\/uploads\/2023\/04\/damylogo-1.png","contentUrl":"https:\/\/gregorydamy.niceavocats.fr\/wp-content\/uploads\/2023\/04\/damylogo-1.png","width":1890,"height":1417,"caption":"Soci\u00e9t\u00e9 d'Avocats DAMY"},"image":{"@id":"https:\/\/gregorydamy.niceavocats.fr\/es\/#\/schema\/logo\/image\/"},"sameAs":["https:\/\/www.facebook.com\/niceavocats.fr\/"]},{"@type":"Person","@id":"https:\/\/gregorydamy.niceavocats.fr\/es\/#\/schema\/person\/e040acb2856efaa1e114d0e7a92a3870","name":"Kevin","url":"https:\/\/gregorydamy.niceavocats.fr\/es\/author\/kevin\/"}]}},"_links":{"self":[{"href":"https:\/\/gregorydamy.niceavocats.fr\/es\/wp-json\/wp\/v2\/posts\/3289","targetHints":{"allow":["GET"]}}],"collection":[{"href":"https:\/\/gregorydamy.niceavocats.fr\/es\/wp-json\/wp\/v2\/posts"}],"about":[{"href":"https:\/\/gregorydamy.niceavocats.fr\/es\/wp-json\/wp\/v2\/types\/post"}],"author":[{"embeddable":true,"href":"https:\/\/gregorydamy.niceavocats.fr\/es\/wp-json\/wp\/v2\/users\/2"}],"replies":[{"embeddable":true,"href":"https:\/\/gregorydamy.niceavocats.fr\/es\/wp-json\/wp\/v2\/comments?post=3289"}],"version-history":[{"count":0,"href":"https:\/\/gregorydamy.niceavocats.fr\/es\/wp-json\/wp\/v2\/posts\/3289\/revisions"}],"wp:attachment":[{"href":"https:\/\/gregorydamy.niceavocats.fr\/es\/wp-json\/wp\/v2\/media?parent=3289"}],"wp:term":[{"taxonomy":"category","embeddable":true,"href":"https:\/\/gregorydamy.niceavocats.fr\/es\/wp-json\/wp\/v2\/categories?post=3289"},{"taxonomy":"post_tag","embeddable":true,"href":"https:\/\/gregorydamy.niceavocats.fr\/es\/wp-json\/wp\/v2\/tags?post=3289"}],"curies":[{"name":"wp","href":"https:\/\/api.w.org\/{rel}","templated":true}]}}