{"id":3198,"date":"2012-08-30T07:43:32","date_gmt":"2012-08-30T07:43:32","guid":{"rendered":"https:\/\/gregorydamy.niceavocats.fr\/?p=3198"},"modified":"2023-06-27T09:26:59","modified_gmt":"2023-06-27T09:26:59","slug":"si-copio-samsung","status":"publish","type":"post","link":"https:\/\/gregorydamy.niceavocats.fr\/es\/si-copio-samsung\/","title":{"rendered":"&#8220;S\u00ed&#8221;, copi\u00f3 Samsung."},"content":{"rendered":"<p>[et_pb_section fb_built=&#8221;1&#8243; _builder_version=&#8221;4.19.5&#8243; _module_preset=&#8221;default&#8221; global_colors_info=&#8221;{}&#8221;][et_pb_row column_structure=&#8221;1_3,1_3,1_3&#8243; _builder_version=&#8221;4.19.5&#8243; _module_preset=&#8221;default&#8221; background_enable_mask_style=&#8221;on&#8221; background_mask_style=&#8221;wave&#8221; background_mask_color=&#8221;rgba(0,0,0,0.08)&#8221; custom_padding=&#8221;||6px|||&#8221; locked=&#8221;off&#8221; global_colors_info=&#8221;{}&#8221;][et_pb_column type=&#8221;1_3&#8243; _builder_version=&#8221;4.19.5&#8243; _module_preset=&#8221;default&#8221; global_colors_info=&#8221;{}&#8221;][\/et_pb_column][et_pb_column type=&#8221;1_3&#8243; _builder_version=&#8221;4.19.5&#8243; _module_preset=&#8221;default&#8221; global_colors_info=&#8221;{}&#8221;][\/et_pb_column][et_pb_column type=&#8221;1_3&#8243; _builder_version=&#8221;4.19.5&#8243; _module_preset=&#8221;default&#8221; global_colors_info=&#8221;{}&#8221;][et_pb_circle_counter title=&#8221;Tiempo estimado de lectura (en minutos)&#8221; number=&#8221;1&#8243; percent_sign=&#8221;off&#8221; _builder_version=&#8221;4.19.5&#8243; _module_preset=&#8221;default&#8221; title_font=&#8221;Amiri||||||||&#8221; max_width=&#8221;137px&#8221; global_colors_info=&#8221;{}&#8221;][\/et_pb_circle_counter][\/et_pb_column][\/et_pb_row][et_pb_row _builder_version=&#8221;4.19.5&#8243; _module_preset=&#8221;default&#8221; global_colors_info=&#8221;{}&#8221;][et_pb_column type=&#8221;4_4&#8243; _builder_version=&#8221;4.19.5&#8243; _module_preset=&#8221;default&#8221; global_colors_info=&#8221;{}&#8221;][et_pb_divider _builder_version=&#8221;4.19.5&#8243; _module_preset=&#8221;default&#8221; global_colors_info=&#8221;{}&#8221;][\/et_pb_divider][\/et_pb_column][\/et_pb_row][et_pb_row _builder_version=&#8221;4.19.5&#8243; _module_preset=&#8221;default&#8221; global_colors_info=&#8221;{}&#8221;][et_pb_column type=&#8221;4_4&#8243; _builder_version=&#8221;4.19.5&#8243; _module_preset=&#8221;default&#8221; global_colors_info=&#8221;{}&#8221;][et_pb_image _builder_version=&#8221;4.21.0&#8243; _module_preset=&#8221;default&#8221; title_text=&#8221;PH_GS_S21_3Copy-and-paste-across-galaxy-devices&#8221; src=&#8221;https:\/\/gregorydamy.niceavocats.fr\/wp-content\/uploads\/2012\/08\/PH_GS_S21_3Copy-and-paste-across-galaxy-devices.webp&#8221; hover_enabled=&#8221;0&#8243; sticky_enabled=&#8221;0&#8243;][\/et_pb_image][et_pb_text _builder_version=&#8221;4.21.0&#8243; _module_preset=&#8221;default&#8221; text_font=&#8221;Amiri||||||||&#8221; hover_enabled=&#8221;0&#8243; global_colors_info=&#8221;{}&#8221; sticky_enabled=&#8221;0&#8243;]<\/p>\n<div class=\"et_pb_row et_pb_row_2\">\n<div class=\"et_pb_column et_pb_column_4_4 et_pb_column_4  et_pb_css_mix_blend_mode_passthrough et-last-child\">\n<div class=\"et_pb_module et_pb_text et_pb_text_0  et_pb_text_align_left et_pb_bg_layout_light\">\n<div class=\"et_pb_text_inner\">\n<p><span>S\u00ed, Samsung copi\u00f3, en la demanda de River Apple contra Samsung, dos adversarios en el mercado de la telefon\u00eda m\u00f3vil, el veredicto cae el 24 de agosto de 2012. Lo que est\u00e1 en juego es colosal: Samsung podr\u00eda tener prohibido comercializar su gama de productos Galaxy\u00a0<\/span><a href=\"https:\/\/gregorydamy.niceavocats.fr\/en\/future-negotiations\/\"><span>y<\/span><\/a><span>\u00a0sus tabletas de computadora en Estados Unidos mientras Apple prueba su estrategia global de patentes.<\/span><\/p>\n<h2><span>Caso de difamaci\u00f3n: Ouest France Publishers encontrado culpable: &#8211;<\/span><\/h2>\n<p><span>El director editorial de Ouest France y un periodista del diario fueron declarados culpables de difamaci\u00f3n por hacer declaraciones falsas en un art\u00edculo publicado en Internet.\u00a0El art\u00edculo afirmaba que uno de los organizadores voluntarios de la Asociaci\u00f3n de v\u00edctimas de la ruta de Breta\u00f1a se present\u00f3 como asesor jur\u00eddico, lo que podr\u00eda considerarse una pr\u00e1ctica ilegal de la profesi\u00f3n jur\u00eddica.\u00a0La falta de una investigaci\u00f3n adecuada por parte del periodista agrav\u00f3 a\u00fan m\u00e1s la situaci\u00f3n.<\/span><\/p>\n<p><span>S\u00ed Samsung copi\u00f3 En una sentencia dictada el 7 de junio de 2012, el TGI de Par\u00eds dictamin\u00f3 que los demandados deb\u00edan pagar 2.000 \u20ac en concepto de da\u00f1os y perjuicios para compensar el da\u00f1o moral infligido.\u00a0El tribunal tuvo en cuenta el hecho de que el art\u00edculo difamatorio se public\u00f3 en el sitio web de Ouest France, lo que amplific\u00f3 su alcance e impacto.<\/span><\/p>\n<h2><span>Tensiones entre los sitios de asistencia al motorista y los abogados:-<\/span><\/h2>\n<p><span>Este caso de difamaci\u00f3n es parte de un contexto m\u00e1s amplio de tensiones intensificadas entre los sitios de asistencia a automovilistas y los abogados.\u00a0Los sitios se han enfrentado a acusaciones de ofrecer asesoramiento jur\u00eddico, lo que ha dado lugar a conflictos con los profesionales del derecho.\u00a0El 18 de noviembre de 2011, el Tribunal Penal de Cr\u00e9teil dict\u00f3 sentencia contra el sitio stoppv.com y sus dos administradores.\u00a0Los cargos incluyeron prospecci\u00f3n prohibida, pr\u00e1ctica ilegal de la profesi\u00f3n legal y pr\u00e1cticas de marketing enga\u00f1osas relacionadas con la prestaci\u00f3n de consultas legales.\u00a0Los demandados apelaron la decisi\u00f3n y actualmente se encuentran en curso otros procedimientos legales sobre cuestiones similares.<\/span><\/p>\n<p><span>Estos incidentes arrojan luz sobre los desaf\u00edos y conflictos en curso que surgen de la\u00a0<\/span><a href=\"https:\/\/www.justice.fr\/\"><span>intersecci\u00f3n<\/span><\/a><span>\u00a0de las plataformas en l\u00ednea que brindan informaci\u00f3n y asistencia legal, y la profesi\u00f3n legal establecida.\u00a0Los casos resaltan la importancia de la informaci\u00f3n precisa y el periodismo responsable para evitar declaraciones difamatorias que puedan da\u00f1ar la reputaci\u00f3n y el prestigio de individuos y organizaciones.<\/span><\/p>\n<\/div>\n<\/div>\n<\/div>\n<\/div>\n<div class=\"et_pb_row et_pb_row_3\">\n<div class=\"et_pb_column et_pb_column_4_4 et_pb_column_5  et_pb_css_mix_blend_mode_passthrough et-last-child\">\u00a0<\/div>\n<\/div>\n<p>[\/et_pb_text][\/et_pb_column][\/et_pb_row][et_pb_row _builder_version=&#8221;4.19.5&#8243; _module_preset=&#8221;default&#8221; global_colors_info=&#8221;{}&#8221;][et_pb_column type=&#8221;4_4&#8243; _builder_version=&#8221;4.19.5&#8243; _module_preset=&#8221;default&#8221; global_colors_info=&#8221;{}&#8221;][et_pb_divider _builder_version=&#8221;4.19.5&#8243; _module_preset=&#8221;default&#8221; global_colors_info=&#8221;{}&#8221;][\/et_pb_divider][\/et_pb_column][\/et_pb_row][\/et_pb_section]<\/p>\n","protected":false},"excerpt":{"rendered":"<p>S\u00ed, Samsung copi\u00f3, en la demanda de River Apple contra Samsung, dos adversarios en el mercado de la telefon\u00eda m\u00f3vil, el veredicto cae el 24 de agosto de 2012. Lo que est\u00e1 en juego es colosal: Samsung podr\u00eda tener prohibido comercializar su gama de productos Galaxy\u00a0y\u00a0sus tabletas de computadora en Estados Unidos mientras Apple prueba [&hellip;]<\/p>\n","protected":false},"author":2,"featured_media":0,"comment_status":"open","ping_status":"open","sticky":false,"template":"","format":"standard","meta":{"_et_pb_use_builder":"on","_et_pb_old_content":"","_et_gb_content_width":"","footnotes":""},"categories":[],"tags":[],"class_list":["post-3198","post","type-post","status-publish","format-standard","hentry"],"yoast_head":"<!-- This site is optimized with the Yoast SEO plugin v26.8 - https:\/\/yoast.com\/product\/yoast-seo-wordpress\/ -->\n<title>&quot;S\u00ed&quot;, copi\u00f3 Samsung. - Soci\u00e9t\u00e9 d&#039;avocats Damy<\/title>\n<meta name=\"description\" content=\"S\u00ed Samsung copi\u00f3, en la demanda de River Apple contra Samsung, dos adversarios en el mercado de la telefon\u00eda m\u00f3vil, el veredicto cae el 24\" \/>\n<meta name=\"robots\" content=\"index, follow, max-snippet:-1, max-image-preview:large, max-video-preview:-1\" \/>\n<link rel=\"canonical\" href=\"https:\/\/gregorydamy.niceavocats.fr\/es\/si-copio-samsung\/\" \/>\n<meta property=\"og:locale\" content=\"es_ES\" \/>\n<meta property=\"og:type\" content=\"article\" \/>\n<meta property=\"og:title\" content=\"&quot;S\u00ed&quot;, copi\u00f3 Samsung. - Soci\u00e9t\u00e9 d&#039;avocats Damy\" \/>\n<meta property=\"og:description\" content=\"S\u00ed Samsung copi\u00f3, en la demanda de River Apple contra Samsung, dos adversarios en el mercado de la telefon\u00eda m\u00f3vil, el veredicto cae el 24\" \/>\n<meta property=\"og:url\" content=\"https:\/\/gregorydamy.niceavocats.fr\/es\/si-copio-samsung\/\" \/>\n<meta property=\"og:site_name\" content=\"Soci\u00e9t\u00e9 d&#039;avocats Damy\" \/>\n<meta property=\"article:publisher\" content=\"https:\/\/www.facebook.com\/niceavocats.fr\/\" \/>\n<meta property=\"article:published_time\" content=\"2012-08-30T07:43:32+00:00\" \/>\n<meta property=\"article:modified_time\" content=\"2023-06-27T09:26:59+00:00\" \/>\n<meta name=\"author\" content=\"Kevin\" \/>\n<meta name=\"twitter:card\" content=\"summary_large_image\" \/>\n<meta name=\"twitter:label1\" content=\"Escrito por\" \/>\n\t<meta name=\"twitter:data1\" content=\"Kevin\" \/>\n\t<meta name=\"twitter:label2\" content=\"Tiempo de lectura\" \/>\n\t<meta name=\"twitter:data2\" content=\"3 minutos\" \/>\n<script type=\"application\/ld+json\" class=\"yoast-schema-graph\">{\"@context\":\"https:\/\/schema.org\",\"@graph\":[{\"@type\":\"Article\",\"@id\":\"https:\/\/gregorydamy.niceavocats.fr\/es\/si-copio-samsung\/#article\",\"isPartOf\":{\"@id\":\"https:\/\/gregorydamy.niceavocats.fr\/es\/si-copio-samsung\/\"},\"author\":{\"name\":\"Kevin\",\"@id\":\"https:\/\/gregorydamy.niceavocats.fr\/es\/#\/schema\/person\/e040acb2856efaa1e114d0e7a92a3870\"},\"headline\":\"&#8220;S\u00ed&#8221;, copi\u00f3 Samsung.\",\"datePublished\":\"2012-08-30T07:43:32+00:00\",\"dateModified\":\"2023-06-27T09:26:59+00:00\",\"mainEntityOfPage\":{\"@id\":\"https:\/\/gregorydamy.niceavocats.fr\/es\/si-copio-samsung\/\"},\"wordCount\":729,\"commentCount\":0,\"publisher\":{\"@id\":\"https:\/\/gregorydamy.niceavocats.fr\/es\/#organization\"},\"inLanguage\":\"es\",\"potentialAction\":[{\"@type\":\"CommentAction\",\"name\":\"Comment\",\"target\":[\"https:\/\/gregorydamy.niceavocats.fr\/es\/si-copio-samsung\/#respond\"]}]},{\"@type\":\"WebPage\",\"@id\":\"https:\/\/gregorydamy.niceavocats.fr\/es\/si-copio-samsung\/\",\"url\":\"https:\/\/gregorydamy.niceavocats.fr\/es\/si-copio-samsung\/\",\"name\":\"\\\"S\u00ed\\\", copi\u00f3 Samsung. - Soci\u00e9t\u00e9 d&#039;avocats Damy\",\"isPartOf\":{\"@id\":\"https:\/\/gregorydamy.niceavocats.fr\/es\/#website\"},\"datePublished\":\"2012-08-30T07:43:32+00:00\",\"dateModified\":\"2023-06-27T09:26:59+00:00\",\"description\":\"S\u00ed Samsung copi\u00f3, en la demanda de River Apple contra Samsung, dos adversarios en el mercado de la telefon\u00eda m\u00f3vil, el veredicto cae el 24\",\"breadcrumb\":{\"@id\":\"https:\/\/gregorydamy.niceavocats.fr\/es\/si-copio-samsung\/#breadcrumb\"},\"inLanguage\":\"es\",\"potentialAction\":[{\"@type\":\"ReadAction\",\"target\":[\"https:\/\/gregorydamy.niceavocats.fr\/es\/si-copio-samsung\/\"]}]},{\"@type\":\"BreadcrumbList\",\"@id\":\"https:\/\/gregorydamy.niceavocats.fr\/es\/si-copio-samsung\/#breadcrumb\",\"itemListElement\":[{\"@type\":\"ListItem\",\"position\":1,\"name\":\"Accueil\",\"item\":\"https:\/\/gregorydamy.niceavocats.fr\/es\/\"},{\"@type\":\"ListItem\",\"position\":2,\"name\":\"\u00ab\u00a0S\u00ed\u00a0\u00bb, copi\u00f3 Samsung.\"}]},{\"@type\":\"WebSite\",\"@id\":\"https:\/\/gregorydamy.niceavocats.fr\/es\/#website\",\"url\":\"https:\/\/gregorydamy.niceavocats.fr\/es\/\",\"name\":\"Soci\u00e9t\u00e9 d&#039;avocats Damy\",\"description\":\"Justice - Confiance - Efficacit\u00e9\",\"publisher\":{\"@id\":\"https:\/\/gregorydamy.niceavocats.fr\/es\/#organization\"},\"potentialAction\":[{\"@type\":\"SearchAction\",\"target\":{\"@type\":\"EntryPoint\",\"urlTemplate\":\"https:\/\/gregorydamy.niceavocats.fr\/es\/?s={search_term_string}\"},\"query-input\":{\"@type\":\"PropertyValueSpecification\",\"valueRequired\":true,\"valueName\":\"search_term_string\"}}],\"inLanguage\":\"es\"},{\"@type\":\"Organization\",\"@id\":\"https:\/\/gregorydamy.niceavocats.fr\/es\/#organization\",\"name\":\"Soci\u00e9t\u00e9 d'Avocats DAMY\",\"alternateName\":\"Gr\u00e9gory DAMY\",\"url\":\"https:\/\/gregorydamy.niceavocats.fr\/es\/\",\"logo\":{\"@type\":\"ImageObject\",\"inLanguage\":\"es\",\"@id\":\"https:\/\/gregorydamy.niceavocats.fr\/es\/#\/schema\/logo\/image\/\",\"url\":\"https:\/\/gregorydamy.niceavocats.fr\/wp-content\/uploads\/2023\/04\/damylogo-1.png\",\"contentUrl\":\"https:\/\/gregorydamy.niceavocats.fr\/wp-content\/uploads\/2023\/04\/damylogo-1.png\",\"width\":1890,\"height\":1417,\"caption\":\"Soci\u00e9t\u00e9 d'Avocats DAMY\"},\"image\":{\"@id\":\"https:\/\/gregorydamy.niceavocats.fr\/es\/#\/schema\/logo\/image\/\"},\"sameAs\":[\"https:\/\/www.facebook.com\/niceavocats.fr\/\"]},{\"@type\":\"Person\",\"@id\":\"https:\/\/gregorydamy.niceavocats.fr\/es\/#\/schema\/person\/e040acb2856efaa1e114d0e7a92a3870\",\"name\":\"Kevin\",\"url\":\"https:\/\/gregorydamy.niceavocats.fr\/es\/author\/kevin\/\"}]}<\/script>\n<!-- \/ Yoast SEO plugin. -->","yoast_head_json":{"title":"\"S\u00ed\", copi\u00f3 Samsung. - Soci\u00e9t\u00e9 d&#039;avocats Damy","description":"S\u00ed Samsung copi\u00f3, en la demanda de River Apple contra Samsung, dos adversarios en el mercado de la telefon\u00eda m\u00f3vil, el veredicto cae el 24","robots":{"index":"index","follow":"follow","max-snippet":"max-snippet:-1","max-image-preview":"max-image-preview:large","max-video-preview":"max-video-preview:-1"},"canonical":"https:\/\/gregorydamy.niceavocats.fr\/es\/si-copio-samsung\/","og_locale":"es_ES","og_type":"article","og_title":"\"S\u00ed\", copi\u00f3 Samsung. - Soci\u00e9t\u00e9 d&#039;avocats Damy","og_description":"S\u00ed Samsung copi\u00f3, en la demanda de River Apple contra Samsung, dos adversarios en el mercado de la telefon\u00eda m\u00f3vil, el veredicto cae el 24","og_url":"https:\/\/gregorydamy.niceavocats.fr\/es\/si-copio-samsung\/","og_site_name":"Soci\u00e9t\u00e9 d&#039;avocats Damy","article_publisher":"https:\/\/www.facebook.com\/niceavocats.fr\/","article_published_time":"2012-08-30T07:43:32+00:00","article_modified_time":"2023-06-27T09:26:59+00:00","author":"Kevin","twitter_card":"summary_large_image","twitter_misc":{"Escrito por":"Kevin","Tiempo de lectura":"3 minutos"},"schema":{"@context":"https:\/\/schema.org","@graph":[{"@type":"Article","@id":"https:\/\/gregorydamy.niceavocats.fr\/es\/si-copio-samsung\/#article","isPartOf":{"@id":"https:\/\/gregorydamy.niceavocats.fr\/es\/si-copio-samsung\/"},"author":{"name":"Kevin","@id":"https:\/\/gregorydamy.niceavocats.fr\/es\/#\/schema\/person\/e040acb2856efaa1e114d0e7a92a3870"},"headline":"&#8220;S\u00ed&#8221;, copi\u00f3 Samsung.","datePublished":"2012-08-30T07:43:32+00:00","dateModified":"2023-06-27T09:26:59+00:00","mainEntityOfPage":{"@id":"https:\/\/gregorydamy.niceavocats.fr\/es\/si-copio-samsung\/"},"wordCount":729,"commentCount":0,"publisher":{"@id":"https:\/\/gregorydamy.niceavocats.fr\/es\/#organization"},"inLanguage":"es","potentialAction":[{"@type":"CommentAction","name":"Comment","target":["https:\/\/gregorydamy.niceavocats.fr\/es\/si-copio-samsung\/#respond"]}]},{"@type":"WebPage","@id":"https:\/\/gregorydamy.niceavocats.fr\/es\/si-copio-samsung\/","url":"https:\/\/gregorydamy.niceavocats.fr\/es\/si-copio-samsung\/","name":"\"S\u00ed\", copi\u00f3 Samsung. - Soci\u00e9t\u00e9 d&#039;avocats Damy","isPartOf":{"@id":"https:\/\/gregorydamy.niceavocats.fr\/es\/#website"},"datePublished":"2012-08-30T07:43:32+00:00","dateModified":"2023-06-27T09:26:59+00:00","description":"S\u00ed Samsung copi\u00f3, en la demanda de River Apple contra Samsung, dos adversarios en el mercado de la telefon\u00eda m\u00f3vil, el veredicto cae el 24","breadcrumb":{"@id":"https:\/\/gregorydamy.niceavocats.fr\/es\/si-copio-samsung\/#breadcrumb"},"inLanguage":"es","potentialAction":[{"@type":"ReadAction","target":["https:\/\/gregorydamy.niceavocats.fr\/es\/si-copio-samsung\/"]}]},{"@type":"BreadcrumbList","@id":"https:\/\/gregorydamy.niceavocats.fr\/es\/si-copio-samsung\/#breadcrumb","itemListElement":[{"@type":"ListItem","position":1,"name":"Accueil","item":"https:\/\/gregorydamy.niceavocats.fr\/es\/"},{"@type":"ListItem","position":2,"name":"\u00ab\u00a0S\u00ed\u00a0\u00bb, copi\u00f3 Samsung."}]},{"@type":"WebSite","@id":"https:\/\/gregorydamy.niceavocats.fr\/es\/#website","url":"https:\/\/gregorydamy.niceavocats.fr\/es\/","name":"Soci\u00e9t\u00e9 d&#039;avocats Damy","description":"Justice - Confiance - Efficacit\u00e9","publisher":{"@id":"https:\/\/gregorydamy.niceavocats.fr\/es\/#organization"},"potentialAction":[{"@type":"SearchAction","target":{"@type":"EntryPoint","urlTemplate":"https:\/\/gregorydamy.niceavocats.fr\/es\/?s={search_term_string}"},"query-input":{"@type":"PropertyValueSpecification","valueRequired":true,"valueName":"search_term_string"}}],"inLanguage":"es"},{"@type":"Organization","@id":"https:\/\/gregorydamy.niceavocats.fr\/es\/#organization","name":"Soci\u00e9t\u00e9 d'Avocats DAMY","alternateName":"Gr\u00e9gory DAMY","url":"https:\/\/gregorydamy.niceavocats.fr\/es\/","logo":{"@type":"ImageObject","inLanguage":"es","@id":"https:\/\/gregorydamy.niceavocats.fr\/es\/#\/schema\/logo\/image\/","url":"https:\/\/gregorydamy.niceavocats.fr\/wp-content\/uploads\/2023\/04\/damylogo-1.png","contentUrl":"https:\/\/gregorydamy.niceavocats.fr\/wp-content\/uploads\/2023\/04\/damylogo-1.png","width":1890,"height":1417,"caption":"Soci\u00e9t\u00e9 d'Avocats DAMY"},"image":{"@id":"https:\/\/gregorydamy.niceavocats.fr\/es\/#\/schema\/logo\/image\/"},"sameAs":["https:\/\/www.facebook.com\/niceavocats.fr\/"]},{"@type":"Person","@id":"https:\/\/gregorydamy.niceavocats.fr\/es\/#\/schema\/person\/e040acb2856efaa1e114d0e7a92a3870","name":"Kevin","url":"https:\/\/gregorydamy.niceavocats.fr\/es\/author\/kevin\/"}]}},"_links":{"self":[{"href":"https:\/\/gregorydamy.niceavocats.fr\/es\/wp-json\/wp\/v2\/posts\/3198","targetHints":{"allow":["GET"]}}],"collection":[{"href":"https:\/\/gregorydamy.niceavocats.fr\/es\/wp-json\/wp\/v2\/posts"}],"about":[{"href":"https:\/\/gregorydamy.niceavocats.fr\/es\/wp-json\/wp\/v2\/types\/post"}],"author":[{"embeddable":true,"href":"https:\/\/gregorydamy.niceavocats.fr\/es\/wp-json\/wp\/v2\/users\/2"}],"replies":[{"embeddable":true,"href":"https:\/\/gregorydamy.niceavocats.fr\/es\/wp-json\/wp\/v2\/comments?post=3198"}],"version-history":[{"count":0,"href":"https:\/\/gregorydamy.niceavocats.fr\/es\/wp-json\/wp\/v2\/posts\/3198\/revisions"}],"wp:attachment":[{"href":"https:\/\/gregorydamy.niceavocats.fr\/es\/wp-json\/wp\/v2\/media?parent=3198"}],"wp:term":[{"taxonomy":"category","embeddable":true,"href":"https:\/\/gregorydamy.niceavocats.fr\/es\/wp-json\/wp\/v2\/categories?post=3198"},{"taxonomy":"post_tag","embeddable":true,"href":"https:\/\/gregorydamy.niceavocats.fr\/es\/wp-json\/wp\/v2\/tags?post=3198"}],"curies":[{"name":"wp","href":"https:\/\/api.w.org\/{rel}","templated":true}]}}