{"id":3148,"date":"2012-08-30T13:22:10","date_gmt":"2012-08-30T13:22:10","guid":{"rendered":"https:\/\/gregorydamy.niceavocats.fr\/?p=3148"},"modified":"2023-05-05T17:04:37","modified_gmt":"2023-05-05T17:04:37","slug":"caida-simbolica-de-los-precios-de-los-combustibles-durante-3-meses","status":"publish","type":"post","link":"https:\/\/gregorydamy.niceavocats.fr\/es\/caida-simbolica-de-los-precios-de-los-combustibles-durante-3-meses\/","title":{"rendered":"Ca\u00edda simb\u00f3lica de los precios de los combustibles durante 3 meses"},"content":{"rendered":"<p>[et_pb_section fb_built=&#8221;1&#8243; admin_label=&#8221;section&#8221; _builder_version=&#8221;4.19.5&#8243; custom_margin=&#8221;||0px||false|false&#8221; custom_padding=&#8221;||0px||false|false&#8221; locked=&#8221;off&#8221; global_colors_info=&#8221;{}&#8221; theme_builder_area=&#8221;post_content&#8221;][et_pb_row column_structure=&#8221;1_3,1_3,1_3&#8243; _builder_version=&#8221;4.19.5&#8243; _module_preset=&#8221;default&#8221; background_enable_mask_style=&#8221;on&#8221; background_mask_style=&#8221;wave&#8221; background_mask_color=&#8221;rgba(0,0,0,0.08)&#8221; custom_padding=&#8221;||6px|||&#8221; locked=&#8221;off&#8221; global_colors_info=&#8221;{}&#8221; theme_builder_area=&#8221;et_header_layout&#8221;][et_pb_column type=&#8221;1_3&#8243; _builder_version=&#8221;4.19.5&#8243; _module_preset=&#8221;default&#8221; global_colors_info=&#8221;{}&#8221; theme_builder_area=&#8221;et_header_layout&#8221;][\/et_pb_column][et_pb_column type=&#8221;1_3&#8243; _builder_version=&#8221;4.19.5&#8243; _module_preset=&#8221;default&#8221; global_colors_info=&#8221;{}&#8221; theme_builder_area=&#8221;et_header_layout&#8221;][\/et_pb_column][et_pb_column type=&#8221;1_3&#8243; _builder_version=&#8221;4.19.5&#8243; _module_preset=&#8221;default&#8221; global_colors_info=&#8221;{}&#8221; theme_builder_area=&#8221;et_header_layout&#8221;][et_pb_circle_counter title=&#8221;Tiempo estimado de lectura (en minutos)&#8221; number=&#8221;2&#8243; percent_sign=&#8221;off&#8221; _builder_version=&#8221;4.20.2&#8243; _module_preset=&#8221;default&#8221; title_font=&#8221;Amiri||||||||&#8221; max_width=&#8221;137px&#8221; hover_enabled=&#8221;0&#8243; global_colors_info=&#8221;{}&#8221; theme_builder_area=&#8221;et_header_layout&#8221; sticky_enabled=&#8221;0&#8243;][\/et_pb_circle_counter][\/et_pb_column][\/et_pb_row][et_pb_row _builder_version=&#8221;4.19.5&#8243; _module_preset=&#8221;default&#8221; custom_margin=&#8221;||0px||false|false&#8221; custom_padding=&#8221;||0px||false|false&#8221; global_colors_info=&#8221;{}&#8221; theme_builder_area=&#8221;et_header_layout&#8221;][et_pb_column type=&#8221;4_4&#8243; _builder_version=&#8221;4.19.5&#8243; _module_preset=&#8221;default&#8221; global_colors_info=&#8221;{}&#8221; theme_builder_area=&#8221;et_header_layout&#8221;][et_pb_divider _builder_version=&#8221;4.19.5&#8243; _module_preset=&#8221;default&#8221; global_colors_info=&#8221;{}&#8221; theme_builder_area=&#8221;et_header_layout&#8221;][\/et_pb_divider][\/et_pb_column][\/et_pb_row][et_pb_row admin_label=&#8221;row&#8221; _builder_version=&#8221;4.16&#8243; background_size=&#8221;initial&#8221; background_position=&#8221;top_left&#8221; background_repeat=&#8221;repeat&#8221; global_colors_info=&#8221;{}&#8221; theme_builder_area=&#8221;et_header_layout&#8221;][et_pb_column type=&#8221;4_4&#8243; _builder_version=&#8221;4.16&#8243; custom_padding=&#8221;|||&#8221; global_colors_info=&#8221;{}&#8221; custom_padding__hover=&#8221;|||&#8221; theme_builder_area=&#8221;et_header_layout&#8221;][et_pb_text admin_label=&#8221;Text&#8221; _builder_version=&#8221;4.20.2&#8243; text_font=&#8221;Amiri||||||||&#8221; text_font_size=&#8221;20px&#8221; header_2_font=&#8221;Amiri||||||||&#8221; header_3_font=&#8221;Amiri||||||||&#8221; background_size=&#8221;initial&#8221; background_position=&#8221;top_left&#8221; background_repeat=&#8221;repeat&#8221; hover_enabled=&#8221;0&#8243; global_colors_info=&#8221;{}&#8221; theme_builder_area=&#8221;et_header_layout&#8221; sticky_enabled=&#8221;0&#8243;]<\/p>\n<div class=\"entry-content\">\n<p>M\u00ednimo esfuerzo del Estado hacia los consumidores con el anuncio de una plusval\u00eda de 3 euros por lleno de 50 litros hasta finales de noviembre de 2012, pero \u00bfa qu\u00e9 precio? \u201cLos precios en surtidor bajar\u00e1n hasta 6 c\u00e9ntimos de euro\u201d, anunci\u00f3 el pasado 28 de agosto el ministro de Econom\u00eda y Hacienda, Pierre Moscovici, tras el compromiso asumido por el Estado de rebajar 3 c\u00e9ntimos de euro los impuestos sobre el crudo. El resto de la disminuci\u00f3n correr\u00e1 a cargo de los petroleros.<br \/>Esta medida es \u00abaplicable en un plazo de 24 horas\u00bb, ha anunciado el ministro que ha querido mostrar su determinaci\u00f3n de que se aplique la medida acudiendo personalmente a una gasolinera a comprobarlo a partir del 29 de julio.<br \/>\u00abConcretamente, ser\u00e1 1,50 euros inferior a la factura de 25 litros en el dep\u00f3sito\u00bb, para una factura de \u00abm\u00e1s de 300 millones de euros\u00bb que corren los presupuestos del Estado.<br \/>Este anuncio sigue a la sesi\u00f3n de negociaci\u00f3n del 28 de agosto con los productores y distribuidores de combustible. Las empresas petroleras se han comprometido a \u201cfrenar la subida de precios mediante un esfuerzo com\u00fan, significativo y de reducci\u00f3n, compartido entre el Estado y las empresas petroleras\u201d. En cuanto a las distribuidoras, acordaron \u201crecortar sus m\u00e1rgenes. Sin embargo<br \/>, en los cuatro departamentos de ultramar en los que se aplican controles de precios, ya la espera de los resultados de estas negociaciones, no habr\u00e1 cambios en los precios de los combustibles, precis\u00f3 el Ministro de Ultramar.<br \/>A fines de noviembre, cuando finalice el acuerdo, se realizar\u00e1n nuevas negociaciones para que se revisen \u201clas cosas\u201d \u201cde una manera m\u00e1s estructural\u201d. Claramente, el Gobierno se dar\u00eda 3 meses para crear un nuevo modelo de tributaci\u00f3n de los productos energ\u00e9ticos.<br \/>\u201cTres meses es la forma de darnos tiempo para poner en marcha un mecanismo m\u00e1s sostenible (\u2026) Porque es un cambio de sociedad hacia el que debemos ir. Una sociedad de sobriedad que debemos construir juntos\u201d, dijo.<br \/>Y hablando de \u00absobriedad\u00bb, el Gobierno ya anuncia el color. Los impuestos a los combustibles no est\u00e1n destinados a desaparecer, ni a reducirse permanentemente.<br \/>Incluso podr\u00edan ser variables en el futuro en funci\u00f3n de la cantidad de combustible consumido. As\u00ed, el consumidor que conduce un 4X4 que consume mucha energ\u00eda en gasolina pagar\u00eda m\u00e1s impuestos que el consumidor que conduce un autom\u00f3vil peque\u00f1o de ciudad equipado con \u201cstop and go\u201d. \u00bfPodr\u00edamos entonces ver la multiplicaci\u00f3n de surtidores de gasolina con un caudal tope de 25 litros de combustible, por ejemplo, a un precio determinado por litro, y otros surtidores de gasolina con caudal ilimitado con un precio por litro m\u00e1s elevado?<br \/>Para las distribuidoras, esta medida no tendr\u00eda ning\u00fan costo y ser\u00eda de aplicaci\u00f3n inmediata, en casi todo el territorio, porque en \u00e9pocas de escasez de combustible (por ejemplo, tras la huelga de los transportistas de combustible por carretera), los sistemas inform\u00e1ticos que gestionan los surtidores pueden ya estableci\u00f3 un tope de d\u00e9bito.<\/p>\n<p>Sociedad de Abogados, maestro DAMY, abogado del colegio de abogados de Niza \u2013 Costa Azul.<\/p>\n<p>Meditar\u2026<\/p>\n<\/div>\n<p>[\/et_pb_text][\/et_pb_column][\/et_pb_row][et_pb_row _builder_version=&#8221;4.19.5&#8243; _module_preset=&#8221;default&#8221; custom_margin=&#8221;||0px||false|false&#8221; custom_padding=&#8221;||0px||false|false&#8221; global_colors_info=&#8221;{}&#8221; theme_builder_area=&#8221;et_header_layout&#8221;][et_pb_column type=&#8221;4_4&#8243; _builder_version=&#8221;4.19.5&#8243; _module_preset=&#8221;default&#8221; global_colors_info=&#8221;{}&#8221; theme_builder_area=&#8221;et_header_layout&#8221;][et_pb_divider _builder_version=&#8221;4.19.5&#8243; _module_preset=&#8221;default&#8221; global_colors_info=&#8221;{}&#8221; theme_builder_area=&#8221;et_header_layout&#8221;][\/et_pb_divider][\/et_pb_column][\/et_pb_row][\/et_pb_section]<\/p>\n","protected":false},"excerpt":{"rendered":"<p>M\u00ednimo esfuerzo del Estado hacia los consumidores con el anuncio de una plusval\u00eda de 3 euros por lleno de 50 litros hasta finales de noviembre de 2012, pero \u00bfa qu\u00e9 precio? \u201cLos precios en surtidor bajar\u00e1n hasta 6 c\u00e9ntimos de euro\u201d, anunci\u00f3 el pasado 28 de agosto el ministro de Econom\u00eda y Hacienda, Pierre Moscovici, [&hellip;]<\/p>\n","protected":false},"author":2,"featured_media":0,"comment_status":"open","ping_status":"open","sticky":false,"template":"","format":"standard","meta":{"_et_pb_use_builder":"on","_et_pb_old_content":"","_et_gb_content_width":"","footnotes":""},"categories":[],"tags":[],"class_list":["post-3148","post","type-post","status-publish","format-standard","hentry"],"yoast_head":"<!-- This site is optimized with the Yoast SEO plugin v26.8 - https:\/\/yoast.com\/product\/yoast-seo-wordpress\/ -->\n<title>Ca\u00edda simb\u00f3lica de los precios de los combustibles durante 3 meses - Soci\u00e9t\u00e9 d&#039;avocats Damy<\/title>\n<meta name=\"robots\" content=\"index, follow, max-snippet:-1, max-image-preview:large, max-video-preview:-1\" \/>\n<link rel=\"canonical\" href=\"https:\/\/gregorydamy.niceavocats.fr\/es\/caida-simbolica-de-los-precios-de-los-combustibles-durante-3-meses\/\" \/>\n<meta property=\"og:locale\" content=\"es_ES\" \/>\n<meta property=\"og:type\" content=\"article\" \/>\n<meta property=\"og:title\" content=\"Ca\u00edda simb\u00f3lica de los precios de los combustibles durante 3 meses - Soci\u00e9t\u00e9 d&#039;avocats Damy\" \/>\n<meta property=\"og:description\" content=\"M\u00ednimo esfuerzo del Estado hacia los consumidores con el anuncio de una plusval\u00eda de 3 euros por lleno de 50 litros hasta finales de noviembre de 2012, pero \u00bfa qu\u00e9 precio? \u201cLos precios en surtidor bajar\u00e1n hasta 6 c\u00e9ntimos de euro\u201d, anunci\u00f3 el pasado 28 de agosto el ministro de Econom\u00eda y Hacienda, Pierre Moscovici, [&hellip;]\" \/>\n<meta property=\"og:url\" content=\"https:\/\/gregorydamy.niceavocats.fr\/es\/caida-simbolica-de-los-precios-de-los-combustibles-durante-3-meses\/\" \/>\n<meta property=\"og:site_name\" content=\"Soci\u00e9t\u00e9 d&#039;avocats Damy\" \/>\n<meta property=\"article:publisher\" content=\"https:\/\/www.facebook.com\/niceavocats.fr\/\" \/>\n<meta property=\"article:published_time\" content=\"2012-08-30T13:22:10+00:00\" \/>\n<meta property=\"article:modified_time\" content=\"2023-05-05T17:04:37+00:00\" \/>\n<meta name=\"author\" content=\"Kevin\" \/>\n<meta name=\"twitter:card\" content=\"summary_large_image\" \/>\n<meta name=\"twitter:label1\" content=\"Escrito por\" \/>\n\t<meta name=\"twitter:data1\" content=\"Kevin\" \/>\n\t<meta name=\"twitter:label2\" content=\"Tiempo de lectura\" \/>\n\t<meta name=\"twitter:data2\" content=\"3 minutos\" \/>\n<script type=\"application\/ld+json\" class=\"yoast-schema-graph\">{\"@context\":\"https:\/\/schema.org\",\"@graph\":[{\"@type\":\"Article\",\"@id\":\"https:\/\/gregorydamy.niceavocats.fr\/es\/caida-simbolica-de-los-precios-de-los-combustibles-durante-3-meses\/#article\",\"isPartOf\":{\"@id\":\"https:\/\/gregorydamy.niceavocats.fr\/es\/caida-simbolica-de-los-precios-de-los-combustibles-durante-3-meses\/\"},\"author\":{\"name\":\"Kevin\",\"@id\":\"https:\/\/gregorydamy.niceavocats.fr\/es\/#\/schema\/person\/e040acb2856efaa1e114d0e7a92a3870\"},\"headline\":\"Ca\u00edda simb\u00f3lica de los precios de los combustibles durante 3 meses\",\"datePublished\":\"2012-08-30T13:22:10+00:00\",\"dateModified\":\"2023-05-05T17:04:37+00:00\",\"mainEntityOfPage\":{\"@id\":\"https:\/\/gregorydamy.niceavocats.fr\/es\/caida-simbolica-de-los-precios-de-los-combustibles-durante-3-meses\/\"},\"wordCount\":960,\"commentCount\":0,\"publisher\":{\"@id\":\"https:\/\/gregorydamy.niceavocats.fr\/es\/#organization\"},\"inLanguage\":\"es\",\"potentialAction\":[{\"@type\":\"CommentAction\",\"name\":\"Comment\",\"target\":[\"https:\/\/gregorydamy.niceavocats.fr\/es\/caida-simbolica-de-los-precios-de-los-combustibles-durante-3-meses\/#respond\"]}]},{\"@type\":\"WebPage\",\"@id\":\"https:\/\/gregorydamy.niceavocats.fr\/es\/caida-simbolica-de-los-precios-de-los-combustibles-durante-3-meses\/\",\"url\":\"https:\/\/gregorydamy.niceavocats.fr\/es\/caida-simbolica-de-los-precios-de-los-combustibles-durante-3-meses\/\",\"name\":\"Ca\u00edda simb\u00f3lica de los precios de los combustibles durante 3 meses - Soci\u00e9t\u00e9 d&#039;avocats Damy\",\"isPartOf\":{\"@id\":\"https:\/\/gregorydamy.niceavocats.fr\/es\/#website\"},\"datePublished\":\"2012-08-30T13:22:10+00:00\",\"dateModified\":\"2023-05-05T17:04:37+00:00\",\"breadcrumb\":{\"@id\":\"https:\/\/gregorydamy.niceavocats.fr\/es\/caida-simbolica-de-los-precios-de-los-combustibles-durante-3-meses\/#breadcrumb\"},\"inLanguage\":\"es\",\"potentialAction\":[{\"@type\":\"ReadAction\",\"target\":[\"https:\/\/gregorydamy.niceavocats.fr\/es\/caida-simbolica-de-los-precios-de-los-combustibles-durante-3-meses\/\"]}]},{\"@type\":\"BreadcrumbList\",\"@id\":\"https:\/\/gregorydamy.niceavocats.fr\/es\/caida-simbolica-de-los-precios-de-los-combustibles-durante-3-meses\/#breadcrumb\",\"itemListElement\":[{\"@type\":\"ListItem\",\"position\":1,\"name\":\"Accueil\",\"item\":\"https:\/\/gregorydamy.niceavocats.fr\/es\/\"},{\"@type\":\"ListItem\",\"position\":2,\"name\":\"Ca\u00edda simb\u00f3lica de los precios de los combustibles durante 3 meses\"}]},{\"@type\":\"WebSite\",\"@id\":\"https:\/\/gregorydamy.niceavocats.fr\/es\/#website\",\"url\":\"https:\/\/gregorydamy.niceavocats.fr\/es\/\",\"name\":\"Soci\u00e9t\u00e9 d&#039;avocats Damy\",\"description\":\"Justice - Confiance - Efficacit\u00e9\",\"publisher\":{\"@id\":\"https:\/\/gregorydamy.niceavocats.fr\/es\/#organization\"},\"potentialAction\":[{\"@type\":\"SearchAction\",\"target\":{\"@type\":\"EntryPoint\",\"urlTemplate\":\"https:\/\/gregorydamy.niceavocats.fr\/es\/?s={search_term_string}\"},\"query-input\":{\"@type\":\"PropertyValueSpecification\",\"valueRequired\":true,\"valueName\":\"search_term_string\"}}],\"inLanguage\":\"es\"},{\"@type\":\"Organization\",\"@id\":\"https:\/\/gregorydamy.niceavocats.fr\/es\/#organization\",\"name\":\"Soci\u00e9t\u00e9 d'Avocats DAMY\",\"alternateName\":\"Gr\u00e9gory DAMY\",\"url\":\"https:\/\/gregorydamy.niceavocats.fr\/es\/\",\"logo\":{\"@type\":\"ImageObject\",\"inLanguage\":\"es\",\"@id\":\"https:\/\/gregorydamy.niceavocats.fr\/es\/#\/schema\/logo\/image\/\",\"url\":\"https:\/\/gregorydamy.niceavocats.fr\/wp-content\/uploads\/2023\/04\/damylogo-1.png\",\"contentUrl\":\"https:\/\/gregorydamy.niceavocats.fr\/wp-content\/uploads\/2023\/04\/damylogo-1.png\",\"width\":1890,\"height\":1417,\"caption\":\"Soci\u00e9t\u00e9 d'Avocats DAMY\"},\"image\":{\"@id\":\"https:\/\/gregorydamy.niceavocats.fr\/es\/#\/schema\/logo\/image\/\"},\"sameAs\":[\"https:\/\/www.facebook.com\/niceavocats.fr\/\"]},{\"@type\":\"Person\",\"@id\":\"https:\/\/gregorydamy.niceavocats.fr\/es\/#\/schema\/person\/e040acb2856efaa1e114d0e7a92a3870\",\"name\":\"Kevin\",\"url\":\"https:\/\/gregorydamy.niceavocats.fr\/es\/author\/kevin\/\"}]}<\/script>\n<!-- \/ Yoast SEO plugin. -->","yoast_head_json":{"title":"Ca\u00edda simb\u00f3lica de los precios de los combustibles durante 3 meses - Soci\u00e9t\u00e9 d&#039;avocats Damy","robots":{"index":"index","follow":"follow","max-snippet":"max-snippet:-1","max-image-preview":"max-image-preview:large","max-video-preview":"max-video-preview:-1"},"canonical":"https:\/\/gregorydamy.niceavocats.fr\/es\/caida-simbolica-de-los-precios-de-los-combustibles-durante-3-meses\/","og_locale":"es_ES","og_type":"article","og_title":"Ca\u00edda simb\u00f3lica de los precios de los combustibles durante 3 meses - Soci\u00e9t\u00e9 d&#039;avocats Damy","og_description":"M\u00ednimo esfuerzo del Estado hacia los consumidores con el anuncio de una plusval\u00eda de 3 euros por lleno de 50 litros hasta finales de noviembre de 2012, pero \u00bfa qu\u00e9 precio? \u201cLos precios en surtidor bajar\u00e1n hasta 6 c\u00e9ntimos de euro\u201d, anunci\u00f3 el pasado 28 de agosto el ministro de Econom\u00eda y Hacienda, Pierre Moscovici, [&hellip;]","og_url":"https:\/\/gregorydamy.niceavocats.fr\/es\/caida-simbolica-de-los-precios-de-los-combustibles-durante-3-meses\/","og_site_name":"Soci\u00e9t\u00e9 d&#039;avocats Damy","article_publisher":"https:\/\/www.facebook.com\/niceavocats.fr\/","article_published_time":"2012-08-30T13:22:10+00:00","article_modified_time":"2023-05-05T17:04:37+00:00","author":"Kevin","twitter_card":"summary_large_image","twitter_misc":{"Escrito por":"Kevin","Tiempo de lectura":"3 minutos"},"schema":{"@context":"https:\/\/schema.org","@graph":[{"@type":"Article","@id":"https:\/\/gregorydamy.niceavocats.fr\/es\/caida-simbolica-de-los-precios-de-los-combustibles-durante-3-meses\/#article","isPartOf":{"@id":"https:\/\/gregorydamy.niceavocats.fr\/es\/caida-simbolica-de-los-precios-de-los-combustibles-durante-3-meses\/"},"author":{"name":"Kevin","@id":"https:\/\/gregorydamy.niceavocats.fr\/es\/#\/schema\/person\/e040acb2856efaa1e114d0e7a92a3870"},"headline":"Ca\u00edda simb\u00f3lica de los precios de los combustibles durante 3 meses","datePublished":"2012-08-30T13:22:10+00:00","dateModified":"2023-05-05T17:04:37+00:00","mainEntityOfPage":{"@id":"https:\/\/gregorydamy.niceavocats.fr\/es\/caida-simbolica-de-los-precios-de-los-combustibles-durante-3-meses\/"},"wordCount":960,"commentCount":0,"publisher":{"@id":"https:\/\/gregorydamy.niceavocats.fr\/es\/#organization"},"inLanguage":"es","potentialAction":[{"@type":"CommentAction","name":"Comment","target":["https:\/\/gregorydamy.niceavocats.fr\/es\/caida-simbolica-de-los-precios-de-los-combustibles-durante-3-meses\/#respond"]}]},{"@type":"WebPage","@id":"https:\/\/gregorydamy.niceavocats.fr\/es\/caida-simbolica-de-los-precios-de-los-combustibles-durante-3-meses\/","url":"https:\/\/gregorydamy.niceavocats.fr\/es\/caida-simbolica-de-los-precios-de-los-combustibles-durante-3-meses\/","name":"Ca\u00edda simb\u00f3lica de los precios de los combustibles durante 3 meses - Soci\u00e9t\u00e9 d&#039;avocats Damy","isPartOf":{"@id":"https:\/\/gregorydamy.niceavocats.fr\/es\/#website"},"datePublished":"2012-08-30T13:22:10+00:00","dateModified":"2023-05-05T17:04:37+00:00","breadcrumb":{"@id":"https:\/\/gregorydamy.niceavocats.fr\/es\/caida-simbolica-de-los-precios-de-los-combustibles-durante-3-meses\/#breadcrumb"},"inLanguage":"es","potentialAction":[{"@type":"ReadAction","target":["https:\/\/gregorydamy.niceavocats.fr\/es\/caida-simbolica-de-los-precios-de-los-combustibles-durante-3-meses\/"]}]},{"@type":"BreadcrumbList","@id":"https:\/\/gregorydamy.niceavocats.fr\/es\/caida-simbolica-de-los-precios-de-los-combustibles-durante-3-meses\/#breadcrumb","itemListElement":[{"@type":"ListItem","position":1,"name":"Accueil","item":"https:\/\/gregorydamy.niceavocats.fr\/es\/"},{"@type":"ListItem","position":2,"name":"Ca\u00edda simb\u00f3lica de los precios de los combustibles durante 3 meses"}]},{"@type":"WebSite","@id":"https:\/\/gregorydamy.niceavocats.fr\/es\/#website","url":"https:\/\/gregorydamy.niceavocats.fr\/es\/","name":"Soci\u00e9t\u00e9 d&#039;avocats Damy","description":"Justice - Confiance - Efficacit\u00e9","publisher":{"@id":"https:\/\/gregorydamy.niceavocats.fr\/es\/#organization"},"potentialAction":[{"@type":"SearchAction","target":{"@type":"EntryPoint","urlTemplate":"https:\/\/gregorydamy.niceavocats.fr\/es\/?s={search_term_string}"},"query-input":{"@type":"PropertyValueSpecification","valueRequired":true,"valueName":"search_term_string"}}],"inLanguage":"es"},{"@type":"Organization","@id":"https:\/\/gregorydamy.niceavocats.fr\/es\/#organization","name":"Soci\u00e9t\u00e9 d'Avocats DAMY","alternateName":"Gr\u00e9gory DAMY","url":"https:\/\/gregorydamy.niceavocats.fr\/es\/","logo":{"@type":"ImageObject","inLanguage":"es","@id":"https:\/\/gregorydamy.niceavocats.fr\/es\/#\/schema\/logo\/image\/","url":"https:\/\/gregorydamy.niceavocats.fr\/wp-content\/uploads\/2023\/04\/damylogo-1.png","contentUrl":"https:\/\/gregorydamy.niceavocats.fr\/wp-content\/uploads\/2023\/04\/damylogo-1.png","width":1890,"height":1417,"caption":"Soci\u00e9t\u00e9 d'Avocats DAMY"},"image":{"@id":"https:\/\/gregorydamy.niceavocats.fr\/es\/#\/schema\/logo\/image\/"},"sameAs":["https:\/\/www.facebook.com\/niceavocats.fr\/"]},{"@type":"Person","@id":"https:\/\/gregorydamy.niceavocats.fr\/es\/#\/schema\/person\/e040acb2856efaa1e114d0e7a92a3870","name":"Kevin","url":"https:\/\/gregorydamy.niceavocats.fr\/es\/author\/kevin\/"}]}},"_links":{"self":[{"href":"https:\/\/gregorydamy.niceavocats.fr\/es\/wp-json\/wp\/v2\/posts\/3148","targetHints":{"allow":["GET"]}}],"collection":[{"href":"https:\/\/gregorydamy.niceavocats.fr\/es\/wp-json\/wp\/v2\/posts"}],"about":[{"href":"https:\/\/gregorydamy.niceavocats.fr\/es\/wp-json\/wp\/v2\/types\/post"}],"author":[{"embeddable":true,"href":"https:\/\/gregorydamy.niceavocats.fr\/es\/wp-json\/wp\/v2\/users\/2"}],"replies":[{"embeddable":true,"href":"https:\/\/gregorydamy.niceavocats.fr\/es\/wp-json\/wp\/v2\/comments?post=3148"}],"version-history":[{"count":0,"href":"https:\/\/gregorydamy.niceavocats.fr\/es\/wp-json\/wp\/v2\/posts\/3148\/revisions"}],"wp:attachment":[{"href":"https:\/\/gregorydamy.niceavocats.fr\/es\/wp-json\/wp\/v2\/media?parent=3148"}],"wp:term":[{"taxonomy":"category","embeddable":true,"href":"https:\/\/gregorydamy.niceavocats.fr\/es\/wp-json\/wp\/v2\/categories?post=3148"},{"taxonomy":"post_tag","embeddable":true,"href":"https:\/\/gregorydamy.niceavocats.fr\/es\/wp-json\/wp\/v2\/tags?post=3148"}],"curies":[{"name":"wp","href":"https:\/\/api.w.org\/{rel}","templated":true}]}}