{"id":3125,"date":"2012-08-22T08:47:50","date_gmt":"2012-08-22T08:47:50","guid":{"rendered":"https:\/\/gregorydamy.niceavocats.fr\/?p=3125"},"modified":"2023-08-30T07:55:06","modified_gmt":"2023-08-30T07:55:06","slug":"obligacion-de-reclasificar-a-un-trabajador-declarado-no-apto","status":"publish","type":"post","link":"https:\/\/gregorydamy.niceavocats.fr\/es\/obligacion-de-reclasificar-a-un-trabajador-declarado-no-apto\/","title":{"rendered":"Obligaci\u00f3n de reclasificar a un trabajador declarado no apto"},"content":{"rendered":"<p>[et_pb_section fb_built=&#8221;1&#8243; _builder_version=&#8221;4.19.5&#8243; _module_preset=&#8221;default&#8221; global_colors_info=&#8221;{}&#8221;][et_pb_row column_structure=&#8221;1_3,1_3,1_3&#8243; _builder_version=&#8221;4.19.5&#8243; _module_preset=&#8221;default&#8221; background_enable_mask_style=&#8221;on&#8221; background_mask_style=&#8221;wave&#8221; background_mask_color=&#8221;rgba(0,0,0,0.08)&#8221; custom_padding=&#8221;||6px|||&#8221; locked=&#8221;off&#8221; global_colors_info=&#8221;{}&#8221;][et_pb_column type=&#8221;1_3&#8243; _builder_version=&#8221;4.19.5&#8243; _module_preset=&#8221;default&#8221; global_colors_info=&#8221;{}&#8221;][\/et_pb_column][et_pb_column type=&#8221;1_3&#8243; _builder_version=&#8221;4.19.5&#8243; _module_preset=&#8221;default&#8221; global_colors_info=&#8221;{}&#8221;][\/et_pb_column][et_pb_column type=&#8221;1_3&#8243; _builder_version=&#8221;4.19.5&#8243; _module_preset=&#8221;default&#8221; global_colors_info=&#8221;{}&#8221;][et_pb_circle_counter title=&#8221;Tiempo estimado de lectura (en minutos)&#8221; number=&#8221;1&#8243; percent_sign=&#8221;off&#8221; _builder_version=&#8221;4.19.5&#8243; _module_preset=&#8221;default&#8221; title_font=&#8221;Amiri||||||||&#8221; max_width=&#8221;137px&#8221; global_colors_info=&#8221;{}&#8221;][\/et_pb_circle_counter][\/et_pb_column][\/et_pb_row][et_pb_row _builder_version=&#8221;4.19.5&#8243; _module_preset=&#8221;default&#8221; global_colors_info=&#8221;{}&#8221;][et_pb_column type=&#8221;4_4&#8243; _builder_version=&#8221;4.19.5&#8243; _module_preset=&#8221;default&#8221; global_colors_info=&#8221;{}&#8221;][et_pb_divider _builder_version=&#8221;4.19.5&#8243; _module_preset=&#8221;default&#8221; global_colors_info=&#8221;{}&#8221;][\/et_pb_divider][\/et_pb_column][\/et_pb_row][et_pb_row _builder_version=&#8221;4.19.5&#8243; _module_preset=&#8221;default&#8221; global_colors_info=&#8221;{}&#8221;][et_pb_column type=&#8221;4_4&#8243; _builder_version=&#8221;4.19.5&#8243; _module_preset=&#8221;default&#8221; global_colors_info=&#8221;{}&#8221;][et_pb_image src=&#8221;https:\/\/gregorydamy.niceavocats.fr\/wp-content\/uploads\/2023\/08\/contract-2779509_1280-2.png&#8221; title_text=&#8221;contract-2779509_1280-2&#8243; _builder_version=&#8221;4.21.0&#8243; _module_preset=&#8221;default&#8221; hover_enabled=&#8221;0&#8243; global_colors_info=&#8221;{}&#8221; sticky_enabled=&#8221;0&#8243;][\/et_pb_image][et_pb_text _builder_version=&#8221;4.21.0&#8243; _module_preset=&#8221;default&#8221; text_font=&#8221;Amiri||||||||&#8221; hover_enabled=&#8221;0&#8243; global_colors_info=&#8221;{}&#8221; sticky_enabled=&#8221;0&#8243;]<\/p>\n<p><span class=\"\"><span>La obligaci\u00f3n del empleador de solicitar la\u00a0<\/span><a href=\"https:\/\/travail-emploi.gouv.fr\/emploi-et-insertion\/prevention-maintien-emploi\/salarie-travailleur-independant-ou-agent-public\/dialoguer-avec-son-employeur\/article\/qu-est-ce-qu-un-reclassement-et-a-quel-moment-suis-je-concerne\"><span>reclasificaci\u00f3n de un trabajador declarado no apto<\/span><\/a><span>\u00a0no puede limitarse a un registro realizado despu\u00e9s del primer\u00a0<\/span><\/span><span class=\"\"><span>reconocimiento m\u00e9dico\u00a0<\/span><\/span><span class=\"\"><span>\u00a0.<\/span><\/span><\/p>\n<h2><span>Obligaci\u00f3n del empresario de reasignaci\u00f3n: m\u00e1s all\u00e1 del primer reconocimiento m\u00e9dico: \u2013<\/span><\/h2>\n<p><span>En situaciones en las que un empleado es declarado no apto para su puesto actual, es esencial que el empleador busque activamente oportunidades de reclasificaci\u00f3n.\u00a0Sin embargo, esta obligaci\u00f3n no debe limitarse a un simple registro\u00a0\u00a0<\/span><span>realizado\u00a0<\/span><span>\u00a0tras el reconocimiento m\u00e9dico inicial.<\/span><\/p>\n<p><span>La reclasificaci\u00f3n de un empleado, salvo casos especiales, s\u00f3lo podr\u00e1 decidirse despu\u00e9s de dos reconocimientos m\u00e9dicos realizados por el m\u00e9dico del trabajo.\u00a0Es fundamental tener en cuenta que el empleador s\u00f3lo puede proceder al despido de un empleado no apto despu\u00e9s de haber hecho un esfuerzo real para explorar opciones de reubicaci\u00f3n.\u00a0Incluso si el empresario ofrece soluciones de reclasificaci\u00f3n despu\u00e9s del primer reconocimiento m\u00e9dico, seg\u00fan el Tribunal de Casaci\u00f3n, esto no es suficiente para cumplir con su obligaci\u00f3n.<\/span><\/p>\n<h2><span>No solicitar una reclasificaci\u00f3n: implicaciones para la validez del despido: \u2013<\/span><\/h2>\n<p><span>A case particular pone to relieve the importance of enfoque proactivo del empleador in the reclassification after the second medical examination.\u00a0In this case, an employer offers a report to an employee declared no apto tras el examination inicial, teniendo en cuenta las recomendaciones del m\u00e9dico del trabajo.\u00a0Without embargo, the empleado rechaz\u00f3 este puesto y posteriormente fue despedido tras la emisi\u00f3n de una second notification de incapacitad por parte del m\u00e9dico del trabajo.\u00a0Surprisingly, the jueces de primera instantiated confirmed the devaluation.<\/span><\/p>\n<p><span>Contrary to the decision of the courts of first instance, the Court of Justice intervened and found its error.\u00a0The Court indicated that the jueces deber\u00edan haber verificado if the employer really hab\u00eda buscado posibilidades de reclassificaci\u00f3n after the second medical examination, that confirmed the incapacitad del empleado.\u00a0Essentially, the Court stated that the employer&#8217;s responsibility to explore reclassification options should persist throughout the trial, including after subsequent medical evaluations.<\/span><\/p>\n<p><span>Esta decisi\u00f3n subraya la importancia de los continuos esfuerzos del empleador para obtener la reclasificaci\u00f3n de los empleados declarados no aptos.\u00a0Subraya que el despido de un trabajador no debe validarse sin preguntar si el empresario ha cumplido su obligaci\u00f3n de explorar las posibilidades de reclasificaci\u00f3n, incluso despu\u00e9s de ex\u00e1menes m\u00e9dicos posteriores.\u00a0La decisi\u00f3n del Tribunal tiene como objetivo garantizar que los empleadores no despidan a sus empleados prematuramente sin explorar adecuadamente opciones para satisfacer sus necesidades dentro de la organizaci\u00f3n.\u00a0<\/span><\/p>\n<p><a href=\"https:\/\/gregorydamy.niceavocats.fr\/\"><span>Bufete de abogados DAMY<\/span><\/a><span>\u00a0. \u00a0<\/span><\/p>\n<p>[\/et_pb_text][et_pb_divider _builder_version=&#8221;4.19.5&#8243; _module_preset=&#8221;default&#8221; global_colors_info=&#8221;{}&#8221;][\/et_pb_divider][\/et_pb_column][\/et_pb_row][\/et_pb_section]<\/p>\n","protected":false},"excerpt":{"rendered":"<p>La obligaci\u00f3n del empleador de solicitar la\u00a0reclasificaci\u00f3n de un trabajador declarado no apto\u00a0no puede limitarse a un registro realizado despu\u00e9s del primer\u00a0reconocimiento m\u00e9dico\u00a0\u00a0. Obligaci\u00f3n del empresario de reasignaci\u00f3n: m\u00e1s all\u00e1 del primer reconocimiento m\u00e9dico: \u2013 En situaciones en las que un empleado es declarado no apto para su puesto actual, es esencial que el empleador [&hellip;]<\/p>\n","protected":false},"author":2,"featured_media":0,"comment_status":"open","ping_status":"open","sticky":false,"template":"","format":"standard","meta":{"_et_pb_use_builder":"on","_et_pb_old_content":"","_et_gb_content_width":"","footnotes":""},"categories":[325],"tags":[],"class_list":["post-3125","post","type-post","status-publish","format-standard","hentry","category-derecho-laboral"],"yoast_head":"<!-- This site is optimized with the Yoast SEO plugin v26.8 - https:\/\/yoast.com\/product\/yoast-seo-wordpress\/ -->\n<title>Obligaci\u00f3n de reclasificar a un trabajador declarado no apto - Soci\u00e9t\u00e9 d&#039;avocats Damy<\/title>\n<meta name=\"description\" content=\"Obligaci\u00f3n de reclasificar a un trabajador declarado no apto del empleador de solicitar la reclasificaci\u00f3n de un trabajador declarado no\" \/>\n<meta name=\"robots\" content=\"index, follow, max-snippet:-1, max-image-preview:large, max-video-preview:-1\" \/>\n<link rel=\"canonical\" href=\"https:\/\/gregorydamy.niceavocats.fr\/es\/obligacion-de-reclasificar-a-un-trabajador-declarado-no-apto\/\" \/>\n<meta property=\"og:locale\" content=\"es_ES\" \/>\n<meta property=\"og:type\" content=\"article\" \/>\n<meta property=\"og:title\" content=\"Obligaci\u00f3n de reclasificar a un trabajador declarado no apto - Soci\u00e9t\u00e9 d&#039;avocats Damy\" \/>\n<meta property=\"og:description\" content=\"Obligaci\u00f3n de reclasificar a un trabajador declarado no apto del empleador de solicitar la reclasificaci\u00f3n de un trabajador declarado no\" \/>\n<meta property=\"og:url\" content=\"https:\/\/gregorydamy.niceavocats.fr\/es\/obligacion-de-reclasificar-a-un-trabajador-declarado-no-apto\/\" \/>\n<meta property=\"og:site_name\" content=\"Soci\u00e9t\u00e9 d&#039;avocats Damy\" \/>\n<meta property=\"article:publisher\" content=\"https:\/\/www.facebook.com\/niceavocats.fr\/\" \/>\n<meta property=\"article:published_time\" content=\"2012-08-22T08:47:50+00:00\" \/>\n<meta property=\"article:modified_time\" content=\"2023-08-30T07:55:06+00:00\" \/>\n<meta name=\"author\" content=\"Kevin\" \/>\n<meta name=\"twitter:card\" content=\"summary_large_image\" \/>\n<meta name=\"twitter:label1\" content=\"Escrito por\" \/>\n\t<meta name=\"twitter:data1\" content=\"Kevin\" \/>\n\t<meta name=\"twitter:label2\" content=\"Tiempo de lectura\" \/>\n\t<meta name=\"twitter:data2\" content=\"3 minutos\" \/>\n<script type=\"application\/ld+json\" class=\"yoast-schema-graph\">{\"@context\":\"https:\/\/schema.org\",\"@graph\":[{\"@type\":\"Article\",\"@id\":\"https:\/\/gregorydamy.niceavocats.fr\/es\/obligacion-de-reclasificar-a-un-trabajador-declarado-no-apto\/#article\",\"isPartOf\":{\"@id\":\"https:\/\/gregorydamy.niceavocats.fr\/es\/obligacion-de-reclasificar-a-un-trabajador-declarado-no-apto\/\"},\"author\":{\"name\":\"Kevin\",\"@id\":\"https:\/\/gregorydamy.niceavocats.fr\/es\/#\/schema\/person\/e040acb2856efaa1e114d0e7a92a3870\"},\"headline\":\"Obligaci\u00f3n de reclasificar a un trabajador declarado no apto\",\"datePublished\":\"2012-08-22T08:47:50+00:00\",\"dateModified\":\"2023-08-30T07:55:06+00:00\",\"mainEntityOfPage\":{\"@id\":\"https:\/\/gregorydamy.niceavocats.fr\/es\/obligacion-de-reclasificar-a-un-trabajador-declarado-no-apto\/\"},\"wordCount\":725,\"commentCount\":0,\"publisher\":{\"@id\":\"https:\/\/gregorydamy.niceavocats.fr\/es\/#organization\"},\"articleSection\":[\"Derecho laboral\"],\"inLanguage\":\"es\",\"potentialAction\":[{\"@type\":\"CommentAction\",\"name\":\"Comment\",\"target\":[\"https:\/\/gregorydamy.niceavocats.fr\/es\/obligacion-de-reclasificar-a-un-trabajador-declarado-no-apto\/#respond\"]}]},{\"@type\":\"WebPage\",\"@id\":\"https:\/\/gregorydamy.niceavocats.fr\/es\/obligacion-de-reclasificar-a-un-trabajador-declarado-no-apto\/\",\"url\":\"https:\/\/gregorydamy.niceavocats.fr\/es\/obligacion-de-reclasificar-a-un-trabajador-declarado-no-apto\/\",\"name\":\"Obligaci\u00f3n de reclasificar a un trabajador declarado no apto - Soci\u00e9t\u00e9 d&#039;avocats Damy\",\"isPartOf\":{\"@id\":\"https:\/\/gregorydamy.niceavocats.fr\/es\/#website\"},\"datePublished\":\"2012-08-22T08:47:50+00:00\",\"dateModified\":\"2023-08-30T07:55:06+00:00\",\"description\":\"Obligaci\u00f3n de reclasificar a un trabajador declarado no apto del empleador de solicitar la reclasificaci\u00f3n de un trabajador declarado no\",\"breadcrumb\":{\"@id\":\"https:\/\/gregorydamy.niceavocats.fr\/es\/obligacion-de-reclasificar-a-un-trabajador-declarado-no-apto\/#breadcrumb\"},\"inLanguage\":\"es\",\"potentialAction\":[{\"@type\":\"ReadAction\",\"target\":[\"https:\/\/gregorydamy.niceavocats.fr\/es\/obligacion-de-reclasificar-a-un-trabajador-declarado-no-apto\/\"]}]},{\"@type\":\"BreadcrumbList\",\"@id\":\"https:\/\/gregorydamy.niceavocats.fr\/es\/obligacion-de-reclasificar-a-un-trabajador-declarado-no-apto\/#breadcrumb\",\"itemListElement\":[{\"@type\":\"ListItem\",\"position\":1,\"name\":\"Accueil\",\"item\":\"https:\/\/gregorydamy.niceavocats.fr\/es\/\"},{\"@type\":\"ListItem\",\"position\":2,\"name\":\"Obligaci\u00f3n de reclasificar a un trabajador declarado no apto\"}]},{\"@type\":\"WebSite\",\"@id\":\"https:\/\/gregorydamy.niceavocats.fr\/es\/#website\",\"url\":\"https:\/\/gregorydamy.niceavocats.fr\/es\/\",\"name\":\"Soci\u00e9t\u00e9 d&#039;avocats Damy\",\"description\":\"Justice - Confiance - Efficacit\u00e9\",\"publisher\":{\"@id\":\"https:\/\/gregorydamy.niceavocats.fr\/es\/#organization\"},\"potentialAction\":[{\"@type\":\"SearchAction\",\"target\":{\"@type\":\"EntryPoint\",\"urlTemplate\":\"https:\/\/gregorydamy.niceavocats.fr\/es\/?s={search_term_string}\"},\"query-input\":{\"@type\":\"PropertyValueSpecification\",\"valueRequired\":true,\"valueName\":\"search_term_string\"}}],\"inLanguage\":\"es\"},{\"@type\":\"Organization\",\"@id\":\"https:\/\/gregorydamy.niceavocats.fr\/es\/#organization\",\"name\":\"Soci\u00e9t\u00e9 d'Avocats DAMY\",\"alternateName\":\"Gr\u00e9gory DAMY\",\"url\":\"https:\/\/gregorydamy.niceavocats.fr\/es\/\",\"logo\":{\"@type\":\"ImageObject\",\"inLanguage\":\"es\",\"@id\":\"https:\/\/gregorydamy.niceavocats.fr\/es\/#\/schema\/logo\/image\/\",\"url\":\"https:\/\/gregorydamy.niceavocats.fr\/wp-content\/uploads\/2023\/04\/damylogo-1.png\",\"contentUrl\":\"https:\/\/gregorydamy.niceavocats.fr\/wp-content\/uploads\/2023\/04\/damylogo-1.png\",\"width\":1890,\"height\":1417,\"caption\":\"Soci\u00e9t\u00e9 d'Avocats DAMY\"},\"image\":{\"@id\":\"https:\/\/gregorydamy.niceavocats.fr\/es\/#\/schema\/logo\/image\/\"},\"sameAs\":[\"https:\/\/www.facebook.com\/niceavocats.fr\/\"]},{\"@type\":\"Person\",\"@id\":\"https:\/\/gregorydamy.niceavocats.fr\/es\/#\/schema\/person\/e040acb2856efaa1e114d0e7a92a3870\",\"name\":\"Kevin\",\"url\":\"https:\/\/gregorydamy.niceavocats.fr\/es\/author\/kevin\/\"}]}<\/script>\n<!-- \/ Yoast SEO plugin. -->","yoast_head_json":{"title":"Obligaci\u00f3n de reclasificar a un trabajador declarado no apto - Soci\u00e9t\u00e9 d&#039;avocats Damy","description":"Obligaci\u00f3n de reclasificar a un trabajador declarado no apto del empleador de solicitar la reclasificaci\u00f3n de un trabajador declarado no","robots":{"index":"index","follow":"follow","max-snippet":"max-snippet:-1","max-image-preview":"max-image-preview:large","max-video-preview":"max-video-preview:-1"},"canonical":"https:\/\/gregorydamy.niceavocats.fr\/es\/obligacion-de-reclasificar-a-un-trabajador-declarado-no-apto\/","og_locale":"es_ES","og_type":"article","og_title":"Obligaci\u00f3n de reclasificar a un trabajador declarado no apto - Soci\u00e9t\u00e9 d&#039;avocats Damy","og_description":"Obligaci\u00f3n de reclasificar a un trabajador declarado no apto del empleador de solicitar la reclasificaci\u00f3n de un trabajador declarado no","og_url":"https:\/\/gregorydamy.niceavocats.fr\/es\/obligacion-de-reclasificar-a-un-trabajador-declarado-no-apto\/","og_site_name":"Soci\u00e9t\u00e9 d&#039;avocats Damy","article_publisher":"https:\/\/www.facebook.com\/niceavocats.fr\/","article_published_time":"2012-08-22T08:47:50+00:00","article_modified_time":"2023-08-30T07:55:06+00:00","author":"Kevin","twitter_card":"summary_large_image","twitter_misc":{"Escrito por":"Kevin","Tiempo de lectura":"3 minutos"},"schema":{"@context":"https:\/\/schema.org","@graph":[{"@type":"Article","@id":"https:\/\/gregorydamy.niceavocats.fr\/es\/obligacion-de-reclasificar-a-un-trabajador-declarado-no-apto\/#article","isPartOf":{"@id":"https:\/\/gregorydamy.niceavocats.fr\/es\/obligacion-de-reclasificar-a-un-trabajador-declarado-no-apto\/"},"author":{"name":"Kevin","@id":"https:\/\/gregorydamy.niceavocats.fr\/es\/#\/schema\/person\/e040acb2856efaa1e114d0e7a92a3870"},"headline":"Obligaci\u00f3n de reclasificar a un trabajador declarado no apto","datePublished":"2012-08-22T08:47:50+00:00","dateModified":"2023-08-30T07:55:06+00:00","mainEntityOfPage":{"@id":"https:\/\/gregorydamy.niceavocats.fr\/es\/obligacion-de-reclasificar-a-un-trabajador-declarado-no-apto\/"},"wordCount":725,"commentCount":0,"publisher":{"@id":"https:\/\/gregorydamy.niceavocats.fr\/es\/#organization"},"articleSection":["Derecho laboral"],"inLanguage":"es","potentialAction":[{"@type":"CommentAction","name":"Comment","target":["https:\/\/gregorydamy.niceavocats.fr\/es\/obligacion-de-reclasificar-a-un-trabajador-declarado-no-apto\/#respond"]}]},{"@type":"WebPage","@id":"https:\/\/gregorydamy.niceavocats.fr\/es\/obligacion-de-reclasificar-a-un-trabajador-declarado-no-apto\/","url":"https:\/\/gregorydamy.niceavocats.fr\/es\/obligacion-de-reclasificar-a-un-trabajador-declarado-no-apto\/","name":"Obligaci\u00f3n de reclasificar a un trabajador declarado no apto - Soci\u00e9t\u00e9 d&#039;avocats Damy","isPartOf":{"@id":"https:\/\/gregorydamy.niceavocats.fr\/es\/#website"},"datePublished":"2012-08-22T08:47:50+00:00","dateModified":"2023-08-30T07:55:06+00:00","description":"Obligaci\u00f3n de reclasificar a un trabajador declarado no apto del empleador de solicitar la reclasificaci\u00f3n de un trabajador declarado no","breadcrumb":{"@id":"https:\/\/gregorydamy.niceavocats.fr\/es\/obligacion-de-reclasificar-a-un-trabajador-declarado-no-apto\/#breadcrumb"},"inLanguage":"es","potentialAction":[{"@type":"ReadAction","target":["https:\/\/gregorydamy.niceavocats.fr\/es\/obligacion-de-reclasificar-a-un-trabajador-declarado-no-apto\/"]}]},{"@type":"BreadcrumbList","@id":"https:\/\/gregorydamy.niceavocats.fr\/es\/obligacion-de-reclasificar-a-un-trabajador-declarado-no-apto\/#breadcrumb","itemListElement":[{"@type":"ListItem","position":1,"name":"Accueil","item":"https:\/\/gregorydamy.niceavocats.fr\/es\/"},{"@type":"ListItem","position":2,"name":"Obligaci\u00f3n de reclasificar a un trabajador declarado no apto"}]},{"@type":"WebSite","@id":"https:\/\/gregorydamy.niceavocats.fr\/es\/#website","url":"https:\/\/gregorydamy.niceavocats.fr\/es\/","name":"Soci\u00e9t\u00e9 d&#039;avocats Damy","description":"Justice - Confiance - Efficacit\u00e9","publisher":{"@id":"https:\/\/gregorydamy.niceavocats.fr\/es\/#organization"},"potentialAction":[{"@type":"SearchAction","target":{"@type":"EntryPoint","urlTemplate":"https:\/\/gregorydamy.niceavocats.fr\/es\/?s={search_term_string}"},"query-input":{"@type":"PropertyValueSpecification","valueRequired":true,"valueName":"search_term_string"}}],"inLanguage":"es"},{"@type":"Organization","@id":"https:\/\/gregorydamy.niceavocats.fr\/es\/#organization","name":"Soci\u00e9t\u00e9 d'Avocats DAMY","alternateName":"Gr\u00e9gory DAMY","url":"https:\/\/gregorydamy.niceavocats.fr\/es\/","logo":{"@type":"ImageObject","inLanguage":"es","@id":"https:\/\/gregorydamy.niceavocats.fr\/es\/#\/schema\/logo\/image\/","url":"https:\/\/gregorydamy.niceavocats.fr\/wp-content\/uploads\/2023\/04\/damylogo-1.png","contentUrl":"https:\/\/gregorydamy.niceavocats.fr\/wp-content\/uploads\/2023\/04\/damylogo-1.png","width":1890,"height":1417,"caption":"Soci\u00e9t\u00e9 d'Avocats DAMY"},"image":{"@id":"https:\/\/gregorydamy.niceavocats.fr\/es\/#\/schema\/logo\/image\/"},"sameAs":["https:\/\/www.facebook.com\/niceavocats.fr\/"]},{"@type":"Person","@id":"https:\/\/gregorydamy.niceavocats.fr\/es\/#\/schema\/person\/e040acb2856efaa1e114d0e7a92a3870","name":"Kevin","url":"https:\/\/gregorydamy.niceavocats.fr\/es\/author\/kevin\/"}]}},"_links":{"self":[{"href":"https:\/\/gregorydamy.niceavocats.fr\/es\/wp-json\/wp\/v2\/posts\/3125","targetHints":{"allow":["GET"]}}],"collection":[{"href":"https:\/\/gregorydamy.niceavocats.fr\/es\/wp-json\/wp\/v2\/posts"}],"about":[{"href":"https:\/\/gregorydamy.niceavocats.fr\/es\/wp-json\/wp\/v2\/types\/post"}],"author":[{"embeddable":true,"href":"https:\/\/gregorydamy.niceavocats.fr\/es\/wp-json\/wp\/v2\/users\/2"}],"replies":[{"embeddable":true,"href":"https:\/\/gregorydamy.niceavocats.fr\/es\/wp-json\/wp\/v2\/comments?post=3125"}],"version-history":[{"count":0,"href":"https:\/\/gregorydamy.niceavocats.fr\/es\/wp-json\/wp\/v2\/posts\/3125\/revisions"}],"wp:attachment":[{"href":"https:\/\/gregorydamy.niceavocats.fr\/es\/wp-json\/wp\/v2\/media?parent=3125"}],"wp:term":[{"taxonomy":"category","embeddable":true,"href":"https:\/\/gregorydamy.niceavocats.fr\/es\/wp-json\/wp\/v2\/categories?post=3125"},{"taxonomy":"post_tag","embeddable":true,"href":"https:\/\/gregorydamy.niceavocats.fr\/es\/wp-json\/wp\/v2\/tags?post=3125"}],"curies":[{"name":"wp","href":"https:\/\/api.w.org\/{rel}","templated":true}]}}