{"id":3107,"date":"2012-08-31T09:44:15","date_gmt":"2012-08-31T09:44:15","guid":{"rendered":"https:\/\/gregorydamy.niceavocats.fr\/?p=3107"},"modified":"2023-05-05T17:04:50","modified_gmt":"2023-05-05T17:04:50","slug":"retraso-en-la-entrega-del-freebox-sin-culpa-de-free-2","status":"publish","type":"post","link":"https:\/\/gregorydamy.niceavocats.fr\/es\/retraso-en-la-entrega-del-freebox-sin-culpa-de-free-2\/","title":{"rendered":"Retraso en la entrega del Freebox: sin culpa de Free"},"content":{"rendered":"<p>[et_pb_section fb_built=&#8221;1&#8243; admin_label=&#8221;section&#8221; _builder_version=&#8221;4.19.5&#8243; custom_margin=&#8221;||0px||false|false&#8221; custom_padding=&#8221;||0px||false|false&#8221; locked=&#8221;off&#8221; global_colors_info=&#8221;{}&#8221; theme_builder_area=&#8221;post_content&#8221;][et_pb_row column_structure=&#8221;1_3,1_3,1_3&#8243; _builder_version=&#8221;4.19.5&#8243; _module_preset=&#8221;default&#8221; background_enable_mask_style=&#8221;on&#8221; background_mask_style=&#8221;wave&#8221; background_mask_color=&#8221;rgba(0,0,0,0.08)&#8221; custom_padding=&#8221;||6px|||&#8221; locked=&#8221;off&#8221; global_colors_info=&#8221;{}&#8221; theme_builder_area=&#8221;et_header_layout&#8221;][et_pb_column type=&#8221;1_3&#8243; _builder_version=&#8221;4.19.5&#8243; _module_preset=&#8221;default&#8221; global_colors_info=&#8221;{}&#8221; theme_builder_area=&#8221;et_header_layout&#8221;][\/et_pb_column][et_pb_column type=&#8221;1_3&#8243; _builder_version=&#8221;4.19.5&#8243; _module_preset=&#8221;default&#8221; global_colors_info=&#8221;{}&#8221; theme_builder_area=&#8221;et_header_layout&#8221;][\/et_pb_column][et_pb_column type=&#8221;1_3&#8243; _builder_version=&#8221;4.19.5&#8243; _module_preset=&#8221;default&#8221; global_colors_info=&#8221;{}&#8221; theme_builder_area=&#8221;et_header_layout&#8221;][et_pb_circle_counter title=&#8221;Tiempo estimado de lectura (en minutos)&#8221; number=&#8221;2&#8243; percent_sign=&#8221;off&#8221; _builder_version=&#8221;4.20.2&#8243; _module_preset=&#8221;default&#8221; title_font=&#8221;Amiri||||||||&#8221; max_width=&#8221;137px&#8221; hover_enabled=&#8221;0&#8243; global_colors_info=&#8221;{}&#8221; theme_builder_area=&#8221;et_header_layout&#8221; sticky_enabled=&#8221;0&#8243;][\/et_pb_circle_counter][\/et_pb_column][\/et_pb_row][et_pb_row _builder_version=&#8221;4.19.5&#8243; _module_preset=&#8221;default&#8221; custom_margin=&#8221;||0px||false|false&#8221; custom_padding=&#8221;||0px||false|false&#8221; global_colors_info=&#8221;{}&#8221; theme_builder_area=&#8221;et_header_layout&#8221;][et_pb_column type=&#8221;4_4&#8243; _builder_version=&#8221;4.19.5&#8243; _module_preset=&#8221;default&#8221; global_colors_info=&#8221;{}&#8221; theme_builder_area=&#8221;et_header_layout&#8221;][et_pb_divider _builder_version=&#8221;4.19.5&#8243; _module_preset=&#8221;default&#8221; global_colors_info=&#8221;{}&#8221; theme_builder_area=&#8221;et_header_layout&#8221;][\/et_pb_divider][\/et_pb_column][\/et_pb_row][et_pb_row admin_label=&#8221;row&#8221; _builder_version=&#8221;4.16&#8243; background_size=&#8221;initial&#8221; background_position=&#8221;top_left&#8221; background_repeat=&#8221;repeat&#8221; global_colors_info=&#8221;{}&#8221; theme_builder_area=&#8221;et_header_layout&#8221;][et_pb_column type=&#8221;4_4&#8243; _builder_version=&#8221;4.16&#8243; custom_padding=&#8221;|||&#8221; global_colors_info=&#8221;{}&#8221; custom_padding__hover=&#8221;|||&#8221; theme_builder_area=&#8221;et_header_layout&#8221;][et_pb_text admin_label=&#8221;Text&#8221; _builder_version=&#8221;4.20.2&#8243; text_font=&#8221;Amiri||||||||&#8221; text_font_size=&#8221;20px&#8221; header_2_font=&#8221;Amiri||||||||&#8221; header_3_font=&#8221;Amiri||||||||&#8221; background_size=&#8221;initial&#8221; background_position=&#8221;top_left&#8221; background_repeat=&#8221;repeat&#8221; hover_enabled=&#8221;0&#8243; global_colors_info=&#8221;{}&#8221; theme_builder_area=&#8221;et_header_layout&#8221; sticky_enabled=&#8221;0&#8243;]<\/p>\n<div class=\"entry-content\">\n<h2>S\u2019appuyant sur les conditions g\u00e9n\u00e9rales de vente de Free, le tribunal d\u2019instance de Lyon a estim\u00e9 que Free n\u2019avait commis aucune faute en livrant la Free V6 plus de quatre mois apr\u00e8s la commande.<\/h2>\n<p>Dans son jugement du 29 juin 2012, le juge estime qu\u2019au vu de ses obligations contractuelles, le fournisseur d\u2019acc\u00e8s n\u2019\u00e9tait tenu par aucun d\u00e9lai. Il \u00e9tait pr\u00e9vu que le modem \u00e9tait mis \u00e0 la disposition des abonn\u00e9s \u00ab sous r\u00e9serve d\u2019\u00e9ligibilit\u00e9 et de disponibilit\u00e9 \u00bb. L\u2019abonn\u00e9 avait \u00e9t\u00e9 inform\u00e9 par email ou sur le site de Free que le nombre de livraison \u00e9tait limit\u00e9 en raison des difficult\u00e9s de fabrication et d\u2019acheminement occasionn\u00e9es par la catastrophe de Fukushima et que le d\u00e9lai pourrait atteindre plusieurs mois.<br \/>Le juge rejette par ailleurs la demande d\u2019indemnisation de l\u2019abonn\u00e9 au motif qu\u2019il n\u2019a subi aucun pr\u00e9judice puisqu\u2019il disposait d\u00e9j\u00e0 d\u2019une box et qu\u2019il n\u2019a pas eu \u00e0 souffrir d\u2019une majoration des tarifs.<\/p>\n<p>Soci\u00e9t\u00e9 d\u2019Avocats DAMY<\/p>\n<\/div>\n<p>[\/et_pb_text][\/et_pb_column][\/et_pb_row][et_pb_row _builder_version=&#8221;4.19.5&#8243; _module_preset=&#8221;default&#8221; custom_margin=&#8221;||0px||false|false&#8221; custom_padding=&#8221;||0px||false|false&#8221; global_colors_info=&#8221;{}&#8221; theme_builder_area=&#8221;et_header_layout&#8221;][et_pb_column type=&#8221;4_4&#8243; _builder_version=&#8221;4.19.5&#8243; _module_preset=&#8221;default&#8221; global_colors_info=&#8221;{}&#8221; theme_builder_area=&#8221;et_header_layout&#8221;][et_pb_divider _builder_version=&#8221;4.19.5&#8243; _module_preset=&#8221;default&#8221; global_colors_info=&#8221;{}&#8221; theme_builder_area=&#8221;et_header_layout&#8221;][\/et_pb_divider][\/et_pb_column][\/et_pb_row][\/et_pb_section]<\/p>\n","protected":false},"excerpt":{"rendered":"<p>S\u2019appuyant sur les conditions g\u00e9n\u00e9rales de vente de Free, le tribunal d\u2019instance de Lyon a estim\u00e9 que Free n\u2019avait commis aucune faute en livrant la Free V6 plus de quatre mois apr\u00e8s la commande. Dans son jugement du 29 juin 2012, le juge estime qu\u2019au vu de ses obligations contractuelles, le fournisseur d\u2019acc\u00e8s n\u2019\u00e9tait tenu [&hellip;]<\/p>\n","protected":false},"author":2,"featured_media":0,"comment_status":"open","ping_status":"open","sticky":false,"template":"","format":"standard","meta":{"_et_pb_use_builder":"on","_et_pb_old_content":"","_et_gb_content_width":"","footnotes":""},"categories":[],"tags":[],"class_list":["post-3107","post","type-post","status-publish","format-standard","hentry"],"yoast_head":"<!-- This site is optimized with the Yoast SEO plugin v26.8 - https:\/\/yoast.com\/product\/yoast-seo-wordpress\/ -->\n<title>Retraso en la entrega del Freebox: sin culpa de Free - Soci\u00e9t\u00e9 d&#039;avocats Damy<\/title>\n<meta name=\"robots\" content=\"index, follow, max-snippet:-1, max-image-preview:large, max-video-preview:-1\" \/>\n<link rel=\"canonical\" href=\"https:\/\/gregorydamy.niceavocats.fr\/es\/retraso-en-la-entrega-del-freebox-sin-culpa-de-free-2\/\" \/>\n<meta property=\"og:locale\" content=\"es_ES\" \/>\n<meta property=\"og:type\" content=\"article\" \/>\n<meta property=\"og:title\" content=\"Retraso en la entrega del Freebox: sin culpa de Free - Soci\u00e9t\u00e9 d&#039;avocats Damy\" \/>\n<meta property=\"og:description\" content=\"S\u2019appuyant sur les conditions g\u00e9n\u00e9rales de vente de Free, le tribunal d\u2019instance de Lyon a estim\u00e9 que Free n\u2019avait commis aucune faute en livrant la Free V6 plus de quatre mois apr\u00e8s la commande. Dans son jugement du 29 juin 2012, le juge estime qu\u2019au vu de ses obligations contractuelles, le fournisseur d\u2019acc\u00e8s n\u2019\u00e9tait tenu [&hellip;]\" \/>\n<meta property=\"og:url\" content=\"https:\/\/gregorydamy.niceavocats.fr\/es\/retraso-en-la-entrega-del-freebox-sin-culpa-de-free-2\/\" \/>\n<meta property=\"og:site_name\" content=\"Soci\u00e9t\u00e9 d&#039;avocats Damy\" \/>\n<meta property=\"article:publisher\" content=\"https:\/\/www.facebook.com\/niceavocats.fr\/\" \/>\n<meta property=\"article:published_time\" content=\"2012-08-31T09:44:15+00:00\" \/>\n<meta property=\"article:modified_time\" content=\"2023-05-05T17:04:50+00:00\" \/>\n<meta name=\"author\" content=\"Kevin\" \/>\n<meta name=\"twitter:card\" content=\"summary_large_image\" \/>\n<meta name=\"twitter:label1\" content=\"Escrito por\" \/>\n\t<meta name=\"twitter:data1\" content=\"Kevin\" \/>\n<script type=\"application\/ld+json\" class=\"yoast-schema-graph\">{\"@context\":\"https:\/\/schema.org\",\"@graph\":[{\"@type\":\"Article\",\"@id\":\"https:\/\/gregorydamy.niceavocats.fr\/es\/retraso-en-la-entrega-del-freebox-sin-culpa-de-free-2\/#article\",\"isPartOf\":{\"@id\":\"https:\/\/gregorydamy.niceavocats.fr\/es\/retraso-en-la-entrega-del-freebox-sin-culpa-de-free-2\/\"},\"author\":{\"name\":\"Kevin\",\"@id\":\"https:\/\/gregorydamy.niceavocats.fr\/es\/#\/schema\/person\/e040acb2856efaa1e114d0e7a92a3870\"},\"headline\":\"Retraso en la entrega del Freebox: sin culpa de Free\",\"datePublished\":\"2012-08-31T09:44:15+00:00\",\"dateModified\":\"2023-05-05T17:04:50+00:00\",\"mainEntityOfPage\":{\"@id\":\"https:\/\/gregorydamy.niceavocats.fr\/es\/retraso-en-la-entrega-del-freebox-sin-culpa-de-free-2\/\"},\"wordCount\":614,\"commentCount\":0,\"publisher\":{\"@id\":\"https:\/\/gregorydamy.niceavocats.fr\/es\/#organization\"},\"inLanguage\":\"es\",\"potentialAction\":[{\"@type\":\"CommentAction\",\"name\":\"Comment\",\"target\":[\"https:\/\/gregorydamy.niceavocats.fr\/es\/retraso-en-la-entrega-del-freebox-sin-culpa-de-free-2\/#respond\"]}]},{\"@type\":\"WebPage\",\"@id\":\"https:\/\/gregorydamy.niceavocats.fr\/es\/retraso-en-la-entrega-del-freebox-sin-culpa-de-free-2\/\",\"url\":\"https:\/\/gregorydamy.niceavocats.fr\/es\/retraso-en-la-entrega-del-freebox-sin-culpa-de-free-2\/\",\"name\":\"Retraso en la entrega del Freebox: sin culpa de Free - Soci\u00e9t\u00e9 d&#039;avocats Damy\",\"isPartOf\":{\"@id\":\"https:\/\/gregorydamy.niceavocats.fr\/es\/#website\"},\"datePublished\":\"2012-08-31T09:44:15+00:00\",\"dateModified\":\"2023-05-05T17:04:50+00:00\",\"breadcrumb\":{\"@id\":\"https:\/\/gregorydamy.niceavocats.fr\/es\/retraso-en-la-entrega-del-freebox-sin-culpa-de-free-2\/#breadcrumb\"},\"inLanguage\":\"es\",\"potentialAction\":[{\"@type\":\"ReadAction\",\"target\":[\"https:\/\/gregorydamy.niceavocats.fr\/es\/retraso-en-la-entrega-del-freebox-sin-culpa-de-free-2\/\"]}]},{\"@type\":\"BreadcrumbList\",\"@id\":\"https:\/\/gregorydamy.niceavocats.fr\/es\/retraso-en-la-entrega-del-freebox-sin-culpa-de-free-2\/#breadcrumb\",\"itemListElement\":[{\"@type\":\"ListItem\",\"position\":1,\"name\":\"Accueil\",\"item\":\"https:\/\/gregorydamy.niceavocats.fr\/es\/\"},{\"@type\":\"ListItem\",\"position\":2,\"name\":\"Retraso en la entrega del Freebox: sin culpa de Free\"}]},{\"@type\":\"WebSite\",\"@id\":\"https:\/\/gregorydamy.niceavocats.fr\/es\/#website\",\"url\":\"https:\/\/gregorydamy.niceavocats.fr\/es\/\",\"name\":\"Soci\u00e9t\u00e9 d&#039;avocats Damy\",\"description\":\"Justice - Confiance - Efficacit\u00e9\",\"publisher\":{\"@id\":\"https:\/\/gregorydamy.niceavocats.fr\/es\/#organization\"},\"potentialAction\":[{\"@type\":\"SearchAction\",\"target\":{\"@type\":\"EntryPoint\",\"urlTemplate\":\"https:\/\/gregorydamy.niceavocats.fr\/es\/?s={search_term_string}\"},\"query-input\":{\"@type\":\"PropertyValueSpecification\",\"valueRequired\":true,\"valueName\":\"search_term_string\"}}],\"inLanguage\":\"es\"},{\"@type\":\"Organization\",\"@id\":\"https:\/\/gregorydamy.niceavocats.fr\/es\/#organization\",\"name\":\"Soci\u00e9t\u00e9 d'Avocats DAMY\",\"alternateName\":\"Gr\u00e9gory DAMY\",\"url\":\"https:\/\/gregorydamy.niceavocats.fr\/es\/\",\"logo\":{\"@type\":\"ImageObject\",\"inLanguage\":\"es\",\"@id\":\"https:\/\/gregorydamy.niceavocats.fr\/es\/#\/schema\/logo\/image\/\",\"url\":\"https:\/\/gregorydamy.niceavocats.fr\/wp-content\/uploads\/2023\/04\/damylogo-1.png\",\"contentUrl\":\"https:\/\/gregorydamy.niceavocats.fr\/wp-content\/uploads\/2023\/04\/damylogo-1.png\",\"width\":1890,\"height\":1417,\"caption\":\"Soci\u00e9t\u00e9 d'Avocats DAMY\"},\"image\":{\"@id\":\"https:\/\/gregorydamy.niceavocats.fr\/es\/#\/schema\/logo\/image\/\"},\"sameAs\":[\"https:\/\/www.facebook.com\/niceavocats.fr\/\"]},{\"@type\":\"Person\",\"@id\":\"https:\/\/gregorydamy.niceavocats.fr\/es\/#\/schema\/person\/e040acb2856efaa1e114d0e7a92a3870\",\"name\":\"Kevin\",\"url\":\"https:\/\/gregorydamy.niceavocats.fr\/es\/author\/kevin\/\"}]}<\/script>\n<!-- \/ Yoast SEO plugin. -->","yoast_head_json":{"title":"Retraso en la entrega del Freebox: sin culpa de Free - Soci\u00e9t\u00e9 d&#039;avocats Damy","robots":{"index":"index","follow":"follow","max-snippet":"max-snippet:-1","max-image-preview":"max-image-preview:large","max-video-preview":"max-video-preview:-1"},"canonical":"https:\/\/gregorydamy.niceavocats.fr\/es\/retraso-en-la-entrega-del-freebox-sin-culpa-de-free-2\/","og_locale":"es_ES","og_type":"article","og_title":"Retraso en la entrega del Freebox: sin culpa de Free - Soci\u00e9t\u00e9 d&#039;avocats Damy","og_description":"S\u2019appuyant sur les conditions g\u00e9n\u00e9rales de vente de Free, le tribunal d\u2019instance de Lyon a estim\u00e9 que Free n\u2019avait commis aucune faute en livrant la Free V6 plus de quatre mois apr\u00e8s la commande. Dans son jugement du 29 juin 2012, le juge estime qu\u2019au vu de ses obligations contractuelles, le fournisseur d\u2019acc\u00e8s n\u2019\u00e9tait tenu [&hellip;]","og_url":"https:\/\/gregorydamy.niceavocats.fr\/es\/retraso-en-la-entrega-del-freebox-sin-culpa-de-free-2\/","og_site_name":"Soci\u00e9t\u00e9 d&#039;avocats Damy","article_publisher":"https:\/\/www.facebook.com\/niceavocats.fr\/","article_published_time":"2012-08-31T09:44:15+00:00","article_modified_time":"2023-05-05T17:04:50+00:00","author":"Kevin","twitter_card":"summary_large_image","twitter_misc":{"Escrito por":"Kevin"},"schema":{"@context":"https:\/\/schema.org","@graph":[{"@type":"Article","@id":"https:\/\/gregorydamy.niceavocats.fr\/es\/retraso-en-la-entrega-del-freebox-sin-culpa-de-free-2\/#article","isPartOf":{"@id":"https:\/\/gregorydamy.niceavocats.fr\/es\/retraso-en-la-entrega-del-freebox-sin-culpa-de-free-2\/"},"author":{"name":"Kevin","@id":"https:\/\/gregorydamy.niceavocats.fr\/es\/#\/schema\/person\/e040acb2856efaa1e114d0e7a92a3870"},"headline":"Retraso en la entrega del Freebox: sin culpa de Free","datePublished":"2012-08-31T09:44:15+00:00","dateModified":"2023-05-05T17:04:50+00:00","mainEntityOfPage":{"@id":"https:\/\/gregorydamy.niceavocats.fr\/es\/retraso-en-la-entrega-del-freebox-sin-culpa-de-free-2\/"},"wordCount":614,"commentCount":0,"publisher":{"@id":"https:\/\/gregorydamy.niceavocats.fr\/es\/#organization"},"inLanguage":"es","potentialAction":[{"@type":"CommentAction","name":"Comment","target":["https:\/\/gregorydamy.niceavocats.fr\/es\/retraso-en-la-entrega-del-freebox-sin-culpa-de-free-2\/#respond"]}]},{"@type":"WebPage","@id":"https:\/\/gregorydamy.niceavocats.fr\/es\/retraso-en-la-entrega-del-freebox-sin-culpa-de-free-2\/","url":"https:\/\/gregorydamy.niceavocats.fr\/es\/retraso-en-la-entrega-del-freebox-sin-culpa-de-free-2\/","name":"Retraso en la entrega del Freebox: sin culpa de Free - Soci\u00e9t\u00e9 d&#039;avocats Damy","isPartOf":{"@id":"https:\/\/gregorydamy.niceavocats.fr\/es\/#website"},"datePublished":"2012-08-31T09:44:15+00:00","dateModified":"2023-05-05T17:04:50+00:00","breadcrumb":{"@id":"https:\/\/gregorydamy.niceavocats.fr\/es\/retraso-en-la-entrega-del-freebox-sin-culpa-de-free-2\/#breadcrumb"},"inLanguage":"es","potentialAction":[{"@type":"ReadAction","target":["https:\/\/gregorydamy.niceavocats.fr\/es\/retraso-en-la-entrega-del-freebox-sin-culpa-de-free-2\/"]}]},{"@type":"BreadcrumbList","@id":"https:\/\/gregorydamy.niceavocats.fr\/es\/retraso-en-la-entrega-del-freebox-sin-culpa-de-free-2\/#breadcrumb","itemListElement":[{"@type":"ListItem","position":1,"name":"Accueil","item":"https:\/\/gregorydamy.niceavocats.fr\/es\/"},{"@type":"ListItem","position":2,"name":"Retraso en la entrega del Freebox: sin culpa de Free"}]},{"@type":"WebSite","@id":"https:\/\/gregorydamy.niceavocats.fr\/es\/#website","url":"https:\/\/gregorydamy.niceavocats.fr\/es\/","name":"Soci\u00e9t\u00e9 d&#039;avocats Damy","description":"Justice - Confiance - Efficacit\u00e9","publisher":{"@id":"https:\/\/gregorydamy.niceavocats.fr\/es\/#organization"},"potentialAction":[{"@type":"SearchAction","target":{"@type":"EntryPoint","urlTemplate":"https:\/\/gregorydamy.niceavocats.fr\/es\/?s={search_term_string}"},"query-input":{"@type":"PropertyValueSpecification","valueRequired":true,"valueName":"search_term_string"}}],"inLanguage":"es"},{"@type":"Organization","@id":"https:\/\/gregorydamy.niceavocats.fr\/es\/#organization","name":"Soci\u00e9t\u00e9 d'Avocats DAMY","alternateName":"Gr\u00e9gory DAMY","url":"https:\/\/gregorydamy.niceavocats.fr\/es\/","logo":{"@type":"ImageObject","inLanguage":"es","@id":"https:\/\/gregorydamy.niceavocats.fr\/es\/#\/schema\/logo\/image\/","url":"https:\/\/gregorydamy.niceavocats.fr\/wp-content\/uploads\/2023\/04\/damylogo-1.png","contentUrl":"https:\/\/gregorydamy.niceavocats.fr\/wp-content\/uploads\/2023\/04\/damylogo-1.png","width":1890,"height":1417,"caption":"Soci\u00e9t\u00e9 d'Avocats DAMY"},"image":{"@id":"https:\/\/gregorydamy.niceavocats.fr\/es\/#\/schema\/logo\/image\/"},"sameAs":["https:\/\/www.facebook.com\/niceavocats.fr\/"]},{"@type":"Person","@id":"https:\/\/gregorydamy.niceavocats.fr\/es\/#\/schema\/person\/e040acb2856efaa1e114d0e7a92a3870","name":"Kevin","url":"https:\/\/gregorydamy.niceavocats.fr\/es\/author\/kevin\/"}]}},"_links":{"self":[{"href":"https:\/\/gregorydamy.niceavocats.fr\/es\/wp-json\/wp\/v2\/posts\/3107","targetHints":{"allow":["GET"]}}],"collection":[{"href":"https:\/\/gregorydamy.niceavocats.fr\/es\/wp-json\/wp\/v2\/posts"}],"about":[{"href":"https:\/\/gregorydamy.niceavocats.fr\/es\/wp-json\/wp\/v2\/types\/post"}],"author":[{"embeddable":true,"href":"https:\/\/gregorydamy.niceavocats.fr\/es\/wp-json\/wp\/v2\/users\/2"}],"replies":[{"embeddable":true,"href":"https:\/\/gregorydamy.niceavocats.fr\/es\/wp-json\/wp\/v2\/comments?post=3107"}],"version-history":[{"count":0,"href":"https:\/\/gregorydamy.niceavocats.fr\/es\/wp-json\/wp\/v2\/posts\/3107\/revisions"}],"wp:attachment":[{"href":"https:\/\/gregorydamy.niceavocats.fr\/es\/wp-json\/wp\/v2\/media?parent=3107"}],"wp:term":[{"taxonomy":"category","embeddable":true,"href":"https:\/\/gregorydamy.niceavocats.fr\/es\/wp-json\/wp\/v2\/categories?post=3107"},{"taxonomy":"post_tag","embeddable":true,"href":"https:\/\/gregorydamy.niceavocats.fr\/es\/wp-json\/wp\/v2\/tags?post=3107"}],"curies":[{"name":"wp","href":"https:\/\/api.w.org\/{rel}","templated":true}]}}