{"id":3084,"date":"2012-08-24T14:58:15","date_gmt":"2012-08-24T14:58:15","guid":{"rendered":"https:\/\/gregorydamy.niceavocats.fr\/?p=3084"},"modified":"2023-08-30T07:46:06","modified_gmt":"2023-08-30T07:46:06","slug":"facultad-de-control-y-supervision-del-empleador","status":"publish","type":"post","link":"https:\/\/gregorydamy.niceavocats.fr\/es\/facultad-de-control-y-supervision-del-empleador\/","title":{"rendered":"Facultad de control y supervisi\u00f3n del empleador"},"content":{"rendered":"<p>[et_pb_section fb_built=&#8221;1&#8243; _builder_version=&#8221;4.19.5&#8243; _module_preset=&#8221;default&#8221; global_colors_info=&#8221;{}&#8221;][et_pb_row column_structure=&#8221;1_3,1_3,1_3&#8243; _builder_version=&#8221;4.19.5&#8243; _module_preset=&#8221;default&#8221; background_enable_mask_style=&#8221;on&#8221; background_mask_style=&#8221;wave&#8221; background_mask_color=&#8221;rgba(0,0,0,0.08)&#8221; custom_padding=&#8221;||6px|||&#8221; locked=&#8221;off&#8221; global_colors_info=&#8221;{}&#8221;][et_pb_column type=&#8221;1_3&#8243; _builder_version=&#8221;4.19.5&#8243; _module_preset=&#8221;default&#8221; global_colors_info=&#8221;{}&#8221;][\/et_pb_column][et_pb_column type=&#8221;1_3&#8243; _builder_version=&#8221;4.19.5&#8243; _module_preset=&#8221;default&#8221; global_colors_info=&#8221;{}&#8221;][\/et_pb_column][et_pb_column type=&#8221;1_3&#8243; _builder_version=&#8221;4.19.5&#8243; _module_preset=&#8221;default&#8221; global_colors_info=&#8221;{}&#8221;][et_pb_circle_counter title=&#8221;Tiempo estimado de lectura (en minutos)&#8221; number=&#8221;1&#8243; percent_sign=&#8221;off&#8221; _builder_version=&#8221;4.19.5&#8243; _module_preset=&#8221;default&#8221; title_font=&#8221;Amiri||||||||&#8221; max_width=&#8221;137px&#8221; global_colors_info=&#8221;{}&#8221;][\/et_pb_circle_counter][\/et_pb_column][\/et_pb_row][et_pb_row _builder_version=&#8221;4.19.5&#8243; _module_preset=&#8221;default&#8221; global_colors_info=&#8221;{}&#8221;][et_pb_column type=&#8221;4_4&#8243; _builder_version=&#8221;4.19.5&#8243; _module_preset=&#8221;default&#8221; global_colors_info=&#8221;{}&#8221;][et_pb_divider _builder_version=&#8221;4.19.5&#8243; _module_preset=&#8221;default&#8221; global_colors_info=&#8221;{}&#8221;][\/et_pb_divider][\/et_pb_column][\/et_pb_row][et_pb_row _builder_version=&#8221;4.19.5&#8243; _module_preset=&#8221;default&#8221; global_colors_info=&#8221;{}&#8221;][et_pb_column type=&#8221;4_4&#8243; _builder_version=&#8221;4.19.5&#8243; _module_preset=&#8221;default&#8221; global_colors_info=&#8221;{}&#8221;][et_pb_image src=&#8221;https:\/\/gregorydamy.niceavocats.fr\/wp-content\/uploads\/2023\/08\/camera-1124585_1280-2.jpg&#8221; title_text=&#8221;camera-1124585_1280-2&#8243; _builder_version=&#8221;4.21.0&#8243; _module_preset=&#8221;default&#8221; hover_enabled=&#8221;0&#8243; global_colors_info=&#8221;{}&#8221; sticky_enabled=&#8221;0&#8243;][\/et_pb_image][et_pb_text _builder_version=&#8221;4.21.0&#8243; _module_preset=&#8221;default&#8221; text_font=&#8221;Amiri||||||||&#8221; hover_enabled=&#8221;0&#8243; global_colors_info=&#8221;{}&#8221; sticky_enabled=&#8221;0&#8243;]<\/p>\n<p><span class=\"\"><span>En el lugar de trabajo, los empleadores tienen la facultad de controlar y vigilar las actividades de su personal durante el horario laboral.\u00a0<\/span><\/span><span>Sin embargo, es fundamental que los empleadores respeten ciertos principios para\u00a0\u00a0<\/span><span>garantizar\u00a0<\/span><span>\u00a0la equidad en sus pr\u00e1cticas de seguimiento.<\/span><\/p>\n<h2><span>Facultad de control y vigilancia del empleador: \u2013<\/span><\/h2>\n<p><span>El Tribunal de Casaci\u00f3n, en sentencia del\u00a0<\/span><a href=\"https:\/\/www.legifrance.gouv.fr\/juri\/id\/JURITEXT000026160990\"><span>4 de julio de 2012<\/span><\/a><span>\u00a0, reafirm\u00f3 el principio seg\u00fan el cual los empresarios no pueden establecer sistemas de control clandestinos.\u00a0El caso involucr\u00f3 a un empleador que us\u00f3 cartas &#8220;festivas&#8221; en tinta azul que se esparcir\u00edan si se abrieran, en un intento de confundir a una cartera sospechosa de abrir cartas que se supon\u00eda deb\u00eda entregar.\u00a0Posteriormente, el empleado fue despedido por falta grave.\u00a0Sin embargo, cuestion\u00f3 la validez de las pruebas presentadas por el empleador porque no hab\u00eda sido informada del uso de dicho dispositivo.\u00a0El Tribunal de Casaci\u00f3n dictamin\u00f3 que el uso de m\u00e9todos secretos, como las cartas bomba, sin el conocimiento de los empleados, hace que\u00a0\u00a0<\/span><span>las pruebas\u00a0<\/span><span>\u00a0obtenidas sean ilegales e inv\u00e1lidas para imponer sanciones.<\/span><\/p>\n<h2><span>Medios de prueba ilegales en la vigilancia de empleados: &#8211;<\/span><\/h2>\n<p><span>Para que constituya un medio de prueba jur\u00eddicamente v\u00e1lido, el empresario deber\u00e1 informar previamente a sus trabajadores de los posibles sistemas de control y seguimiento.\u00a0La mera observaci\u00f3n de los empleados por parte de sus supervisores en el lugar de trabajo, incluso sin notificaci\u00f3n previa, generalmente no viola los requisitos legales y se considera una forma de prueba legal, seg\u00fan la jurisprudencia establecida.<\/span><\/p>\n<p><span>Es esencial que los empleadores garanticen que sus pr\u00e1cticas de seguimiento sean transparentes, justas y respetuosas de los derechos de los empleados.\u00a0La implementaci\u00f3n de medidas de vigilancia sin notificar a los empleados puede invalidar cualquier evidencia obtenida mediante dichos m\u00e9todos.\u00a0<\/span><span class=\"VIpgJd-yAWNEb-VIpgJd-fmcmS-sn54Q\"><span>Al mantener un equilibrio entre la vigilancia y el respeto a la privacidad de los empleados, los empleadores pueden crear un ambiente de trabajo armonioso y que cumpla con las normas legales.<\/span><\/span><\/p>\n<p><span>Gr\u00e9gory DAMY, abogado laboralista de Niza, destaca la importancia de comprender las implicaciones jur\u00eddicas de la vigilancia de los empleados y aconseja a los empresarios que busquen asesoramiento jur\u00eddico para garantizar el cumplimiento de las leyes y normativas aplicables.<\/span><\/p>\n<p><span>Recuerde que para constituir un medio de prueba legal, previamente debe haber sido puesto en su conocimiento un sistema de control y seguimiento de los empleados.\u00a0Sin embargo, la mera vigilancia de los trabajadores por parte de su superior en el lugar de trabajo, incluso en ausencia de informaci\u00f3n previa, no constituye, seg\u00fan la jurisprudencia, un modo de prueba il\u00edcito.<\/span><br \/><span>Abogado en derecho laboral,\u00a0<\/span><a href=\"https:\/\/gregorydamy.niceavocats.fr\/\"><span>Gr\u00e9gory DAMY<\/span><\/a>\u00a0<\/p>\n<p>[\/et_pb_text][\/et_pb_column][\/et_pb_row][et_pb_row _builder_version=&#8221;4.19.5&#8243; _module_preset=&#8221;default&#8221; global_colors_info=&#8221;{}&#8221;][et_pb_column type=&#8221;4_4&#8243; _builder_version=&#8221;4.19.5&#8243; _module_preset=&#8221;default&#8221; global_colors_info=&#8221;{}&#8221;][et_pb_divider _builder_version=&#8221;4.19.5&#8243; _module_preset=&#8221;default&#8221; global_colors_info=&#8221;{}&#8221;][\/et_pb_divider][\/et_pb_column][\/et_pb_row][\/et_pb_section]<\/p>\n","protected":false},"excerpt":{"rendered":"<p>En el lugar de trabajo, los empleadores tienen la facultad de controlar y vigilar las actividades de su personal durante el horario laboral.\u00a0Sin embargo, es fundamental que los empleadores respeten ciertos principios para\u00a0\u00a0garantizar\u00a0\u00a0la equidad en sus pr\u00e1cticas de seguimiento. Facultad de control y vigilancia del empleador: \u2013 El Tribunal de Casaci\u00f3n, en sentencia del\u00a04 de [&hellip;]<\/p>\n","protected":false},"author":2,"featured_media":0,"comment_status":"open","ping_status":"open","sticky":false,"template":"","format":"standard","meta":{"_et_pb_use_builder":"on","_et_pb_old_content":"","_et_gb_content_width":"","footnotes":""},"categories":[325],"tags":[],"class_list":["post-3084","post","type-post","status-publish","format-standard","hentry","category-derecho-laboral"],"yoast_head":"<!-- This site is optimized with the Yoast SEO plugin v26.8 - https:\/\/yoast.com\/product\/yoast-seo-wordpress\/ -->\n<title>Facultad de control y supervisi\u00f3n del empleador - Soci\u00e9t\u00e9 d&#039;avocats Damy<\/title>\n<meta name=\"description\" content=\"Facultad de control y supervisi\u00f3n del empleador En el lugar de trabajo, los empleadores tienen la autoridad para controlar y\" \/>\n<meta name=\"robots\" content=\"index, follow, max-snippet:-1, max-image-preview:large, max-video-preview:-1\" \/>\n<link rel=\"canonical\" href=\"https:\/\/gregorydamy.niceavocats.fr\/es\/facultad-de-control-y-supervision-del-empleador\/\" \/>\n<meta property=\"og:locale\" content=\"es_ES\" \/>\n<meta property=\"og:type\" content=\"article\" \/>\n<meta property=\"og:title\" content=\"Facultad de control y supervisi\u00f3n del empleador - Soci\u00e9t\u00e9 d&#039;avocats Damy\" \/>\n<meta property=\"og:description\" content=\"Facultad de control y supervisi\u00f3n del empleador En el lugar de trabajo, los empleadores tienen la autoridad para controlar y\" \/>\n<meta property=\"og:url\" content=\"https:\/\/gregorydamy.niceavocats.fr\/es\/facultad-de-control-y-supervision-del-empleador\/\" \/>\n<meta property=\"og:site_name\" content=\"Soci\u00e9t\u00e9 d&#039;avocats Damy\" \/>\n<meta property=\"article:publisher\" content=\"https:\/\/www.facebook.com\/niceavocats.fr\/\" \/>\n<meta property=\"article:published_time\" content=\"2012-08-24T14:58:15+00:00\" \/>\n<meta property=\"article:modified_time\" content=\"2023-08-30T07:46:06+00:00\" \/>\n<meta name=\"author\" content=\"Kevin\" \/>\n<meta name=\"twitter:card\" content=\"summary_large_image\" \/>\n<meta name=\"twitter:label1\" content=\"Escrito por\" \/>\n\t<meta name=\"twitter:data1\" content=\"Kevin\" \/>\n\t<meta name=\"twitter:label2\" content=\"Tiempo de lectura\" \/>\n\t<meta name=\"twitter:data2\" content=\"3 minutos\" \/>\n<script type=\"application\/ld+json\" class=\"yoast-schema-graph\">{\"@context\":\"https:\/\/schema.org\",\"@graph\":[{\"@type\":\"Article\",\"@id\":\"https:\/\/gregorydamy.niceavocats.fr\/es\/facultad-de-control-y-supervision-del-empleador\/#article\",\"isPartOf\":{\"@id\":\"https:\/\/gregorydamy.niceavocats.fr\/es\/facultad-de-control-y-supervision-del-empleador\/\"},\"author\":{\"name\":\"Kevin\",\"@id\":\"https:\/\/gregorydamy.niceavocats.fr\/es\/#\/schema\/person\/e040acb2856efaa1e114d0e7a92a3870\"},\"headline\":\"Facultad de control y supervisi\u00f3n del empleador\",\"datePublished\":\"2012-08-24T14:58:15+00:00\",\"dateModified\":\"2023-08-30T07:46:06+00:00\",\"mainEntityOfPage\":{\"@id\":\"https:\/\/gregorydamy.niceavocats.fr\/es\/facultad-de-control-y-supervision-del-empleador\/\"},\"wordCount\":753,\"commentCount\":0,\"publisher\":{\"@id\":\"https:\/\/gregorydamy.niceavocats.fr\/es\/#organization\"},\"articleSection\":[\"Derecho laboral\"],\"inLanguage\":\"es\",\"potentialAction\":[{\"@type\":\"CommentAction\",\"name\":\"Comment\",\"target\":[\"https:\/\/gregorydamy.niceavocats.fr\/es\/facultad-de-control-y-supervision-del-empleador\/#respond\"]}]},{\"@type\":\"WebPage\",\"@id\":\"https:\/\/gregorydamy.niceavocats.fr\/es\/facultad-de-control-y-supervision-del-empleador\/\",\"url\":\"https:\/\/gregorydamy.niceavocats.fr\/es\/facultad-de-control-y-supervision-del-empleador\/\",\"name\":\"Facultad de control y supervisi\u00f3n del empleador - Soci\u00e9t\u00e9 d&#039;avocats Damy\",\"isPartOf\":{\"@id\":\"https:\/\/gregorydamy.niceavocats.fr\/es\/#website\"},\"datePublished\":\"2012-08-24T14:58:15+00:00\",\"dateModified\":\"2023-08-30T07:46:06+00:00\",\"description\":\"Facultad de control y supervisi\u00f3n del empleador En el lugar de trabajo, los empleadores tienen la autoridad para controlar y\",\"breadcrumb\":{\"@id\":\"https:\/\/gregorydamy.niceavocats.fr\/es\/facultad-de-control-y-supervision-del-empleador\/#breadcrumb\"},\"inLanguage\":\"es\",\"potentialAction\":[{\"@type\":\"ReadAction\",\"target\":[\"https:\/\/gregorydamy.niceavocats.fr\/es\/facultad-de-control-y-supervision-del-empleador\/\"]}]},{\"@type\":\"BreadcrumbList\",\"@id\":\"https:\/\/gregorydamy.niceavocats.fr\/es\/facultad-de-control-y-supervision-del-empleador\/#breadcrumb\",\"itemListElement\":[{\"@type\":\"ListItem\",\"position\":1,\"name\":\"Accueil\",\"item\":\"https:\/\/gregorydamy.niceavocats.fr\/es\/\"},{\"@type\":\"ListItem\",\"position\":2,\"name\":\"Facultad de control y supervisi\u00f3n del empleador\"}]},{\"@type\":\"WebSite\",\"@id\":\"https:\/\/gregorydamy.niceavocats.fr\/es\/#website\",\"url\":\"https:\/\/gregorydamy.niceavocats.fr\/es\/\",\"name\":\"Soci\u00e9t\u00e9 d&#039;avocats Damy\",\"description\":\"Justice - Confiance - Efficacit\u00e9\",\"publisher\":{\"@id\":\"https:\/\/gregorydamy.niceavocats.fr\/es\/#organization\"},\"potentialAction\":[{\"@type\":\"SearchAction\",\"target\":{\"@type\":\"EntryPoint\",\"urlTemplate\":\"https:\/\/gregorydamy.niceavocats.fr\/es\/?s={search_term_string}\"},\"query-input\":{\"@type\":\"PropertyValueSpecification\",\"valueRequired\":true,\"valueName\":\"search_term_string\"}}],\"inLanguage\":\"es\"},{\"@type\":\"Organization\",\"@id\":\"https:\/\/gregorydamy.niceavocats.fr\/es\/#organization\",\"name\":\"Soci\u00e9t\u00e9 d'Avocats DAMY\",\"alternateName\":\"Gr\u00e9gory DAMY\",\"url\":\"https:\/\/gregorydamy.niceavocats.fr\/es\/\",\"logo\":{\"@type\":\"ImageObject\",\"inLanguage\":\"es\",\"@id\":\"https:\/\/gregorydamy.niceavocats.fr\/es\/#\/schema\/logo\/image\/\",\"url\":\"https:\/\/gregorydamy.niceavocats.fr\/wp-content\/uploads\/2023\/04\/damylogo-1.png\",\"contentUrl\":\"https:\/\/gregorydamy.niceavocats.fr\/wp-content\/uploads\/2023\/04\/damylogo-1.png\",\"width\":1890,\"height\":1417,\"caption\":\"Soci\u00e9t\u00e9 d'Avocats DAMY\"},\"image\":{\"@id\":\"https:\/\/gregorydamy.niceavocats.fr\/es\/#\/schema\/logo\/image\/\"},\"sameAs\":[\"https:\/\/www.facebook.com\/niceavocats.fr\/\"]},{\"@type\":\"Person\",\"@id\":\"https:\/\/gregorydamy.niceavocats.fr\/es\/#\/schema\/person\/e040acb2856efaa1e114d0e7a92a3870\",\"name\":\"Kevin\",\"url\":\"https:\/\/gregorydamy.niceavocats.fr\/es\/author\/kevin\/\"}]}<\/script>\n<!-- \/ Yoast SEO plugin. -->","yoast_head_json":{"title":"Facultad de control y supervisi\u00f3n del empleador - Soci\u00e9t\u00e9 d&#039;avocats Damy","description":"Facultad de control y supervisi\u00f3n del empleador En el lugar de trabajo, los empleadores tienen la autoridad para controlar y","robots":{"index":"index","follow":"follow","max-snippet":"max-snippet:-1","max-image-preview":"max-image-preview:large","max-video-preview":"max-video-preview:-1"},"canonical":"https:\/\/gregorydamy.niceavocats.fr\/es\/facultad-de-control-y-supervision-del-empleador\/","og_locale":"es_ES","og_type":"article","og_title":"Facultad de control y supervisi\u00f3n del empleador - Soci\u00e9t\u00e9 d&#039;avocats Damy","og_description":"Facultad de control y supervisi\u00f3n del empleador En el lugar de trabajo, los empleadores tienen la autoridad para controlar y","og_url":"https:\/\/gregorydamy.niceavocats.fr\/es\/facultad-de-control-y-supervision-del-empleador\/","og_site_name":"Soci\u00e9t\u00e9 d&#039;avocats Damy","article_publisher":"https:\/\/www.facebook.com\/niceavocats.fr\/","article_published_time":"2012-08-24T14:58:15+00:00","article_modified_time":"2023-08-30T07:46:06+00:00","author":"Kevin","twitter_card":"summary_large_image","twitter_misc":{"Escrito por":"Kevin","Tiempo de lectura":"3 minutos"},"schema":{"@context":"https:\/\/schema.org","@graph":[{"@type":"Article","@id":"https:\/\/gregorydamy.niceavocats.fr\/es\/facultad-de-control-y-supervision-del-empleador\/#article","isPartOf":{"@id":"https:\/\/gregorydamy.niceavocats.fr\/es\/facultad-de-control-y-supervision-del-empleador\/"},"author":{"name":"Kevin","@id":"https:\/\/gregorydamy.niceavocats.fr\/es\/#\/schema\/person\/e040acb2856efaa1e114d0e7a92a3870"},"headline":"Facultad de control y supervisi\u00f3n del empleador","datePublished":"2012-08-24T14:58:15+00:00","dateModified":"2023-08-30T07:46:06+00:00","mainEntityOfPage":{"@id":"https:\/\/gregorydamy.niceavocats.fr\/es\/facultad-de-control-y-supervision-del-empleador\/"},"wordCount":753,"commentCount":0,"publisher":{"@id":"https:\/\/gregorydamy.niceavocats.fr\/es\/#organization"},"articleSection":["Derecho laboral"],"inLanguage":"es","potentialAction":[{"@type":"CommentAction","name":"Comment","target":["https:\/\/gregorydamy.niceavocats.fr\/es\/facultad-de-control-y-supervision-del-empleador\/#respond"]}]},{"@type":"WebPage","@id":"https:\/\/gregorydamy.niceavocats.fr\/es\/facultad-de-control-y-supervision-del-empleador\/","url":"https:\/\/gregorydamy.niceavocats.fr\/es\/facultad-de-control-y-supervision-del-empleador\/","name":"Facultad de control y supervisi\u00f3n del empleador - Soci\u00e9t\u00e9 d&#039;avocats Damy","isPartOf":{"@id":"https:\/\/gregorydamy.niceavocats.fr\/es\/#website"},"datePublished":"2012-08-24T14:58:15+00:00","dateModified":"2023-08-30T07:46:06+00:00","description":"Facultad de control y supervisi\u00f3n del empleador En el lugar de trabajo, los empleadores tienen la autoridad para controlar y","breadcrumb":{"@id":"https:\/\/gregorydamy.niceavocats.fr\/es\/facultad-de-control-y-supervision-del-empleador\/#breadcrumb"},"inLanguage":"es","potentialAction":[{"@type":"ReadAction","target":["https:\/\/gregorydamy.niceavocats.fr\/es\/facultad-de-control-y-supervision-del-empleador\/"]}]},{"@type":"BreadcrumbList","@id":"https:\/\/gregorydamy.niceavocats.fr\/es\/facultad-de-control-y-supervision-del-empleador\/#breadcrumb","itemListElement":[{"@type":"ListItem","position":1,"name":"Accueil","item":"https:\/\/gregorydamy.niceavocats.fr\/es\/"},{"@type":"ListItem","position":2,"name":"Facultad de control y supervisi\u00f3n del empleador"}]},{"@type":"WebSite","@id":"https:\/\/gregorydamy.niceavocats.fr\/es\/#website","url":"https:\/\/gregorydamy.niceavocats.fr\/es\/","name":"Soci\u00e9t\u00e9 d&#039;avocats Damy","description":"Justice - Confiance - Efficacit\u00e9","publisher":{"@id":"https:\/\/gregorydamy.niceavocats.fr\/es\/#organization"},"potentialAction":[{"@type":"SearchAction","target":{"@type":"EntryPoint","urlTemplate":"https:\/\/gregorydamy.niceavocats.fr\/es\/?s={search_term_string}"},"query-input":{"@type":"PropertyValueSpecification","valueRequired":true,"valueName":"search_term_string"}}],"inLanguage":"es"},{"@type":"Organization","@id":"https:\/\/gregorydamy.niceavocats.fr\/es\/#organization","name":"Soci\u00e9t\u00e9 d'Avocats DAMY","alternateName":"Gr\u00e9gory DAMY","url":"https:\/\/gregorydamy.niceavocats.fr\/es\/","logo":{"@type":"ImageObject","inLanguage":"es","@id":"https:\/\/gregorydamy.niceavocats.fr\/es\/#\/schema\/logo\/image\/","url":"https:\/\/gregorydamy.niceavocats.fr\/wp-content\/uploads\/2023\/04\/damylogo-1.png","contentUrl":"https:\/\/gregorydamy.niceavocats.fr\/wp-content\/uploads\/2023\/04\/damylogo-1.png","width":1890,"height":1417,"caption":"Soci\u00e9t\u00e9 d'Avocats DAMY"},"image":{"@id":"https:\/\/gregorydamy.niceavocats.fr\/es\/#\/schema\/logo\/image\/"},"sameAs":["https:\/\/www.facebook.com\/niceavocats.fr\/"]},{"@type":"Person","@id":"https:\/\/gregorydamy.niceavocats.fr\/es\/#\/schema\/person\/e040acb2856efaa1e114d0e7a92a3870","name":"Kevin","url":"https:\/\/gregorydamy.niceavocats.fr\/es\/author\/kevin\/"}]}},"_links":{"self":[{"href":"https:\/\/gregorydamy.niceavocats.fr\/es\/wp-json\/wp\/v2\/posts\/3084","targetHints":{"allow":["GET"]}}],"collection":[{"href":"https:\/\/gregorydamy.niceavocats.fr\/es\/wp-json\/wp\/v2\/posts"}],"about":[{"href":"https:\/\/gregorydamy.niceavocats.fr\/es\/wp-json\/wp\/v2\/types\/post"}],"author":[{"embeddable":true,"href":"https:\/\/gregorydamy.niceavocats.fr\/es\/wp-json\/wp\/v2\/users\/2"}],"replies":[{"embeddable":true,"href":"https:\/\/gregorydamy.niceavocats.fr\/es\/wp-json\/wp\/v2\/comments?post=3084"}],"version-history":[{"count":0,"href":"https:\/\/gregorydamy.niceavocats.fr\/es\/wp-json\/wp\/v2\/posts\/3084\/revisions"}],"wp:attachment":[{"href":"https:\/\/gregorydamy.niceavocats.fr\/es\/wp-json\/wp\/v2\/media?parent=3084"}],"wp:term":[{"taxonomy":"category","embeddable":true,"href":"https:\/\/gregorydamy.niceavocats.fr\/es\/wp-json\/wp\/v2\/categories?post=3084"},{"taxonomy":"post_tag","embeddable":true,"href":"https:\/\/gregorydamy.niceavocats.fr\/es\/wp-json\/wp\/v2\/tags?post=3084"}],"curies":[{"name":"wp","href":"https:\/\/api.w.org\/{rel}","templated":true}]}}