{"id":2857,"date":"2012-09-03T08:33:21","date_gmt":"2012-09-03T08:33:21","guid":{"rendered":"https:\/\/gregorydamy.niceavocats.fr\/?p=2857"},"modified":"2023-08-09T06:31:12","modified_gmt":"2023-08-09T06:31:12","slug":"planificacion-y-evaluacion-ambiental","status":"publish","type":"post","link":"https:\/\/gregorydamy.niceavocats.fr\/es\/planificacion-y-evaluacion-ambiental\/","title":{"rendered":"Evaluaci\u00f3n Ambiental para una Mejor Planificaci\u00f3n Legislativa"},"content":{"rendered":"<p>[et_pb_section fb_built=&#8221;1&#8243; admin_label=&#8221;section&#8221; _builder_version=&#8221;4.19.5&#8243; custom_margin=&#8221;||0px||false|false&#8221; custom_padding=&#8221;||0px||false|false&#8221; locked=&#8221;off&#8221; global_colors_info=&#8221;{}&#8221;][et_pb_row column_structure=&#8221;1_3,1_3,1_3&#8243; _builder_version=&#8221;4.19.5&#8243; _module_preset=&#8221;default&#8221; background_enable_mask_style=&#8221;on&#8221; background_mask_style=&#8221;wave&#8221; background_mask_color=&#8221;rgba(0,0,0,0.08)&#8221; custom_padding=&#8221;||6px|||&#8221; locked=&#8221;off&#8221; global_colors_info=&#8221;{}&#8221;][et_pb_column type=&#8221;1_3&#8243; _builder_version=&#8221;4.19.5&#8243; _module_preset=&#8221;default&#8221; global_colors_info=&#8221;{}&#8221;][\/et_pb_column][et_pb_column type=&#8221;1_3&#8243; _builder_version=&#8221;4.19.5&#8243; _module_preset=&#8221;default&#8221; global_colors_info=&#8221;{}&#8221;][\/et_pb_column][et_pb_column type=&#8221;1_3&#8243; _builder_version=&#8221;4.19.5&#8243; _module_preset=&#8221;default&#8221; global_colors_info=&#8221;{}&#8221;][et_pb_circle_counter title=&#8221;Tiempo estimado de lectura (en minutos)&#8221; number=&#8221;2&#8243; percent_sign=&#8221;off&#8221; _builder_version=&#8221;4.19.5&#8243; _module_preset=&#8221;default&#8221; title_font=&#8221;Amiri||||||||&#8221; max_width=&#8221;137px&#8221; global_colors_info=&#8221;{}&#8221;][\/et_pb_circle_counter][\/et_pb_column][\/et_pb_row][et_pb_row _builder_version=&#8221;4.19.5&#8243; _module_preset=&#8221;default&#8221; custom_margin=&#8221;||0px||false|false&#8221; custom_padding=&#8221;||0px||false|false&#8221; global_colors_info=&#8221;{}&#8221;][et_pb_column type=&#8221;4_4&#8243; _builder_version=&#8221;4.19.5&#8243; _module_preset=&#8221;default&#8221; global_colors_info=&#8221;{}&#8221;][et_pb_divider _builder_version=&#8221;4.19.5&#8243; _module_preset=&#8221;default&#8221; global_colors_info=&#8221;{}&#8221;][\/et_pb_divider][\/et_pb_column][\/et_pb_row][et_pb_row admin_label=&#8221;row&#8221; _builder_version=&#8221;4.16&#8243; background_size=&#8221;initial&#8221; background_position=&#8221;top_left&#8221; background_repeat=&#8221;repeat&#8221; global_colors_info=&#8221;{}&#8221;][et_pb_column type=&#8221;4_4&#8243; _builder_version=&#8221;4.16&#8243; custom_padding=&#8221;|||&#8221; global_colors_info=&#8221;{}&#8221; custom_padding__hover=&#8221;|||&#8221;][et_pb_image src=&#8221;https:\/\/gregorydamy.niceavocats.fr\/wp-content\/uploads\/2012\/06\/new-years-resolutions-eco-friendly.jpeg&#8221; title_text=&#8221;new-years-resolutions-eco-friendly&#8221; _builder_version=&#8221;4.21.0&#8243; _module_preset=&#8221;default&#8221; hover_enabled=&#8221;0&#8243; global_colors_info=&#8221;{}&#8221; sticky_enabled=&#8221;0&#8243;][\/et_pb_image][et_pb_text admin_label=&#8221;Text&#8221; _builder_version=&#8221;4.21.0&#8243; text_font=&#8221;Amiri||||||||&#8221; header_2_font=&#8221;Amiri||||||||&#8221; header_3_font=&#8221;Amiri||||||||&#8221; background_size=&#8221;initial&#8221; background_position=&#8221;top_left&#8221; background_repeat=&#8221;repeat&#8221; hover_enabled=&#8221;0&#8243; global_colors_info=&#8221;{}&#8221; sticky_enabled=&#8221;0&#8243;]<\/p>\n<div class=\"entry-content\">\n<p><span class=\"\"><span>Evaluaci\u00f3n y planning ambiental The documentos de planning desempe\u00f1an a fundamental paper in the configuration of the medio ambiente and in the guarantee of the sustainable desarrollo.\u00a0<\/span><\/span><span class=\"\"><span>To minimize its negative impact in the medio ambiente, it is necessary to do some documentos for an environmental evaluation.\u00a0<\/span><\/span><span>This evaluation could be realizada de manera system\u00e1tica o caso por caso por la autoridad administrativa estatal designada.\u00a0El marco normativo que rige este proceso se especifica en el decreto del 23 de agosto de 2012.<\/span><\/p>\n<h2><span>Documentos de planamiento y evaluaci\u00f3n ambiental: \u2013<\/span><\/h2>\n<p><span>Los documentos urban\u00edsticos tienen una importante influencia sobre el medio ambiente, y es imprescindible someterlos a una evaluaci\u00f3n ambiental.\u00a0Esta evaluaci\u00f3n puede realizarse de forma sistem\u00e1tica o mediante un examen caso por caso por parte de la autoridad administrativa estatal competente.\u00a0El decreto del 23 de agosto de 2012 establece el\u00a0<\/span><span>marco normativo\u00a0<\/span><span>\u00a0aplicable a esta materia.<\/span><\/p>\n<h2><span>Tipos de documentos y autoridad competente: \u2013<\/span><\/h2>\n<p><span>Algunos documentos est\u00e1n espec\u00edficamente obligados a someterse a una evaluaci\u00f3n ambiental.\u00a0Estos incluyen directrices territoriales para la planificaci\u00f3n y el desarrollo sostenibles, el plan maestro para la regi\u00f3n de Ile-de-France, los\u00a0<\/span><span>planes de coherencia territorial\u00a0<\/span><span>\u00a0, los planes urbanos locales y ciertos mapas municipales.<\/span><\/p>\n<p><span>La responsabilidad de realizar la evaluaci\u00f3n ambiental recae en la autoridad administrativa estatal responsable del medio ambiente.\u00a0Esta autoridad puede ser el Consejo General para el Medio Ambiente y el Desarrollo Sostenible (\u00a0<\/span><a href=\"https:\/\/www.igedd.developpement-durable.gouv.fr\/le-cgedd-devient-igedd-a3480.html\"><span>CGEDD<\/span><\/a><span>\u00a0), el prefecto regional, el prefecto departamental o el prefecto de C\u00f3rcega en el caso del plan de desarrollo y desarrollo sostenible de C\u00f3rcega.<\/span><\/p>\n<p><span>Bajo el procedimiento de examen caso por caso, la autoridad competente tiene un plazo de dos meses para decidir si el documento debe ser objeto de una evaluaci\u00f3n ambiental.\u00a0Cualquiera que sea el procedimiento, la autoridad deber\u00e1 emitir su dictamen sobre la evaluaci\u00f3n ambiental y el anteproyecto dentro de los tres meses siguientes a la recepci\u00f3n de la remisi\u00f3n.\u00a0Esta opini\u00f3n tiene un peso significativo en la evaluaci\u00f3n del impacto ambiental del documento urban\u00edstico y en la orientaci\u00f3n de la toma de decisiones.<\/span><\/p>\n<p><span>La evaluaci\u00f3n ambiental garantiza que las preocupaciones ambientales potenciales se identifiquen y aborden en las primeras etapas del proceso de desarrollo.\u00a0Al incorporar los principios del desarrollo sustentable, estas acciones contribuyen a la creaci\u00f3n de comunidades ambientalmente conscientes y sustentables.<\/span><\/p>\n<p><a href=\"https:\/\/gregorydamy.niceavocats.fr\/\"><span>Bufete de abogados DAMY<\/span><\/a><\/p>\n<\/div>\n<p>[\/et_pb_text][\/et_pb_column][\/et_pb_row][et_pb_row _builder_version=&#8221;4.19.5&#8243; _module_preset=&#8221;default&#8221; custom_margin=&#8221;||0px||false|false&#8221; custom_padding=&#8221;||0px||false|false&#8221; global_colors_info=&#8221;{}&#8221;][et_pb_column type=&#8221;4_4&#8243; _builder_version=&#8221;4.19.5&#8243; _module_preset=&#8221;default&#8221; global_colors_info=&#8221;{}&#8221;][et_pb_divider _builder_version=&#8221;4.19.5&#8243; _module_preset=&#8221;default&#8221; global_colors_info=&#8221;{}&#8221;][\/et_pb_divider][\/et_pb_column][\/et_pb_row][\/et_pb_section]<\/p>\n","protected":false},"excerpt":{"rendered":"<p>Evaluaci\u00f3n y planning ambiental The documentos de planning desempe\u00f1an a fundamental paper in the configuration of the medio ambiente and in the guarantee of the sustainable desarrollo.\u00a0To minimize its negative impact in the medio ambiente, it is necessary to do some documentos for an environmental evaluation.\u00a0This evaluation could be realizada de manera system\u00e1tica o caso [&hellip;]<\/p>\n","protected":false},"author":2,"featured_media":0,"comment_status":"open","ping_status":"open","sticky":false,"template":"","format":"standard","meta":{"_et_pb_use_builder":"on","_et_pb_old_content":"","_et_gb_content_width":"","footnotes":""},"categories":[290],"tags":[],"class_list":["post-2857","post","type-post","status-publish","format-standard","hentry","category-otros"],"yoast_head":"<!-- This site is optimized with the Yoast SEO plugin v26.8 - https:\/\/yoast.com\/product\/yoast-seo-wordpress\/ -->\n<title>Evaluaci\u00f3n Ambiental para una Mejor Planificaci\u00f3n Legislativa - Soci\u00e9t\u00e9 d&#039;avocats Damy<\/title>\n<meta name=\"description\" content=\"Planificaci\u00f3n y evaluaci\u00f3n ambiental Los documentos de planificaci\u00f3n urbana juegan un papel crucial en la configuraci\u00f3n del medio\" \/>\n<meta name=\"robots\" content=\"index, follow, max-snippet:-1, max-image-preview:large, max-video-preview:-1\" \/>\n<link rel=\"canonical\" href=\"https:\/\/gregorydamy.niceavocats.fr\/es\/planificacion-y-evaluacion-ambiental\/\" \/>\n<meta property=\"og:locale\" content=\"es_ES\" \/>\n<meta property=\"og:type\" content=\"article\" \/>\n<meta property=\"og:title\" content=\"Evaluaci\u00f3n Ambiental para una Mejor Planificaci\u00f3n Legislativa - Soci\u00e9t\u00e9 d&#039;avocats Damy\" \/>\n<meta property=\"og:description\" content=\"Planificaci\u00f3n y evaluaci\u00f3n ambiental Los documentos de planificaci\u00f3n urbana juegan un papel crucial en la configuraci\u00f3n del medio\" \/>\n<meta property=\"og:url\" content=\"https:\/\/gregorydamy.niceavocats.fr\/es\/planificacion-y-evaluacion-ambiental\/\" \/>\n<meta property=\"og:site_name\" content=\"Soci\u00e9t\u00e9 d&#039;avocats Damy\" \/>\n<meta property=\"article:publisher\" content=\"https:\/\/www.facebook.com\/niceavocats.fr\/\" \/>\n<meta property=\"article:published_time\" content=\"2012-09-03T08:33:21+00:00\" \/>\n<meta property=\"article:modified_time\" content=\"2023-08-09T06:31:12+00:00\" \/>\n<meta name=\"author\" content=\"Kevin\" \/>\n<meta name=\"twitter:card\" content=\"summary_large_image\" \/>\n<meta name=\"twitter:label1\" content=\"Escrito por\" \/>\n\t<meta name=\"twitter:data1\" content=\"Kevin\" \/>\n\t<meta name=\"twitter:label2\" content=\"Tiempo de lectura\" \/>\n\t<meta name=\"twitter:data2\" content=\"3 minutos\" \/>\n<script type=\"application\/ld+json\" class=\"yoast-schema-graph\">{\"@context\":\"https:\/\/schema.org\",\"@graph\":[{\"@type\":\"Article\",\"@id\":\"https:\/\/gregorydamy.niceavocats.fr\/es\/planificacion-y-evaluacion-ambiental\/#article\",\"isPartOf\":{\"@id\":\"https:\/\/gregorydamy.niceavocats.fr\/es\/planificacion-y-evaluacion-ambiental\/\"},\"author\":{\"name\":\"Kevin\",\"@id\":\"https:\/\/gregorydamy.niceavocats.fr\/es\/#\/schema\/person\/e040acb2856efaa1e114d0e7a92a3870\"},\"headline\":\"Evaluaci\u00f3n Ambiental para una Mejor Planificaci\u00f3n Legislativa\",\"datePublished\":\"2012-09-03T08:33:21+00:00\",\"dateModified\":\"2023-08-09T06:31:12+00:00\",\"mainEntityOfPage\":{\"@id\":\"https:\/\/gregorydamy.niceavocats.fr\/es\/planificacion-y-evaluacion-ambiental\/\"},\"wordCount\":763,\"commentCount\":0,\"publisher\":{\"@id\":\"https:\/\/gregorydamy.niceavocats.fr\/es\/#organization\"},\"articleSection\":[\"Otros\"],\"inLanguage\":\"es\",\"potentialAction\":[{\"@type\":\"CommentAction\",\"name\":\"Comment\",\"target\":[\"https:\/\/gregorydamy.niceavocats.fr\/es\/planificacion-y-evaluacion-ambiental\/#respond\"]}]},{\"@type\":\"WebPage\",\"@id\":\"https:\/\/gregorydamy.niceavocats.fr\/es\/planificacion-y-evaluacion-ambiental\/\",\"url\":\"https:\/\/gregorydamy.niceavocats.fr\/es\/planificacion-y-evaluacion-ambiental\/\",\"name\":\"Evaluaci\u00f3n Ambiental para una Mejor Planificaci\u00f3n Legislativa - Soci\u00e9t\u00e9 d&#039;avocats Damy\",\"isPartOf\":{\"@id\":\"https:\/\/gregorydamy.niceavocats.fr\/es\/#website\"},\"datePublished\":\"2012-09-03T08:33:21+00:00\",\"dateModified\":\"2023-08-09T06:31:12+00:00\",\"description\":\"Planificaci\u00f3n y evaluaci\u00f3n ambiental Los documentos de planificaci\u00f3n urbana juegan un papel crucial en la configuraci\u00f3n del medio\",\"breadcrumb\":{\"@id\":\"https:\/\/gregorydamy.niceavocats.fr\/es\/planificacion-y-evaluacion-ambiental\/#breadcrumb\"},\"inLanguage\":\"es\",\"potentialAction\":[{\"@type\":\"ReadAction\",\"target\":[\"https:\/\/gregorydamy.niceavocats.fr\/es\/planificacion-y-evaluacion-ambiental\/\"]}]},{\"@type\":\"BreadcrumbList\",\"@id\":\"https:\/\/gregorydamy.niceavocats.fr\/es\/planificacion-y-evaluacion-ambiental\/#breadcrumb\",\"itemListElement\":[{\"@type\":\"ListItem\",\"position\":1,\"name\":\"Accueil\",\"item\":\"https:\/\/gregorydamy.niceavocats.fr\/es\/\"},{\"@type\":\"ListItem\",\"position\":2,\"name\":\"Evaluaci\u00f3n Ambiental para una Mejor Planificaci\u00f3n Legislativa\"}]},{\"@type\":\"WebSite\",\"@id\":\"https:\/\/gregorydamy.niceavocats.fr\/es\/#website\",\"url\":\"https:\/\/gregorydamy.niceavocats.fr\/es\/\",\"name\":\"Soci\u00e9t\u00e9 d&#039;avocats Damy\",\"description\":\"Justice - Confiance - Efficacit\u00e9\",\"publisher\":{\"@id\":\"https:\/\/gregorydamy.niceavocats.fr\/es\/#organization\"},\"potentialAction\":[{\"@type\":\"SearchAction\",\"target\":{\"@type\":\"EntryPoint\",\"urlTemplate\":\"https:\/\/gregorydamy.niceavocats.fr\/es\/?s={search_term_string}\"},\"query-input\":{\"@type\":\"PropertyValueSpecification\",\"valueRequired\":true,\"valueName\":\"search_term_string\"}}],\"inLanguage\":\"es\"},{\"@type\":\"Organization\",\"@id\":\"https:\/\/gregorydamy.niceavocats.fr\/es\/#organization\",\"name\":\"Soci\u00e9t\u00e9 d'Avocats DAMY\",\"alternateName\":\"Gr\u00e9gory DAMY\",\"url\":\"https:\/\/gregorydamy.niceavocats.fr\/es\/\",\"logo\":{\"@type\":\"ImageObject\",\"inLanguage\":\"es\",\"@id\":\"https:\/\/gregorydamy.niceavocats.fr\/es\/#\/schema\/logo\/image\/\",\"url\":\"https:\/\/gregorydamy.niceavocats.fr\/wp-content\/uploads\/2023\/04\/damylogo-1.png\",\"contentUrl\":\"https:\/\/gregorydamy.niceavocats.fr\/wp-content\/uploads\/2023\/04\/damylogo-1.png\",\"width\":1890,\"height\":1417,\"caption\":\"Soci\u00e9t\u00e9 d'Avocats DAMY\"},\"image\":{\"@id\":\"https:\/\/gregorydamy.niceavocats.fr\/es\/#\/schema\/logo\/image\/\"},\"sameAs\":[\"https:\/\/www.facebook.com\/niceavocats.fr\/\"]},{\"@type\":\"Person\",\"@id\":\"https:\/\/gregorydamy.niceavocats.fr\/es\/#\/schema\/person\/e040acb2856efaa1e114d0e7a92a3870\",\"name\":\"Kevin\",\"url\":\"https:\/\/gregorydamy.niceavocats.fr\/es\/author\/kevin\/\"}]}<\/script>\n<!-- \/ Yoast SEO plugin. -->","yoast_head_json":{"title":"Evaluaci\u00f3n Ambiental para una Mejor Planificaci\u00f3n Legislativa - Soci\u00e9t\u00e9 d&#039;avocats Damy","description":"Planificaci\u00f3n y evaluaci\u00f3n ambiental Los documentos de planificaci\u00f3n urbana juegan un papel crucial en la configuraci\u00f3n del medio","robots":{"index":"index","follow":"follow","max-snippet":"max-snippet:-1","max-image-preview":"max-image-preview:large","max-video-preview":"max-video-preview:-1"},"canonical":"https:\/\/gregorydamy.niceavocats.fr\/es\/planificacion-y-evaluacion-ambiental\/","og_locale":"es_ES","og_type":"article","og_title":"Evaluaci\u00f3n Ambiental para una Mejor Planificaci\u00f3n Legislativa - Soci\u00e9t\u00e9 d&#039;avocats Damy","og_description":"Planificaci\u00f3n y evaluaci\u00f3n ambiental Los documentos de planificaci\u00f3n urbana juegan un papel crucial en la configuraci\u00f3n del medio","og_url":"https:\/\/gregorydamy.niceavocats.fr\/es\/planificacion-y-evaluacion-ambiental\/","og_site_name":"Soci\u00e9t\u00e9 d&#039;avocats Damy","article_publisher":"https:\/\/www.facebook.com\/niceavocats.fr\/","article_published_time":"2012-09-03T08:33:21+00:00","article_modified_time":"2023-08-09T06:31:12+00:00","author":"Kevin","twitter_card":"summary_large_image","twitter_misc":{"Escrito por":"Kevin","Tiempo de lectura":"3 minutos"},"schema":{"@context":"https:\/\/schema.org","@graph":[{"@type":"Article","@id":"https:\/\/gregorydamy.niceavocats.fr\/es\/planificacion-y-evaluacion-ambiental\/#article","isPartOf":{"@id":"https:\/\/gregorydamy.niceavocats.fr\/es\/planificacion-y-evaluacion-ambiental\/"},"author":{"name":"Kevin","@id":"https:\/\/gregorydamy.niceavocats.fr\/es\/#\/schema\/person\/e040acb2856efaa1e114d0e7a92a3870"},"headline":"Evaluaci\u00f3n Ambiental para una Mejor Planificaci\u00f3n Legislativa","datePublished":"2012-09-03T08:33:21+00:00","dateModified":"2023-08-09T06:31:12+00:00","mainEntityOfPage":{"@id":"https:\/\/gregorydamy.niceavocats.fr\/es\/planificacion-y-evaluacion-ambiental\/"},"wordCount":763,"commentCount":0,"publisher":{"@id":"https:\/\/gregorydamy.niceavocats.fr\/es\/#organization"},"articleSection":["Otros"],"inLanguage":"es","potentialAction":[{"@type":"CommentAction","name":"Comment","target":["https:\/\/gregorydamy.niceavocats.fr\/es\/planificacion-y-evaluacion-ambiental\/#respond"]}]},{"@type":"WebPage","@id":"https:\/\/gregorydamy.niceavocats.fr\/es\/planificacion-y-evaluacion-ambiental\/","url":"https:\/\/gregorydamy.niceavocats.fr\/es\/planificacion-y-evaluacion-ambiental\/","name":"Evaluaci\u00f3n Ambiental para una Mejor Planificaci\u00f3n Legislativa - Soci\u00e9t\u00e9 d&#039;avocats Damy","isPartOf":{"@id":"https:\/\/gregorydamy.niceavocats.fr\/es\/#website"},"datePublished":"2012-09-03T08:33:21+00:00","dateModified":"2023-08-09T06:31:12+00:00","description":"Planificaci\u00f3n y evaluaci\u00f3n ambiental Los documentos de planificaci\u00f3n urbana juegan un papel crucial en la configuraci\u00f3n del medio","breadcrumb":{"@id":"https:\/\/gregorydamy.niceavocats.fr\/es\/planificacion-y-evaluacion-ambiental\/#breadcrumb"},"inLanguage":"es","potentialAction":[{"@type":"ReadAction","target":["https:\/\/gregorydamy.niceavocats.fr\/es\/planificacion-y-evaluacion-ambiental\/"]}]},{"@type":"BreadcrumbList","@id":"https:\/\/gregorydamy.niceavocats.fr\/es\/planificacion-y-evaluacion-ambiental\/#breadcrumb","itemListElement":[{"@type":"ListItem","position":1,"name":"Accueil","item":"https:\/\/gregorydamy.niceavocats.fr\/es\/"},{"@type":"ListItem","position":2,"name":"Evaluaci\u00f3n Ambiental para una Mejor Planificaci\u00f3n Legislativa"}]},{"@type":"WebSite","@id":"https:\/\/gregorydamy.niceavocats.fr\/es\/#website","url":"https:\/\/gregorydamy.niceavocats.fr\/es\/","name":"Soci\u00e9t\u00e9 d&#039;avocats Damy","description":"Justice - Confiance - Efficacit\u00e9","publisher":{"@id":"https:\/\/gregorydamy.niceavocats.fr\/es\/#organization"},"potentialAction":[{"@type":"SearchAction","target":{"@type":"EntryPoint","urlTemplate":"https:\/\/gregorydamy.niceavocats.fr\/es\/?s={search_term_string}"},"query-input":{"@type":"PropertyValueSpecification","valueRequired":true,"valueName":"search_term_string"}}],"inLanguage":"es"},{"@type":"Organization","@id":"https:\/\/gregorydamy.niceavocats.fr\/es\/#organization","name":"Soci\u00e9t\u00e9 d'Avocats DAMY","alternateName":"Gr\u00e9gory DAMY","url":"https:\/\/gregorydamy.niceavocats.fr\/es\/","logo":{"@type":"ImageObject","inLanguage":"es","@id":"https:\/\/gregorydamy.niceavocats.fr\/es\/#\/schema\/logo\/image\/","url":"https:\/\/gregorydamy.niceavocats.fr\/wp-content\/uploads\/2023\/04\/damylogo-1.png","contentUrl":"https:\/\/gregorydamy.niceavocats.fr\/wp-content\/uploads\/2023\/04\/damylogo-1.png","width":1890,"height":1417,"caption":"Soci\u00e9t\u00e9 d'Avocats DAMY"},"image":{"@id":"https:\/\/gregorydamy.niceavocats.fr\/es\/#\/schema\/logo\/image\/"},"sameAs":["https:\/\/www.facebook.com\/niceavocats.fr\/"]},{"@type":"Person","@id":"https:\/\/gregorydamy.niceavocats.fr\/es\/#\/schema\/person\/e040acb2856efaa1e114d0e7a92a3870","name":"Kevin","url":"https:\/\/gregorydamy.niceavocats.fr\/es\/author\/kevin\/"}]}},"_links":{"self":[{"href":"https:\/\/gregorydamy.niceavocats.fr\/es\/wp-json\/wp\/v2\/posts\/2857","targetHints":{"allow":["GET"]}}],"collection":[{"href":"https:\/\/gregorydamy.niceavocats.fr\/es\/wp-json\/wp\/v2\/posts"}],"about":[{"href":"https:\/\/gregorydamy.niceavocats.fr\/es\/wp-json\/wp\/v2\/types\/post"}],"author":[{"embeddable":true,"href":"https:\/\/gregorydamy.niceavocats.fr\/es\/wp-json\/wp\/v2\/users\/2"}],"replies":[{"embeddable":true,"href":"https:\/\/gregorydamy.niceavocats.fr\/es\/wp-json\/wp\/v2\/comments?post=2857"}],"version-history":[{"count":0,"href":"https:\/\/gregorydamy.niceavocats.fr\/es\/wp-json\/wp\/v2\/posts\/2857\/revisions"}],"wp:attachment":[{"href":"https:\/\/gregorydamy.niceavocats.fr\/es\/wp-json\/wp\/v2\/media?parent=2857"}],"wp:term":[{"taxonomy":"category","embeddable":true,"href":"https:\/\/gregorydamy.niceavocats.fr\/es\/wp-json\/wp\/v2\/categories?post=2857"},{"taxonomy":"post_tag","embeddable":true,"href":"https:\/\/gregorydamy.niceavocats.fr\/es\/wp-json\/wp\/v2\/tags?post=2857"}],"curies":[{"name":"wp","href":"https:\/\/api.w.org\/{rel}","templated":true}]}}