{"id":2496,"date":"2013-04-05T13:13:50","date_gmt":"2013-04-05T13:13:50","guid":{"rendered":"https:\/\/gregorydamy.niceavocats.fr\/?p=2496"},"modified":"2023-08-30T05:43:11","modified_gmt":"2023-08-30T05:43:11","slug":"principio-de-laicidad-y-condiciones-para-el-ejercicio-de-la-libertad-religiosa-en-el-trabajo","status":"publish","type":"post","link":"https:\/\/gregorydamy.niceavocats.fr\/es\/principio-de-laicidad-y-condiciones-para-el-ejercicio-de-la-libertad-religiosa-en-el-trabajo\/","title":{"rendered":"Principio de laicidad y condiciones para el ejercicio de la libertad religiosa en el trabajo"},"content":{"rendered":"<p>[et_pb_section fb_built=&#8221;1&#8243; admin_label=&#8221;section&#8221; _builder_version=&#8221;4.19.5&#8243; custom_margin=&#8221;||0px||false|false&#8221; custom_padding=&#8221;||0px||false|false&#8221; locked=&#8221;off&#8221; global_colors_info=&#8221;{}&#8221;][et_pb_row column_structure=&#8221;1_3,1_3,1_3&#8243; _builder_version=&#8221;4.19.5&#8243; _module_preset=&#8221;default&#8221; background_enable_mask_style=&#8221;on&#8221; background_mask_style=&#8221;wave&#8221; background_mask_color=&#8221;rgba(0,0,0,0.08)&#8221; custom_padding=&#8221;||6px|||&#8221; locked=&#8221;off&#8221; global_colors_info=&#8221;{}&#8221;][et_pb_column type=&#8221;1_3&#8243; _builder_version=&#8221;4.19.5&#8243; _module_preset=&#8221;default&#8221; global_colors_info=&#8221;{}&#8221;][\/et_pb_column][et_pb_column type=&#8221;1_3&#8243; _builder_version=&#8221;4.19.5&#8243; _module_preset=&#8221;default&#8221; global_colors_info=&#8221;{}&#8221;][\/et_pb_column][et_pb_column type=&#8221;1_3&#8243; _builder_version=&#8221;4.19.5&#8243; _module_preset=&#8221;default&#8221; global_colors_info=&#8221;{}&#8221;][et_pb_circle_counter title=&#8221; Estimated reading time (in minutes)&#8221; number=&#8221;2&#8243; percent_sign=&#8221;off&#8221; _builder_version=&#8221;4.19.5&#8243; _module_preset=&#8221;default&#8221; title_font=&#8221;Amiri||||||||&#8221; max_width=&#8221;137px&#8221; global_colors_info=&#8221;{}&#8221;][\/et_pb_circle_counter][\/et_pb_column][\/et_pb_row][et_pb_row _builder_version=&#8221;4.19.5&#8243; _module_preset=&#8221;default&#8221; custom_margin=&#8221;||0px||false|false&#8221; custom_padding=&#8221;||0px||false|false&#8221; global_colors_info=&#8221;{}&#8221;][et_pb_column type=&#8221;4_4&#8243; _builder_version=&#8221;4.19.5&#8243; _module_preset=&#8221;default&#8221; global_colors_info=&#8221;{}&#8221;][et_pb_divider _builder_version=&#8221;4.19.5&#8243; _module_preset=&#8221;default&#8221; global_colors_info=&#8221;{}&#8221;][\/et_pb_divider][et_pb_image src=&#8221;https:\/\/gregorydamy.niceavocats.fr\/wp-content\/uploads\/2023\/08\/job-5382501_1280-2.jpg&#8221; title_text=&#8221;job-5382501_1280-2&#8243; _builder_version=&#8221;4.21.0&#8243; _module_preset=&#8221;default&#8221; hover_enabled=&#8221;0&#8243; global_colors_info=&#8221;{}&#8221; sticky_enabled=&#8221;0&#8243;][\/et_pb_image][\/et_pb_column][\/et_pb_row][et_pb_row admin_label=&#8221;row&#8221; _builder_version=&#8221;4.16&#8243; background_size=&#8221;initial&#8221; background_position=&#8221;top_left&#8221; background_repeat=&#8221;repeat&#8221; global_colors_info=&#8221;{}&#8221;][et_pb_column type=&#8221;4_4&#8243; _builder_version=&#8221;4.16&#8243; custom_padding=&#8221;|||&#8221; global_colors_info=&#8221;{}&#8221; custom_padding__hover=&#8221;|||&#8221;][et_pb_text admin_label=&#8221;Text&#8221; _builder_version=&#8221;4.21.0&#8243; text_font=&#8221;Amiri||||||||&#8221; header_2_font=&#8221;Amiri||||||||&#8221; header_3_font=&#8221;Amiri||||||||&#8221; background_size=&#8221;initial&#8221; background_position=&#8221;top_left&#8221; background_repeat=&#8221;repeat&#8221; hover_enabled=&#8221;0&#8243; global_colors_info=&#8221;{}&#8221; sticky_enabled=&#8221;0&#8243;]<\/p>\n<div class=\"group w-full text-gray-800 dark:text-gray-100 border-b border-black\/10 dark:border-gray-900\/50 bg-gray-50 dark:bg-[#444654]\">\n<div class=\"flex p-4 gap-4 text-base md:gap-6 md:max-w-2xl lg:max-w-[38rem] xl:max-w-3xl md:py-6 lg:px-0 m-auto\">\n<div class=\"relative flex w-[calc(100%-50px)] flex-col gap-1 md:gap-3 lg:w-[calc(100%-115px)]\">\n<div class=\"flex flex-grow flex-col gap-3\">\n<div class=\"flex flex-col items-start gap-4 whitespace-pre-wrap break-words\">\n<div class=\"markdown prose w-full break-words dark:prose-invert light\">\n<h2><span>Casos judiciales: secularismo y libertad religiosa, marzo de 2013<\/span><\/h2>\n<p><span>En dos sentencias dictadas el\u00a0<\/span><a href=\"https:\/\/www.legifrance.gouv.fr\/juri\/id\/JURITEXT000027209800\/\"><span>19 de marzo de 2013<\/span><\/a><span>\u00a0, el Tribunal de Casaci\u00f3n acaba de pronunciarse sobre el principio de laicidad y sobre las condiciones para el ejercicio de la libertad religiosa en el trabajo.<\/span><\/p>\n<p><span>En ambos casos, fue una empleada la que impugn\u00f3 su despido, bas\u00e1ndose en la negativa a quitarse, en su lugar de trabajo, el velo isl\u00e1mico, dejando al descubierto su rostro pero cubri\u00e9ndole el cabello.\u00a0En un caso, el empleado trabajaba en una guarder\u00eda privada, en el otro, para un seguro m\u00e9dico.\u00a0As\u00ed, el sector privado se opone al sector p\u00fablico, dividiendo nuevamente a Francia en dos y debilitando el principio de laicismo.\u00a0La responsabilidad de tal principio, en una Rep\u00fablica \u00fanica e indivisible, \u00bfno deber\u00eda ser compartida y asumida por todos?\u00a0En el caso de la guarder\u00eda privada, el Tribunal de Casaci\u00f3n recuerda que el principio de laicidad y neutralidad establecidos por la Constituci\u00f3n no es aplicable a los empleados de empresarios de derecho privado que no gestionan un servicio p\u00fablico.A pesar de su misi\u00f3n de inter\u00e9s general, una guarder\u00eda privada no puede considerarse como gestora de un servicio p\u00fablico.\u00a0En estas condiciones, considera el Tribunal, las restricciones a la libertad religiosa s\u00f3lo son posibles si est\u00e1n justificadas por la naturaleza de la tarea a realizar, responden a una exigencia profesional esencial y son proporcionadas al objetivo perseguido.\u00a0No se trata de una cl\u00e1usula general de laicidad que figura en el reglamento interno de la guarder\u00eda y es aplicable a todos sus puestos de trabajo.\u00a0Aqu\u00ed, a pesar del separatismo legal predominante, la empresa privada pidi\u00f3 a sus empleados que se comprometieran con la neutralidad republicana laica, yendo m\u00e1s all\u00e1 del \u00e1mbito leg\u00edtimo y legal de tal exigencia.\u00a0Sin duda, ella quer\u00eda ser m\u00e1s realista que el rey, y el despido fue revertido.En cambio, en un servicio p\u00fablico\u00a0prevalece el principio de laicidad.\u00a0As\u00ed, en el caso relativo a la Caja del Seguro Primario de Enfermedad, el Tribunal dictamin\u00f3 que los principios de neutralidad y laicidad son aplicables a todos los servicios p\u00fablicos, incluso cuando est\u00e9n gestionados por organismos de derecho privado, como es el caso de una caja primaria de seguridad social. fondo.\u00a0En consecuencia, sus agentes, incluso aquellos que no est\u00e1n en contacto con los usuarios, est\u00e1n sujetos a restricciones espec\u00edficas que les proh\u00edben, en particular, manifestar sus convicciones religiosas mediante signos externos, en particular la vestimenta.\u00a0El despido fue validado.Si, en el primer caso, el m\u00e1ximo tribunal republicano parece prohibir a sus ciudadanos ser republicanos (una Rep\u00fablica contra el secularismo republicano), el segundo tiende a asociar todos los espacios sociales, p\u00fablicos o privados, a\u00a0esta responsabilidad secular.\u00a0Sin embargo, como unidad no significa uniformidad, es importante tener en cuenta la especificidad de cada uno para poder adaptarse conjuntamente en torno a un mismo principio.<\/span><\/p>\n<h2><span>Sector privado: el laicismo en una guarder\u00eda privada<\/span><\/h2>\n<p><span>En un proceso judicial relativo al sector privado, m\u00e1s concretamente a una guarder\u00eda privada, se examin\u00f3 el principio de laicidad.\u00a0El Tribunal de Casaci\u00f3n aclar\u00f3 que el principio de laicidad y neutralidad, establecidos por la Constituci\u00f3n, no se aplica a los empleados de empleadores privados que no gestionan un servicio p\u00fablico.\u00a0Aunque una guarder\u00eda privada pueda tener una misi\u00f3n de inter\u00e9s general, no se considera que gestione un servicio p\u00fablico.\u00a0Por lo tanto, s\u00f3lo pueden imponerse restricciones a la libertad religiosa si est\u00e1n justificadas por la naturaleza del trabajo, cumplen requisitos ocupacionales esenciales y son proporcionadas.\u00a0El tribunal anul\u00f3 el despido en este caso, destacando los l\u00edmites de los requisitos seculares en las empresas privadas.<\/span><\/p>\n<p><a href=\"https:\/\/gregorydamy.niceavocats.fr\/\"><span>buffet of abogados DAMY<\/span><\/a><\/p>\n<\/div>\n<\/div>\n<\/div>\n<div class=\"flex justify-between lg:block\">\n<div class=\"text-gray-400 flex self-end lg:self-center justify-center mt-2 gap-2 md:gap-3 lg:gap-1 lg:absolute lg:top-0 lg:translate-x-full lg:right-0 lg:mt-0 lg:pl-2 visible\">\n<p>&nbsp;<\/p>\n<div class=\"flex gap-1\">\u00a0<\/div>\n<\/div>\n<\/div>\n<\/div>\n<\/div>\n<\/div>\n<p>[\/et_pb_text][\/et_pb_column][\/et_pb_row][et_pb_row _builder_version=&#8221;4.19.5&#8243; _module_preset=&#8221;default&#8221; custom_margin=&#8221;||0px||false|false&#8221; custom_padding=&#8221;||0px||false|false&#8221; global_colors_info=&#8221;{}&#8221;][et_pb_column type=&#8221;4_4&#8243; _builder_version=&#8221;4.19.5&#8243; _module_preset=&#8221;default&#8221; global_colors_info=&#8221;{}&#8221;][et_pb_divider _builder_version=&#8221;4.19.5&#8243; _module_preset=&#8221;default&#8221; global_colors_info=&#8221;{}&#8221;][\/et_pb_divider][\/et_pb_column][\/et_pb_row][\/et_pb_section]<\/p>\n","protected":false},"excerpt":{"rendered":"<p>Casos judiciales: secularismo y libertad religiosa, marzo de 2013 En dos sentencias dictadas el\u00a019 de marzo de 2013\u00a0, el Tribunal de Casaci\u00f3n acaba de pronunciarse sobre el principio de laicidad y sobre las condiciones para el ejercicio de la libertad religiosa en el trabajo. En ambos casos, fue una empleada la que impugn\u00f3 su despido, [&hellip;]<\/p>\n","protected":false},"author":2,"featured_media":0,"comment_status":"open","ping_status":"open","sticky":false,"template":"","format":"standard","meta":{"_et_pb_use_builder":"on","_et_pb_old_content":"","_et_gb_content_width":"","footnotes":""},"categories":[325],"tags":[],"class_list":["post-2496","post","type-post","status-publish","format-standard","hentry","category-derecho-laboral"],"yoast_head":"<!-- This site is optimized with the Yoast SEO plugin v26.8 - https:\/\/yoast.com\/product\/yoast-seo-wordpress\/ -->\n<title>Principio de laicidad y condiciones para el ejercicio de la libertad religiosa en el trabajo - Soci\u00e9t\u00e9 d&#039;avocats Damy<\/title>\n<meta name=\"description\" content=\"Principio de laicidad y condiciones para el ejercicio de la libertad religiosa en el trabajo En dos sentencias dictadas el 19 de marzo\" \/>\n<meta name=\"robots\" content=\"index, follow, max-snippet:-1, max-image-preview:large, max-video-preview:-1\" \/>\n<link rel=\"canonical\" href=\"https:\/\/gregorydamy.niceavocats.fr\/es\/principio-de-laicidad-y-condiciones-para-el-ejercicio-de-la-libertad-religiosa-en-el-trabajo\/\" \/>\n<meta property=\"og:locale\" content=\"es_ES\" \/>\n<meta property=\"og:type\" content=\"article\" \/>\n<meta property=\"og:title\" content=\"Principio de laicidad y condiciones para el ejercicio de la libertad religiosa en el trabajo - Soci\u00e9t\u00e9 d&#039;avocats Damy\" \/>\n<meta property=\"og:description\" content=\"Principio de laicidad y condiciones para el ejercicio de la libertad religiosa en el trabajo En dos sentencias dictadas el 19 de marzo\" \/>\n<meta property=\"og:url\" content=\"https:\/\/gregorydamy.niceavocats.fr\/es\/principio-de-laicidad-y-condiciones-para-el-ejercicio-de-la-libertad-religiosa-en-el-trabajo\/\" \/>\n<meta property=\"og:site_name\" content=\"Soci\u00e9t\u00e9 d&#039;avocats Damy\" \/>\n<meta property=\"article:publisher\" content=\"https:\/\/www.facebook.com\/niceavocats.fr\/\" \/>\n<meta property=\"article:published_time\" content=\"2013-04-05T13:13:50+00:00\" \/>\n<meta property=\"article:modified_time\" content=\"2023-08-30T05:43:11+00:00\" \/>\n<meta name=\"author\" content=\"Kevin\" \/>\n<meta name=\"twitter:card\" content=\"summary_large_image\" \/>\n<meta name=\"twitter:label1\" content=\"Escrito por\" \/>\n\t<meta name=\"twitter:data1\" content=\"Kevin\" \/>\n\t<meta name=\"twitter:label2\" content=\"Tiempo de lectura\" \/>\n\t<meta name=\"twitter:data2\" content=\"4 minutos\" \/>\n<script type=\"application\/ld+json\" class=\"yoast-schema-graph\">{\"@context\":\"https:\/\/schema.org\",\"@graph\":[{\"@type\":\"Article\",\"@id\":\"https:\/\/gregorydamy.niceavocats.fr\/es\/principio-de-laicidad-y-condiciones-para-el-ejercicio-de-la-libertad-religiosa-en-el-trabajo\/#article\",\"isPartOf\":{\"@id\":\"https:\/\/gregorydamy.niceavocats.fr\/es\/principio-de-laicidad-y-condiciones-para-el-ejercicio-de-la-libertad-religiosa-en-el-trabajo\/\"},\"author\":{\"name\":\"Kevin\",\"@id\":\"https:\/\/gregorydamy.niceavocats.fr\/es\/#\/schema\/person\/e040acb2856efaa1e114d0e7a92a3870\"},\"headline\":\"Principio de laicidad y condiciones para el ejercicio de la libertad religiosa en el trabajo\",\"datePublished\":\"2013-04-05T13:13:50+00:00\",\"dateModified\":\"2023-08-30T05:43:11+00:00\",\"mainEntityOfPage\":{\"@id\":\"https:\/\/gregorydamy.niceavocats.fr\/es\/principio-de-laicidad-y-condiciones-para-el-ejercicio-de-la-libertad-religiosa-en-el-trabajo\/\"},\"wordCount\":1018,\"commentCount\":0,\"publisher\":{\"@id\":\"https:\/\/gregorydamy.niceavocats.fr\/es\/#organization\"},\"articleSection\":[\"Derecho laboral\"],\"inLanguage\":\"es\",\"potentialAction\":[{\"@type\":\"CommentAction\",\"name\":\"Comment\",\"target\":[\"https:\/\/gregorydamy.niceavocats.fr\/es\/principio-de-laicidad-y-condiciones-para-el-ejercicio-de-la-libertad-religiosa-en-el-trabajo\/#respond\"]}]},{\"@type\":\"WebPage\",\"@id\":\"https:\/\/gregorydamy.niceavocats.fr\/es\/principio-de-laicidad-y-condiciones-para-el-ejercicio-de-la-libertad-religiosa-en-el-trabajo\/\",\"url\":\"https:\/\/gregorydamy.niceavocats.fr\/es\/principio-de-laicidad-y-condiciones-para-el-ejercicio-de-la-libertad-religiosa-en-el-trabajo\/\",\"name\":\"Principio de laicidad y condiciones para el ejercicio de la libertad religiosa en el trabajo - Soci\u00e9t\u00e9 d&#039;avocats Damy\",\"isPartOf\":{\"@id\":\"https:\/\/gregorydamy.niceavocats.fr\/es\/#website\"},\"datePublished\":\"2013-04-05T13:13:50+00:00\",\"dateModified\":\"2023-08-30T05:43:11+00:00\",\"description\":\"Principio de laicidad y condiciones para el ejercicio de la libertad religiosa en el trabajo En dos sentencias dictadas el 19 de marzo\",\"breadcrumb\":{\"@id\":\"https:\/\/gregorydamy.niceavocats.fr\/es\/principio-de-laicidad-y-condiciones-para-el-ejercicio-de-la-libertad-religiosa-en-el-trabajo\/#breadcrumb\"},\"inLanguage\":\"es\",\"potentialAction\":[{\"@type\":\"ReadAction\",\"target\":[\"https:\/\/gregorydamy.niceavocats.fr\/es\/principio-de-laicidad-y-condiciones-para-el-ejercicio-de-la-libertad-religiosa-en-el-trabajo\/\"]}]},{\"@type\":\"BreadcrumbList\",\"@id\":\"https:\/\/gregorydamy.niceavocats.fr\/es\/principio-de-laicidad-y-condiciones-para-el-ejercicio-de-la-libertad-religiosa-en-el-trabajo\/#breadcrumb\",\"itemListElement\":[{\"@type\":\"ListItem\",\"position\":1,\"name\":\"Accueil\",\"item\":\"https:\/\/gregorydamy.niceavocats.fr\/es\/\"},{\"@type\":\"ListItem\",\"position\":2,\"name\":\"Principio de laicidad y condiciones para el ejercicio de la libertad religiosa en el trabajo\"}]},{\"@type\":\"WebSite\",\"@id\":\"https:\/\/gregorydamy.niceavocats.fr\/es\/#website\",\"url\":\"https:\/\/gregorydamy.niceavocats.fr\/es\/\",\"name\":\"Soci\u00e9t\u00e9 d&#039;avocats Damy\",\"description\":\"Justice - Confiance - Efficacit\u00e9\",\"publisher\":{\"@id\":\"https:\/\/gregorydamy.niceavocats.fr\/es\/#organization\"},\"potentialAction\":[{\"@type\":\"SearchAction\",\"target\":{\"@type\":\"EntryPoint\",\"urlTemplate\":\"https:\/\/gregorydamy.niceavocats.fr\/es\/?s={search_term_string}\"},\"query-input\":{\"@type\":\"PropertyValueSpecification\",\"valueRequired\":true,\"valueName\":\"search_term_string\"}}],\"inLanguage\":\"es\"},{\"@type\":\"Organization\",\"@id\":\"https:\/\/gregorydamy.niceavocats.fr\/es\/#organization\",\"name\":\"Soci\u00e9t\u00e9 d'Avocats DAMY\",\"alternateName\":\"Gr\u00e9gory DAMY\",\"url\":\"https:\/\/gregorydamy.niceavocats.fr\/es\/\",\"logo\":{\"@type\":\"ImageObject\",\"inLanguage\":\"es\",\"@id\":\"https:\/\/gregorydamy.niceavocats.fr\/es\/#\/schema\/logo\/image\/\",\"url\":\"https:\/\/gregorydamy.niceavocats.fr\/wp-content\/uploads\/2023\/04\/damylogo-1.png\",\"contentUrl\":\"https:\/\/gregorydamy.niceavocats.fr\/wp-content\/uploads\/2023\/04\/damylogo-1.png\",\"width\":1890,\"height\":1417,\"caption\":\"Soci\u00e9t\u00e9 d'Avocats DAMY\"},\"image\":{\"@id\":\"https:\/\/gregorydamy.niceavocats.fr\/es\/#\/schema\/logo\/image\/\"},\"sameAs\":[\"https:\/\/www.facebook.com\/niceavocats.fr\/\"]},{\"@type\":\"Person\",\"@id\":\"https:\/\/gregorydamy.niceavocats.fr\/es\/#\/schema\/person\/e040acb2856efaa1e114d0e7a92a3870\",\"name\":\"Kevin\",\"url\":\"https:\/\/gregorydamy.niceavocats.fr\/es\/author\/kevin\/\"}]}<\/script>\n<!-- \/ Yoast SEO plugin. -->","yoast_head_json":{"title":"Principio de laicidad y condiciones para el ejercicio de la libertad religiosa en el trabajo - Soci\u00e9t\u00e9 d&#039;avocats Damy","description":"Principio de laicidad y condiciones para el ejercicio de la libertad religiosa en el trabajo En dos sentencias dictadas el 19 de marzo","robots":{"index":"index","follow":"follow","max-snippet":"max-snippet:-1","max-image-preview":"max-image-preview:large","max-video-preview":"max-video-preview:-1"},"canonical":"https:\/\/gregorydamy.niceavocats.fr\/es\/principio-de-laicidad-y-condiciones-para-el-ejercicio-de-la-libertad-religiosa-en-el-trabajo\/","og_locale":"es_ES","og_type":"article","og_title":"Principio de laicidad y condiciones para el ejercicio de la libertad religiosa en el trabajo - Soci\u00e9t\u00e9 d&#039;avocats Damy","og_description":"Principio de laicidad y condiciones para el ejercicio de la libertad religiosa en el trabajo En dos sentencias dictadas el 19 de marzo","og_url":"https:\/\/gregorydamy.niceavocats.fr\/es\/principio-de-laicidad-y-condiciones-para-el-ejercicio-de-la-libertad-religiosa-en-el-trabajo\/","og_site_name":"Soci\u00e9t\u00e9 d&#039;avocats Damy","article_publisher":"https:\/\/www.facebook.com\/niceavocats.fr\/","article_published_time":"2013-04-05T13:13:50+00:00","article_modified_time":"2023-08-30T05:43:11+00:00","author":"Kevin","twitter_card":"summary_large_image","twitter_misc":{"Escrito por":"Kevin","Tiempo de lectura":"4 minutos"},"schema":{"@context":"https:\/\/schema.org","@graph":[{"@type":"Article","@id":"https:\/\/gregorydamy.niceavocats.fr\/es\/principio-de-laicidad-y-condiciones-para-el-ejercicio-de-la-libertad-religiosa-en-el-trabajo\/#article","isPartOf":{"@id":"https:\/\/gregorydamy.niceavocats.fr\/es\/principio-de-laicidad-y-condiciones-para-el-ejercicio-de-la-libertad-religiosa-en-el-trabajo\/"},"author":{"name":"Kevin","@id":"https:\/\/gregorydamy.niceavocats.fr\/es\/#\/schema\/person\/e040acb2856efaa1e114d0e7a92a3870"},"headline":"Principio de laicidad y condiciones para el ejercicio de la libertad religiosa en el trabajo","datePublished":"2013-04-05T13:13:50+00:00","dateModified":"2023-08-30T05:43:11+00:00","mainEntityOfPage":{"@id":"https:\/\/gregorydamy.niceavocats.fr\/es\/principio-de-laicidad-y-condiciones-para-el-ejercicio-de-la-libertad-religiosa-en-el-trabajo\/"},"wordCount":1018,"commentCount":0,"publisher":{"@id":"https:\/\/gregorydamy.niceavocats.fr\/es\/#organization"},"articleSection":["Derecho laboral"],"inLanguage":"es","potentialAction":[{"@type":"CommentAction","name":"Comment","target":["https:\/\/gregorydamy.niceavocats.fr\/es\/principio-de-laicidad-y-condiciones-para-el-ejercicio-de-la-libertad-religiosa-en-el-trabajo\/#respond"]}]},{"@type":"WebPage","@id":"https:\/\/gregorydamy.niceavocats.fr\/es\/principio-de-laicidad-y-condiciones-para-el-ejercicio-de-la-libertad-religiosa-en-el-trabajo\/","url":"https:\/\/gregorydamy.niceavocats.fr\/es\/principio-de-laicidad-y-condiciones-para-el-ejercicio-de-la-libertad-religiosa-en-el-trabajo\/","name":"Principio de laicidad y condiciones para el ejercicio de la libertad religiosa en el trabajo - Soci\u00e9t\u00e9 d&#039;avocats Damy","isPartOf":{"@id":"https:\/\/gregorydamy.niceavocats.fr\/es\/#website"},"datePublished":"2013-04-05T13:13:50+00:00","dateModified":"2023-08-30T05:43:11+00:00","description":"Principio de laicidad y condiciones para el ejercicio de la libertad religiosa en el trabajo En dos sentencias dictadas el 19 de marzo","breadcrumb":{"@id":"https:\/\/gregorydamy.niceavocats.fr\/es\/principio-de-laicidad-y-condiciones-para-el-ejercicio-de-la-libertad-religiosa-en-el-trabajo\/#breadcrumb"},"inLanguage":"es","potentialAction":[{"@type":"ReadAction","target":["https:\/\/gregorydamy.niceavocats.fr\/es\/principio-de-laicidad-y-condiciones-para-el-ejercicio-de-la-libertad-religiosa-en-el-trabajo\/"]}]},{"@type":"BreadcrumbList","@id":"https:\/\/gregorydamy.niceavocats.fr\/es\/principio-de-laicidad-y-condiciones-para-el-ejercicio-de-la-libertad-religiosa-en-el-trabajo\/#breadcrumb","itemListElement":[{"@type":"ListItem","position":1,"name":"Accueil","item":"https:\/\/gregorydamy.niceavocats.fr\/es\/"},{"@type":"ListItem","position":2,"name":"Principio de laicidad y condiciones para el ejercicio de la libertad religiosa en el trabajo"}]},{"@type":"WebSite","@id":"https:\/\/gregorydamy.niceavocats.fr\/es\/#website","url":"https:\/\/gregorydamy.niceavocats.fr\/es\/","name":"Soci\u00e9t\u00e9 d&#039;avocats Damy","description":"Justice - Confiance - Efficacit\u00e9","publisher":{"@id":"https:\/\/gregorydamy.niceavocats.fr\/es\/#organization"},"potentialAction":[{"@type":"SearchAction","target":{"@type":"EntryPoint","urlTemplate":"https:\/\/gregorydamy.niceavocats.fr\/es\/?s={search_term_string}"},"query-input":{"@type":"PropertyValueSpecification","valueRequired":true,"valueName":"search_term_string"}}],"inLanguage":"es"},{"@type":"Organization","@id":"https:\/\/gregorydamy.niceavocats.fr\/es\/#organization","name":"Soci\u00e9t\u00e9 d'Avocats DAMY","alternateName":"Gr\u00e9gory DAMY","url":"https:\/\/gregorydamy.niceavocats.fr\/es\/","logo":{"@type":"ImageObject","inLanguage":"es","@id":"https:\/\/gregorydamy.niceavocats.fr\/es\/#\/schema\/logo\/image\/","url":"https:\/\/gregorydamy.niceavocats.fr\/wp-content\/uploads\/2023\/04\/damylogo-1.png","contentUrl":"https:\/\/gregorydamy.niceavocats.fr\/wp-content\/uploads\/2023\/04\/damylogo-1.png","width":1890,"height":1417,"caption":"Soci\u00e9t\u00e9 d'Avocats DAMY"},"image":{"@id":"https:\/\/gregorydamy.niceavocats.fr\/es\/#\/schema\/logo\/image\/"},"sameAs":["https:\/\/www.facebook.com\/niceavocats.fr\/"]},{"@type":"Person","@id":"https:\/\/gregorydamy.niceavocats.fr\/es\/#\/schema\/person\/e040acb2856efaa1e114d0e7a92a3870","name":"Kevin","url":"https:\/\/gregorydamy.niceavocats.fr\/es\/author\/kevin\/"}]}},"_links":{"self":[{"href":"https:\/\/gregorydamy.niceavocats.fr\/es\/wp-json\/wp\/v2\/posts\/2496","targetHints":{"allow":["GET"]}}],"collection":[{"href":"https:\/\/gregorydamy.niceavocats.fr\/es\/wp-json\/wp\/v2\/posts"}],"about":[{"href":"https:\/\/gregorydamy.niceavocats.fr\/es\/wp-json\/wp\/v2\/types\/post"}],"author":[{"embeddable":true,"href":"https:\/\/gregorydamy.niceavocats.fr\/es\/wp-json\/wp\/v2\/users\/2"}],"replies":[{"embeddable":true,"href":"https:\/\/gregorydamy.niceavocats.fr\/es\/wp-json\/wp\/v2\/comments?post=2496"}],"version-history":[{"count":0,"href":"https:\/\/gregorydamy.niceavocats.fr\/es\/wp-json\/wp\/v2\/posts\/2496\/revisions"}],"wp:attachment":[{"href":"https:\/\/gregorydamy.niceavocats.fr\/es\/wp-json\/wp\/v2\/media?parent=2496"}],"wp:term":[{"taxonomy":"category","embeddable":true,"href":"https:\/\/gregorydamy.niceavocats.fr\/es\/wp-json\/wp\/v2\/categories?post=2496"},{"taxonomy":"post_tag","embeddable":true,"href":"https:\/\/gregorydamy.niceavocats.fr\/es\/wp-json\/wp\/v2\/tags?post=2496"}],"curies":[{"name":"wp","href":"https:\/\/api.w.org\/{rel}","templated":true}]}}