{"id":2331,"date":"2013-12-31T18:33:29","date_gmt":"2013-12-31T18:33:29","guid":{"rendered":"https:\/\/gregorydamy.niceavocats.fr\/?p=2331"},"modified":"2023-08-29T05:18:56","modified_gmt":"2023-08-29T05:18:56","slug":"lesiones-personales-el-caso-del-pianista","status":"publish","type":"post","link":"https:\/\/gregorydamy.niceavocats.fr\/es\/lesiones-personales-el-caso-del-pianista\/","title":{"rendered":"Lesiones personales: el caso del pianista"},"content":{"rendered":"<p>[et_pb_section fb_built=&#8221;1&#8243; admin_label=&#8221;section&#8221; _builder_version=&#8221;4.19.5&#8243; custom_margin=&#8221;||0px||false|false&#8221; custom_padding=&#8221;||0px||false|false&#8221; locked=&#8221;off&#8221; global_colors_info=&#8221;{}&#8221;][et_pb_row column_structure=&#8221;1_3,1_3,1_3&#8243; _builder_version=&#8221;4.19.5&#8243; _module_preset=&#8221;default&#8221; background_enable_mask_style=&#8221;on&#8221; background_mask_style=&#8221;wave&#8221; background_mask_color=&#8221;rgba(0,0,0,0.08)&#8221; custom_padding=&#8221;||6px|||&#8221; locked=&#8221;off&#8221; global_colors_info=&#8221;{}&#8221;][et_pb_column type=&#8221;1_3&#8243; _builder_version=&#8221;4.19.5&#8243; _module_preset=&#8221;default&#8221; global_colors_info=&#8221;{}&#8221;][\/et_pb_column][et_pb_column type=&#8221;1_3&#8243; _builder_version=&#8221;4.19.5&#8243; _module_preset=&#8221;default&#8221; global_colors_info=&#8221;{}&#8221;][\/et_pb_column][et_pb_column type=&#8221;1_3&#8243; _builder_version=&#8221;4.19.5&#8243; _module_preset=&#8221;default&#8221; global_colors_info=&#8221;{}&#8221;][et_pb_circle_counter title=&#8221;Tiempo estimado de lectura (en minutos)&#8221; number=&#8221;2&#8243; percent_sign=&#8221;off&#8221; _builder_version=&#8221;4.19.5&#8243; _module_preset=&#8221;default&#8221; title_font=&#8221;Amiri||||||||&#8221; max_width=&#8221;137px&#8221; global_colors_info=&#8221;{}&#8221;][\/et_pb_circle_counter][\/et_pb_column][\/et_pb_row][et_pb_row _builder_version=&#8221;4.19.5&#8243; _module_preset=&#8221;default&#8221; custom_margin=&#8221;||0px||false|false&#8221; custom_padding=&#8221;||0px||false|false&#8221; global_colors_info=&#8221;{}&#8221;][et_pb_column type=&#8221;4_4&#8243; _builder_version=&#8221;4.19.5&#8243; _module_preset=&#8221;default&#8221; global_colors_info=&#8221;{}&#8221;][et_pb_divider _builder_version=&#8221;4.19.5&#8243; _module_preset=&#8221;default&#8221; global_colors_info=&#8221;{}&#8221;][\/et_pb_divider][et_pb_image src=&#8221;https:\/\/gregorydamy.niceavocats.fr\/wp-content\/uploads\/2023\/08\/piano-302122_1280-2.jpg&#8221; title_text=&#8221;piano-302122_1280-2&#8243; _builder_version=&#8221;4.21.0&#8243; _module_preset=&#8221;default&#8221; hover_enabled=&#8221;0&#8243; global_colors_info=&#8221;{}&#8221; sticky_enabled=&#8221;0&#8243;][\/et_pb_image][\/et_pb_column][\/et_pb_row][et_pb_row admin_label=&#8221;row&#8221; _builder_version=&#8221;4.16&#8243; background_size=&#8221;initial&#8221; background_position=&#8221;top_left&#8221; background_repeat=&#8221;repeat&#8221; global_colors_info=&#8221;{}&#8221;][et_pb_column type=&#8221;4_4&#8243; _builder_version=&#8221;4.16&#8243; custom_padding=&#8221;|||&#8221; global_colors_info=&#8221;{}&#8221; custom_padding__hover=&#8221;|||&#8221;][et_pb_text admin_label=&#8221;Text&#8221; _builder_version=&#8221;4.21.0&#8243; text_font=&#8221;Amiri||||||||&#8221; header_2_font=&#8221;Amiri||||||||&#8221; header_3_font=&#8221;Amiri||||||||&#8221; background_size=&#8221;initial&#8221; background_position=&#8221;top_left&#8221; background_repeat=&#8221;repeat&#8221; hover_enabled=&#8221;0&#8243; global_colors_info=&#8221;{}&#8221; sticky_enabled=&#8221;0&#8243;]<\/p>\n<h2><span>Por Gr\u00e9gory DAMY, especialista en derecho de seguros y compensaci\u00f3n a las v\u00edctimas \u2013 04.92.15.05.05.<\/span><\/h2>\n<p>&nbsp;<\/p>\n<p><span class=\"\"><span>El caso del pianista en el derecho de lesiones personales.\u00a0Cabe distinguir entre da\u00f1o, por un lado, que es un ataque a la integridad f\u00edsica o psicol\u00f3gica de la persona humana, y\u00a0<\/span><a href=\"https:\/\/www.service-public.fr\/particuliers\/vosdroits\/N19679#:~:text=Lorsque%20vous%20subissez%20un%20pr%C3%A9judice,un%20fonds%20de%20garantie%20sp%C3%A9cialis%C3%A9.\"><span>da\u00f1o reparable<\/span><\/a><span>\u00a0, por otro lado, que es un ataque a los derechos individuales, ya sean econ\u00f3micos o\u00a0\u00a0<\/span><\/span><span class=\"\"><span>personales.<\/span><\/span><\/p>\n<p><span>El mismo da\u00f1o, es decir la misma lesi\u00f3n, no tendr\u00e1 las mismas consecuencias seg\u00fan la v\u00edctima.\u00a0Esta es tambi\u00e9n la raz\u00f3n por la que el abogado debe luchar contra cualquier intento de ampliaci\u00f3n, de conformidad con el principio de indemnizaci\u00f3n \u00edntegra del da\u00f1o.<\/span><\/p>\n<h2><span>En este sentido,\u00a0\u00a0\u00a0<\/span><b><span>el Gabinete DAMY<\/span><\/b><span>\u00a0\u00a0\u00a0tuvo que afrontar un caso de manual, en este caso el del pianista cuyo accidente de tr\u00e1fico le provoc\u00f3 importantes dolores en la mu\u00f1eca.<\/span><\/h2>\n<p><span>Esta v\u00edctima circulaba en moto junto al mar cuando un ciclista decidi\u00f3 cruzar todos los carriles de circulaci\u00f3n.\u00a0<\/span><span>Al caer al suelo, el motociclista result\u00f3 gravemente herido\u00a0<\/span><span>\u00a0\u00a0: desgarro y luxaci\u00f3n \u00f3sea del hombro derecho, erosiones y m\u00faltiples heridas en la piel&#8230; Los ex\u00e1menes complementarios realizados por un cirujano de la mano tambi\u00e9n revelaron una disyunci\u00f3n en la mu\u00f1eca derecha que requiri\u00f3 operaci\u00f3n.<\/span><\/p>\n<p><span>El contradictorio peritaje amistoso realizado por la compa\u00f1\u00eda de seguros permiti\u00f3 constatar cl\u00ednicamente todos los da\u00f1os, en particular las secuelas funcionales a nivel de la mano derecha y de la mu\u00f1eca.<\/span><\/p>\n<p>&nbsp;<\/p>\n<p><span>El da\u00f1o resultante consisti\u00f3 entonces en un importante impacto profesional porque tocar el piano se vuelve doloroso si se toca durante mucho tiempo.<\/span><\/p>\n<p><span>Tocando por las noches en grandes hoteles durante a veces m\u00e1s de 4 horas, este pianista apenas pod\u00eda tocar durante m\u00e1s de una hora antes de que su mu\u00f1eca se volviera problem\u00e1tica.\u00a0<span class=\"\">Ciertamente podr\u00eda prestar su servicio, pero no sin dificultades.\u00a0<\/span>Se trata del inter\u00e9s de la partida de lesi\u00f3n por el impacto profesional, que compensa notablemente el aumento de las penurias en el ejercicio profesional de la v\u00edctima.<\/span><\/p>\n<p><span>Tras duras negociaciones entre la\u00a0\u00a0\u00a0<\/span><b><span>Soci\u00e9t\u00e9 d&#8217;Avocats DAMY<\/span><\/b><span>\u00a0\u00a0\u00a0y la aseguradora contraria, este pianista obtuvo el pago amistoso de la cantidad de\u00a0\u00a0\u00a0<\/span><b><span>60.000,00 \u20ac<\/span><\/b><span>\u00a0\u00a0\u00a0en concepto de impacto profesional.\u00a0Al recurrir a la experiencia de su abogado en el asunto, se libr\u00f3 de un litigio y obtuvo una indemnizaci\u00f3n satisfactoria.<\/span><\/p>\n<p>&nbsp;<\/p>\n<p><b><a href=\"https:\/\/gregorydamy.niceavocats.fr\/\"><span>Gregorio DAMY<\/span><\/a><span>\u00a0\u2013 2020<\/span><\/b><\/p>\n<p>[\/et_pb_text][\/et_pb_column][\/et_pb_row][et_pb_row _builder_version=&#8221;4.19.5&#8243; _module_preset=&#8221;default&#8221; custom_margin=&#8221;||0px||false|false&#8221; custom_padding=&#8221;||0px||false|false&#8221; global_colors_info=&#8221;{}&#8221;][et_pb_column type=&#8221;4_4&#8243; _builder_version=&#8221;4.19.5&#8243; _module_preset=&#8221;default&#8221; global_colors_info=&#8221;{}&#8221;][et_pb_divider _builder_version=&#8221;4.19.5&#8243; _module_preset=&#8221;default&#8221; global_colors_info=&#8221;{}&#8221;][\/et_pb_divider][\/et_pb_column][\/et_pb_row][\/et_pb_section]<\/p>\n","protected":false},"excerpt":{"rendered":"<p>Por Gr\u00e9gory DAMY, especialista en derecho de seguros y compensaci\u00f3n a las v\u00edctimas \u2013 04.92.15.05.05. &nbsp; El caso del pianista en el derecho de lesiones personales.\u00a0Cabe distinguir entre da\u00f1o, por un lado, que es un ataque a la integridad f\u00edsica o psicol\u00f3gica de la persona humana, y\u00a0da\u00f1o reparable\u00a0, por otro lado, que es un ataque [&hellip;]<\/p>\n","protected":false},"author":2,"featured_media":0,"comment_status":"open","ping_status":"open","sticky":false,"template":"","format":"standard","meta":{"_et_pb_use_builder":"on","_et_pb_old_content":"","_et_gb_content_width":"","footnotes":""},"categories":[323],"tags":[],"class_list":["post-2331","post","type-post","status-publish","format-standard","hentry","category-derecho-de-danos"],"yoast_head":"<!-- This site is optimized with the Yoast SEO plugin v26.8 - https:\/\/yoast.com\/product\/yoast-seo-wordpress\/ -->\n<title>Lesiones personales: el caso del pianista - Soci\u00e9t\u00e9 d&#039;avocats Damy<\/title>\n<meta name=\"description\" content=\"Caso del Pianista en el derecho de lesiones personales, se debe distinguir entre el da\u00f1o por un lado, que es un ataque a la\" \/>\n<meta name=\"robots\" content=\"index, follow, max-snippet:-1, max-image-preview:large, max-video-preview:-1\" \/>\n<link rel=\"canonical\" href=\"https:\/\/gregorydamy.niceavocats.fr\/es\/lesiones-personales-el-caso-del-pianista\/\" \/>\n<meta property=\"og:locale\" content=\"es_ES\" \/>\n<meta property=\"og:type\" content=\"article\" \/>\n<meta property=\"og:title\" content=\"Lesiones personales: el caso del pianista - Soci\u00e9t\u00e9 d&#039;avocats Damy\" \/>\n<meta property=\"og:description\" content=\"Caso del Pianista en el derecho de lesiones personales, se debe distinguir entre el da\u00f1o por un lado, que es un ataque a la\" \/>\n<meta property=\"og:url\" content=\"https:\/\/gregorydamy.niceavocats.fr\/es\/lesiones-personales-el-caso-del-pianista\/\" \/>\n<meta property=\"og:site_name\" content=\"Soci\u00e9t\u00e9 d&#039;avocats Damy\" \/>\n<meta property=\"article:publisher\" content=\"https:\/\/www.facebook.com\/niceavocats.fr\/\" \/>\n<meta property=\"article:published_time\" content=\"2013-12-31T18:33:29+00:00\" \/>\n<meta property=\"article:modified_time\" content=\"2023-08-29T05:18:56+00:00\" \/>\n<meta name=\"author\" content=\"Kevin\" \/>\n<meta name=\"twitter:card\" content=\"summary_large_image\" \/>\n<meta name=\"twitter:label1\" content=\"Escrito por\" \/>\n\t<meta name=\"twitter:data1\" content=\"Kevin\" \/>\n\t<meta name=\"twitter:label2\" content=\"Tiempo de lectura\" \/>\n\t<meta name=\"twitter:data2\" content=\"3 minutos\" \/>\n<script type=\"application\/ld+json\" class=\"yoast-schema-graph\">{\"@context\":\"https:\/\/schema.org\",\"@graph\":[{\"@type\":\"Article\",\"@id\":\"https:\/\/gregorydamy.niceavocats.fr\/es\/lesiones-personales-el-caso-del-pianista\/#article\",\"isPartOf\":{\"@id\":\"https:\/\/gregorydamy.niceavocats.fr\/es\/lesiones-personales-el-caso-del-pianista\/\"},\"author\":{\"name\":\"Kevin\",\"@id\":\"https:\/\/gregorydamy.niceavocats.fr\/es\/#\/schema\/person\/e040acb2856efaa1e114d0e7a92a3870\"},\"headline\":\"Lesiones personales: el caso del pianista\",\"datePublished\":\"2013-12-31T18:33:29+00:00\",\"dateModified\":\"2023-08-29T05:18:56+00:00\",\"mainEntityOfPage\":{\"@id\":\"https:\/\/gregorydamy.niceavocats.fr\/es\/lesiones-personales-el-caso-del-pianista\/\"},\"wordCount\":780,\"commentCount\":0,\"publisher\":{\"@id\":\"https:\/\/gregorydamy.niceavocats.fr\/es\/#organization\"},\"articleSection\":[\"Derecho de da\u00f1os\"],\"inLanguage\":\"es\",\"potentialAction\":[{\"@type\":\"CommentAction\",\"name\":\"Comment\",\"target\":[\"https:\/\/gregorydamy.niceavocats.fr\/es\/lesiones-personales-el-caso-del-pianista\/#respond\"]}]},{\"@type\":\"WebPage\",\"@id\":\"https:\/\/gregorydamy.niceavocats.fr\/es\/lesiones-personales-el-caso-del-pianista\/\",\"url\":\"https:\/\/gregorydamy.niceavocats.fr\/es\/lesiones-personales-el-caso-del-pianista\/\",\"name\":\"Lesiones personales: el caso del pianista - Soci\u00e9t\u00e9 d&#039;avocats Damy\",\"isPartOf\":{\"@id\":\"https:\/\/gregorydamy.niceavocats.fr\/es\/#website\"},\"datePublished\":\"2013-12-31T18:33:29+00:00\",\"dateModified\":\"2023-08-29T05:18:56+00:00\",\"description\":\"Caso del Pianista en el derecho de lesiones personales, se debe distinguir entre el da\u00f1o por un lado, que es un ataque a la\",\"breadcrumb\":{\"@id\":\"https:\/\/gregorydamy.niceavocats.fr\/es\/lesiones-personales-el-caso-del-pianista\/#breadcrumb\"},\"inLanguage\":\"es\",\"potentialAction\":[{\"@type\":\"ReadAction\",\"target\":[\"https:\/\/gregorydamy.niceavocats.fr\/es\/lesiones-personales-el-caso-del-pianista\/\"]}]},{\"@type\":\"BreadcrumbList\",\"@id\":\"https:\/\/gregorydamy.niceavocats.fr\/es\/lesiones-personales-el-caso-del-pianista\/#breadcrumb\",\"itemListElement\":[{\"@type\":\"ListItem\",\"position\":1,\"name\":\"Accueil\",\"item\":\"https:\/\/gregorydamy.niceavocats.fr\/es\/\"},{\"@type\":\"ListItem\",\"position\":2,\"name\":\"Lesiones personales: el caso del pianista\"}]},{\"@type\":\"WebSite\",\"@id\":\"https:\/\/gregorydamy.niceavocats.fr\/es\/#website\",\"url\":\"https:\/\/gregorydamy.niceavocats.fr\/es\/\",\"name\":\"Soci\u00e9t\u00e9 d&#039;avocats Damy\",\"description\":\"Justice - Confiance - Efficacit\u00e9\",\"publisher\":{\"@id\":\"https:\/\/gregorydamy.niceavocats.fr\/es\/#organization\"},\"potentialAction\":[{\"@type\":\"SearchAction\",\"target\":{\"@type\":\"EntryPoint\",\"urlTemplate\":\"https:\/\/gregorydamy.niceavocats.fr\/es\/?s={search_term_string}\"},\"query-input\":{\"@type\":\"PropertyValueSpecification\",\"valueRequired\":true,\"valueName\":\"search_term_string\"}}],\"inLanguage\":\"es\"},{\"@type\":\"Organization\",\"@id\":\"https:\/\/gregorydamy.niceavocats.fr\/es\/#organization\",\"name\":\"Soci\u00e9t\u00e9 d'Avocats DAMY\",\"alternateName\":\"Gr\u00e9gory DAMY\",\"url\":\"https:\/\/gregorydamy.niceavocats.fr\/es\/\",\"logo\":{\"@type\":\"ImageObject\",\"inLanguage\":\"es\",\"@id\":\"https:\/\/gregorydamy.niceavocats.fr\/es\/#\/schema\/logo\/image\/\",\"url\":\"https:\/\/gregorydamy.niceavocats.fr\/wp-content\/uploads\/2023\/04\/damylogo-1.png\",\"contentUrl\":\"https:\/\/gregorydamy.niceavocats.fr\/wp-content\/uploads\/2023\/04\/damylogo-1.png\",\"width\":1890,\"height\":1417,\"caption\":\"Soci\u00e9t\u00e9 d'Avocats DAMY\"},\"image\":{\"@id\":\"https:\/\/gregorydamy.niceavocats.fr\/es\/#\/schema\/logo\/image\/\"},\"sameAs\":[\"https:\/\/www.facebook.com\/niceavocats.fr\/\"]},{\"@type\":\"Person\",\"@id\":\"https:\/\/gregorydamy.niceavocats.fr\/es\/#\/schema\/person\/e040acb2856efaa1e114d0e7a92a3870\",\"name\":\"Kevin\",\"url\":\"https:\/\/gregorydamy.niceavocats.fr\/es\/author\/kevin\/\"}]}<\/script>\n<!-- \/ Yoast SEO plugin. -->","yoast_head_json":{"title":"Lesiones personales: el caso del pianista - Soci\u00e9t\u00e9 d&#039;avocats Damy","description":"Caso del Pianista en el derecho de lesiones personales, se debe distinguir entre el da\u00f1o por un lado, que es un ataque a la","robots":{"index":"index","follow":"follow","max-snippet":"max-snippet:-1","max-image-preview":"max-image-preview:large","max-video-preview":"max-video-preview:-1"},"canonical":"https:\/\/gregorydamy.niceavocats.fr\/es\/lesiones-personales-el-caso-del-pianista\/","og_locale":"es_ES","og_type":"article","og_title":"Lesiones personales: el caso del pianista - Soci\u00e9t\u00e9 d&#039;avocats Damy","og_description":"Caso del Pianista en el derecho de lesiones personales, se debe distinguir entre el da\u00f1o por un lado, que es un ataque a la","og_url":"https:\/\/gregorydamy.niceavocats.fr\/es\/lesiones-personales-el-caso-del-pianista\/","og_site_name":"Soci\u00e9t\u00e9 d&#039;avocats Damy","article_publisher":"https:\/\/www.facebook.com\/niceavocats.fr\/","article_published_time":"2013-12-31T18:33:29+00:00","article_modified_time":"2023-08-29T05:18:56+00:00","author":"Kevin","twitter_card":"summary_large_image","twitter_misc":{"Escrito por":"Kevin","Tiempo de lectura":"3 minutos"},"schema":{"@context":"https:\/\/schema.org","@graph":[{"@type":"Article","@id":"https:\/\/gregorydamy.niceavocats.fr\/es\/lesiones-personales-el-caso-del-pianista\/#article","isPartOf":{"@id":"https:\/\/gregorydamy.niceavocats.fr\/es\/lesiones-personales-el-caso-del-pianista\/"},"author":{"name":"Kevin","@id":"https:\/\/gregorydamy.niceavocats.fr\/es\/#\/schema\/person\/e040acb2856efaa1e114d0e7a92a3870"},"headline":"Lesiones personales: el caso del pianista","datePublished":"2013-12-31T18:33:29+00:00","dateModified":"2023-08-29T05:18:56+00:00","mainEntityOfPage":{"@id":"https:\/\/gregorydamy.niceavocats.fr\/es\/lesiones-personales-el-caso-del-pianista\/"},"wordCount":780,"commentCount":0,"publisher":{"@id":"https:\/\/gregorydamy.niceavocats.fr\/es\/#organization"},"articleSection":["Derecho de da\u00f1os"],"inLanguage":"es","potentialAction":[{"@type":"CommentAction","name":"Comment","target":["https:\/\/gregorydamy.niceavocats.fr\/es\/lesiones-personales-el-caso-del-pianista\/#respond"]}]},{"@type":"WebPage","@id":"https:\/\/gregorydamy.niceavocats.fr\/es\/lesiones-personales-el-caso-del-pianista\/","url":"https:\/\/gregorydamy.niceavocats.fr\/es\/lesiones-personales-el-caso-del-pianista\/","name":"Lesiones personales: el caso del pianista - Soci\u00e9t\u00e9 d&#039;avocats Damy","isPartOf":{"@id":"https:\/\/gregorydamy.niceavocats.fr\/es\/#website"},"datePublished":"2013-12-31T18:33:29+00:00","dateModified":"2023-08-29T05:18:56+00:00","description":"Caso del Pianista en el derecho de lesiones personales, se debe distinguir entre el da\u00f1o por un lado, que es un ataque a la","breadcrumb":{"@id":"https:\/\/gregorydamy.niceavocats.fr\/es\/lesiones-personales-el-caso-del-pianista\/#breadcrumb"},"inLanguage":"es","potentialAction":[{"@type":"ReadAction","target":["https:\/\/gregorydamy.niceavocats.fr\/es\/lesiones-personales-el-caso-del-pianista\/"]}]},{"@type":"BreadcrumbList","@id":"https:\/\/gregorydamy.niceavocats.fr\/es\/lesiones-personales-el-caso-del-pianista\/#breadcrumb","itemListElement":[{"@type":"ListItem","position":1,"name":"Accueil","item":"https:\/\/gregorydamy.niceavocats.fr\/es\/"},{"@type":"ListItem","position":2,"name":"Lesiones personales: el caso del pianista"}]},{"@type":"WebSite","@id":"https:\/\/gregorydamy.niceavocats.fr\/es\/#website","url":"https:\/\/gregorydamy.niceavocats.fr\/es\/","name":"Soci\u00e9t\u00e9 d&#039;avocats Damy","description":"Justice - Confiance - Efficacit\u00e9","publisher":{"@id":"https:\/\/gregorydamy.niceavocats.fr\/es\/#organization"},"potentialAction":[{"@type":"SearchAction","target":{"@type":"EntryPoint","urlTemplate":"https:\/\/gregorydamy.niceavocats.fr\/es\/?s={search_term_string}"},"query-input":{"@type":"PropertyValueSpecification","valueRequired":true,"valueName":"search_term_string"}}],"inLanguage":"es"},{"@type":"Organization","@id":"https:\/\/gregorydamy.niceavocats.fr\/es\/#organization","name":"Soci\u00e9t\u00e9 d'Avocats DAMY","alternateName":"Gr\u00e9gory DAMY","url":"https:\/\/gregorydamy.niceavocats.fr\/es\/","logo":{"@type":"ImageObject","inLanguage":"es","@id":"https:\/\/gregorydamy.niceavocats.fr\/es\/#\/schema\/logo\/image\/","url":"https:\/\/gregorydamy.niceavocats.fr\/wp-content\/uploads\/2023\/04\/damylogo-1.png","contentUrl":"https:\/\/gregorydamy.niceavocats.fr\/wp-content\/uploads\/2023\/04\/damylogo-1.png","width":1890,"height":1417,"caption":"Soci\u00e9t\u00e9 d'Avocats DAMY"},"image":{"@id":"https:\/\/gregorydamy.niceavocats.fr\/es\/#\/schema\/logo\/image\/"},"sameAs":["https:\/\/www.facebook.com\/niceavocats.fr\/"]},{"@type":"Person","@id":"https:\/\/gregorydamy.niceavocats.fr\/es\/#\/schema\/person\/e040acb2856efaa1e114d0e7a92a3870","name":"Kevin","url":"https:\/\/gregorydamy.niceavocats.fr\/es\/author\/kevin\/"}]}},"_links":{"self":[{"href":"https:\/\/gregorydamy.niceavocats.fr\/es\/wp-json\/wp\/v2\/posts\/2331","targetHints":{"allow":["GET"]}}],"collection":[{"href":"https:\/\/gregorydamy.niceavocats.fr\/es\/wp-json\/wp\/v2\/posts"}],"about":[{"href":"https:\/\/gregorydamy.niceavocats.fr\/es\/wp-json\/wp\/v2\/types\/post"}],"author":[{"embeddable":true,"href":"https:\/\/gregorydamy.niceavocats.fr\/es\/wp-json\/wp\/v2\/users\/2"}],"replies":[{"embeddable":true,"href":"https:\/\/gregorydamy.niceavocats.fr\/es\/wp-json\/wp\/v2\/comments?post=2331"}],"version-history":[{"count":0,"href":"https:\/\/gregorydamy.niceavocats.fr\/es\/wp-json\/wp\/v2\/posts\/2331\/revisions"}],"wp:attachment":[{"href":"https:\/\/gregorydamy.niceavocats.fr\/es\/wp-json\/wp\/v2\/media?parent=2331"}],"wp:term":[{"taxonomy":"category","embeddable":true,"href":"https:\/\/gregorydamy.niceavocats.fr\/es\/wp-json\/wp\/v2\/categories?post=2331"},{"taxonomy":"post_tag","embeddable":true,"href":"https:\/\/gregorydamy.niceavocats.fr\/es\/wp-json\/wp\/v2\/tags?post=2331"}],"curies":[{"name":"wp","href":"https:\/\/api.w.org\/{rel}","templated":true}]}}