{"id":1756,"date":"2017-11-07T17:50:04","date_gmt":"2017-11-07T17:50:04","guid":{"rendered":"https:\/\/gregorydamy.niceavocats.fr\/?p=1756"},"modified":"2023-08-23T05:31:00","modified_gmt":"2023-08-23T05:31:00","slug":"punto-de-presentacion-centralizado-para-residentes-monegascos","status":"publish","type":"post","link":"https:\/\/gregorydamy.niceavocats.fr\/es\/punto-de-presentacion-centralizado-para-residentes-monegascos\/","title":{"rendered":"Punto de presentaci\u00f3n centralizado para residentes monegascos"},"content":{"rendered":"<p>[et_pb_section fb_built=&#8221;1&#8243; admin_label=&#8221;section&#8221; _builder_version=&#8221;4.19.5&#8243; custom_margin=&#8221;||0px||false|false&#8221; custom_padding=&#8221;||0px||false|false&#8221; locked=&#8221;off&#8221; global_colors_info=&#8221;{}&#8221;][et_pb_row column_structure=&#8221;1_3,1_3,1_3&#8243; _builder_version=&#8221;4.19.5&#8243; _module_preset=&#8221;default&#8221; background_enable_mask_style=&#8221;on&#8221; background_mask_style=&#8221;wave&#8221; background_mask_color=&#8221;rgba(0,0,0,0.08)&#8221; custom_padding=&#8221;||6px|||&#8221; locked=&#8221;off&#8221; global_colors_info=&#8221;{}&#8221;][et_pb_column type=&#8221;1_3&#8243; _builder_version=&#8221;4.19.5&#8243; _module_preset=&#8221;default&#8221; global_colors_info=&#8221;{}&#8221;][\/et_pb_column][et_pb_column type=&#8221;1_3&#8243; _builder_version=&#8221;4.19.5&#8243; _module_preset=&#8221;default&#8221; global_colors_info=&#8221;{}&#8221;][\/et_pb_column][et_pb_column type=&#8221;1_3&#8243; _builder_version=&#8221;4.19.5&#8243; _module_preset=&#8221;default&#8221; global_colors_info=&#8221;{}&#8221;][et_pb_circle_counter title=&#8221;Tiempo estimado de lectura (en minutos)&#8221; number=&#8221;1&#8243; percent_sign=&#8221;off&#8221; _builder_version=&#8221;4.19.5&#8243; _module_preset=&#8221;default&#8221; title_font=&#8221;Amiri||||||||&#8221; max_width=&#8221;137px&#8221; global_colors_info=&#8221;{}&#8221;][\/et_pb_circle_counter][\/et_pb_column][\/et_pb_row][et_pb_row _builder_version=&#8221;4.19.5&#8243; _module_preset=&#8221;default&#8221; custom_margin=&#8221;||0px||false|false&#8221; custom_padding=&#8221;||0px||false|false&#8221; global_colors_info=&#8221;{}&#8221;][et_pb_column type=&#8221;4_4&#8243; _builder_version=&#8221;4.19.5&#8243; _module_preset=&#8221;default&#8221; global_colors_info=&#8221;{}&#8221;][et_pb_divider _builder_version=&#8221;4.19.5&#8243; _module_preset=&#8221;default&#8221; global_colors_info=&#8221;{}&#8221;][\/et_pb_divider][et_pb_image src=&#8221;https:\/\/gregorydamy.niceavocats.fr\/wp-content\/uploads\/2023\/07\/man-5710164_1280-2.jpg&#8221; title_text=&#8221;man-5710164_1280-2&#8243; _builder_version=&#8221;4.21.0&#8243; _module_preset=&#8221;default&#8221; global_colors_info=&#8221;{}&#8221;][\/et_pb_image][\/et_pb_column][\/et_pb_row][et_pb_row admin_label=&#8221;row&#8221; _builder_version=&#8221;4.16&#8243; background_size=&#8221;initial&#8221; background_position=&#8221;top_left&#8221; background_repeat=&#8221;repeat&#8221; global_colors_info=&#8221;{}&#8221;][et_pb_column type=&#8221;4_4&#8243; _builder_version=&#8221;4.16&#8243; custom_padding=&#8221;|||&#8221; global_colors_info=&#8221;{}&#8221; custom_padding__hover=&#8221;|||&#8221;][et_pb_text admin_label=&#8221;Text&#8221; _builder_version=&#8221;4.21.0&#8243; text_font=&#8221;Amiri||||||||&#8221; header_2_font=&#8221;Amiri||||||||&#8221; background_size=&#8221;initial&#8221; background_position=&#8221;top_left&#8221; background_repeat=&#8221;repeat&#8221; global_colors_info=&#8221;{}&#8221;]<\/p>\n<p><span class=\"\"><span>\u00a1Hermosa\u00a0<\/span><\/span><span class=\"\"><span>\u00a0advertencia de transici\u00f3n!\u00a0<\/span><\/span><span>A partir del 1 de noviembre de 2017, se implement\u00f3 un cambio significativo para los residentes monegascos que sean personas f\u00edsicas, est\u00e9n o no domiciliados en Francia a efectos fiscales.\u00a0Ahora deben presentar sus declaraciones de impuestos sobre la renta, el impuesto sobre el patrimonio, el impuesto sobre sucesiones y las donaciones manuales en el centro de registro de Niza ubicado en 22 rue Joseph Cadei, 06172 Nice cedex.\u00a0Anteriormente, estas declaraciones deb\u00edan hacerse en\u00a0\u00a0<\/span><span>Menton\u00a0<\/span><span>\u00a0.<\/span><\/p>\n<h2><span>Lugar de dep\u00f3sito centralizado: Viaje de Menton a Niza:-<\/span><\/h2>\n<p><span>Este cambio en la ley fiscal tiene implicaciones para las personas que residen en M\u00f3naco subjectas a las francesas fiscal norms.\u00a0The obligaci\u00f3n de presentar declaraciones de impuestos en Niza en lugar de Menton es a significant advance y es esencial que las personas inter\u00e9sadas lo conozcan.<\/span><\/p>\n<p><span>La enmienda tiene como objetivo agilizar el proceso administrativo al centralizar las declaraciones de impuestos en un solo lugar.\u00a0El centro de registro de Niza ha sido designado como el nuevo centro para procesar\u00a0las declaraciones del impuesto sobre la renta, el impuesto sobre el patrimonio, el impuesto sobre sucesiones y las donaciones manuales para los residentes monegascos que cumplan con los los especificados criteria\u00a0<\/span><a href=\"https:\/\/www.service-public.fr\/particuliers\/vosdroits\/R3120\"><span>.<\/span><\/a><\/p>\n<h2><span>Rationalization of administrative processes: benefits and implications: \u2013<\/span><\/h2>\n<p><span>It is important that the personas interested guarantee the cumplimiento of this new requirement and present in addition declarations of impuestos of rapid form and precision in the center of the registro designated in Niza.\u00a0El incumplimiento de la normativa actualizada puede dar lugar a sanciones u otras consecuencias legales.<\/span><\/p>\n<p><span>Para navegar con \u00e9xito estos cambios en la legislation fiscal, es recomendable buscar el asesoramiento de experts en la materia.\u00a0El bufete de abogados DAMY specializes in derecho tributario y offers a complete assistance y apoyo para compreer y cumplir con las nuevas relacionadas obligaciones con las declaraciones de impuestos.<\/span><\/p>\n<p><span>Al mantenerse informados y tomar medidas proactivas para cumplir con los revisados \u200b\u200brequisitos de declaraci\u00f3n de impuestos, los residents de M\u00f3naco can cumplir con sus obligaciones y guaranteed una transici\u00f3n sin problems al nuevo center de registro en Niza.\u00a0El bufete de abogados DAMY est\u00e1 well equipped for brindar el asesoramiento y la experience necesarios para navegar de manera efectiva en este aspecto de la ley fiscal.<\/span><\/p>\n<p><span>En resumen, los residentes monegascos, est\u00e9n o no domiciliados en Francia a efectos fiscales, ahora est\u00e1n obligados a presentar sus declaraciones del impuesto sobre la renta, el impuesto sobre el patrimonio, el impuesto sobre sucesiones y las donaciones manuales en el centro de registro de Niza.\u00a0.\u00a0<\/span><span class=\"\"><span>El bufete de abogados DAMY puede brindarle asistencia valiosa para comprender y cumplir con estas nuevas obligaciones fiscales.\u00a0<\/span><\/span><span>Mant\u00e9ngase actualizado con las \u00faltimas regulaciones fiscales para garantizar el cumplimiento y evitar posibles sanciones o\u00a0<\/span><span>complicaciones legales\u00a0<\/span><span>\u00a0.<\/span><\/p>\n<p><a href=\"https:\/\/gregorydamy.niceavocats.fr\/\"><span>Bufete de abogados DAMY<\/span><\/a><\/p>\n<p>[\/et_pb_text][\/et_pb_column][\/et_pb_row][et_pb_row _builder_version=&#8221;4.19.5&#8243; _module_preset=&#8221;default&#8221; custom_margin=&#8221;||0px||false|false&#8221; custom_padding=&#8221;||0px||false|false&#8221; global_colors_info=&#8221;{}&#8221;][et_pb_column type=&#8221;4_4&#8243; _builder_version=&#8221;4.19.5&#8243; _module_preset=&#8221;default&#8221; global_colors_info=&#8221;{}&#8221;][et_pb_divider _builder_version=&#8221;4.19.5&#8243; _module_preset=&#8221;default&#8221; global_colors_info=&#8221;{}&#8221;][\/et_pb_divider][\/et_pb_column][\/et_pb_row][\/et_pb_section]<\/p>\n","protected":false},"excerpt":{"rendered":"<p>\u00a1Hermosa\u00a0\u00a0advertencia de transici\u00f3n!\u00a0A partir del 1 de noviembre de 2017, se implement\u00f3 un cambio significativo para los residentes monegascos que sean personas f\u00edsicas, est\u00e9n o no domiciliados en Francia a efectos fiscales.\u00a0Ahora deben presentar sus declaraciones de impuestos sobre la renta, el impuesto sobre el patrimonio, el impuesto sobre sucesiones y las donaciones manuales en [&hellip;]<\/p>\n","protected":false},"author":2,"featured_media":0,"comment_status":"open","ping_status":"open","sticky":false,"template":"","format":"standard","meta":{"_et_pb_use_builder":"on","_et_pb_old_content":"","_et_gb_content_width":"","footnotes":""},"categories":[329],"tags":[],"class_list":["post-1756","post","type-post","status-publish","format-standard","hentry","category-derecho-monegasco"],"yoast_head":"<!-- This site is optimized with the Yoast SEO plugin v26.8 - https:\/\/yoast.com\/product\/yoast-seo-wordpress\/ -->\n<title>Punto de presentaci\u00f3n centralizado para residentes monegascos - Soci\u00e9t\u00e9 d&#039;avocats Damy<\/title>\n<meta name=\"description\" content=\"Punto de presentaci\u00f3n centralizado para residentes monegascos A partir del 1 de noviembre de 2017, se implement\u00f3 un cambio significativo\" \/>\n<meta name=\"robots\" content=\"index, follow, max-snippet:-1, max-image-preview:large, max-video-preview:-1\" \/>\n<link rel=\"canonical\" href=\"https:\/\/gregorydamy.niceavocats.fr\/es\/punto-de-presentacion-centralizado-para-residentes-monegascos\/\" \/>\n<meta property=\"og:locale\" content=\"es_ES\" \/>\n<meta property=\"og:type\" content=\"article\" \/>\n<meta property=\"og:title\" content=\"Punto de presentaci\u00f3n centralizado para residentes monegascos - Soci\u00e9t\u00e9 d&#039;avocats Damy\" \/>\n<meta property=\"og:description\" content=\"Punto de presentaci\u00f3n centralizado para residentes monegascos A partir del 1 de noviembre de 2017, se implement\u00f3 un cambio significativo\" \/>\n<meta property=\"og:url\" content=\"https:\/\/gregorydamy.niceavocats.fr\/es\/punto-de-presentacion-centralizado-para-residentes-monegascos\/\" \/>\n<meta property=\"og:site_name\" content=\"Soci\u00e9t\u00e9 d&#039;avocats Damy\" \/>\n<meta property=\"article:publisher\" content=\"https:\/\/www.facebook.com\/niceavocats.fr\/\" \/>\n<meta property=\"article:published_time\" content=\"2017-11-07T17:50:04+00:00\" \/>\n<meta property=\"article:modified_time\" content=\"2023-08-23T05:31:00+00:00\" \/>\n<meta name=\"author\" content=\"Kevin\" \/>\n<meta name=\"twitter:card\" content=\"summary_large_image\" \/>\n<meta name=\"twitter:label1\" content=\"Escrito por\" \/>\n\t<meta name=\"twitter:data1\" content=\"Kevin\" \/>\n\t<meta name=\"twitter:label2\" content=\"Tiempo de lectura\" \/>\n\t<meta name=\"twitter:data2\" content=\"3 minutos\" \/>\n<script type=\"application\/ld+json\" class=\"yoast-schema-graph\">{\"@context\":\"https:\/\/schema.org\",\"@graph\":[{\"@type\":\"Article\",\"@id\":\"https:\/\/gregorydamy.niceavocats.fr\/es\/punto-de-presentacion-centralizado-para-residentes-monegascos\/#article\",\"isPartOf\":{\"@id\":\"https:\/\/gregorydamy.niceavocats.fr\/es\/punto-de-presentacion-centralizado-para-residentes-monegascos\/\"},\"author\":{\"name\":\"Kevin\",\"@id\":\"https:\/\/gregorydamy.niceavocats.fr\/es\/#\/schema\/person\/e040acb2856efaa1e114d0e7a92a3870\"},\"headline\":\"Punto de presentaci\u00f3n centralizado para residentes monegascos\",\"datePublished\":\"2017-11-07T17:50:04+00:00\",\"dateModified\":\"2023-08-23T05:31:00+00:00\",\"mainEntityOfPage\":{\"@id\":\"https:\/\/gregorydamy.niceavocats.fr\/es\/punto-de-presentacion-centralizado-para-residentes-monegascos\/\"},\"wordCount\":825,\"commentCount\":0,\"publisher\":{\"@id\":\"https:\/\/gregorydamy.niceavocats.fr\/es\/#organization\"},\"articleSection\":[\"Derecho monegasco\"],\"inLanguage\":\"es\",\"potentialAction\":[{\"@type\":\"CommentAction\",\"name\":\"Comment\",\"target\":[\"https:\/\/gregorydamy.niceavocats.fr\/es\/punto-de-presentacion-centralizado-para-residentes-monegascos\/#respond\"]}]},{\"@type\":\"WebPage\",\"@id\":\"https:\/\/gregorydamy.niceavocats.fr\/es\/punto-de-presentacion-centralizado-para-residentes-monegascos\/\",\"url\":\"https:\/\/gregorydamy.niceavocats.fr\/es\/punto-de-presentacion-centralizado-para-residentes-monegascos\/\",\"name\":\"Punto de presentaci\u00f3n centralizado para residentes monegascos - Soci\u00e9t\u00e9 d&#039;avocats Damy\",\"isPartOf\":{\"@id\":\"https:\/\/gregorydamy.niceavocats.fr\/es\/#website\"},\"datePublished\":\"2017-11-07T17:50:04+00:00\",\"dateModified\":\"2023-08-23T05:31:00+00:00\",\"description\":\"Punto de presentaci\u00f3n centralizado para residentes monegascos A partir del 1 de noviembre de 2017, se implement\u00f3 un cambio significativo\",\"breadcrumb\":{\"@id\":\"https:\/\/gregorydamy.niceavocats.fr\/es\/punto-de-presentacion-centralizado-para-residentes-monegascos\/#breadcrumb\"},\"inLanguage\":\"es\",\"potentialAction\":[{\"@type\":\"ReadAction\",\"target\":[\"https:\/\/gregorydamy.niceavocats.fr\/es\/punto-de-presentacion-centralizado-para-residentes-monegascos\/\"]}]},{\"@type\":\"BreadcrumbList\",\"@id\":\"https:\/\/gregorydamy.niceavocats.fr\/es\/punto-de-presentacion-centralizado-para-residentes-monegascos\/#breadcrumb\",\"itemListElement\":[{\"@type\":\"ListItem\",\"position\":1,\"name\":\"Accueil\",\"item\":\"https:\/\/gregorydamy.niceavocats.fr\/es\/\"},{\"@type\":\"ListItem\",\"position\":2,\"name\":\"Punto de presentaci\u00f3n centralizado para residentes monegascos\"}]},{\"@type\":\"WebSite\",\"@id\":\"https:\/\/gregorydamy.niceavocats.fr\/es\/#website\",\"url\":\"https:\/\/gregorydamy.niceavocats.fr\/es\/\",\"name\":\"Soci\u00e9t\u00e9 d&#039;avocats Damy\",\"description\":\"Justice - Confiance - Efficacit\u00e9\",\"publisher\":{\"@id\":\"https:\/\/gregorydamy.niceavocats.fr\/es\/#organization\"},\"potentialAction\":[{\"@type\":\"SearchAction\",\"target\":{\"@type\":\"EntryPoint\",\"urlTemplate\":\"https:\/\/gregorydamy.niceavocats.fr\/es\/?s={search_term_string}\"},\"query-input\":{\"@type\":\"PropertyValueSpecification\",\"valueRequired\":true,\"valueName\":\"search_term_string\"}}],\"inLanguage\":\"es\"},{\"@type\":\"Organization\",\"@id\":\"https:\/\/gregorydamy.niceavocats.fr\/es\/#organization\",\"name\":\"Soci\u00e9t\u00e9 d'Avocats DAMY\",\"alternateName\":\"Gr\u00e9gory DAMY\",\"url\":\"https:\/\/gregorydamy.niceavocats.fr\/es\/\",\"logo\":{\"@type\":\"ImageObject\",\"inLanguage\":\"es\",\"@id\":\"https:\/\/gregorydamy.niceavocats.fr\/es\/#\/schema\/logo\/image\/\",\"url\":\"https:\/\/gregorydamy.niceavocats.fr\/wp-content\/uploads\/2023\/04\/damylogo-1.png\",\"contentUrl\":\"https:\/\/gregorydamy.niceavocats.fr\/wp-content\/uploads\/2023\/04\/damylogo-1.png\",\"width\":1890,\"height\":1417,\"caption\":\"Soci\u00e9t\u00e9 d'Avocats DAMY\"},\"image\":{\"@id\":\"https:\/\/gregorydamy.niceavocats.fr\/es\/#\/schema\/logo\/image\/\"},\"sameAs\":[\"https:\/\/www.facebook.com\/niceavocats.fr\/\"]},{\"@type\":\"Person\",\"@id\":\"https:\/\/gregorydamy.niceavocats.fr\/es\/#\/schema\/person\/e040acb2856efaa1e114d0e7a92a3870\",\"name\":\"Kevin\",\"url\":\"https:\/\/gregorydamy.niceavocats.fr\/es\/author\/kevin\/\"}]}<\/script>\n<!-- \/ Yoast SEO plugin. -->","yoast_head_json":{"title":"Punto de presentaci\u00f3n centralizado para residentes monegascos - Soci\u00e9t\u00e9 d&#039;avocats Damy","description":"Punto de presentaci\u00f3n centralizado para residentes monegascos A partir del 1 de noviembre de 2017, se implement\u00f3 un cambio significativo","robots":{"index":"index","follow":"follow","max-snippet":"max-snippet:-1","max-image-preview":"max-image-preview:large","max-video-preview":"max-video-preview:-1"},"canonical":"https:\/\/gregorydamy.niceavocats.fr\/es\/punto-de-presentacion-centralizado-para-residentes-monegascos\/","og_locale":"es_ES","og_type":"article","og_title":"Punto de presentaci\u00f3n centralizado para residentes monegascos - Soci\u00e9t\u00e9 d&#039;avocats Damy","og_description":"Punto de presentaci\u00f3n centralizado para residentes monegascos A partir del 1 de noviembre de 2017, se implement\u00f3 un cambio significativo","og_url":"https:\/\/gregorydamy.niceavocats.fr\/es\/punto-de-presentacion-centralizado-para-residentes-monegascos\/","og_site_name":"Soci\u00e9t\u00e9 d&#039;avocats Damy","article_publisher":"https:\/\/www.facebook.com\/niceavocats.fr\/","article_published_time":"2017-11-07T17:50:04+00:00","article_modified_time":"2023-08-23T05:31:00+00:00","author":"Kevin","twitter_card":"summary_large_image","twitter_misc":{"Escrito por":"Kevin","Tiempo de lectura":"3 minutos"},"schema":{"@context":"https:\/\/schema.org","@graph":[{"@type":"Article","@id":"https:\/\/gregorydamy.niceavocats.fr\/es\/punto-de-presentacion-centralizado-para-residentes-monegascos\/#article","isPartOf":{"@id":"https:\/\/gregorydamy.niceavocats.fr\/es\/punto-de-presentacion-centralizado-para-residentes-monegascos\/"},"author":{"name":"Kevin","@id":"https:\/\/gregorydamy.niceavocats.fr\/es\/#\/schema\/person\/e040acb2856efaa1e114d0e7a92a3870"},"headline":"Punto de presentaci\u00f3n centralizado para residentes monegascos","datePublished":"2017-11-07T17:50:04+00:00","dateModified":"2023-08-23T05:31:00+00:00","mainEntityOfPage":{"@id":"https:\/\/gregorydamy.niceavocats.fr\/es\/punto-de-presentacion-centralizado-para-residentes-monegascos\/"},"wordCount":825,"commentCount":0,"publisher":{"@id":"https:\/\/gregorydamy.niceavocats.fr\/es\/#organization"},"articleSection":["Derecho monegasco"],"inLanguage":"es","potentialAction":[{"@type":"CommentAction","name":"Comment","target":["https:\/\/gregorydamy.niceavocats.fr\/es\/punto-de-presentacion-centralizado-para-residentes-monegascos\/#respond"]}]},{"@type":"WebPage","@id":"https:\/\/gregorydamy.niceavocats.fr\/es\/punto-de-presentacion-centralizado-para-residentes-monegascos\/","url":"https:\/\/gregorydamy.niceavocats.fr\/es\/punto-de-presentacion-centralizado-para-residentes-monegascos\/","name":"Punto de presentaci\u00f3n centralizado para residentes monegascos - Soci\u00e9t\u00e9 d&#039;avocats Damy","isPartOf":{"@id":"https:\/\/gregorydamy.niceavocats.fr\/es\/#website"},"datePublished":"2017-11-07T17:50:04+00:00","dateModified":"2023-08-23T05:31:00+00:00","description":"Punto de presentaci\u00f3n centralizado para residentes monegascos A partir del 1 de noviembre de 2017, se implement\u00f3 un cambio significativo","breadcrumb":{"@id":"https:\/\/gregorydamy.niceavocats.fr\/es\/punto-de-presentacion-centralizado-para-residentes-monegascos\/#breadcrumb"},"inLanguage":"es","potentialAction":[{"@type":"ReadAction","target":["https:\/\/gregorydamy.niceavocats.fr\/es\/punto-de-presentacion-centralizado-para-residentes-monegascos\/"]}]},{"@type":"BreadcrumbList","@id":"https:\/\/gregorydamy.niceavocats.fr\/es\/punto-de-presentacion-centralizado-para-residentes-monegascos\/#breadcrumb","itemListElement":[{"@type":"ListItem","position":1,"name":"Accueil","item":"https:\/\/gregorydamy.niceavocats.fr\/es\/"},{"@type":"ListItem","position":2,"name":"Punto de presentaci\u00f3n centralizado para residentes monegascos"}]},{"@type":"WebSite","@id":"https:\/\/gregorydamy.niceavocats.fr\/es\/#website","url":"https:\/\/gregorydamy.niceavocats.fr\/es\/","name":"Soci\u00e9t\u00e9 d&#039;avocats Damy","description":"Justice - Confiance - Efficacit\u00e9","publisher":{"@id":"https:\/\/gregorydamy.niceavocats.fr\/es\/#organization"},"potentialAction":[{"@type":"SearchAction","target":{"@type":"EntryPoint","urlTemplate":"https:\/\/gregorydamy.niceavocats.fr\/es\/?s={search_term_string}"},"query-input":{"@type":"PropertyValueSpecification","valueRequired":true,"valueName":"search_term_string"}}],"inLanguage":"es"},{"@type":"Organization","@id":"https:\/\/gregorydamy.niceavocats.fr\/es\/#organization","name":"Soci\u00e9t\u00e9 d'Avocats DAMY","alternateName":"Gr\u00e9gory DAMY","url":"https:\/\/gregorydamy.niceavocats.fr\/es\/","logo":{"@type":"ImageObject","inLanguage":"es","@id":"https:\/\/gregorydamy.niceavocats.fr\/es\/#\/schema\/logo\/image\/","url":"https:\/\/gregorydamy.niceavocats.fr\/wp-content\/uploads\/2023\/04\/damylogo-1.png","contentUrl":"https:\/\/gregorydamy.niceavocats.fr\/wp-content\/uploads\/2023\/04\/damylogo-1.png","width":1890,"height":1417,"caption":"Soci\u00e9t\u00e9 d'Avocats DAMY"},"image":{"@id":"https:\/\/gregorydamy.niceavocats.fr\/es\/#\/schema\/logo\/image\/"},"sameAs":["https:\/\/www.facebook.com\/niceavocats.fr\/"]},{"@type":"Person","@id":"https:\/\/gregorydamy.niceavocats.fr\/es\/#\/schema\/person\/e040acb2856efaa1e114d0e7a92a3870","name":"Kevin","url":"https:\/\/gregorydamy.niceavocats.fr\/es\/author\/kevin\/"}]}},"_links":{"self":[{"href":"https:\/\/gregorydamy.niceavocats.fr\/es\/wp-json\/wp\/v2\/posts\/1756","targetHints":{"allow":["GET"]}}],"collection":[{"href":"https:\/\/gregorydamy.niceavocats.fr\/es\/wp-json\/wp\/v2\/posts"}],"about":[{"href":"https:\/\/gregorydamy.niceavocats.fr\/es\/wp-json\/wp\/v2\/types\/post"}],"author":[{"embeddable":true,"href":"https:\/\/gregorydamy.niceavocats.fr\/es\/wp-json\/wp\/v2\/users\/2"}],"replies":[{"embeddable":true,"href":"https:\/\/gregorydamy.niceavocats.fr\/es\/wp-json\/wp\/v2\/comments?post=1756"}],"version-history":[{"count":0,"href":"https:\/\/gregorydamy.niceavocats.fr\/es\/wp-json\/wp\/v2\/posts\/1756\/revisions"}],"wp:attachment":[{"href":"https:\/\/gregorydamy.niceavocats.fr\/es\/wp-json\/wp\/v2\/media?parent=1756"}],"wp:term":[{"taxonomy":"category","embeddable":true,"href":"https:\/\/gregorydamy.niceavocats.fr\/es\/wp-json\/wp\/v2\/categories?post=1756"},{"taxonomy":"post_tag","embeddable":true,"href":"https:\/\/gregorydamy.niceavocats.fr\/es\/wp-json\/wp\/v2\/tags?post=1756"}],"curies":[{"name":"wp","href":"https:\/\/api.w.org\/{rel}","templated":true}]}}