{"id":1391,"date":"2020-02-11T14:20:32","date_gmt":"2020-02-11T14:20:32","guid":{"rendered":"https:\/\/gregorydamy.niceavocats.fr\/?p=1391"},"modified":"2023-08-29T07:42:56","modified_gmt":"2023-08-29T07:42:56","slug":"reclasificacion-de-la-relacion-entre-mensajeria-reparto-de-comidas-y-plataforma-digital-en-un-contrato-de-trabajo","status":"publish","type":"post","link":"https:\/\/gregorydamy.niceavocats.fr\/es\/reclasificacion-de-la-relacion-entre-mensajeria-reparto-de-comidas-y-plataforma-digital-en-un-contrato-de-trabajo\/","title":{"rendered":"Reclasificaci\u00f3n de la relaci\u00f3n entre mensajer\u00eda-reparto de comidas y plataforma digital en un contrato de trabajo"},"content":{"rendered":"<p>[et_pb_section fb_built=&#8221;1&#8243; admin_label=&#8221;Section&#8221; _builder_version=&#8221;4.19.5&#8243; _module_preset=&#8221;default&#8221; custom_margin=&#8221;||0px||false|false&#8221; custom_padding=&#8221;||0px||false|false&#8221; locked=&#8221;off&#8221; global_colors_info=&#8221;{}&#8221;][et_pb_row column_structure=&#8221;1_3,1_3,1_3&#8243; _builder_version=&#8221;4.19.5&#8243; _module_preset=&#8221;default&#8221; background_enable_mask_style=&#8221;on&#8221; background_mask_style=&#8221;wave&#8221; background_mask_color=&#8221;rgba(0,0,0,0.08)&#8221; custom_padding=&#8221;0px||6px|||&#8221; locked=&#8221;off&#8221; global_colors_info=&#8221;{}&#8221;][et_pb_column type=&#8221;1_3&#8243; _builder_version=&#8221;4.19.5&#8243; _module_preset=&#8221;default&#8221; global_colors_info=&#8221;{}&#8221;][\/et_pb_column][et_pb_column type=&#8221;1_3&#8243; _builder_version=&#8221;4.19.5&#8243; _module_preset=&#8221;default&#8221; global_colors_info=&#8221;{}&#8221;][\/et_pb_column][et_pb_column type=&#8221;1_3&#8243; _builder_version=&#8221;4.19.5&#8243; _module_preset=&#8221;default&#8221; global_colors_info=&#8221;{}&#8221;][et_pb_circle_counter title=&#8221;Tiempo estimado de lectura (en minutos)&#8221; number=&#8221;3&#8243; percent_sign=&#8221;off&#8221; _builder_version=&#8221;4.21.0&#8243; _module_preset=&#8221;default&#8221; title_font=&#8221;Amiri||||||||&#8221; max_width=&#8221;137px&#8221; custom_margin=&#8221;20px|auto|30px|auto|false|false&#8221; global_colors_info=&#8221;{}&#8221;][\/et_pb_circle_counter][\/et_pb_column][\/et_pb_row][et_pb_row _builder_version=&#8221;4.19.5&#8243; _module_preset=&#8221;default&#8221; custom_margin=&#8221;||0px||false|false&#8221; custom_padding=&#8221;||0px||false|false&#8221; global_colors_info=&#8221;{}&#8221;][et_pb_column type=&#8221;4_4&#8243; _builder_version=&#8221;4.19.5&#8243; _module_preset=&#8221;default&#8221; global_colors_info=&#8221;{}&#8221;][et_pb_divider _builder_version=&#8221;4.19.5&#8243; _module_preset=&#8221;default&#8221; global_colors_info=&#8221;{}&#8221;][\/et_pb_divider][\/et_pb_column][\/et_pb_row][et_pb_row _builder_version=&#8221;4.19.5&#8243; _module_preset=&#8221;default&#8221; global_colors_info=&#8221;{}&#8221;][et_pb_column type=&#8221;4_4&#8243; _builder_version=&#8221;4.19.5&#8243; _module_preset=&#8221;default&#8221; global_colors_info=&#8221;{}&#8221;][et_pb_image src=&#8221;https:\/\/gregorydamy.niceavocats.fr\/wp-content\/uploads\/2023\/08\/navigation-1048294_1280-2-2.jpg&#8221; title_text=&#8221;navigation-1048294_1280-2-2&#8243; _builder_version=&#8221;4.21.0&#8243; _module_preset=&#8221;default&#8221; hover_enabled=&#8221;0&#8243; global_colors_info=&#8221;{}&#8221; sticky_enabled=&#8221;0&#8243;][\/et_pb_image][et_pb_text _builder_version=&#8221;4.21.0&#8243; _module_preset=&#8221;default&#8221; text_font=&#8221;Amiri||||||||&#8221; header_2_font=&#8221;Amiri||||||||&#8221; hover_enabled=&#8221;0&#8243; global_colors_info=&#8221;{}&#8221; sticky_enabled=&#8221;0&#8243;]<\/p>\n<p><span>The Gig Economy en una sentencia muy contundente, la sala comercial del Tribunal de Casaci\u00f3n reclasific\u00f3 el\u00a0<\/span><a href=\"https:\/\/www.legifrance.gouv.fr\/juri\/id\/JURITEXT000037787075\/\"><span>28 de noviembre de 2018<\/span><\/a><span>\u00a0la relaci\u00f3n entre un mensajero-repartidor de comidas y una plataforma digital como contrato de trabajo.\u00a0El tribunal destac\u00f3 que la existencia de una relaci\u00f3n laboral no est\u00e1 determinada por la voluntad expresa de las partes ni por la etiqueta que se le d\u00e9 a su contrato, sino por las condiciones f\u00e1cticas en las que se desarrollan las actividades de los trabajadores.\u00a0La subordinaci\u00f3n, caracterizada por el hecho de trabajar bajo la autoridad de un empleador que tiene el poder de dar \u00f3rdenes, dirigir, controlar la ejecuci\u00f3n e imponer sanciones, es un factor clave para determinar esta relaci\u00f3n.<\/span><\/p>\n<h2><span>Sentencia del Tribunal de Casaci\u00f3n: recalificaci\u00f3n de contratos de mensajer\u00eda:-<\/span><\/h2>\n<p><span>Con la aparici\u00f3n de servicios digitales de pr\u00f3xima generaci\u00f3n y el fen\u00f3meno de la \u201cuberizaci\u00f3n\u201d de la sociedad, la calificaci\u00f3n jur\u00eddica de estas relaciones laborales se ha convertido en una cuesti\u00f3n urgente.\u00a0Los tribunales franceses se enfrentan cada vez m\u00e1s a esta cuesti\u00f3n y el Tribunal de Casaci\u00f3n est\u00e1 intentando dar respuestas.\u00a0El uso de trabajadores independientes, como los empresarios del sector del autom\u00f3vil, viene aumentando desde hace a\u00f1os.\u00a0Sin embargo, el uso de este dispositivo en condiciones similares al empleo asalariado se ha generalizado y esta instrumentalizaci\u00f3n parece estar ganando impulso.<\/span><\/p>\n<h2><span>El cambio en el panorama\u00a0<\/span><a href=\"https:\/\/gregorydamy.niceavocats.fr\/\"><span>legal<\/span><\/a><span>\u00a0: proteger a los trabajadores en la econom\u00eda colaborativa: \u2013<\/span><\/h2>\n<p><span>In this context, a year after the famous Take Eat Easy sentence, the senior magistrates will examine the relationship between a truck driver, who was appointed as an independent employer, and the employer who contracted him.\u00a0To recalibrate the relationship in dispute, the magistrates will raise a rationalization in various stages and compare different sets of indicators.\u00a0Invocan el art\u00edculo L-8221-6-1 del C\u00f3digo del Trabajo y incurren en un razonamiento a contrario.\u00a0This art\u00edculo presumes the job for that purpose whichever the conditions of the job is defined exclusively by the physical person or by the contract with the employer.In the case of the company and the conductor, various factors will be identified, among them the provision of a vehicle for part of the company (con gastos de combustible y mantenimiento cubiertos), los destinos de entrega predeterminados de la company y el requisito de\u00a0que el conductor proporcione registros de actividad.\u00a0at the company.<\/span><\/p>\n<p><span>Sobre la base de estos indicadores clave, el Tribunal de Casaci\u00f3n reconoci\u00f3 r\u00e1pidamente el poder de subordinaci\u00f3n de la empresa sobre el conductor, la falta de independencia en la organizaci\u00f3n y ejecuci\u00f3n del trabajo y, por tanto, calific\u00f3 la relaci\u00f3n de contrato de trabajo.\u00a0Esta decisi\u00f3n refuerza la sentencia anterior Take Eat Easy y est\u00e1 en consonancia con la tendencia actual de la legislaci\u00f3n laboral francesa, que tiene como objetivo proteger a los trabajadores de estas profesiones emergentes y restaurar el marco legal definido por el C\u00f3digo del Trabajo.<\/span><\/p>\n<p><span>En 2020, el Tribunal de Casaci\u00f3n dict\u00f3 una nueva decisi\u00f3n que recalificaba como empleado a un conductor de Uber, inicialmente calificado como aut\u00f3nomo.\u00a0Esta es una actualizaci\u00f3n reciente sobre el cambiante panorama de la legislaci\u00f3n laboral en Francia.<\/span><\/p>\n<p>[\/et_pb_text][\/et_pb_column][\/et_pb_row][et_pb_row _builder_version=&#8221;4.19.5&#8243; _module_preset=&#8221;default&#8221; custom_margin=&#8221;||0px||false|false&#8221; custom_padding=&#8221;||0px||false|false&#8221; global_colors_info=&#8221;{}&#8221;][et_pb_column type=&#8221;4_4&#8243; _builder_version=&#8221;4.19.5&#8243; _module_preset=&#8221;default&#8221; global_colors_info=&#8221;{}&#8221;][et_pb_divider _builder_version=&#8221;4.19.5&#8243; _module_preset=&#8221;default&#8221; global_colors_info=&#8221;{}&#8221;][\/et_pb_divider][\/et_pb_column][\/et_pb_row][\/et_pb_section]<\/p>\n","protected":false},"excerpt":{"rendered":"<p>The Gig Economy en una sentencia muy contundente, la sala comercial del Tribunal de Casaci\u00f3n reclasific\u00f3 el\u00a028 de noviembre de 2018\u00a0la relaci\u00f3n entre un mensajero-repartidor de comidas y una plataforma digital como contrato de trabajo.\u00a0El tribunal destac\u00f3 que la existencia de una relaci\u00f3n laboral no est\u00e1 determinada por la voluntad expresa de las partes ni [&hellip;]<\/p>\n","protected":false},"author":2,"featured_media":0,"comment_status":"open","ping_status":"open","sticky":false,"template":"","format":"standard","meta":{"_et_pb_use_builder":"on","_et_pb_old_content":"","_et_gb_content_width":"","footnotes":""},"categories":[],"tags":[],"class_list":["post-1391","post","type-post","status-publish","format-standard","hentry"],"yoast_head":"<!-- This site is optimized with the Yoast SEO plugin v26.8 - https:\/\/yoast.com\/product\/yoast-seo-wordpress\/ -->\n<title>Reclasificaci\u00f3n de la relaci\u00f3n entre mensajer\u00eda-reparto de comidas y plataforma digital en un contrato de trabajo - Soci\u00e9t\u00e9 d&#039;avocats Damy<\/title>\n<meta name=\"description\" content=\"Reclasificaci\u00f3n de la relaci\u00f3n entre mensajer\u00eda-reparto de comidas y plataforma digital en un contrato de trabajo\" \/>\n<meta name=\"robots\" content=\"index, follow, max-snippet:-1, max-image-preview:large, max-video-preview:-1\" \/>\n<link rel=\"canonical\" href=\"https:\/\/gregorydamy.niceavocats.fr\/es\/reclasificacion-de-la-relacion-entre-mensajeria-reparto-de-comidas-y-plataforma-digital-en-un-contrato-de-trabajo\/\" \/>\n<meta property=\"og:locale\" content=\"es_ES\" \/>\n<meta property=\"og:type\" content=\"article\" \/>\n<meta property=\"og:title\" content=\"Reclasificaci\u00f3n de la relaci\u00f3n entre mensajer\u00eda-reparto de comidas y plataforma digital en un contrato de trabajo - Soci\u00e9t\u00e9 d&#039;avocats Damy\" \/>\n<meta property=\"og:description\" content=\"Reclasificaci\u00f3n de la relaci\u00f3n entre mensajer\u00eda-reparto de comidas y plataforma digital en un contrato de trabajo\" \/>\n<meta property=\"og:url\" content=\"https:\/\/gregorydamy.niceavocats.fr\/es\/reclasificacion-de-la-relacion-entre-mensajeria-reparto-de-comidas-y-plataforma-digital-en-un-contrato-de-trabajo\/\" \/>\n<meta property=\"og:site_name\" content=\"Soci\u00e9t\u00e9 d&#039;avocats Damy\" \/>\n<meta property=\"article:publisher\" content=\"https:\/\/www.facebook.com\/niceavocats.fr\/\" \/>\n<meta property=\"article:published_time\" content=\"2020-02-11T14:20:32+00:00\" \/>\n<meta property=\"article:modified_time\" content=\"2023-08-29T07:42:56+00:00\" \/>\n<meta name=\"author\" content=\"Kevin\" \/>\n<meta name=\"twitter:card\" content=\"summary_large_image\" \/>\n<meta name=\"twitter:label1\" content=\"Escrito por\" \/>\n\t<meta name=\"twitter:data1\" content=\"Kevin\" \/>\n\t<meta name=\"twitter:label2\" content=\"Tiempo de lectura\" \/>\n\t<meta name=\"twitter:data2\" content=\"4 minutos\" \/>\n<script type=\"application\/ld+json\" class=\"yoast-schema-graph\">{\"@context\":\"https:\/\/schema.org\",\"@graph\":[{\"@type\":\"Article\",\"@id\":\"https:\/\/gregorydamy.niceavocats.fr\/es\/reclasificacion-de-la-relacion-entre-mensajeria-reparto-de-comidas-y-plataforma-digital-en-un-contrato-de-trabajo\/#article\",\"isPartOf\":{\"@id\":\"https:\/\/gregorydamy.niceavocats.fr\/es\/reclasificacion-de-la-relacion-entre-mensajeria-reparto-de-comidas-y-plataforma-digital-en-un-contrato-de-trabajo\/\"},\"author\":{\"name\":\"Kevin\",\"@id\":\"https:\/\/gregorydamy.niceavocats.fr\/es\/#\/schema\/person\/e040acb2856efaa1e114d0e7a92a3870\"},\"headline\":\"Reclasificaci\u00f3n de la relaci\u00f3n entre mensajer\u00eda-reparto de comidas y plataforma digital en un contrato de trabajo\",\"datePublished\":\"2020-02-11T14:20:32+00:00\",\"dateModified\":\"2023-08-29T07:42:56+00:00\",\"mainEntityOfPage\":{\"@id\":\"https:\/\/gregorydamy.niceavocats.fr\/es\/reclasificacion-de-la-relacion-entre-mensajeria-reparto-de-comidas-y-plataforma-digital-en-un-contrato-de-trabajo\/\"},\"wordCount\":923,\"commentCount\":0,\"publisher\":{\"@id\":\"https:\/\/gregorydamy.niceavocats.fr\/es\/#organization\"},\"inLanguage\":\"es\",\"potentialAction\":[{\"@type\":\"CommentAction\",\"name\":\"Comment\",\"target\":[\"https:\/\/gregorydamy.niceavocats.fr\/es\/reclasificacion-de-la-relacion-entre-mensajeria-reparto-de-comidas-y-plataforma-digital-en-un-contrato-de-trabajo\/#respond\"]}]},{\"@type\":\"WebPage\",\"@id\":\"https:\/\/gregorydamy.niceavocats.fr\/es\/reclasificacion-de-la-relacion-entre-mensajeria-reparto-de-comidas-y-plataforma-digital-en-un-contrato-de-trabajo\/\",\"url\":\"https:\/\/gregorydamy.niceavocats.fr\/es\/reclasificacion-de-la-relacion-entre-mensajeria-reparto-de-comidas-y-plataforma-digital-en-un-contrato-de-trabajo\/\",\"name\":\"Reclasificaci\u00f3n de la relaci\u00f3n entre mensajer\u00eda-reparto de comidas y plataforma digital en un contrato de trabajo - Soci\u00e9t\u00e9 d&#039;avocats Damy\",\"isPartOf\":{\"@id\":\"https:\/\/gregorydamy.niceavocats.fr\/es\/#website\"},\"datePublished\":\"2020-02-11T14:20:32+00:00\",\"dateModified\":\"2023-08-29T07:42:56+00:00\",\"description\":\"Reclasificaci\u00f3n de la relaci\u00f3n entre mensajer\u00eda-reparto de comidas y plataforma digital en un contrato de trabajo\",\"breadcrumb\":{\"@id\":\"https:\/\/gregorydamy.niceavocats.fr\/es\/reclasificacion-de-la-relacion-entre-mensajeria-reparto-de-comidas-y-plataforma-digital-en-un-contrato-de-trabajo\/#breadcrumb\"},\"inLanguage\":\"es\",\"potentialAction\":[{\"@type\":\"ReadAction\",\"target\":[\"https:\/\/gregorydamy.niceavocats.fr\/es\/reclasificacion-de-la-relacion-entre-mensajeria-reparto-de-comidas-y-plataforma-digital-en-un-contrato-de-trabajo\/\"]}]},{\"@type\":\"BreadcrumbList\",\"@id\":\"https:\/\/gregorydamy.niceavocats.fr\/es\/reclasificacion-de-la-relacion-entre-mensajeria-reparto-de-comidas-y-plataforma-digital-en-un-contrato-de-trabajo\/#breadcrumb\",\"itemListElement\":[{\"@type\":\"ListItem\",\"position\":1,\"name\":\"Accueil\",\"item\":\"https:\/\/gregorydamy.niceavocats.fr\/es\/\"},{\"@type\":\"ListItem\",\"position\":2,\"name\":\"Reclasificaci\u00f3n de la relaci\u00f3n entre mensajer\u00eda-reparto de comidas y plataforma digital en un contrato de trabajo\"}]},{\"@type\":\"WebSite\",\"@id\":\"https:\/\/gregorydamy.niceavocats.fr\/es\/#website\",\"url\":\"https:\/\/gregorydamy.niceavocats.fr\/es\/\",\"name\":\"Soci\u00e9t\u00e9 d&#039;avocats Damy\",\"description\":\"Justice - Confiance - Efficacit\u00e9\",\"publisher\":{\"@id\":\"https:\/\/gregorydamy.niceavocats.fr\/es\/#organization\"},\"potentialAction\":[{\"@type\":\"SearchAction\",\"target\":{\"@type\":\"EntryPoint\",\"urlTemplate\":\"https:\/\/gregorydamy.niceavocats.fr\/es\/?s={search_term_string}\"},\"query-input\":{\"@type\":\"PropertyValueSpecification\",\"valueRequired\":true,\"valueName\":\"search_term_string\"}}],\"inLanguage\":\"es\"},{\"@type\":\"Organization\",\"@id\":\"https:\/\/gregorydamy.niceavocats.fr\/es\/#organization\",\"name\":\"Soci\u00e9t\u00e9 d'Avocats DAMY\",\"alternateName\":\"Gr\u00e9gory DAMY\",\"url\":\"https:\/\/gregorydamy.niceavocats.fr\/es\/\",\"logo\":{\"@type\":\"ImageObject\",\"inLanguage\":\"es\",\"@id\":\"https:\/\/gregorydamy.niceavocats.fr\/es\/#\/schema\/logo\/image\/\",\"url\":\"https:\/\/gregorydamy.niceavocats.fr\/wp-content\/uploads\/2023\/04\/damylogo-1.png\",\"contentUrl\":\"https:\/\/gregorydamy.niceavocats.fr\/wp-content\/uploads\/2023\/04\/damylogo-1.png\",\"width\":1890,\"height\":1417,\"caption\":\"Soci\u00e9t\u00e9 d'Avocats DAMY\"},\"image\":{\"@id\":\"https:\/\/gregorydamy.niceavocats.fr\/es\/#\/schema\/logo\/image\/\"},\"sameAs\":[\"https:\/\/www.facebook.com\/niceavocats.fr\/\"]},{\"@type\":\"Person\",\"@id\":\"https:\/\/gregorydamy.niceavocats.fr\/es\/#\/schema\/person\/e040acb2856efaa1e114d0e7a92a3870\",\"name\":\"Kevin\",\"url\":\"https:\/\/gregorydamy.niceavocats.fr\/es\/author\/kevin\/\"}]}<\/script>\n<!-- \/ Yoast SEO plugin. -->","yoast_head_json":{"title":"Reclasificaci\u00f3n de la relaci\u00f3n entre mensajer\u00eda-reparto de comidas y plataforma digital en un contrato de trabajo - Soci\u00e9t\u00e9 d&#039;avocats Damy","description":"Reclasificaci\u00f3n de la relaci\u00f3n entre mensajer\u00eda-reparto de comidas y plataforma digital en un contrato de trabajo","robots":{"index":"index","follow":"follow","max-snippet":"max-snippet:-1","max-image-preview":"max-image-preview:large","max-video-preview":"max-video-preview:-1"},"canonical":"https:\/\/gregorydamy.niceavocats.fr\/es\/reclasificacion-de-la-relacion-entre-mensajeria-reparto-de-comidas-y-plataforma-digital-en-un-contrato-de-trabajo\/","og_locale":"es_ES","og_type":"article","og_title":"Reclasificaci\u00f3n de la relaci\u00f3n entre mensajer\u00eda-reparto de comidas y plataforma digital en un contrato de trabajo - Soci\u00e9t\u00e9 d&#039;avocats Damy","og_description":"Reclasificaci\u00f3n de la relaci\u00f3n entre mensajer\u00eda-reparto de comidas y plataforma digital en un contrato de trabajo","og_url":"https:\/\/gregorydamy.niceavocats.fr\/es\/reclasificacion-de-la-relacion-entre-mensajeria-reparto-de-comidas-y-plataforma-digital-en-un-contrato-de-trabajo\/","og_site_name":"Soci\u00e9t\u00e9 d&#039;avocats Damy","article_publisher":"https:\/\/www.facebook.com\/niceavocats.fr\/","article_published_time":"2020-02-11T14:20:32+00:00","article_modified_time":"2023-08-29T07:42:56+00:00","author":"Kevin","twitter_card":"summary_large_image","twitter_misc":{"Escrito por":"Kevin","Tiempo de lectura":"4 minutos"},"schema":{"@context":"https:\/\/schema.org","@graph":[{"@type":"Article","@id":"https:\/\/gregorydamy.niceavocats.fr\/es\/reclasificacion-de-la-relacion-entre-mensajeria-reparto-de-comidas-y-plataforma-digital-en-un-contrato-de-trabajo\/#article","isPartOf":{"@id":"https:\/\/gregorydamy.niceavocats.fr\/es\/reclasificacion-de-la-relacion-entre-mensajeria-reparto-de-comidas-y-plataforma-digital-en-un-contrato-de-trabajo\/"},"author":{"name":"Kevin","@id":"https:\/\/gregorydamy.niceavocats.fr\/es\/#\/schema\/person\/e040acb2856efaa1e114d0e7a92a3870"},"headline":"Reclasificaci\u00f3n de la relaci\u00f3n entre mensajer\u00eda-reparto de comidas y plataforma digital en un contrato de trabajo","datePublished":"2020-02-11T14:20:32+00:00","dateModified":"2023-08-29T07:42:56+00:00","mainEntityOfPage":{"@id":"https:\/\/gregorydamy.niceavocats.fr\/es\/reclasificacion-de-la-relacion-entre-mensajeria-reparto-de-comidas-y-plataforma-digital-en-un-contrato-de-trabajo\/"},"wordCount":923,"commentCount":0,"publisher":{"@id":"https:\/\/gregorydamy.niceavocats.fr\/es\/#organization"},"inLanguage":"es","potentialAction":[{"@type":"CommentAction","name":"Comment","target":["https:\/\/gregorydamy.niceavocats.fr\/es\/reclasificacion-de-la-relacion-entre-mensajeria-reparto-de-comidas-y-plataforma-digital-en-un-contrato-de-trabajo\/#respond"]}]},{"@type":"WebPage","@id":"https:\/\/gregorydamy.niceavocats.fr\/es\/reclasificacion-de-la-relacion-entre-mensajeria-reparto-de-comidas-y-plataforma-digital-en-un-contrato-de-trabajo\/","url":"https:\/\/gregorydamy.niceavocats.fr\/es\/reclasificacion-de-la-relacion-entre-mensajeria-reparto-de-comidas-y-plataforma-digital-en-un-contrato-de-trabajo\/","name":"Reclasificaci\u00f3n de la relaci\u00f3n entre mensajer\u00eda-reparto de comidas y plataforma digital en un contrato de trabajo - Soci\u00e9t\u00e9 d&#039;avocats Damy","isPartOf":{"@id":"https:\/\/gregorydamy.niceavocats.fr\/es\/#website"},"datePublished":"2020-02-11T14:20:32+00:00","dateModified":"2023-08-29T07:42:56+00:00","description":"Reclasificaci\u00f3n de la relaci\u00f3n entre mensajer\u00eda-reparto de comidas y plataforma digital en un contrato de trabajo","breadcrumb":{"@id":"https:\/\/gregorydamy.niceavocats.fr\/es\/reclasificacion-de-la-relacion-entre-mensajeria-reparto-de-comidas-y-plataforma-digital-en-un-contrato-de-trabajo\/#breadcrumb"},"inLanguage":"es","potentialAction":[{"@type":"ReadAction","target":["https:\/\/gregorydamy.niceavocats.fr\/es\/reclasificacion-de-la-relacion-entre-mensajeria-reparto-de-comidas-y-plataforma-digital-en-un-contrato-de-trabajo\/"]}]},{"@type":"BreadcrumbList","@id":"https:\/\/gregorydamy.niceavocats.fr\/es\/reclasificacion-de-la-relacion-entre-mensajeria-reparto-de-comidas-y-plataforma-digital-en-un-contrato-de-trabajo\/#breadcrumb","itemListElement":[{"@type":"ListItem","position":1,"name":"Accueil","item":"https:\/\/gregorydamy.niceavocats.fr\/es\/"},{"@type":"ListItem","position":2,"name":"Reclasificaci\u00f3n de la relaci\u00f3n entre mensajer\u00eda-reparto de comidas y plataforma digital en un contrato de trabajo"}]},{"@type":"WebSite","@id":"https:\/\/gregorydamy.niceavocats.fr\/es\/#website","url":"https:\/\/gregorydamy.niceavocats.fr\/es\/","name":"Soci\u00e9t\u00e9 d&#039;avocats Damy","description":"Justice - Confiance - Efficacit\u00e9","publisher":{"@id":"https:\/\/gregorydamy.niceavocats.fr\/es\/#organization"},"potentialAction":[{"@type":"SearchAction","target":{"@type":"EntryPoint","urlTemplate":"https:\/\/gregorydamy.niceavocats.fr\/es\/?s={search_term_string}"},"query-input":{"@type":"PropertyValueSpecification","valueRequired":true,"valueName":"search_term_string"}}],"inLanguage":"es"},{"@type":"Organization","@id":"https:\/\/gregorydamy.niceavocats.fr\/es\/#organization","name":"Soci\u00e9t\u00e9 d'Avocats DAMY","alternateName":"Gr\u00e9gory DAMY","url":"https:\/\/gregorydamy.niceavocats.fr\/es\/","logo":{"@type":"ImageObject","inLanguage":"es","@id":"https:\/\/gregorydamy.niceavocats.fr\/es\/#\/schema\/logo\/image\/","url":"https:\/\/gregorydamy.niceavocats.fr\/wp-content\/uploads\/2023\/04\/damylogo-1.png","contentUrl":"https:\/\/gregorydamy.niceavocats.fr\/wp-content\/uploads\/2023\/04\/damylogo-1.png","width":1890,"height":1417,"caption":"Soci\u00e9t\u00e9 d'Avocats DAMY"},"image":{"@id":"https:\/\/gregorydamy.niceavocats.fr\/es\/#\/schema\/logo\/image\/"},"sameAs":["https:\/\/www.facebook.com\/niceavocats.fr\/"]},{"@type":"Person","@id":"https:\/\/gregorydamy.niceavocats.fr\/es\/#\/schema\/person\/e040acb2856efaa1e114d0e7a92a3870","name":"Kevin","url":"https:\/\/gregorydamy.niceavocats.fr\/es\/author\/kevin\/"}]}},"_links":{"self":[{"href":"https:\/\/gregorydamy.niceavocats.fr\/es\/wp-json\/wp\/v2\/posts\/1391","targetHints":{"allow":["GET"]}}],"collection":[{"href":"https:\/\/gregorydamy.niceavocats.fr\/es\/wp-json\/wp\/v2\/posts"}],"about":[{"href":"https:\/\/gregorydamy.niceavocats.fr\/es\/wp-json\/wp\/v2\/types\/post"}],"author":[{"embeddable":true,"href":"https:\/\/gregorydamy.niceavocats.fr\/es\/wp-json\/wp\/v2\/users\/2"}],"replies":[{"embeddable":true,"href":"https:\/\/gregorydamy.niceavocats.fr\/es\/wp-json\/wp\/v2\/comments?post=1391"}],"version-history":[{"count":0,"href":"https:\/\/gregorydamy.niceavocats.fr\/es\/wp-json\/wp\/v2\/posts\/1391\/revisions"}],"wp:attachment":[{"href":"https:\/\/gregorydamy.niceavocats.fr\/es\/wp-json\/wp\/v2\/media?parent=1391"}],"wp:term":[{"taxonomy":"category","embeddable":true,"href":"https:\/\/gregorydamy.niceavocats.fr\/es\/wp-json\/wp\/v2\/categories?post=1391"},{"taxonomy":"post_tag","embeddable":true,"href":"https:\/\/gregorydamy.niceavocats.fr\/es\/wp-json\/wp\/v2\/tags?post=1391"}],"curies":[{"name":"wp","href":"https:\/\/api.w.org\/{rel}","templated":true}]}}