{"id":1356,"date":"2020-09-24T16:14:54","date_gmt":"2020-09-24T16:14:54","guid":{"rendered":"https:\/\/gregorydamy.niceavocats.fr\/?p=1356"},"modified":"2023-08-01T09:06:08","modified_gmt":"2023-08-01T09:06:08","slug":"impacto-covid-duenos-restaurantes","status":"publish","type":"post","link":"https:\/\/gregorydamy.niceavocats.fr\/es\/impacto-covid-duenos-restaurantes\/","title":{"rendered":"Impacto COVID due\u00f1os restaurantes"},"content":{"rendered":"<p>[et_pb_section fb_built=&#8221;1&#8243; admin_label=&#8221;Section&#8221; _builder_version=&#8221;4.19.5&#8243; _module_preset=&#8221;default&#8221; custom_margin=&#8221;||0px||false|false&#8221; custom_padding=&#8221;||0px||false|false&#8221; locked=&#8221;off&#8221; global_colors_info=&#8221;{}&#8221;][et_pb_row column_structure=&#8221;1_3,1_3,1_3&#8243; _builder_version=&#8221;4.19.5&#8243; _module_preset=&#8221;default&#8221; background_enable_mask_style=&#8221;on&#8221; background_mask_style=&#8221;wave&#8221; background_mask_color=&#8221;rgba(0,0,0,0.08)&#8221; custom_padding=&#8221;0px||6px|||&#8221; locked=&#8221;off&#8221; global_colors_info=&#8221;{}&#8221;][et_pb_column type=&#8221;1_3&#8243; _builder_version=&#8221;4.19.5&#8243; _module_preset=&#8221;default&#8221; global_colors_info=&#8221;{}&#8221;][\/et_pb_column][et_pb_column type=&#8221;1_3&#8243; _builder_version=&#8221;4.19.5&#8243; _module_preset=&#8221;default&#8221; global_colors_info=&#8221;{}&#8221;][\/et_pb_column][et_pb_column type=&#8221;1_3&#8243; _builder_version=&#8221;4.19.5&#8243; _module_preset=&#8221;default&#8221; global_colors_info=&#8221;{}&#8221;][et_pb_circle_counter title=&#8221;Tiempo estimado de lectura (en minutos)&#8221; number=&#8221;2&#8243; percent_sign=&#8221;off&#8221; _builder_version=&#8221;4.21.0&#8243; _module_preset=&#8221;default&#8221; title_font=&#8221;Amiri||||||||&#8221; max_width=&#8221;137px&#8221; custom_margin=&#8221;20px|auto|30px|auto|false|false&#8221; global_colors_info=&#8221;{}&#8221;][\/et_pb_circle_counter][\/et_pb_column][\/et_pb_row][et_pb_row _builder_version=&#8221;4.19.5&#8243; _module_preset=&#8221;default&#8221; custom_margin=&#8221;||0px||false|false&#8221; custom_padding=&#8221;||0px||false|false&#8221; global_colors_info=&#8221;{}&#8221;][et_pb_column type=&#8221;4_4&#8243; _builder_version=&#8221;4.19.5&#8243; _module_preset=&#8221;default&#8221; global_colors_info=&#8221;{}&#8221;][et_pb_divider _builder_version=&#8221;4.19.5&#8243; _module_preset=&#8221;default&#8221; global_colors_info=&#8221;{}&#8221;][\/et_pb_divider][et_pb_image src=&#8221;https:\/\/gregorydamy.niceavocats.fr\/wp-content\/uploads\/2023\/05\/happy-woman-making-order-while-talking-black-waitress-cafe-1.jpg&#8221; title_text=&#8221;happy-woman-making-order-while-talking-black-waitress-cafe (1)&#8221; _builder_version=&#8221;4.21.0&#8243; _module_preset=&#8221;default&#8221; global_colors_info=&#8221;{}&#8221;][\/et_pb_image][et_pb_text _builder_version=&#8221;4.21.0&#8243; _module_preset=&#8221;default&#8221; text_font=&#8221;Amiri||||||||&#8221; header_2_font=&#8221;Amiri||||||||&#8221; hover_enabled=&#8221;0&#8243; global_colors_info=&#8221;{}&#8221; sticky_enabled=&#8221;0&#8243;]<\/p>\n<h2><span>In five decisions, dictadas el\u00a0<\/span><a href=\"https:\/\/www.google.com\/url?sa=t&amp;rct=j&amp;q=&amp;esrc=s&amp;source=web&amp;cd=&amp;ved=2ahUKEwjEp5OC866AAxWTm_0HHZekDKoQFnoECC0QAQ&amp;url=https%3A%2F%2Fwww.courdecassation.fr%2Fdecision%2Fexport%2F5fca86212cdb6e76e45d5d58%2F1&amp;usg=AOvVaw2PzQhe0uHn7p5Cb7mKJUFy&amp;opi=89978449\"><span>17 de septiembre de 2020<\/span><\/a><span>\u00a0, the Tribunal de Comercio de Par\u00eds ordered the company of seguros AXA to indemnify a varios restauradores por sus p\u00e9rdidastivas operas derivadas de su cierre administrativo.<\/span><\/h2>\n<h2>\u00a0<\/h2>\n<h2>\u00a0<\/h2>\n<h2>\u00a0<\/h2>\n<h2><span>The negativa of AXA to indemnify to the restauradores por p\u00e9rdidas de explotaci\u00f3n<\/span><\/h2>\n<p><span>AXA rechaz\u00f3 cualquier compensaci\u00f3n, como muchas otras aseguradoras.\u00a0<\/span><\/p>\n<p><span>Para el profano, la lectura de los contratos can be disconcerting and, por supuesto, AXA neg\u00f3 a guaranteed la p\u00e9rdida mediante el uso de una clausula de exclusi\u00f3n.<\/span><\/p>\n<p><span>Los jueces no se equivocaron y coincidieron con los restauradores.<\/span><\/p>\n<p><span>Estas decisiones demuestran que hicimos bien en asignar aseguradoras y que las empresas no deben cejar en esta lucha.<\/span><\/p>\n<p><span>Como abogados especialistas, le sugerimos que estudie sus contratos de seguro para indicar si los casos podr\u00e1n prosperar en los tribunales.<\/span><\/p>\n<p><span>En cuanto a los casos juzgados en septiembre de 2020, los contratos mencionaron que se cubren las p\u00e9rdidas operativas posteriores al cierre administrativo.<\/span><\/p>\n<h2><span>An\u00e1lisis de contratos de seguros y procesos judiciales<\/span><\/h2>\n<p><span>Sin embargo, desde el 15 de marzo de 2020, en aplicaci\u00f3n del decreto del 14 de marzo de 2020 por el que se llevan a cabo diversas medidas relativas a la lucha contra la propagaci\u00f3n del virus covid-19, los restauradores se vieron obligados a cerrar sus establecimientos al p\u00fablico.<\/span><\/p>\n<p><span>Las condiciones particulares de los contratos de seguro Multirriesgo AXA France IARD Professional inclu\u00edan una ampliaci\u00f3n de la cobertura de &#8220;p\u00e9rdida de explotaci\u00f3n tras el cierre administrativo&#8221; redactada de la siguiente manera:<\/span><\/p>\n<p><span>\u201cLa cobertura se extiende a las p\u00e9rdidas de explotaci\u00f3n resultantes del cierre temporal total o parcial del establecimiento asegurado, cuando concurran las dos condiciones siguientes:<\/span><\/p>\n<p><span>1. La decisi\u00f3n de cierre fue tomada por una autoridad administrativa competente, ajena al asegurado<\/span><\/p>\n<p><span>2. La decisi\u00f3n de cerrar es consecuencia de una enfermedad contagiosa, una<\/span><\/p>\n<p><span>asesinato, suicidio, epidemia o envenenamiento.\u00a0\u00bb<\/span><\/p>\n<p><span>Cabe se\u00f1alar aqu\u00ed que la epidemia se define, en el diccionario de la Academia<\/span><\/p>\n<p><span>franc\u00e9s, de la siguiente manera:<\/span><\/p>\n<p><span>\u201cAparici\u00f3n y propagaci\u00f3n de una enfermedad contagiosa que afecta tanto, en una determinada regi\u00f3n, a un gran n\u00famero de individuos como, por metonimia, a la propia enfermedad.\u00a0\u00bb<\/span><\/p>\n<p><span>El decreto ministerial del 14 de marzo de 2020 que ordena el cierre de \u201clugares abiertos al p\u00fablico que no sean esenciales para la vida de la Naci\u00f3n\u201d se tom\u00f3 como parte de la lucha contra la propagaci\u00f3n del virus covid 19.<\/span><\/p>\n<p>&nbsp;<\/p>\n<h2><span>Sentencia judicial: nulidad de la cl\u00e1usula de exclusi\u00f3n de AXA<\/span><\/h2>\n<p><span>La propagaci\u00f3n del virus covid 19, dada su velocidad y desarrollo dentro de la poblaci\u00f3n, pero tambi\u00e9n las medidas tomadas para combatir esta propagaci\u00f3n, sin duda entra dentro de la definici\u00f3n de epidemia.<\/span><\/p>\n<p><span>Por lo tanto, la decisi\u00f3n de cierre impuesta a las empresas francesas fue de hecho la consecuencia de una epidemia.<\/span><\/p>\n<p><span>En un intento de eludir sus obligaciones, la compa\u00f1\u00eda de seguros AXA France IARD se acogi\u00f3 a una cl\u00e1usula de exclusi\u00f3n contractual que ser\u00eda aplicable al riesgo de epidemias.<\/span><\/p>\n<p><span>Para ser exigible, dicha cl\u00e1usula debe estar redactada en t\u00e9rminos claros y precises que no den lugar a ambiguades.<\/span><\/p>\n<p><span>Adem\u00e1s, la c\u00e1usula de exclusi\u00f3n debe ser limitada, lo que signifiea que debe circunscribir el riesgo guaranteed y no ser general.<\/span><\/p>\n<p><span>Sin embargo, en este caso, la c\u00e1usula controvertida no era formal ni limitada, ya que no era clara ni precise y era general.<\/span><\/p>\n<p><span>Peor a\u00fan, la interpretation que AXA FRANCE IARD pretend\u00eda hacer dejaba sin efecto la garant\u00eda otorgada.<\/span><\/p>\n<p><span>De hecho, the warranty exclusion invoked by AXA FRANCE IARD is redacted in the following manner:<\/span><\/p>\n<p><span>\u201cQuedan excluidos:<\/span><\/p>\n<p><span>\u2013 P\u00e9rdidas de explotaci\u00f3n, cuando a la fecha de la decisi\u00f3n de clausura, al menos otro establecimiento, cualquiera que sea su naturaleza y actividad, sea objeto, en el mismo territorio departamental del establecimiento asegurado, de una medida administrativa de clausura, por la misma raz\u00f3n.\u00a0\u00bb<\/span><\/p>\n<p><span>Seg\u00fan AXA FRANCE IARD, esta cl\u00e1usula de exclusi\u00f3n era aplicable al riesgo epid\u00e9mico.<\/span><\/p>\n<p><span>Esta interpretaci\u00f3n habr\u00eda tenido el efecto de vaciar de sustancia la garant\u00eda suscrita y, por lo tanto, tendr\u00eda el efecto de neutralizar la cl\u00e1usula controvertida.<\/span><\/p>\n<p><span>Sin embargo, en los t\u00e9rminos del art\u00edculo L.113-1 del C\u00f3digo de Seguros, el Tribunal de Casaci\u00f3n excluye la validez de las cl\u00e1usulas de exclusi\u00f3n que tienen por efecto privar a su validez de garant\u00eda:<\/span><\/p>\n<p><span>&#8220;Al decidir as\u00ed, sin examine si la exclusi\u00f3n prevista en las condiciones generales del contrato no privaba de todo objecto a la garant\u00eda de responsabilidad civil professional contratada por (el reparador) para su actividad de &#8220;reparaci\u00f3n a domicilio o en el domicilio de el riesgo ,<\/span><\/p>\n<p><span><span class=\"VIpgJd-yAWNEb-VIpgJd-fmcmS-sn54Q\">resoluci\u00f3n de problems de maquinaria de construcci\u00f3n y maquinaria agr\u00edcola&#8221;, el Tribunal de Apelaci\u00f3n priv\u00f3 a su decisi\u00f3n de fundamento jur\u00eddico con respecto al art\u00edculo L. 113-1 del C\u00f3digo de Seguros.\u00a0<\/span>\u201d<\/span><\/p>\n<p><span><span class=\"\">(2\u00b0 civ., 20 de marzo de 2008, n\u00b006-11763)<\/span><\/span><\/p>\n<p><span>The misma soluci\u00f3n is dict\u00f3 cuando la clause de exclusion vaci\u00f3 de sustancia la extension de la garant\u00eda:<\/span><\/p>\n<p><span>&#8220;Que al pronunciarse as\u00ed, mientras la exclusion estipulada vaciaba de sustancia la garant\u00eda extended, la Corte de Apelaciones viol\u00f3 dicho texto&#8221;<\/span><\/p>\n<p><span>(2nd civ., 9 de febrero de 2012, n\u00b010-31057)<\/span><\/p>\n<p><a href=\"https:\/\/gregorydamy.niceavocats.fr\/droit-commercial-et-des-societes\/\"><span>En<\/span><\/a><span>\u00a0este caso, AXA FRANCE IARD argument\u00f3 que la hip\u00f3tesis de p\u00e9rdidas operativas tras un cierre administrativo debido a una epidemia ser\u00eda excluida si el cierre afectara a otros \u201cestablecimientos\u201d en el territorio departamental.\u00a0.<\/span><\/p>\n<p><span>Pero el riesgo de epidemia, por su naturaleza, ata\u00f1e a una determinada regi\u00f3n ya un gran n\u00famero de individuos, por lo que no puede cubrirse excluyendo los casos en los que esta epidemia afectar\u00eda a otro \u201cestablecimiento\u201d de la misma ciudad.<\/span><\/p>\n<p><span>Para ser calificada como tal, la epidemia debe extenderse r\u00e1pidamente y afectar a una gran poblaci\u00f3n en un gran territorio, que por lo tanto necesariamente supera a las personas presentes en un solo restaurante.<\/span><\/p>\n<p><span>Por lo tanto, es totally imposible y fictitio prever que en un contexto epid\u00e9mico, un solo \u201cestablecimiento\u201d sobre todo un departamento pueda ser objeto de cierre administrativo.<\/span><\/p>\n<p><span>El asegurador no puede, por una parte, comprometerse a garantiezar les perdidas de explotaci\u00f3n resulting de una decisi\u00f3n de cierre tras une epidemic y, por otra parte, aplicar una exclusi\u00f3n que tenga por efecto privar system\u00e1ticamente de la applicacion de esta misma garant\u00eda.<\/span><\/p>\n<p><span>Por lo tanto, la cl\u00e1usula de exclusi\u00f3n estaba destinada a aplicarse solo para revelar un incumplimiento<\/span><\/p>\n<p><span>demuestra principios de buena fe y coherence por parte de las aseguradoras.<\/span><\/p>\n<p><span>Is in this case that the Tribunal Comercial de Par\u00eds resolved, in cinco sentencias sobre el fondo de fecha 17 de septiembre de 2020:<\/span><\/p>\n<p><span>\u201cConsiderando que la presente p\u00f3liza es un contrato de adhesi\u00f3n del cual el demandado es redactor y \u00fanico responsable por la redacci\u00f3n y las garant\u00edas ofrecidas;\u00a0que obviamente opt\u00f3 por compensar la p\u00e9rdida de negocio tras un cierre administrativo en caso de una epidemia que, por definici\u00f3n, es muy poco probable que afecte a un solo establecimiento en el mismo territorio;\u00a0que la cl\u00e1usula de exclusi\u00f3n de garant\u00eda (\u2026) hace ineficaz la garant\u00eda en este caso, que vac\u00eda as\u00ed de contenido la garant\u00eda concedida,<\/span><\/p>\n<p><span>El tribunal dice&#8230; que el demandado indemnizar\u00e1 al asegurado contra la interrupci\u00f3n del negocio.\u00a0\u00bb<\/span><\/p>\n<p><span>(Tribunal de Comercio de Par\u00eds, 17\/09\/2020, n\u00b0 2020022816, 2020022819, 2020022823, 2020022825 y 2020022826)<\/span><\/p>\n<p>&nbsp;<\/p>\n<p>[\/et_pb_text][\/et_pb_column][\/et_pb_row][et_pb_row _builder_version=&#8221;4.19.5&#8243; _module_preset=&#8221;default&#8221; global_colors_info=&#8221;{}&#8221;][et_pb_column type=&#8221;4_4&#8243; _builder_version=&#8221;4.19.5&#8243; _module_preset=&#8221;default&#8221; global_colors_info=&#8221;{}&#8221;][\/et_pb_column][\/et_pb_row][et_pb_row _builder_version=&#8221;4.19.5&#8243; _module_preset=&#8221;default&#8221; custom_margin=&#8221;||0px||false|false&#8221; custom_padding=&#8221;||0px||false|false&#8221; global_colors_info=&#8221;{}&#8221;][et_pb_column type=&#8221;4_4&#8243; _builder_version=&#8221;4.19.5&#8243; _module_preset=&#8221;default&#8221; global_colors_info=&#8221;{}&#8221;][et_pb_divider _builder_version=&#8221;4.19.5&#8243; _module_preset=&#8221;default&#8221; global_colors_info=&#8221;{}&#8221;][\/et_pb_divider][\/et_pb_column][\/et_pb_row][\/et_pb_section]<\/p>\n","protected":false},"excerpt":{"rendered":"<p>In five decisions, dictadas el\u00a017 de septiembre de 2020\u00a0, the Tribunal de Comercio de Par\u00eds ordered the company of seguros AXA to indemnify a varios restauradores por sus p\u00e9rdidastivas operas derivadas de su cierre administrativo. \u00a0 \u00a0 \u00a0 The negativa of AXA to indemnify to the restauradores por p\u00e9rdidas de explotaci\u00f3n AXA rechaz\u00f3 cualquier compensaci\u00f3n, [&hellip;]<\/p>\n","protected":false},"author":2,"featured_media":0,"comment_status":"open","ping_status":"open","sticky":false,"template":"","format":"standard","meta":{"_et_pb_use_builder":"on","_et_pb_old_content":"","_et_gb_content_width":"","footnotes":""},"categories":[],"tags":[],"class_list":["post-1356","post","type-post","status-publish","format-standard","hentry"],"yoast_head":"<!-- This site is optimized with the Yoast SEO plugin v26.8 - https:\/\/yoast.com\/product\/yoast-seo-wordpress\/ -->\n<title>Impacto COVID due\u00f1os restaurantes - Soci\u00e9t\u00e9 d&#039;avocats Damy<\/title>\n<meta name=\"description\" content=\"Impacto COVID due\u00f1os restaurantes, el Tribunal de Comercio de Par\u00eds orden\u00f3 a la compa\u00f1\u00eda de seguros AXA indemnizar\" \/>\n<meta name=\"robots\" content=\"index, follow, max-snippet:-1, max-image-preview:large, max-video-preview:-1\" \/>\n<link rel=\"canonical\" href=\"https:\/\/gregorydamy.niceavocats.fr\/es\/impacto-covid-duenos-restaurantes\/\" \/>\n<meta property=\"og:locale\" content=\"es_ES\" \/>\n<meta property=\"og:type\" content=\"article\" \/>\n<meta property=\"og:title\" content=\"Impacto COVID due\u00f1os restaurantes - Soci\u00e9t\u00e9 d&#039;avocats Damy\" \/>\n<meta property=\"og:description\" content=\"Impacto COVID due\u00f1os restaurantes, el Tribunal de Comercio de Par\u00eds orden\u00f3 a la compa\u00f1\u00eda de seguros AXA indemnizar\" \/>\n<meta property=\"og:url\" content=\"https:\/\/gregorydamy.niceavocats.fr\/es\/impacto-covid-duenos-restaurantes\/\" \/>\n<meta property=\"og:site_name\" content=\"Soci\u00e9t\u00e9 d&#039;avocats Damy\" \/>\n<meta property=\"article:publisher\" content=\"https:\/\/www.facebook.com\/niceavocats.fr\/\" \/>\n<meta property=\"article:published_time\" content=\"2020-09-24T16:14:54+00:00\" \/>\n<meta property=\"article:modified_time\" content=\"2023-08-01T09:06:08+00:00\" \/>\n<meta name=\"author\" content=\"Kevin\" \/>\n<meta name=\"twitter:card\" content=\"summary_large_image\" \/>\n<meta name=\"twitter:label1\" content=\"Escrito por\" \/>\n\t<meta name=\"twitter:data1\" content=\"Kevin\" \/>\n\t<meta name=\"twitter:label2\" content=\"Tiempo de lectura\" \/>\n\t<meta name=\"twitter:data2\" content=\"7 minutos\" \/>\n<script type=\"application\/ld+json\" class=\"yoast-schema-graph\">{\"@context\":\"https:\/\/schema.org\",\"@graph\":[{\"@type\":\"Article\",\"@id\":\"https:\/\/gregorydamy.niceavocats.fr\/es\/impacto-covid-duenos-restaurantes\/#article\",\"isPartOf\":{\"@id\":\"https:\/\/gregorydamy.niceavocats.fr\/es\/impacto-covid-duenos-restaurantes\/\"},\"author\":{\"name\":\"Kevin\",\"@id\":\"https:\/\/gregorydamy.niceavocats.fr\/es\/#\/schema\/person\/e040acb2856efaa1e114d0e7a92a3870\"},\"headline\":\"Impacto COVID due\u00f1os restaurantes\",\"datePublished\":\"2020-09-24T16:14:54+00:00\",\"dateModified\":\"2023-08-01T09:06:08+00:00\",\"mainEntityOfPage\":{\"@id\":\"https:\/\/gregorydamy.niceavocats.fr\/es\/impacto-covid-duenos-restaurantes\/\"},\"wordCount\":1606,\"commentCount\":0,\"publisher\":{\"@id\":\"https:\/\/gregorydamy.niceavocats.fr\/es\/#organization\"},\"inLanguage\":\"es\",\"potentialAction\":[{\"@type\":\"CommentAction\",\"name\":\"Comment\",\"target\":[\"https:\/\/gregorydamy.niceavocats.fr\/es\/impacto-covid-duenos-restaurantes\/#respond\"]}]},{\"@type\":\"WebPage\",\"@id\":\"https:\/\/gregorydamy.niceavocats.fr\/es\/impacto-covid-duenos-restaurantes\/\",\"url\":\"https:\/\/gregorydamy.niceavocats.fr\/es\/impacto-covid-duenos-restaurantes\/\",\"name\":\"Impacto COVID due\u00f1os restaurantes - Soci\u00e9t\u00e9 d&#039;avocats Damy\",\"isPartOf\":{\"@id\":\"https:\/\/gregorydamy.niceavocats.fr\/es\/#website\"},\"datePublished\":\"2020-09-24T16:14:54+00:00\",\"dateModified\":\"2023-08-01T09:06:08+00:00\",\"description\":\"Impacto COVID due\u00f1os restaurantes, el Tribunal de Comercio de Par\u00eds orden\u00f3 a la compa\u00f1\u00eda de seguros AXA indemnizar\",\"breadcrumb\":{\"@id\":\"https:\/\/gregorydamy.niceavocats.fr\/es\/impacto-covid-duenos-restaurantes\/#breadcrumb\"},\"inLanguage\":\"es\",\"potentialAction\":[{\"@type\":\"ReadAction\",\"target\":[\"https:\/\/gregorydamy.niceavocats.fr\/es\/impacto-covid-duenos-restaurantes\/\"]}]},{\"@type\":\"BreadcrumbList\",\"@id\":\"https:\/\/gregorydamy.niceavocats.fr\/es\/impacto-covid-duenos-restaurantes\/#breadcrumb\",\"itemListElement\":[{\"@type\":\"ListItem\",\"position\":1,\"name\":\"Accueil\",\"item\":\"https:\/\/gregorydamy.niceavocats.fr\/es\/\"},{\"@type\":\"ListItem\",\"position\":2,\"name\":\"Impacto COVID due\u00f1os restaurantes\"}]},{\"@type\":\"WebSite\",\"@id\":\"https:\/\/gregorydamy.niceavocats.fr\/es\/#website\",\"url\":\"https:\/\/gregorydamy.niceavocats.fr\/es\/\",\"name\":\"Soci\u00e9t\u00e9 d&#039;avocats Damy\",\"description\":\"Justice - Confiance - Efficacit\u00e9\",\"publisher\":{\"@id\":\"https:\/\/gregorydamy.niceavocats.fr\/es\/#organization\"},\"potentialAction\":[{\"@type\":\"SearchAction\",\"target\":{\"@type\":\"EntryPoint\",\"urlTemplate\":\"https:\/\/gregorydamy.niceavocats.fr\/es\/?s={search_term_string}\"},\"query-input\":{\"@type\":\"PropertyValueSpecification\",\"valueRequired\":true,\"valueName\":\"search_term_string\"}}],\"inLanguage\":\"es\"},{\"@type\":\"Organization\",\"@id\":\"https:\/\/gregorydamy.niceavocats.fr\/es\/#organization\",\"name\":\"Soci\u00e9t\u00e9 d'Avocats DAMY\",\"alternateName\":\"Gr\u00e9gory DAMY\",\"url\":\"https:\/\/gregorydamy.niceavocats.fr\/es\/\",\"logo\":{\"@type\":\"ImageObject\",\"inLanguage\":\"es\",\"@id\":\"https:\/\/gregorydamy.niceavocats.fr\/es\/#\/schema\/logo\/image\/\",\"url\":\"https:\/\/gregorydamy.niceavocats.fr\/wp-content\/uploads\/2023\/04\/damylogo-1.png\",\"contentUrl\":\"https:\/\/gregorydamy.niceavocats.fr\/wp-content\/uploads\/2023\/04\/damylogo-1.png\",\"width\":1890,\"height\":1417,\"caption\":\"Soci\u00e9t\u00e9 d'Avocats DAMY\"},\"image\":{\"@id\":\"https:\/\/gregorydamy.niceavocats.fr\/es\/#\/schema\/logo\/image\/\"},\"sameAs\":[\"https:\/\/www.facebook.com\/niceavocats.fr\/\"]},{\"@type\":\"Person\",\"@id\":\"https:\/\/gregorydamy.niceavocats.fr\/es\/#\/schema\/person\/e040acb2856efaa1e114d0e7a92a3870\",\"name\":\"Kevin\",\"url\":\"https:\/\/gregorydamy.niceavocats.fr\/es\/author\/kevin\/\"}]}<\/script>\n<!-- \/ Yoast SEO plugin. -->","yoast_head_json":{"title":"Impacto COVID due\u00f1os restaurantes - Soci\u00e9t\u00e9 d&#039;avocats Damy","description":"Impacto COVID due\u00f1os restaurantes, el Tribunal de Comercio de Par\u00eds orden\u00f3 a la compa\u00f1\u00eda de seguros AXA indemnizar","robots":{"index":"index","follow":"follow","max-snippet":"max-snippet:-1","max-image-preview":"max-image-preview:large","max-video-preview":"max-video-preview:-1"},"canonical":"https:\/\/gregorydamy.niceavocats.fr\/es\/impacto-covid-duenos-restaurantes\/","og_locale":"es_ES","og_type":"article","og_title":"Impacto COVID due\u00f1os restaurantes - Soci\u00e9t\u00e9 d&#039;avocats Damy","og_description":"Impacto COVID due\u00f1os restaurantes, el Tribunal de Comercio de Par\u00eds orden\u00f3 a la compa\u00f1\u00eda de seguros AXA indemnizar","og_url":"https:\/\/gregorydamy.niceavocats.fr\/es\/impacto-covid-duenos-restaurantes\/","og_site_name":"Soci\u00e9t\u00e9 d&#039;avocats Damy","article_publisher":"https:\/\/www.facebook.com\/niceavocats.fr\/","article_published_time":"2020-09-24T16:14:54+00:00","article_modified_time":"2023-08-01T09:06:08+00:00","author":"Kevin","twitter_card":"summary_large_image","twitter_misc":{"Escrito por":"Kevin","Tiempo de lectura":"7 minutos"},"schema":{"@context":"https:\/\/schema.org","@graph":[{"@type":"Article","@id":"https:\/\/gregorydamy.niceavocats.fr\/es\/impacto-covid-duenos-restaurantes\/#article","isPartOf":{"@id":"https:\/\/gregorydamy.niceavocats.fr\/es\/impacto-covid-duenos-restaurantes\/"},"author":{"name":"Kevin","@id":"https:\/\/gregorydamy.niceavocats.fr\/es\/#\/schema\/person\/e040acb2856efaa1e114d0e7a92a3870"},"headline":"Impacto COVID due\u00f1os restaurantes","datePublished":"2020-09-24T16:14:54+00:00","dateModified":"2023-08-01T09:06:08+00:00","mainEntityOfPage":{"@id":"https:\/\/gregorydamy.niceavocats.fr\/es\/impacto-covid-duenos-restaurantes\/"},"wordCount":1606,"commentCount":0,"publisher":{"@id":"https:\/\/gregorydamy.niceavocats.fr\/es\/#organization"},"inLanguage":"es","potentialAction":[{"@type":"CommentAction","name":"Comment","target":["https:\/\/gregorydamy.niceavocats.fr\/es\/impacto-covid-duenos-restaurantes\/#respond"]}]},{"@type":"WebPage","@id":"https:\/\/gregorydamy.niceavocats.fr\/es\/impacto-covid-duenos-restaurantes\/","url":"https:\/\/gregorydamy.niceavocats.fr\/es\/impacto-covid-duenos-restaurantes\/","name":"Impacto COVID due\u00f1os restaurantes - Soci\u00e9t\u00e9 d&#039;avocats Damy","isPartOf":{"@id":"https:\/\/gregorydamy.niceavocats.fr\/es\/#website"},"datePublished":"2020-09-24T16:14:54+00:00","dateModified":"2023-08-01T09:06:08+00:00","description":"Impacto COVID due\u00f1os restaurantes, el Tribunal de Comercio de Par\u00eds orden\u00f3 a la compa\u00f1\u00eda de seguros AXA indemnizar","breadcrumb":{"@id":"https:\/\/gregorydamy.niceavocats.fr\/es\/impacto-covid-duenos-restaurantes\/#breadcrumb"},"inLanguage":"es","potentialAction":[{"@type":"ReadAction","target":["https:\/\/gregorydamy.niceavocats.fr\/es\/impacto-covid-duenos-restaurantes\/"]}]},{"@type":"BreadcrumbList","@id":"https:\/\/gregorydamy.niceavocats.fr\/es\/impacto-covid-duenos-restaurantes\/#breadcrumb","itemListElement":[{"@type":"ListItem","position":1,"name":"Accueil","item":"https:\/\/gregorydamy.niceavocats.fr\/es\/"},{"@type":"ListItem","position":2,"name":"Impacto COVID due\u00f1os restaurantes"}]},{"@type":"WebSite","@id":"https:\/\/gregorydamy.niceavocats.fr\/es\/#website","url":"https:\/\/gregorydamy.niceavocats.fr\/es\/","name":"Soci\u00e9t\u00e9 d&#039;avocats Damy","description":"Justice - Confiance - Efficacit\u00e9","publisher":{"@id":"https:\/\/gregorydamy.niceavocats.fr\/es\/#organization"},"potentialAction":[{"@type":"SearchAction","target":{"@type":"EntryPoint","urlTemplate":"https:\/\/gregorydamy.niceavocats.fr\/es\/?s={search_term_string}"},"query-input":{"@type":"PropertyValueSpecification","valueRequired":true,"valueName":"search_term_string"}}],"inLanguage":"es"},{"@type":"Organization","@id":"https:\/\/gregorydamy.niceavocats.fr\/es\/#organization","name":"Soci\u00e9t\u00e9 d'Avocats DAMY","alternateName":"Gr\u00e9gory DAMY","url":"https:\/\/gregorydamy.niceavocats.fr\/es\/","logo":{"@type":"ImageObject","inLanguage":"es","@id":"https:\/\/gregorydamy.niceavocats.fr\/es\/#\/schema\/logo\/image\/","url":"https:\/\/gregorydamy.niceavocats.fr\/wp-content\/uploads\/2023\/04\/damylogo-1.png","contentUrl":"https:\/\/gregorydamy.niceavocats.fr\/wp-content\/uploads\/2023\/04\/damylogo-1.png","width":1890,"height":1417,"caption":"Soci\u00e9t\u00e9 d'Avocats DAMY"},"image":{"@id":"https:\/\/gregorydamy.niceavocats.fr\/es\/#\/schema\/logo\/image\/"},"sameAs":["https:\/\/www.facebook.com\/niceavocats.fr\/"]},{"@type":"Person","@id":"https:\/\/gregorydamy.niceavocats.fr\/es\/#\/schema\/person\/e040acb2856efaa1e114d0e7a92a3870","name":"Kevin","url":"https:\/\/gregorydamy.niceavocats.fr\/es\/author\/kevin\/"}]}},"_links":{"self":[{"href":"https:\/\/gregorydamy.niceavocats.fr\/es\/wp-json\/wp\/v2\/posts\/1356","targetHints":{"allow":["GET"]}}],"collection":[{"href":"https:\/\/gregorydamy.niceavocats.fr\/es\/wp-json\/wp\/v2\/posts"}],"about":[{"href":"https:\/\/gregorydamy.niceavocats.fr\/es\/wp-json\/wp\/v2\/types\/post"}],"author":[{"embeddable":true,"href":"https:\/\/gregorydamy.niceavocats.fr\/es\/wp-json\/wp\/v2\/users\/2"}],"replies":[{"embeddable":true,"href":"https:\/\/gregorydamy.niceavocats.fr\/es\/wp-json\/wp\/v2\/comments?post=1356"}],"version-history":[{"count":0,"href":"https:\/\/gregorydamy.niceavocats.fr\/es\/wp-json\/wp\/v2\/posts\/1356\/revisions"}],"wp:attachment":[{"href":"https:\/\/gregorydamy.niceavocats.fr\/es\/wp-json\/wp\/v2\/media?parent=1356"}],"wp:term":[{"taxonomy":"category","embeddable":true,"href":"https:\/\/gregorydamy.niceavocats.fr\/es\/wp-json\/wp\/v2\/categories?post=1356"},{"taxonomy":"post_tag","embeddable":true,"href":"https:\/\/gregorydamy.niceavocats.fr\/es\/wp-json\/wp\/v2\/tags?post=1356"}],"curies":[{"name":"wp","href":"https:\/\/api.w.org\/{rel}","templated":true}]}}