{"id":987509077,"date":"2025-06-04T10:12:50","date_gmt":"2025-06-04T10:12:50","guid":{"rendered":"https:\/\/gregorydamy.niceavocats.fr\/surveillance-algorithmique-maitre-florent-de-franceschi-cabinet-damy-sur-bfm-a-propos-de-la-decision-de-la-cnil\/"},"modified":"2025-06-04T10:16:31","modified_gmt":"2025-06-04T10:16:31","slug":"surveillance-algorithmique","status":"publish","type":"post","link":"https:\/\/gregorydamy.niceavocats.fr\/en\/surveillance-algorithmique\/","title":{"rendered":"Algorithmic Surveillance: Ma\u00eetre Florent de Franceschi (DAMY Law Firm) on BFM Regarding the CNIL\u2019s Decision"},"content":{"rendered":"<p>On June 2, 2025, Ma\u00eetre Florent de Franceschi, attorney at the DAMY Law Firm, appeared live on BFM C\u00f4te d\u2019Azur to comment on the decision issued by the Commission nationale de l\u2019informatique et des libert\u00e9s (CNIL) concerning the algorithmic video surveillance systems installed in front of schools in the City of Nice.<\/p>\n<p>The CNIL requested the deactivation of 77 so-called \u201caugmented\u201d cameras, considering that they violated French and European data protection laws, particularly by conducting real-time automated analysis of human behavior.<\/p>\n<p>During the interview, Ma\u00eetre de Franceschi recalled that:<\/p>\n<ul>\n<li>Any real-time algorithmic behavioral analysis system constitutes a processing of personal data, subject to the requirements of the GDPR (Regulation EU 2016\/679);<\/li>\n<li>Such processing must be based on an explicit legal basis, in accordance with Articles 5 and 6 of the GDPR;<\/li>\n<li>No existing legislation currently authorizes a municipality to implement such a system in public spaces;<\/li>\n<\/ul>\n<p>This type of system also contradicts the principles set forth in the French Data Protection Act of January 6, 1978, particularly Article 1, and the right to privacy guaranteed by Article 9 of the French Civil Code, which has been recognized as having constitutional value.<\/p>\n<p>The consistent case law of the French Council of State (notably decision no. 451423 of December 22, 2022 regarding drones) reaffirms that any algorithmic image processing in public spaces must be prescribed by law, necessary for a legitimate purpose, and proportionate.<\/p>\n<p>The DAMY Law Firm emphasizes that security concerns must never override fundamental freedoms outside a clear legal framework. While a parliamentary debate on the regulation of such technologies is legitimate, predictive automated surveillance of human behavior in public spaces cannot precede the law.<\/p>\n<p>This case highlights the need for a structured legal debate on the use of artificial intelligence in public security, particularly when it involves sensitive areas such as the surroundings of educational institutions.<\/p>\n<p>Watch the full interview with Ma\u00eetre Florent de Franceschi on BFM C\u00f4te d\u2019Azur:<\/p>\n<p><a href=\"https:\/\/www.bfmtv.com\/cote-d-azur\/replay-emissions\/bonjour-cote-d-azur\/nice-la-videosurveillance-algorithmique-interdite-pres-des-ecoles-quel-recours-pour-le-maire-christian-estrosi_VN-202506020191.html\">Acc\u00e9der \u00e0 la vid\u00e9o<\/a><\/p>\n<p><img decoding=\"async\" class=\"alignnone size-medium wp-image-987509072\" src=\"https:\/\/gregorydamy.niceavocats.fr\/wp-content\/uploads\/2025\/06\/250604-image-telesurveillance-300x150.jpg\" alt=\"\" width=\"300\" height=\"150\" srcset=\"https:\/\/gregorydamy.niceavocats.fr\/wp-content\/uploads\/2025\/06\/250604-image-telesurveillance-300x150.jpg 300w, https:\/\/gregorydamy.niceavocats.fr\/wp-content\/uploads\/2025\/06\/250604-image-telesurveillance.jpg 454w\" sizes=\"(max-width: 300px) 100vw, 300px\" \/><\/p>\n","protected":false},"excerpt":{"rendered":"<p>On June 2, 2025, Ma\u00eetre Florent de Franceschi, attorney at the DAMY Law Firm, appeared live on BFM C\u00f4te d\u2019Azur to comment on the decision issued by the Commission nationale de l\u2019informatique et des libert\u00e9s (CNIL) concerning the algorithmic video surveillance systems installed in front of schools in the City of Nice. The CNIL requested [&hellip;]<\/p>\n","protected":false},"author":1,"featured_media":987509073,"comment_status":"closed","ping_status":"open","sticky":false,"template":"","format":"standard","meta":{"_et_pb_use_builder":"","_et_pb_old_content":"","_et_gb_content_width":"","footnotes":""},"categories":[],"tags":[],"class_list":["post-987509077","post","type-post","status-publish","format-standard","has-post-thumbnail","hentry"],"yoast_head":"<!-- This site is optimized with the Yoast SEO plugin v26.8 - https:\/\/yoast.com\/product\/yoast-seo-wordpress\/ -->\n<title>Algorithmic Surveillance: Ma\u00eetre Florent de Franceschi (DAMY Law Firm) on BFM Regarding the CNIL\u2019s Decision - Soci\u00e9t\u00e9 d&#039;avocats Damy<\/title>\n<meta name=\"description\" content=\"The CNIL requested the deactivation of 77 so-called \u201caugmented\u201d cameras, considering that they violated French and European data laws\" \/>\n<meta name=\"robots\" content=\"index, follow, max-snippet:-1, max-image-preview:large, max-video-preview:-1\" \/>\n<link rel=\"canonical\" href=\"https:\/\/gregorydamy.niceavocats.fr\/en\/surveillance-algorithmique\/\" \/>\n<meta property=\"og:locale\" content=\"en_US\" \/>\n<meta property=\"og:type\" content=\"article\" \/>\n<meta property=\"og:title\" content=\"Algorithmic Surveillance: Ma\u00eetre Florent de Franceschi (DAMY Law Firm) on BFM Regarding the CNIL\u2019s Decision - Soci\u00e9t\u00e9 d&#039;avocats Damy\" \/>\n<meta property=\"og:description\" content=\"The CNIL requested the deactivation of 77 so-called \u201caugmented\u201d cameras, considering that they violated French and European data laws\" \/>\n<meta property=\"og:url\" content=\"https:\/\/gregorydamy.niceavocats.fr\/en\/surveillance-algorithmique\/\" \/>\n<meta property=\"og:site_name\" content=\"Soci\u00e9t\u00e9 d&#039;avocats Damy\" \/>\n<meta property=\"article:publisher\" content=\"https:\/\/www.facebook.com\/niceavocats.fr\/\" \/>\n<meta property=\"article:published_time\" content=\"2025-06-04T10:12:50+00:00\" \/>\n<meta property=\"article:modified_time\" content=\"2025-06-04T10:16:31+00:00\" \/>\n<meta property=\"og:image\" content=\"https:\/\/gregorydamy.niceavocats.fr\/wp-content\/uploads\/2025\/06\/250604-image-telesurveillance.jpg\" \/>\n\t<meta property=\"og:image:width\" content=\"454\" \/>\n\t<meta property=\"og:image:height\" content=\"227\" \/>\n\t<meta property=\"og:image:type\" content=\"image\/jpeg\" \/>\n<meta name=\"author\" content=\"admin\" \/>\n<meta name=\"twitter:card\" content=\"summary_large_image\" \/>\n<meta name=\"twitter:label1\" content=\"Written by\" \/>\n\t<meta name=\"twitter:data1\" content=\"admin\" \/>\n\t<meta name=\"twitter:label2\" content=\"Est. reading time\" \/>\n\t<meta name=\"twitter:data2\" content=\"2 minutes\" \/>\n<script type=\"application\/ld+json\" class=\"yoast-schema-graph\">{\"@context\":\"https:\/\/schema.org\",\"@graph\":[{\"@type\":\"Article\",\"@id\":\"https:\/\/gregorydamy.niceavocats.fr\/en\/surveillance-algorithmique\/#article\",\"isPartOf\":{\"@id\":\"https:\/\/gregorydamy.niceavocats.fr\/en\/surveillance-algorithmique\/\"},\"author\":{\"name\":\"admin\",\"@id\":\"https:\/\/gregorydamy.niceavocats.fr\/en\/#\/schema\/person\/64c9f9acb07431f6b55f72278b4a5d57\"},\"headline\":\"Algorithmic Surveillance: Ma\u00eetre Florent de Franceschi (DAMY Law Firm) on BFM Regarding the CNIL\u2019s Decision\",\"datePublished\":\"2025-06-04T10:12:50+00:00\",\"dateModified\":\"2025-06-04T10:16:31+00:00\",\"mainEntityOfPage\":{\"@id\":\"https:\/\/gregorydamy.niceavocats.fr\/en\/surveillance-algorithmique\/\"},\"wordCount\":338,\"publisher\":{\"@id\":\"https:\/\/gregorydamy.niceavocats.fr\/en\/#organization\"},\"image\":{\"@id\":\"https:\/\/gregorydamy.niceavocats.fr\/en\/surveillance-algorithmique\/#primaryimage\"},\"thumbnailUrl\":\"https:\/\/gregorydamy.niceavocats.fr\/wp-content\/uploads\/2025\/06\/250604-image-telesurveillance.jpg\",\"inLanguage\":\"en-US\"},{\"@type\":\"WebPage\",\"@id\":\"https:\/\/gregorydamy.niceavocats.fr\/en\/surveillance-algorithmique\/\",\"url\":\"https:\/\/gregorydamy.niceavocats.fr\/en\/surveillance-algorithmique\/\",\"name\":\"Algorithmic Surveillance: Ma\u00eetre Florent de Franceschi (DAMY Law Firm) on BFM Regarding the CNIL\u2019s Decision - Soci\u00e9t\u00e9 d&#039;avocats Damy\",\"isPartOf\":{\"@id\":\"https:\/\/gregorydamy.niceavocats.fr\/en\/#website\"},\"primaryImageOfPage\":{\"@id\":\"https:\/\/gregorydamy.niceavocats.fr\/en\/surveillance-algorithmique\/#primaryimage\"},\"image\":{\"@id\":\"https:\/\/gregorydamy.niceavocats.fr\/en\/surveillance-algorithmique\/#primaryimage\"},\"thumbnailUrl\":\"https:\/\/gregorydamy.niceavocats.fr\/wp-content\/uploads\/2025\/06\/250604-image-telesurveillance.jpg\",\"datePublished\":\"2025-06-04T10:12:50+00:00\",\"dateModified\":\"2025-06-04T10:16:31+00:00\",\"description\":\"The CNIL requested the deactivation of 77 so-called \u201caugmented\u201d cameras, considering that they violated French and European data laws\",\"breadcrumb\":{\"@id\":\"https:\/\/gregorydamy.niceavocats.fr\/en\/surveillance-algorithmique\/#breadcrumb\"},\"inLanguage\":\"en-US\",\"potentialAction\":[{\"@type\":\"ReadAction\",\"target\":[\"https:\/\/gregorydamy.niceavocats.fr\/en\/surveillance-algorithmique\/\"]}]},{\"@type\":\"ImageObject\",\"inLanguage\":\"en-US\",\"@id\":\"https:\/\/gregorydamy.niceavocats.fr\/en\/surveillance-algorithmique\/#primaryimage\",\"url\":\"https:\/\/gregorydamy.niceavocats.fr\/wp-content\/uploads\/2025\/06\/250604-image-telesurveillance.jpg\",\"contentUrl\":\"https:\/\/gregorydamy.niceavocats.fr\/wp-content\/uploads\/2025\/06\/250604-image-telesurveillance.jpg\",\"width\":454,\"height\":227},{\"@type\":\"BreadcrumbList\",\"@id\":\"https:\/\/gregorydamy.niceavocats.fr\/en\/surveillance-algorithmique\/#breadcrumb\",\"itemListElement\":[{\"@type\":\"ListItem\",\"position\":1,\"name\":\"Accueil\",\"item\":\"https:\/\/gregorydamy.niceavocats.fr\/en\/\"},{\"@type\":\"ListItem\",\"position\":2,\"name\":\"Algorithmic Surveillance: Ma\u00eetre Florent de Franceschi (DAMY Law Firm) on BFM Regarding the CNIL\u2019s Decision\"}]},{\"@type\":\"WebSite\",\"@id\":\"https:\/\/gregorydamy.niceavocats.fr\/en\/#website\",\"url\":\"https:\/\/gregorydamy.niceavocats.fr\/en\/\",\"name\":\"Soci\u00e9t\u00e9 d&#039;avocats Damy\",\"description\":\"Justice - Confiance - Efficacit\u00e9\",\"publisher\":{\"@id\":\"https:\/\/gregorydamy.niceavocats.fr\/en\/#organization\"},\"potentialAction\":[{\"@type\":\"SearchAction\",\"target\":{\"@type\":\"EntryPoint\",\"urlTemplate\":\"https:\/\/gregorydamy.niceavocats.fr\/en\/?s={search_term_string}\"},\"query-input\":{\"@type\":\"PropertyValueSpecification\",\"valueRequired\":true,\"valueName\":\"search_term_string\"}}],\"inLanguage\":\"en-US\"},{\"@type\":\"Organization\",\"@id\":\"https:\/\/gregorydamy.niceavocats.fr\/en\/#organization\",\"name\":\"Soci\u00e9t\u00e9 d'Avocats DAMY\",\"alternateName\":\"Gr\u00e9gory DAMY\",\"url\":\"https:\/\/gregorydamy.niceavocats.fr\/en\/\",\"logo\":{\"@type\":\"ImageObject\",\"inLanguage\":\"en-US\",\"@id\":\"https:\/\/gregorydamy.niceavocats.fr\/en\/#\/schema\/logo\/image\/\",\"url\":\"https:\/\/gregorydamy.niceavocats.fr\/wp-content\/uploads\/2023\/04\/damylogo-1.png\",\"contentUrl\":\"https:\/\/gregorydamy.niceavocats.fr\/wp-content\/uploads\/2023\/04\/damylogo-1.png\",\"width\":1890,\"height\":1417,\"caption\":\"Soci\u00e9t\u00e9 d'Avocats DAMY\"},\"image\":{\"@id\":\"https:\/\/gregorydamy.niceavocats.fr\/en\/#\/schema\/logo\/image\/\"},\"sameAs\":[\"https:\/\/www.facebook.com\/niceavocats.fr\/\"]},{\"@type\":\"Person\",\"@id\":\"https:\/\/gregorydamy.niceavocats.fr\/en\/#\/schema\/person\/64c9f9acb07431f6b55f72278b4a5d57\",\"name\":\"admin\",\"sameAs\":[\"https:\/\/gregorydamy.niceavocats.fr\"],\"url\":\"https:\/\/gregorydamy.niceavocats.fr\/en\/author\/admin_34\/\"}]}<\/script>\n<!-- \/ Yoast SEO plugin. -->","yoast_head_json":{"title":"Algorithmic Surveillance: Ma\u00eetre Florent de Franceschi (DAMY Law Firm) on BFM Regarding the CNIL\u2019s Decision - Soci\u00e9t\u00e9 d&#039;avocats Damy","description":"The CNIL requested the deactivation of 77 so-called \u201caugmented\u201d cameras, considering that they violated French and European data laws","robots":{"index":"index","follow":"follow","max-snippet":"max-snippet:-1","max-image-preview":"max-image-preview:large","max-video-preview":"max-video-preview:-1"},"canonical":"https:\/\/gregorydamy.niceavocats.fr\/en\/surveillance-algorithmique\/","og_locale":"en_US","og_type":"article","og_title":"Algorithmic Surveillance: Ma\u00eetre Florent de Franceschi (DAMY Law Firm) on BFM Regarding the CNIL\u2019s Decision - Soci\u00e9t\u00e9 d&#039;avocats Damy","og_description":"The CNIL requested the deactivation of 77 so-called \u201caugmented\u201d cameras, considering that they violated French and European data laws","og_url":"https:\/\/gregorydamy.niceavocats.fr\/en\/surveillance-algorithmique\/","og_site_name":"Soci\u00e9t\u00e9 d&#039;avocats Damy","article_publisher":"https:\/\/www.facebook.com\/niceavocats.fr\/","article_published_time":"2025-06-04T10:12:50+00:00","article_modified_time":"2025-06-04T10:16:31+00:00","og_image":[{"width":454,"height":227,"url":"https:\/\/gregorydamy.niceavocats.fr\/wp-content\/uploads\/2025\/06\/250604-image-telesurveillance.jpg","type":"image\/jpeg"}],"author":"admin","twitter_card":"summary_large_image","twitter_misc":{"Written by":"admin","Est. reading time":"2 minutes"},"schema":{"@context":"https:\/\/schema.org","@graph":[{"@type":"Article","@id":"https:\/\/gregorydamy.niceavocats.fr\/en\/surveillance-algorithmique\/#article","isPartOf":{"@id":"https:\/\/gregorydamy.niceavocats.fr\/en\/surveillance-algorithmique\/"},"author":{"name":"admin","@id":"https:\/\/gregorydamy.niceavocats.fr\/en\/#\/schema\/person\/64c9f9acb07431f6b55f72278b4a5d57"},"headline":"Algorithmic Surveillance: Ma\u00eetre Florent de Franceschi (DAMY Law Firm) on BFM Regarding the CNIL\u2019s Decision","datePublished":"2025-06-04T10:12:50+00:00","dateModified":"2025-06-04T10:16:31+00:00","mainEntityOfPage":{"@id":"https:\/\/gregorydamy.niceavocats.fr\/en\/surveillance-algorithmique\/"},"wordCount":338,"publisher":{"@id":"https:\/\/gregorydamy.niceavocats.fr\/en\/#organization"},"image":{"@id":"https:\/\/gregorydamy.niceavocats.fr\/en\/surveillance-algorithmique\/#primaryimage"},"thumbnailUrl":"https:\/\/gregorydamy.niceavocats.fr\/wp-content\/uploads\/2025\/06\/250604-image-telesurveillance.jpg","inLanguage":"en-US"},{"@type":"WebPage","@id":"https:\/\/gregorydamy.niceavocats.fr\/en\/surveillance-algorithmique\/","url":"https:\/\/gregorydamy.niceavocats.fr\/en\/surveillance-algorithmique\/","name":"Algorithmic Surveillance: Ma\u00eetre Florent de Franceschi (DAMY Law Firm) on BFM Regarding the CNIL\u2019s Decision - Soci\u00e9t\u00e9 d&#039;avocats Damy","isPartOf":{"@id":"https:\/\/gregorydamy.niceavocats.fr\/en\/#website"},"primaryImageOfPage":{"@id":"https:\/\/gregorydamy.niceavocats.fr\/en\/surveillance-algorithmique\/#primaryimage"},"image":{"@id":"https:\/\/gregorydamy.niceavocats.fr\/en\/surveillance-algorithmique\/#primaryimage"},"thumbnailUrl":"https:\/\/gregorydamy.niceavocats.fr\/wp-content\/uploads\/2025\/06\/250604-image-telesurveillance.jpg","datePublished":"2025-06-04T10:12:50+00:00","dateModified":"2025-06-04T10:16:31+00:00","description":"The CNIL requested the deactivation of 77 so-called \u201caugmented\u201d cameras, considering that they violated French and European data laws","breadcrumb":{"@id":"https:\/\/gregorydamy.niceavocats.fr\/en\/surveillance-algorithmique\/#breadcrumb"},"inLanguage":"en-US","potentialAction":[{"@type":"ReadAction","target":["https:\/\/gregorydamy.niceavocats.fr\/en\/surveillance-algorithmique\/"]}]},{"@type":"ImageObject","inLanguage":"en-US","@id":"https:\/\/gregorydamy.niceavocats.fr\/en\/surveillance-algorithmique\/#primaryimage","url":"https:\/\/gregorydamy.niceavocats.fr\/wp-content\/uploads\/2025\/06\/250604-image-telesurveillance.jpg","contentUrl":"https:\/\/gregorydamy.niceavocats.fr\/wp-content\/uploads\/2025\/06\/250604-image-telesurveillance.jpg","width":454,"height":227},{"@type":"BreadcrumbList","@id":"https:\/\/gregorydamy.niceavocats.fr\/en\/surveillance-algorithmique\/#breadcrumb","itemListElement":[{"@type":"ListItem","position":1,"name":"Accueil","item":"https:\/\/gregorydamy.niceavocats.fr\/en\/"},{"@type":"ListItem","position":2,"name":"Algorithmic Surveillance: Ma\u00eetre Florent de Franceschi (DAMY Law Firm) on BFM Regarding the CNIL\u2019s Decision"}]},{"@type":"WebSite","@id":"https:\/\/gregorydamy.niceavocats.fr\/en\/#website","url":"https:\/\/gregorydamy.niceavocats.fr\/en\/","name":"Soci\u00e9t\u00e9 d&#039;avocats Damy","description":"Justice - Confiance - Efficacit\u00e9","publisher":{"@id":"https:\/\/gregorydamy.niceavocats.fr\/en\/#organization"},"potentialAction":[{"@type":"SearchAction","target":{"@type":"EntryPoint","urlTemplate":"https:\/\/gregorydamy.niceavocats.fr\/en\/?s={search_term_string}"},"query-input":{"@type":"PropertyValueSpecification","valueRequired":true,"valueName":"search_term_string"}}],"inLanguage":"en-US"},{"@type":"Organization","@id":"https:\/\/gregorydamy.niceavocats.fr\/en\/#organization","name":"Soci\u00e9t\u00e9 d'Avocats DAMY","alternateName":"Gr\u00e9gory DAMY","url":"https:\/\/gregorydamy.niceavocats.fr\/en\/","logo":{"@type":"ImageObject","inLanguage":"en-US","@id":"https:\/\/gregorydamy.niceavocats.fr\/en\/#\/schema\/logo\/image\/","url":"https:\/\/gregorydamy.niceavocats.fr\/wp-content\/uploads\/2023\/04\/damylogo-1.png","contentUrl":"https:\/\/gregorydamy.niceavocats.fr\/wp-content\/uploads\/2023\/04\/damylogo-1.png","width":1890,"height":1417,"caption":"Soci\u00e9t\u00e9 d'Avocats DAMY"},"image":{"@id":"https:\/\/gregorydamy.niceavocats.fr\/en\/#\/schema\/logo\/image\/"},"sameAs":["https:\/\/www.facebook.com\/niceavocats.fr\/"]},{"@type":"Person","@id":"https:\/\/gregorydamy.niceavocats.fr\/en\/#\/schema\/person\/64c9f9acb07431f6b55f72278b4a5d57","name":"admin","sameAs":["https:\/\/gregorydamy.niceavocats.fr"],"url":"https:\/\/gregorydamy.niceavocats.fr\/en\/author\/admin_34\/"}]}},"_links":{"self":[{"href":"https:\/\/gregorydamy.niceavocats.fr\/en\/wp-json\/wp\/v2\/posts\/987509077","targetHints":{"allow":["GET"]}}],"collection":[{"href":"https:\/\/gregorydamy.niceavocats.fr\/en\/wp-json\/wp\/v2\/posts"}],"about":[{"href":"https:\/\/gregorydamy.niceavocats.fr\/en\/wp-json\/wp\/v2\/types\/post"}],"author":[{"embeddable":true,"href":"https:\/\/gregorydamy.niceavocats.fr\/en\/wp-json\/wp\/v2\/users\/1"}],"replies":[{"embeddable":true,"href":"https:\/\/gregorydamy.niceavocats.fr\/en\/wp-json\/wp\/v2\/comments?post=987509077"}],"version-history":[{"count":0,"href":"https:\/\/gregorydamy.niceavocats.fr\/en\/wp-json\/wp\/v2\/posts\/987509077\/revisions"}],"wp:featuredmedia":[{"embeddable":true,"href":"https:\/\/gregorydamy.niceavocats.fr\/en\/wp-json\/wp\/v2\/media\/987509073"}],"wp:attachment":[{"href":"https:\/\/gregorydamy.niceavocats.fr\/en\/wp-json\/wp\/v2\/media?parent=987509077"}],"wp:term":[{"taxonomy":"category","embeddable":true,"href":"https:\/\/gregorydamy.niceavocats.fr\/en\/wp-json\/wp\/v2\/categories?post=987509077"},{"taxonomy":"post_tag","embeddable":true,"href":"https:\/\/gregorydamy.niceavocats.fr\/en\/wp-json\/wp\/v2\/tags?post=987509077"}],"curies":[{"name":"wp","href":"https:\/\/api.w.org\/{rel}","templated":true}]}}